{"id":101238,"date":"2016-11-26T00:59:00","date_gmt":"2016-11-25T23:59:00","guid":{"rendered":"http:\/\/www.visit-ulcinj.com\/blog\/?p=101238"},"modified":"2016-11-26T01:11:14","modified_gmt":"2016-11-26T00:11:14","slug":"maratona-e-pavaresise-2016-shkoder-ulqin-po-afrohet","status":"publish","type":"post","link":"https:\/\/www.visit-ulcinj.com\/blog\/2016\/11\/26\/maratona-e-pavaresise-2016-shkoder-ulqin-po-afrohet\/","title":{"rendered":"Maratona e Pavar\u00ebsis\u00eb 2016 Ulqin &#8211; Shkod\u00ebr po afrohet"},"content":{"rendered":"<p><a href=\"http:\/\/www.visit-ulcinj.com\/blog\/wp-content\/uploads\/2016\/10\/Maratona-e-Pavar\u00ebsis\u00eb-Ulqin-Shkod\u00ebr.jpg\"><img loading=\"lazy\" class=\"alignleft wp-image-100693\" src=\"http:\/\/www.visit-ulcinj.com\/blog\/wp-content\/uploads\/2016\/10\/Maratona-e-Pavar\u00ebsis\u00eb-Ulqin-Shkod\u00ebr.jpg\" alt=\"Maratona e Pavar\u00ebsis\u00eb, Ulqin - Shkod\u00ebr\" width=\"508\" height=\"715\" srcset=\"https:\/\/www.visit-ulcinj.com\/blog\/wp-content\/uploads\/2016\/10\/Maratona-e-Pavar\u00ebsis\u00eb-Ulqin-Shkod\u00ebr.jpg 682w, https:\/\/www.visit-ulcinj.com\/blog\/wp-content\/uploads\/2016\/10\/Maratona-e-Pavar\u00ebsis\u00eb-Ulqin-Shkod\u00ebr-213x300.jpg 213w\" sizes=\"(max-width: 508px) 100vw, 508px\" \/><\/a>Vet\u00ebm dy dit\u00eb na ndajn\u00eb nga ngjarja m\u00eb e madhe sportive e vitit k\u00ebtu n\u00eb Ulqin, Maratona e pavar\u00ebsis\u00eb, Maratona e paqes, e cila kalon shtegun Ulqin &#8211; Shkod\u00ebr prej 42 km. K\u00ebt\u00eb Maraton\u00eb e filluan 5 vite m\u00eb par\u00eb dy bashk\u00ebvendasit tan\u00eb q\u00eb jetojn\u00eb dhe punojn\u00eb n\u00eb Nju Jork t\u00eb SHBA-ve. Pes\u00eb vite m\u00eb von\u00eb, nisma e Esat Aloshit dhe Mustaf\u00eb Berkanit institucionalizohet. Tashm\u00eb nuk garojn\u00eb dy entuiziast\u00eb me shtegun prej 42 km, por garojn\u00eb shum\u00eb sportist\u00eb p\u00ebr t\u00eb fituar gar\u00ebn, maraton\u00ebn. Pra nuk b\u00ebjn\u00eb gara me shtegun por me nj\u00ebri tjetrin p\u00ebr t\u00eb fituar gar\u00ebn.<\/p>\n<p><a href=\"http:\/\/www.visit-ulcinj.com\/blog\/wp-content\/uploads\/2016\/11\/Esad-Aloshi-Mustaf-Berkani-Maratona-e-pavarsise-Ulqin-Shkoder.2.jpg\"><img loading=\"lazy\" class=\"alignleft wp-image-101241\" src=\"http:\/\/www.visit-ulcinj.com\/blog\/wp-content\/uploads\/2016\/11\/Esad-Aloshi-Mustaf-Berkani-Maratona-e-pavarsise-Ulqin-Shkoder.2.jpg\" alt=\"Esad-Aloshi-Mustaf-Berkani-Maratona-e-pavarsise-Ulqin-Shkoder.2\" width=\"508\" height=\"381\" srcset=\"https:\/\/www.visit-ulcinj.com\/blog\/wp-content\/uploads\/2016\/11\/Esad-Aloshi-Mustaf-Berkani-Maratona-e-pavarsise-Ulqin-Shkoder.2.jpg 960w, https:\/\/www.visit-ulcinj.com\/blog\/wp-content\/uploads\/2016\/11\/Esad-Aloshi-Mustaf-Berkani-Maratona-e-pavarsise-Ulqin-Shkoder.2-300x225.jpg 300w, https:\/\/www.visit-ulcinj.com\/blog\/wp-content\/uploads\/2016\/11\/Esad-Aloshi-Mustaf-Berkani-Maratona-e-pavarsise-Ulqin-Shkoder.2-768x576.jpg 768w\" sizes=\"(max-width: 508px) 100vw, 508px\" \/><\/a><\/p>\n<p>Sporti n\u00eb pergjith\u00ebsi nuk njeh kufij, kurse Maratona e Pavaresis\u00eb kalon nj\u00eb kufi i cili para 20 vitesh as q\u00eb mund t\u00eb imagjinohej t&#8217;i ofrohej, e jo m\u00eb t\u00eb kalohet me vrap. Tashm\u00eb kufiri shqiptaro-shqiptar kalohet p\u00ebr t\u00eb bashkuar dy qytete, distanca n\u00eb mes t\u00eb cil\u00ebve \u00ebsht\u00eb 42 km.<\/p>\n<p>E nis\u00ebn dy garues me shtegun Ulqin-Shkod\u00ebr, e pas nj\u00eb viti po k\u00ebta u kthyen p\u00ebrs\u00ebri, por tashm\u00eb p\u00ebr t&#8217;u kthyer nga Shkodra p\u00ebr n\u00eb Ulqin dhe tashm\u00eb jo vet\u00ebm k\u00ebta t\u00eb dy, por edhe maratonist\u00eb t\u00eb tjer\u00eb. \u00c7do vit numri i garues\u00ebve vjen duke u rritur dhe tash mund t\u00eb thuhet se \u00ebsht\u00eb Maraton\u00eb nd\u00ebrkomb\u00ebtare, e fal\u00eb k\u00ebmb\u00ebnguljes s\u00eb nism\u00ebtar\u00ebve do b\u00ebhet edhe tradicionale dhe nj\u00ebra nd\u00ebr m\u00eb t\u00eb r\u00ebnd\u00ebsishmet n\u00eb Ballkan.<\/p>\n","protected":false},"excerpt":{"rendered":"<p>Vet\u00ebm dy dit\u00eb na ndajn\u00eb nga ngjarja m\u00eb e madhe sportive e vitit k\u00ebtu n\u00eb Ulqin, Maratona e pavar\u00ebsis\u00eb, Maratona e paqes, e cila kalon shtegun Ulqin &#8211; Shkod\u00ebr prej 42 km. K\u00ebt\u00eb Maraton\u00eb e filluan 5 vite m\u00eb par\u00eb dy bashk\u00ebvendasit tan\u00eb q\u00eb jetojn\u00eb dhe punojn\u00eb n\u00eb Nju Jork t\u00eb SHBA-ve. Pes\u00eb vite m\u00eb [&hellip;]<\/p>\n","protected":false},"author":1,"featured_media":0,"comment_status":"closed","ping_status":"closed","sticky":false,"template":"","format":"standard","meta":{"spay_email":"","jetpack_publicize_message":"","jetpack_is_tweetstorm":false,"jetpack_publicize_feature_enabled":true},"categories":[6950],"tags":[],"jetpack_publicize_connections":[],"yoast_head":"<!-- This site is optimized with the Yoast SEO plugin v19.1 - https:\/\/yoast.com\/wordpress\/plugins\/seo\/ -->\n<title>Maratona e Pavar\u00ebsis\u00eb 2016 Ulqin - Shkod\u00ebr po afrohet - Lajme nga Ulqini<\/title>\n<meta name=\"description\" content=\"Vet\u00ebm dy dit\u00eb na ndajn\u00eb nga ngjarja m\u00eb e madhe sportive e vitit k\u00ebtu n\u00eb Ulqin, Maratona e pavar\u00ebsis\u00eb, Maratona e paqes, e cila kalon shtegun Ulqin -\" \/>\n<meta name=\"robots\" content=\"index, follow, max-snippet:-1, max-image-preview:large, max-video-preview:-1\" \/>\n<link rel=\"canonical\" href=\"https:\/\/www.visit-ulcinj.com\/blog\/2016\/11\/26\/maratona-e-pavaresise-2016-shkoder-ulqin-po-afrohet\/\" \/>\n<meta property=\"og:locale\" content=\"en_US\" \/>\n<meta property=\"og:type\" content=\"article\" \/>\n<meta property=\"og:title\" content=\"Maratona e Pavar\u00ebsis\u00eb 2016 Ulqin - Shkod\u00ebr po afrohet - Lajme nga Ulqini\" \/>\n<meta property=\"og:description\" content=\"Vet\u00ebm dy dit\u00eb na ndajn\u00eb nga ngjarja m\u00eb e madhe sportive e vitit k\u00ebtu n\u00eb Ulqin, Maratona e pavar\u00ebsis\u00eb, Maratona e paqes, e cila kalon shtegun Ulqin -\" \/>\n<meta property=\"og:url\" content=\"https:\/\/www.visit-ulcinj.com\/blog\/2016\/11\/26\/maratona-e-pavaresise-2016-shkoder-ulqin-po-afrohet\/\" \/>\n<meta property=\"og:site_name\" content=\"Lajme nga Ulqini\" \/>\n<meta property=\"article:published_time\" content=\"2016-11-25T23:59:00+00:00\" \/>\n<meta property=\"article:modified_time\" content=\"2016-11-26T00:11:14+00:00\" \/>\n<meta property=\"og:image\" content=\"http:\/\/www.visit-ulcinj.com\/blog\/wp-content\/uploads\/2016\/11\/Esad-Aloshi-Mustaf-Berkani-Maratona-e-pavarsise-Ulqin-Shkoder.2.jpg\" \/>\n<meta name=\"twitter:label1\" content=\"Written by\" \/>\n\t<meta name=\"twitter:data1\" content=\"ulqini\" \/>\n\t<meta name=\"twitter:label2\" content=\"Est. reading time\" \/>\n\t<meta name=\"twitter:data2\" content=\"1 minute\" \/>\n<script type=\"application\/ld+json\" class=\"yoast-schema-graph\">{\"@context\":\"https:\/\/schema.org\",\"@graph\":[{\"@type\":\"WebSite\",\"@id\":\"https:\/\/www.visit-ulcinj.com\/blog\/#website\",\"url\":\"https:\/\/www.visit-ulcinj.com\/blog\/\",\"name\":\"Lajme nga Ulqini\",\"description\":\"Lajme,Vijesti,Ulqini,Ulqin,Crna Gora,Mali i Zi\",\"potentialAction\":[{\"@type\":\"SearchAction\",\"target\":{\"@type\":\"EntryPoint\",\"urlTemplate\":\"https:\/\/www.visit-ulcinj.com\/blog\/?s={search_term_string}\"},\"query-input\":\"required name=search_term_string\"}],\"inLanguage\":\"en-US\"},{\"@type\":\"ImageObject\",\"inLanguage\":\"en-US\",\"@id\":\"https:\/\/www.visit-ulcinj.com\/blog\/2016\/11\/26\/maratona-e-pavaresise-2016-shkoder-ulqin-po-afrohet\/#primaryimage\",\"url\":\"https:\/\/www.visit-ulcinj.com\/blog\/wp-content\/uploads\/2016\/11\/Esad-Aloshi-Mustaf-Berkani-Maratona-e-pavarsise-Ulqin-Shkoder.2.jpg\",\"contentUrl\":\"https:\/\/www.visit-ulcinj.com\/blog\/wp-content\/uploads\/2016\/11\/Esad-Aloshi-Mustaf-Berkani-Maratona-e-pavarsise-Ulqin-Shkoder.2.jpg\",\"width\":960,\"height\":720},{\"@type\":\"WebPage\",\"@id\":\"https:\/\/www.visit-ulcinj.com\/blog\/2016\/11\/26\/maratona-e-pavaresise-2016-shkoder-ulqin-po-afrohet\/#webpage\",\"url\":\"https:\/\/www.visit-ulcinj.com\/blog\/2016\/11\/26\/maratona-e-pavaresise-2016-shkoder-ulqin-po-afrohet\/\",\"name\":\"Maratona e Pavar\u00ebsis\u00eb 2016 Ulqin - Shkod\u00ebr po afrohet - Lajme nga Ulqini\",\"isPartOf\":{\"@id\":\"https:\/\/www.visit-ulcinj.com\/blog\/#website\"},\"primaryImageOfPage\":{\"@id\":\"https:\/\/www.visit-ulcinj.com\/blog\/2016\/11\/26\/maratona-e-pavaresise-2016-shkoder-ulqin-po-afrohet\/#primaryimage\"},\"datePublished\":\"2016-11-25T23:59:00+00:00\",\"dateModified\":\"2016-11-26T00:11:14+00:00\",\"author\":{\"@id\":\"https:\/\/www.visit-ulcinj.com\/blog\/#\/schema\/person\/dcab619c614d3038751c63bc2aadc06d\"},\"description\":\"Vet\u00ebm dy dit\u00eb na ndajn\u00eb nga ngjarja m\u00eb e madhe sportive e vitit k\u00ebtu n\u00eb Ulqin, Maratona e pavar\u00ebsis\u00eb, Maratona e paqes, e cila kalon shtegun Ulqin -\",\"breadcrumb\":{\"@id\":\"https:\/\/www.visit-ulcinj.com\/blog\/2016\/11\/26\/maratona-e-pavaresise-2016-shkoder-ulqin-po-afrohet\/#breadcrumb\"},\"inLanguage\":\"en-US\",\"potentialAction\":[{\"@type\":\"ReadAction\",\"target\":[\"https:\/\/www.visit-ulcinj.com\/blog\/2016\/11\/26\/maratona-e-pavaresise-2016-shkoder-ulqin-po-afrohet\/\"]}]},{\"@type\":\"BreadcrumbList\",\"@id\":\"https:\/\/www.visit-ulcinj.com\/blog\/2016\/11\/26\/maratona-e-pavaresise-2016-shkoder-ulqin-po-afrohet\/#breadcrumb\",\"itemListElement\":[{\"@type\":\"ListItem\",\"position\":1,\"name\":\"Maratona e Pavar\u00ebsis\u00eb 2016 Ulqin &#8211; Shkod\u00ebr po afrohet\"}]},{\"@type\":\"Person\",\"@id\":\"https:\/\/www.visit-ulcinj.com\/blog\/#\/schema\/person\/dcab619c614d3038751c63bc2aadc06d\",\"name\":\"ulqini\",\"sameAs\":[\"http:\/\/www.visit-ulcinj.com\"],\"url\":\"https:\/\/www.visit-ulcinj.com\/blog\/author\/admin\/\"}]}<\/script>\n<!-- \/ Yoast SEO plugin. -->","yoast_head_json":{"title":"Maratona e Pavar\u00ebsis\u00eb 2016 Ulqin - Shkod\u00ebr po afrohet - Lajme nga Ulqini","description":"Vet\u00ebm dy dit\u00eb na ndajn\u00eb nga ngjarja m\u00eb e madhe sportive e vitit k\u00ebtu n\u00eb Ulqin, Maratona e pavar\u00ebsis\u00eb, Maratona e paqes, e cila kalon shtegun Ulqin -","robots":{"index":"index","follow":"follow","max-snippet":"max-snippet:-1","max-image-preview":"max-image-preview:large","max-video-preview":"max-video-preview:-1"},"canonical":"https:\/\/www.visit-ulcinj.com\/blog\/2016\/11\/26\/maratona-e-pavaresise-2016-shkoder-ulqin-po-afrohet\/","og_locale":"en_US","og_type":"article","og_title":"Maratona e Pavar\u00ebsis\u00eb 2016 Ulqin - Shkod\u00ebr po afrohet - Lajme nga Ulqini","og_description":"Vet\u00ebm dy dit\u00eb na ndajn\u00eb nga ngjarja m\u00eb e madhe sportive e vitit k\u00ebtu n\u00eb Ulqin, Maratona e pavar\u00ebsis\u00eb, Maratona e paqes, e cila kalon shtegun Ulqin -","og_url":"https:\/\/www.visit-ulcinj.com\/blog\/2016\/11\/26\/maratona-e-pavaresise-2016-shkoder-ulqin-po-afrohet\/","og_site_name":"Lajme nga Ulqini","article_published_time":"2016-11-25T23:59:00+00:00","article_modified_time":"2016-11-26T00:11:14+00:00","og_image":[{"url":"http:\/\/www.visit-ulcinj.com\/blog\/wp-content\/uploads\/2016\/11\/Esad-Aloshi-Mustaf-Berkani-Maratona-e-pavarsise-Ulqin-Shkoder.2.jpg"}],"twitter_misc":{"Written by":"ulqini","Est. reading time":"1 minute"},"schema":{"@context":"https:\/\/schema.org","@graph":[{"@type":"WebSite","@id":"https:\/\/www.visit-ulcinj.com\/blog\/#website","url":"https:\/\/www.visit-ulcinj.com\/blog\/","name":"Lajme nga Ulqini","description":"Lajme,Vijesti,Ulqini,Ulqin,Crna Gora,Mali i Zi","potentialAction":[{"@type":"SearchAction","target":{"@type":"EntryPoint","urlTemplate":"https:\/\/www.visit-ulcinj.com\/blog\/?s={search_term_string}"},"query-input":"required name=search_term_string"}],"inLanguage":"en-US"},{"@type":"ImageObject","inLanguage":"en-US","@id":"https:\/\/www.visit-ulcinj.com\/blog\/2016\/11\/26\/maratona-e-pavaresise-2016-shkoder-ulqin-po-afrohet\/#primaryimage","url":"https:\/\/www.visit-ulcinj.com\/blog\/wp-content\/uploads\/2016\/11\/Esad-Aloshi-Mustaf-Berkani-Maratona-e-pavarsise-Ulqin-Shkoder.2.jpg","contentUrl":"https:\/\/www.visit-ulcinj.com\/blog\/wp-content\/uploads\/2016\/11\/Esad-Aloshi-Mustaf-Berkani-Maratona-e-pavarsise-Ulqin-Shkoder.2.jpg","width":960,"height":720},{"@type":"WebPage","@id":"https:\/\/www.visit-ulcinj.com\/blog\/2016\/11\/26\/maratona-e-pavaresise-2016-shkoder-ulqin-po-afrohet\/#webpage","url":"https:\/\/www.visit-ulcinj.com\/blog\/2016\/11\/26\/maratona-e-pavaresise-2016-shkoder-ulqin-po-afrohet\/","name":"Maratona e Pavar\u00ebsis\u00eb 2016 Ulqin - Shkod\u00ebr po afrohet - Lajme nga Ulqini","isPartOf":{"@id":"https:\/\/www.visit-ulcinj.com\/blog\/#website"},"primaryImageOfPage":{"@id":"https:\/\/www.visit-ulcinj.com\/blog\/2016\/11\/26\/maratona-e-pavaresise-2016-shkoder-ulqin-po-afrohet\/#primaryimage"},"datePublished":"2016-11-25T23:59:00+00:00","dateModified":"2016-11-26T00:11:14+00:00","author":{"@id":"https:\/\/www.visit-ulcinj.com\/blog\/#\/schema\/person\/dcab619c614d3038751c63bc2aadc06d"},"description":"Vet\u00ebm dy dit\u00eb na ndajn\u00eb nga ngjarja m\u00eb e madhe sportive e vitit k\u00ebtu n\u00eb Ulqin, Maratona e pavar\u00ebsis\u00eb, Maratona e paqes, e cila kalon shtegun Ulqin -","breadcrumb":{"@id":"https:\/\/www.visit-ulcinj.com\/blog\/2016\/11\/26\/maratona-e-pavaresise-2016-shkoder-ulqin-po-afrohet\/#breadcrumb"},"inLanguage":"en-US","potentialAction":[{"@type":"ReadAction","target":["https:\/\/www.visit-ulcinj.com\/blog\/2016\/11\/26\/maratona-e-pavaresise-2016-shkoder-ulqin-po-afrohet\/"]}]},{"@type":"BreadcrumbList","@id":"https:\/\/www.visit-ulcinj.com\/blog\/2016\/11\/26\/maratona-e-pavaresise-2016-shkoder-ulqin-po-afrohet\/#breadcrumb","itemListElement":[{"@type":"ListItem","position":1,"name":"Maratona e Pavar\u00ebsis\u00eb 2016 Ulqin &#8211; Shkod\u00ebr po afrohet"}]},{"@type":"Person","@id":"https:\/\/www.visit-ulcinj.com\/blog\/#\/schema\/person\/dcab619c614d3038751c63bc2aadc06d","name":"ulqini","sameAs":["http:\/\/www.visit-ulcinj.com"],"url":"https:\/\/www.visit-ulcinj.com\/blog\/author\/admin\/"}]}},"jetpack_featured_media_url":"","jetpack_sharing_enabled":true,"jetpack_shortlink":"https:\/\/wp.me\/pe6lTn-qkS","_links":{"self":[{"href":"https:\/\/www.visit-ulcinj.com\/blog\/wp-json\/wp\/v2\/posts\/101238"}],"collection":[{"href":"https:\/\/www.visit-ulcinj.com\/blog\/wp-json\/wp\/v2\/posts"}],"about":[{"href":"https:\/\/www.visit-ulcinj.com\/blog\/wp-json\/wp\/v2\/types\/post"}],"author":[{"embeddable":true,"href":"https:\/\/www.visit-ulcinj.com\/blog\/wp-json\/wp\/v2\/users\/1"}],"replies":[{"embeddable":true,"href":"https:\/\/www.visit-ulcinj.com\/blog\/wp-json\/wp\/v2\/comments?post=101238"}],"version-history":[{"count":4,"href":"https:\/\/www.visit-ulcinj.com\/blog\/wp-json\/wp\/v2\/posts\/101238\/revisions"}],"predecessor-version":[{"id":101243,"href":"https:\/\/www.visit-ulcinj.com\/blog\/wp-json\/wp\/v2\/posts\/101238\/revisions\/101243"}],"wp:attachment":[{"href":"https:\/\/www.visit-ulcinj.com\/blog\/wp-json\/wp\/v2\/media?parent=101238"}],"wp:term":[{"taxonomy":"category","embeddable":true,"href":"https:\/\/www.visit-ulcinj.com\/blog\/wp-json\/wp\/v2\/categories?post=101238"},{"taxonomy":"post_tag","embeddable":true,"href":"https:\/\/www.visit-ulcinj.com\/blog\/wp-json\/wp\/v2\/tags?post=101238"}],"curies":[{"name":"wp","href":"https:\/\/api.w.org\/{rel}","templated":true}]}}