{"id":101244,"date":"2016-11-26T11:05:31","date_gmt":"2016-11-26T10:05:31","guid":{"rendered":"http:\/\/www.visit-ulcinj.com\/blog\/?p=101244"},"modified":"2016-11-26T11:05:31","modified_gmt":"2016-11-26T10:05:31","slug":"postignut-sporazum-koalcija-albanci-odlucno-dps","status":"publish","type":"post","link":"https:\/\/www.visit-ulcinj.com\/blog\/2016\/11\/26\/postignut-sporazum-koalcija-albanci-odlucno-dps\/","title":{"rendered":"Postignut sporazum &#8211; Koalcija Albanci odlu\u010dno i DPS"},"content":{"rendered":"<p><strong><span class=\"credits__author\"> <a href=\"http:\/\/www.visit-ulcinj.com\/blog\/wp-content\/uploads\/2016\/11\/Koalcija-Albanci-odlucno-Ulcinj.jpg\"><img loading=\"lazy\" class=\"alignleft wp-image-101245\" src=\"http:\/\/www.visit-ulcinj.com\/blog\/wp-content\/uploads\/2016\/11\/Koalcija-Albanci-odlucno-Ulcinj.jpg\" alt=\"Koalcija Albanci odlucno-Ulcinj\" width=\"508\" height=\"339\" srcset=\"https:\/\/www.visit-ulcinj.com\/blog\/wp-content\/uploads\/2016\/11\/Koalcija-Albanci-odlucno-Ulcinj.jpg 960w, https:\/\/www.visit-ulcinj.com\/blog\/wp-content\/uploads\/2016\/11\/Koalcija-Albanci-odlucno-Ulcinj-300x200.jpg 300w, https:\/\/www.visit-ulcinj.com\/blog\/wp-content\/uploads\/2016\/11\/Koalcija-Albanci-odlucno-Ulcinj-768x512.jpg 768w\" sizes=\"(max-width: 508px) 100vw, 508px\" \/><\/a>Autor: Samir Kajo\u0161evi\u0107 <\/span><\/strong><\/p>\n<p>Predstavnici koalicije &#8220;Albanci odlu\u010dno&#8221; usaglasili su sa Demokratskom partijom socijalista (DPS) platformu prema kojoj bi Tuzi trebalo da budu samostalna op\u0161tina 2018. godine, saznaju &#8220;Vijesti&#8221;.<\/p>\n<p>Prema dogovoru koji \u0107e biti formalizovan koalicionim sporazumom, Skup\u0161tina Crne Gore trebalo da po\u010detkom prolje\u0107nog zasjedanja da usvoji izmjene Zakona o teritorijalnoj organizaciji, prema kojoj bi Tuzi dobili stus op\u0161tine bez raspisivanja referenduma. Kako je \u201cVijestima\u201d potvrdio jedan od u\u010desnika pregovora, Tuzi bi 2018. godine trebalo zvani\u010dno da postanu punopravna op\u0161tina.<\/p>\n<p>Albanski politi\u010dari su sa DPS-om i ranije raspravljali oko statusa op\u0161tine Tuzi, koja je kao Gradska op\u0161tina, ali njihov zahtjev nije ispunjen i pored obe\u0107anja \u010delnika DPS-a i pisanih odgovora koje su dvije strane imale.<\/p>\n<p>Posljednjim dogovorom \u00a0bilo je predvi\u0111eno da u \u00a0januaru 2016. stupe na snagu odluke o izmjenama i dopunama zakona o glavnom gradu, teritorijalnoj organizaciji i lokalnoj samoupravi i njenom finansiranju, ali su pojedni \u010delnici albanskih partija tvrdili da ti zakoni nikad nisu za\u017eivjeli.<\/p>\n<p>Odbornik pokreta URA Luka Rak\u010devi\u0107 ocijenio je da je dogovor DPS-a i koalicije &#8220;Albanci odlu\u010dno&#8221; politi\u010dka trgovina radi pridobijanja stanovnika Malesije.<\/p>\n<p>Dogovorom je predvi\u0111eno i da Genci Nimanbegu bude potpredsjednik parlamenta, te da Albancima pripadne mjesto ministra za ljudska i manjinska prava.<\/p>\n<p>Iako je lider DUA Mehmet Zenka slovio za novog ministra, &#8220;Vijestima&#8221; je potvr\u0111eno da \u0107e o kandidtu za tu poziciju tek odlu\u010divati unutar koalicije.<\/p>\n<p><strong>Izvor: Vijesti Online<\/strong><\/p>\n","protected":false},"excerpt":{"rendered":"<p>Autor: Samir Kajo\u0161evi\u0107 Predstavnici koalicije &#8220;Albanci odlu\u010dno&#8221; usaglasili su sa Demokratskom partijom socijalista (DPS) platformu prema kojoj bi Tuzi trebalo da budu samostalna op\u0161tina 2018. godine, saznaju &#8220;Vijesti&#8221;. Prema dogovoru koji \u0107e biti formalizovan koalicionim sporazumom, Skup\u0161tina Crne Gore trebalo da po\u010detkom prolje\u0107nog zasjedanja da usvoji izmjene Zakona o teritorijalnoj organizaciji, prema kojoj bi Tuzi [&hellip;]<\/p>\n","protected":false},"author":1,"featured_media":0,"comment_status":"closed","ping_status":"closed","sticky":false,"template":"","format":"standard","meta":{"spay_email":"","jetpack_publicize_message":"","jetpack_is_tweetstorm":false,"jetpack_publicize_feature_enabled":true},"categories":[8337],"tags":[],"jetpack_publicize_connections":[],"yoast_head":"<!-- This site is optimized with the Yoast SEO plugin v19.1 - https:\/\/yoast.com\/wordpress\/plugins\/seo\/ -->\n<title>Postignut sporazum - Koalcija Albanci odlu\u010dno i DPS - Lajme nga Ulqini<\/title>\n<meta name=\"description\" content=\"Autor: Samir Kajo\u0161evi\u0107 Predstavnici koalicije &quot;Albanci odlu\u010dno&quot; usaglasili su sa Demokratskom partijom socijalista (DPS) platformu prema kojoj bi Tuzi\" \/>\n<meta name=\"robots\" content=\"index, follow, max-snippet:-1, max-image-preview:large, max-video-preview:-1\" \/>\n<link rel=\"canonical\" href=\"https:\/\/www.visit-ulcinj.com\/blog\/2016\/11\/26\/postignut-sporazum-koalcija-albanci-odlucno-dps\/\" \/>\n<meta property=\"og:locale\" content=\"en_US\" \/>\n<meta property=\"og:type\" content=\"article\" \/>\n<meta property=\"og:title\" content=\"Postignut sporazum - Koalcija Albanci odlu\u010dno i DPS - Lajme nga Ulqini\" \/>\n<meta property=\"og:description\" content=\"Autor: Samir Kajo\u0161evi\u0107 Predstavnici koalicije &quot;Albanci odlu\u010dno&quot; usaglasili su sa Demokratskom partijom socijalista (DPS) platformu prema kojoj bi Tuzi\" \/>\n<meta property=\"og:url\" content=\"https:\/\/www.visit-ulcinj.com\/blog\/2016\/11\/26\/postignut-sporazum-koalcija-albanci-odlucno-dps\/\" \/>\n<meta property=\"og:site_name\" content=\"Lajme nga Ulqini\" \/>\n<meta property=\"article:published_time\" content=\"2016-11-26T10:05:31+00:00\" \/>\n<meta property=\"og:image\" content=\"http:\/\/www.visit-ulcinj.com\/blog\/wp-content\/uploads\/2016\/11\/Koalcija-Albanci-odlucno-Ulcinj.jpg\" \/>\n<meta name=\"twitter:label1\" content=\"Written by\" \/>\n\t<meta name=\"twitter:data1\" content=\"ulqini\" \/>\n\t<meta name=\"twitter:label2\" content=\"Est. reading time\" \/>\n\t<meta name=\"twitter:data2\" content=\"1 minute\" \/>\n<script type=\"application\/ld+json\" class=\"yoast-schema-graph\">{\"@context\":\"https:\/\/schema.org\",\"@graph\":[{\"@type\":\"WebSite\",\"@id\":\"https:\/\/www.visit-ulcinj.com\/blog\/#website\",\"url\":\"https:\/\/www.visit-ulcinj.com\/blog\/\",\"name\":\"Lajme nga Ulqini\",\"description\":\"Lajme,Vijesti,Ulqini,Ulqin,Crna Gora,Mali i Zi\",\"potentialAction\":[{\"@type\":\"SearchAction\",\"target\":{\"@type\":\"EntryPoint\",\"urlTemplate\":\"https:\/\/www.visit-ulcinj.com\/blog\/?s={search_term_string}\"},\"query-input\":\"required name=search_term_string\"}],\"inLanguage\":\"en-US\"},{\"@type\":\"ImageObject\",\"inLanguage\":\"en-US\",\"@id\":\"https:\/\/www.visit-ulcinj.com\/blog\/2016\/11\/26\/postignut-sporazum-koalcija-albanci-odlucno-dps\/#primaryimage\",\"url\":\"https:\/\/www.visit-ulcinj.com\/blog\/wp-content\/uploads\/2016\/11\/Koalcija-Albanci-odlucno-Ulcinj.jpg\",\"contentUrl\":\"https:\/\/www.visit-ulcinj.com\/blog\/wp-content\/uploads\/2016\/11\/Koalcija-Albanci-odlucno-Ulcinj.jpg\",\"width\":960,\"height\":640},{\"@type\":\"WebPage\",\"@id\":\"https:\/\/www.visit-ulcinj.com\/blog\/2016\/11\/26\/postignut-sporazum-koalcija-albanci-odlucno-dps\/#webpage\",\"url\":\"https:\/\/www.visit-ulcinj.com\/blog\/2016\/11\/26\/postignut-sporazum-koalcija-albanci-odlucno-dps\/\",\"name\":\"Postignut sporazum - Koalcija Albanci odlu\u010dno i DPS - Lajme nga Ulqini\",\"isPartOf\":{\"@id\":\"https:\/\/www.visit-ulcinj.com\/blog\/#website\"},\"primaryImageOfPage\":{\"@id\":\"https:\/\/www.visit-ulcinj.com\/blog\/2016\/11\/26\/postignut-sporazum-koalcija-albanci-odlucno-dps\/#primaryimage\"},\"datePublished\":\"2016-11-26T10:05:31+00:00\",\"dateModified\":\"2016-11-26T10:05:31+00:00\",\"author\":{\"@id\":\"https:\/\/www.visit-ulcinj.com\/blog\/#\/schema\/person\/dcab619c614d3038751c63bc2aadc06d\"},\"description\":\"Autor: Samir Kajo\u0161evi\u0107 Predstavnici koalicije \\\"Albanci odlu\u010dno\\\" usaglasili su sa Demokratskom partijom socijalista (DPS) platformu prema kojoj bi Tuzi\",\"breadcrumb\":{\"@id\":\"https:\/\/www.visit-ulcinj.com\/blog\/2016\/11\/26\/postignut-sporazum-koalcija-albanci-odlucno-dps\/#breadcrumb\"},\"inLanguage\":\"en-US\",\"potentialAction\":[{\"@type\":\"ReadAction\",\"target\":[\"https:\/\/www.visit-ulcinj.com\/blog\/2016\/11\/26\/postignut-sporazum-koalcija-albanci-odlucno-dps\/\"]}]},{\"@type\":\"BreadcrumbList\",\"@id\":\"https:\/\/www.visit-ulcinj.com\/blog\/2016\/11\/26\/postignut-sporazum-koalcija-albanci-odlucno-dps\/#breadcrumb\",\"itemListElement\":[{\"@type\":\"ListItem\",\"position\":1,\"name\":\"Postignut sporazum &#8211; Koalcija Albanci odlu\u010dno i DPS\"}]},{\"@type\":\"Person\",\"@id\":\"https:\/\/www.visit-ulcinj.com\/blog\/#\/schema\/person\/dcab619c614d3038751c63bc2aadc06d\",\"name\":\"ulqini\",\"sameAs\":[\"http:\/\/www.visit-ulcinj.com\"],\"url\":\"https:\/\/www.visit-ulcinj.com\/blog\/author\/admin\/\"}]}<\/script>\n<!-- \/ Yoast SEO plugin. -->","yoast_head_json":{"title":"Postignut sporazum - Koalcija Albanci odlu\u010dno i DPS - Lajme nga Ulqini","description":"Autor: Samir Kajo\u0161evi\u0107 Predstavnici koalicije \"Albanci odlu\u010dno\" usaglasili su sa Demokratskom partijom socijalista (DPS) platformu prema kojoj bi Tuzi","robots":{"index":"index","follow":"follow","max-snippet":"max-snippet:-1","max-image-preview":"max-image-preview:large","max-video-preview":"max-video-preview:-1"},"canonical":"https:\/\/www.visit-ulcinj.com\/blog\/2016\/11\/26\/postignut-sporazum-koalcija-albanci-odlucno-dps\/","og_locale":"en_US","og_type":"article","og_title":"Postignut sporazum - Koalcija Albanci odlu\u010dno i DPS - Lajme nga Ulqini","og_description":"Autor: Samir Kajo\u0161evi\u0107 Predstavnici koalicije \"Albanci odlu\u010dno\" usaglasili su sa Demokratskom partijom socijalista (DPS) platformu prema kojoj bi Tuzi","og_url":"https:\/\/www.visit-ulcinj.com\/blog\/2016\/11\/26\/postignut-sporazum-koalcija-albanci-odlucno-dps\/","og_site_name":"Lajme nga Ulqini","article_published_time":"2016-11-26T10:05:31+00:00","og_image":[{"url":"http:\/\/www.visit-ulcinj.com\/blog\/wp-content\/uploads\/2016\/11\/Koalcija-Albanci-odlucno-Ulcinj.jpg"}],"twitter_misc":{"Written by":"ulqini","Est. reading time":"1 minute"},"schema":{"@context":"https:\/\/schema.org","@graph":[{"@type":"WebSite","@id":"https:\/\/www.visit-ulcinj.com\/blog\/#website","url":"https:\/\/www.visit-ulcinj.com\/blog\/","name":"Lajme nga Ulqini","description":"Lajme,Vijesti,Ulqini,Ulqin,Crna Gora,Mali i Zi","potentialAction":[{"@type":"SearchAction","target":{"@type":"EntryPoint","urlTemplate":"https:\/\/www.visit-ulcinj.com\/blog\/?s={search_term_string}"},"query-input":"required name=search_term_string"}],"inLanguage":"en-US"},{"@type":"ImageObject","inLanguage":"en-US","@id":"https:\/\/www.visit-ulcinj.com\/blog\/2016\/11\/26\/postignut-sporazum-koalcija-albanci-odlucno-dps\/#primaryimage","url":"https:\/\/www.visit-ulcinj.com\/blog\/wp-content\/uploads\/2016\/11\/Koalcija-Albanci-odlucno-Ulcinj.jpg","contentUrl":"https:\/\/www.visit-ulcinj.com\/blog\/wp-content\/uploads\/2016\/11\/Koalcija-Albanci-odlucno-Ulcinj.jpg","width":960,"height":640},{"@type":"WebPage","@id":"https:\/\/www.visit-ulcinj.com\/blog\/2016\/11\/26\/postignut-sporazum-koalcija-albanci-odlucno-dps\/#webpage","url":"https:\/\/www.visit-ulcinj.com\/blog\/2016\/11\/26\/postignut-sporazum-koalcija-albanci-odlucno-dps\/","name":"Postignut sporazum - Koalcija Albanci odlu\u010dno i DPS - Lajme nga Ulqini","isPartOf":{"@id":"https:\/\/www.visit-ulcinj.com\/blog\/#website"},"primaryImageOfPage":{"@id":"https:\/\/www.visit-ulcinj.com\/blog\/2016\/11\/26\/postignut-sporazum-koalcija-albanci-odlucno-dps\/#primaryimage"},"datePublished":"2016-11-26T10:05:31+00:00","dateModified":"2016-11-26T10:05:31+00:00","author":{"@id":"https:\/\/www.visit-ulcinj.com\/blog\/#\/schema\/person\/dcab619c614d3038751c63bc2aadc06d"},"description":"Autor: Samir Kajo\u0161evi\u0107 Predstavnici koalicije \"Albanci odlu\u010dno\" usaglasili su sa Demokratskom partijom socijalista (DPS) platformu prema kojoj bi Tuzi","breadcrumb":{"@id":"https:\/\/www.visit-ulcinj.com\/blog\/2016\/11\/26\/postignut-sporazum-koalcija-albanci-odlucno-dps\/#breadcrumb"},"inLanguage":"en-US","potentialAction":[{"@type":"ReadAction","target":["https:\/\/www.visit-ulcinj.com\/blog\/2016\/11\/26\/postignut-sporazum-koalcija-albanci-odlucno-dps\/"]}]},{"@type":"BreadcrumbList","@id":"https:\/\/www.visit-ulcinj.com\/blog\/2016\/11\/26\/postignut-sporazum-koalcija-albanci-odlucno-dps\/#breadcrumb","itemListElement":[{"@type":"ListItem","position":1,"name":"Postignut sporazum &#8211; Koalcija Albanci odlu\u010dno i DPS"}]},{"@type":"Person","@id":"https:\/\/www.visit-ulcinj.com\/blog\/#\/schema\/person\/dcab619c614d3038751c63bc2aadc06d","name":"ulqini","sameAs":["http:\/\/www.visit-ulcinj.com"],"url":"https:\/\/www.visit-ulcinj.com\/blog\/author\/admin\/"}]}},"jetpack_featured_media_url":"","jetpack_sharing_enabled":true,"jetpack_shortlink":"https:\/\/wp.me\/pe6lTn-qkY","_links":{"self":[{"href":"https:\/\/www.visit-ulcinj.com\/blog\/wp-json\/wp\/v2\/posts\/101244"}],"collection":[{"href":"https:\/\/www.visit-ulcinj.com\/blog\/wp-json\/wp\/v2\/posts"}],"about":[{"href":"https:\/\/www.visit-ulcinj.com\/blog\/wp-json\/wp\/v2\/types\/post"}],"author":[{"embeddable":true,"href":"https:\/\/www.visit-ulcinj.com\/blog\/wp-json\/wp\/v2\/users\/1"}],"replies":[{"embeddable":true,"href":"https:\/\/www.visit-ulcinj.com\/blog\/wp-json\/wp\/v2\/comments?post=101244"}],"version-history":[{"count":1,"href":"https:\/\/www.visit-ulcinj.com\/blog\/wp-json\/wp\/v2\/posts\/101244\/revisions"}],"predecessor-version":[{"id":101246,"href":"https:\/\/www.visit-ulcinj.com\/blog\/wp-json\/wp\/v2\/posts\/101244\/revisions\/101246"}],"wp:attachment":[{"href":"https:\/\/www.visit-ulcinj.com\/blog\/wp-json\/wp\/v2\/media?parent=101244"}],"wp:term":[{"taxonomy":"category","embeddable":true,"href":"https:\/\/www.visit-ulcinj.com\/blog\/wp-json\/wp\/v2\/categories?post=101244"},{"taxonomy":"post_tag","embeddable":true,"href":"https:\/\/www.visit-ulcinj.com\/blog\/wp-json\/wp\/v2\/tags?post=101244"}],"curies":[{"name":"wp","href":"https:\/\/api.w.org\/{rel}","templated":true}]}}