{"id":101249,"date":"2016-11-26T15:18:18","date_gmt":"2016-11-26T14:18:18","guid":{"rendered":"http:\/\/www.visit-ulcinj.com\/blog\/?p=101249"},"modified":"2016-11-26T15:19:28","modified_gmt":"2016-11-26T14:19:28","slug":"turisticka-ponuda-ulcinja-na-sajmu-turizma-u-varsavi","status":"publish","type":"post","link":"https:\/\/www.visit-ulcinj.com\/blog\/2016\/11\/26\/turisticka-ponuda-ulcinja-na-sajmu-turizma-u-varsavi\/","title":{"rendered":"Turisti\u010dka ponuda Ulcinja na Sajmu turizma u Var\u0161avi"},"content":{"rendered":"<p style=\"text-align: center;\"><strong><a href=\"http:\/\/www.visit-ulcinj.com\/blog\/wp-content\/uploads\/2016\/11\/ponuda-Ulcinja-na-Sajmu-turizma-u-Varsavi.jpg\"><img loading=\"lazy\" class=\"alignleft wp-image-101250\" src=\"http:\/\/www.visit-ulcinj.com\/blog\/wp-content\/uploads\/2016\/11\/ponuda-Ulcinja-na-Sajmu-turizma-u-Varsavi.jpg\" alt=\"ponuda Ulcinja na Sajmu turizma u Varsavi\" width=\"508\" height=\"286\" srcset=\"https:\/\/www.visit-ulcinj.com\/blog\/wp-content\/uploads\/2016\/11\/ponuda-Ulcinja-na-Sajmu-turizma-u-Varsavi.jpg 1099w, https:\/\/www.visit-ulcinj.com\/blog\/wp-content\/uploads\/2016\/11\/ponuda-Ulcinja-na-Sajmu-turizma-u-Varsavi-300x169.jpg 300w, https:\/\/www.visit-ulcinj.com\/blog\/wp-content\/uploads\/2016\/11\/ponuda-Ulcinja-na-Sajmu-turizma-u-Varsavi-768x432.jpg 768w, https:\/\/www.visit-ulcinj.com\/blog\/wp-content\/uploads\/2016\/11\/ponuda-Ulcinja-na-Sajmu-turizma-u-Varsavi-1024x576.jpg 1024w\" sizes=\"(max-width: 508px) 100vw, 508px\" \/><\/a>Sajam u Var\u0161avi<\/strong><\/p>\n<p>&nbsp;<\/p>\n<p>24.novembra u Var\u0161avi je slu\u017ebeno otvoren jedan od najva\u017enijih turisti\u010dkih sajmova u Poljskoj. Sajam okuplja preko 500 izlaga\u010da iz 60 zemalja svijeta i traja\u0107e do 26-og novembra. Me\u0111u brojnim izlaga\u010dima svoje je mjesto zauzela i Crna Gora.<\/p>\n<p>Uz Nacionalnu turisti\u010dku organizaciju, Crnu Goru kao turisti\u010dku destinaciju, odnosno njen turisti\u010dki proizvod na sajmu predstavljaju i: LTO Bara, Budve, Kotora, Tivta, Ulcinja i Podgorice, HG \u201eBudvanska Rivijera\u201c, \u201eMontenegro Stars Hotel Group\u201c, HTP \u201eTrend Korali, a me\u0111u na\u0161im privrednicima koji su odlu\u010dili da svoju ponude predstave na poljskom tr\u017ei\u0161tu su hotel Riva, i apartmani Llolla i Holiday.<\/p>\n<p>Posjetiocima crnogorskog \u0161tanda je omogu\u0107ena prilika da se upoznaju sa raznovrsnom ponudom, bogatstvom prirodnih ljepota, kulturnim naslje\u0111em, raznovrsnim aktivnostima, nacionalnom kuhinjom, povoljnim aran\u017emanima za predstoje\u0107u zimsku i ljetnju sezonu, kao i novinama na polju investicija.<\/p>\n<p>Prvi dan sajma obilje\u017een je posjetama \u0161tandu od strane Ambasadorke Crne Gore u Poljskoj, Ljiljane To\u0161kovi\u0107 i njenih saradnika, kao i novinara magazina \u201eAmbasador\u201c , \u015awiat Elit\u2026<\/p>\n<p><a href=\"http:\/\/www.visit-ulcinj.com\/blog\/wp-content\/uploads\/2016\/11\/ponuda-Ulcinja-na-Sajmu-turizma-u-Varsavi-1.jpg\"><img loading=\"lazy\" class=\"alignleft wp-image-101252\" src=\"http:\/\/www.visit-ulcinj.com\/blog\/wp-content\/uploads\/2016\/11\/ponuda-Ulcinja-na-Sajmu-turizma-u-Varsavi-1.jpg\" alt=\"ponuda Ulcinja na Sajmu turizma u Varsavi-1\" width=\"270\" height=\"480\" srcset=\"https:\/\/www.visit-ulcinj.com\/blog\/wp-content\/uploads\/2016\/11\/ponuda-Ulcinja-na-Sajmu-turizma-u-Varsavi-1.jpg 270w, https:\/\/www.visit-ulcinj.com\/blog\/wp-content\/uploads\/2016\/11\/ponuda-Ulcinja-na-Sajmu-turizma-u-Varsavi-1-169x300.jpg 169w\" sizes=\"(max-width: 270px) 100vw, 270px\" \/><\/a><\/p>\n<p>Drugi dan delegacija Ulcinja koju predvode Podpredjesnik Opstine g.Arian Murati, direktor TO Ulcinj g.Mr Fuad Hadzibeti I sluzbenik Sekretarijata za finansije g.Selim Karamanaga posjetila je Opstinu Volumina I imali sastanak sa predsjednikom te Opstine g.Kazimierz Rakowski, podpredsjednikom g.Adam Lossan I predsjednikom Opstine Urzad g.Robert Makowski. Na ovom sastanku razgovaralo se o mogucnosti medjusobne saradnje, razmjenjivale su se ideje I misljenja narocito za razvoj turistickog sektora, a izmedju ostalog naveli su spremnost potpisivanja sporazuma o pobratimljenju koji bi nam ujedno otvorio vrata na ovom veoma potencijalnom trzistu, naveo je direktor Hadzibeti.<\/p>\n<p>Takodje imali su sastanke sa predstavnicima poljskih turoperatora koju u svojoj ponudi nude aran\u017emane za Ulcinj, PR agencijama, kao i sa najzna\u010dajnijim blogerima.<\/p>\n<p>Moramo reci da poljski turisti posljednjih godina sve vi\u0161e posje\u0107uju Ulcinj tako da sajam u Varsavi je jedan od najznacajnih za predstavljanje turisticke ponude naseg grada<\/p>\n<p>U prvih 9 mjeseci 2016. Crnu Goru je posjetilo 51.593 poljskih turista, odnosno 3,32 % vi\u0161e, koji su ostvarili 275.189 no\u0107enja, odnosno 5,92% vi\u0161e u odnosu na isti period 2015. Prosje\u010dno su se zadr\u017eavali 5,33 dana, a u ukupnoj strukturi inostranih no\u0107enja zauzeli su 2,72 %.<\/p>\n<p>&nbsp;<\/p>\n<p>Stru\u010dna slu\u017eba TO Ulcinj<\/p>\n","protected":false},"excerpt":{"rendered":"<p>Sajam u Var\u0161avi &nbsp; 24.novembra u Var\u0161avi je slu\u017ebeno otvoren jedan od najva\u017enijih turisti\u010dkih sajmova u Poljskoj. Sajam okuplja preko 500 izlaga\u010da iz 60 zemalja svijeta i traja\u0107e do 26-og novembra. Me\u0111u brojnim izlaga\u010dima svoje je mjesto zauzela i Crna Gora. Uz Nacionalnu turisti\u010dku organizaciju, Crnu Goru kao turisti\u010dku destinaciju, odnosno njen turisti\u010dki proizvod na [&hellip;]<\/p>\n","protected":false},"author":1,"featured_media":0,"comment_status":"closed","ping_status":"closed","sticky":false,"template":"","format":"standard","meta":{"spay_email":"","jetpack_publicize_message":"","jetpack_is_tweetstorm":false,"jetpack_publicize_feature_enabled":true},"categories":[8337],"tags":[],"jetpack_publicize_connections":[],"yoast_head":"<!-- This site is optimized with the Yoast SEO plugin v19.1 - https:\/\/yoast.com\/wordpress\/plugins\/seo\/ -->\n<title>Turisti\u010dka ponuda Ulcinja na Sajmu turizma u Var\u0161avi - Lajme nga Ulqini<\/title>\n<meta name=\"description\" content=\"Sajam u Var\u0161avi &nbsp; 24.novembra u Var\u0161avi je slu\u017ebeno otvoren jedan od najva\u017enijih turisti\u010dkih sajmova u Poljskoj. Sajam okuplja preko 500 izlaga\u010da iz\" \/>\n<meta name=\"robots\" content=\"index, follow, max-snippet:-1, max-image-preview:large, max-video-preview:-1\" \/>\n<link rel=\"canonical\" href=\"https:\/\/www.visit-ulcinj.com\/blog\/2016\/11\/26\/turisticka-ponuda-ulcinja-na-sajmu-turizma-u-varsavi\/\" \/>\n<meta property=\"og:locale\" content=\"en_US\" \/>\n<meta property=\"og:type\" content=\"article\" \/>\n<meta property=\"og:title\" content=\"Turisti\u010dka ponuda Ulcinja na Sajmu turizma u Var\u0161avi - Lajme nga Ulqini\" \/>\n<meta property=\"og:description\" content=\"Sajam u Var\u0161avi &nbsp; 24.novembra u Var\u0161avi je slu\u017ebeno otvoren jedan od najva\u017enijih turisti\u010dkih sajmova u Poljskoj. Sajam okuplja preko 500 izlaga\u010da iz\" \/>\n<meta property=\"og:url\" content=\"https:\/\/www.visit-ulcinj.com\/blog\/2016\/11\/26\/turisticka-ponuda-ulcinja-na-sajmu-turizma-u-varsavi\/\" \/>\n<meta property=\"og:site_name\" content=\"Lajme nga Ulqini\" \/>\n<meta property=\"article:published_time\" content=\"2016-11-26T14:18:18+00:00\" \/>\n<meta property=\"article:modified_time\" content=\"2016-11-26T14:19:28+00:00\" \/>\n<meta property=\"og:image\" content=\"http:\/\/www.visit-ulcinj.com\/blog\/wp-content\/uploads\/2016\/11\/ponuda-Ulcinja-na-Sajmu-turizma-u-Varsavi.jpg\" \/>\n<meta name=\"twitter:label1\" content=\"Written by\" \/>\n\t<meta name=\"twitter:data1\" content=\"ulqini\" \/>\n\t<meta name=\"twitter:label2\" content=\"Est. reading time\" \/>\n\t<meta name=\"twitter:data2\" content=\"2 minutes\" \/>\n<script type=\"application\/ld+json\" class=\"yoast-schema-graph\">{\"@context\":\"https:\/\/schema.org\",\"@graph\":[{\"@type\":\"WebSite\",\"@id\":\"https:\/\/www.visit-ulcinj.com\/blog\/#website\",\"url\":\"https:\/\/www.visit-ulcinj.com\/blog\/\",\"name\":\"Lajme nga Ulqini\",\"description\":\"Lajme,Vijesti,Ulqini,Ulqin,Crna Gora,Mali i Zi\",\"potentialAction\":[{\"@type\":\"SearchAction\",\"target\":{\"@type\":\"EntryPoint\",\"urlTemplate\":\"https:\/\/www.visit-ulcinj.com\/blog\/?s={search_term_string}\"},\"query-input\":\"required name=search_term_string\"}],\"inLanguage\":\"en-US\"},{\"@type\":\"ImageObject\",\"inLanguage\":\"en-US\",\"@id\":\"https:\/\/www.visit-ulcinj.com\/blog\/2016\/11\/26\/turisticka-ponuda-ulcinja-na-sajmu-turizma-u-varsavi\/#primaryimage\",\"url\":\"https:\/\/www.visit-ulcinj.com\/blog\/wp-content\/uploads\/2016\/11\/ponuda-Ulcinja-na-Sajmu-turizma-u-Varsavi.jpg\",\"contentUrl\":\"https:\/\/www.visit-ulcinj.com\/blog\/wp-content\/uploads\/2016\/11\/ponuda-Ulcinja-na-Sajmu-turizma-u-Varsavi.jpg\",\"width\":1099,\"height\":618},{\"@type\":\"WebPage\",\"@id\":\"https:\/\/www.visit-ulcinj.com\/blog\/2016\/11\/26\/turisticka-ponuda-ulcinja-na-sajmu-turizma-u-varsavi\/#webpage\",\"url\":\"https:\/\/www.visit-ulcinj.com\/blog\/2016\/11\/26\/turisticka-ponuda-ulcinja-na-sajmu-turizma-u-varsavi\/\",\"name\":\"Turisti\u010dka ponuda Ulcinja na Sajmu turizma u Var\u0161avi - Lajme nga Ulqini\",\"isPartOf\":{\"@id\":\"https:\/\/www.visit-ulcinj.com\/blog\/#website\"},\"primaryImageOfPage\":{\"@id\":\"https:\/\/www.visit-ulcinj.com\/blog\/2016\/11\/26\/turisticka-ponuda-ulcinja-na-sajmu-turizma-u-varsavi\/#primaryimage\"},\"datePublished\":\"2016-11-26T14:18:18+00:00\",\"dateModified\":\"2016-11-26T14:19:28+00:00\",\"author\":{\"@id\":\"https:\/\/www.visit-ulcinj.com\/blog\/#\/schema\/person\/dcab619c614d3038751c63bc2aadc06d\"},\"description\":\"Sajam u Var\u0161avi &nbsp; 24.novembra u Var\u0161avi je slu\u017ebeno otvoren jedan od najva\u017enijih turisti\u010dkih sajmova u Poljskoj. Sajam okuplja preko 500 izlaga\u010da iz\",\"breadcrumb\":{\"@id\":\"https:\/\/www.visit-ulcinj.com\/blog\/2016\/11\/26\/turisticka-ponuda-ulcinja-na-sajmu-turizma-u-varsavi\/#breadcrumb\"},\"inLanguage\":\"en-US\",\"potentialAction\":[{\"@type\":\"ReadAction\",\"target\":[\"https:\/\/www.visit-ulcinj.com\/blog\/2016\/11\/26\/turisticka-ponuda-ulcinja-na-sajmu-turizma-u-varsavi\/\"]}]},{\"@type\":\"BreadcrumbList\",\"@id\":\"https:\/\/www.visit-ulcinj.com\/blog\/2016\/11\/26\/turisticka-ponuda-ulcinja-na-sajmu-turizma-u-varsavi\/#breadcrumb\",\"itemListElement\":[{\"@type\":\"ListItem\",\"position\":1,\"name\":\"Turisti\u010dka ponuda Ulcinja na Sajmu turizma u Var\u0161avi\"}]},{\"@type\":\"Person\",\"@id\":\"https:\/\/www.visit-ulcinj.com\/blog\/#\/schema\/person\/dcab619c614d3038751c63bc2aadc06d\",\"name\":\"ulqini\",\"sameAs\":[\"http:\/\/www.visit-ulcinj.com\"],\"url\":\"https:\/\/www.visit-ulcinj.com\/blog\/author\/admin\/\"}]}<\/script>\n<!-- \/ Yoast SEO plugin. -->","yoast_head_json":{"title":"Turisti\u010dka ponuda Ulcinja na Sajmu turizma u Var\u0161avi - Lajme nga Ulqini","description":"Sajam u Var\u0161avi &nbsp; 24.novembra u Var\u0161avi je slu\u017ebeno otvoren jedan od najva\u017enijih turisti\u010dkih sajmova u Poljskoj. Sajam okuplja preko 500 izlaga\u010da iz","robots":{"index":"index","follow":"follow","max-snippet":"max-snippet:-1","max-image-preview":"max-image-preview:large","max-video-preview":"max-video-preview:-1"},"canonical":"https:\/\/www.visit-ulcinj.com\/blog\/2016\/11\/26\/turisticka-ponuda-ulcinja-na-sajmu-turizma-u-varsavi\/","og_locale":"en_US","og_type":"article","og_title":"Turisti\u010dka ponuda Ulcinja na Sajmu turizma u Var\u0161avi - Lajme nga Ulqini","og_description":"Sajam u Var\u0161avi &nbsp; 24.novembra u Var\u0161avi je slu\u017ebeno otvoren jedan od najva\u017enijih turisti\u010dkih sajmova u Poljskoj. Sajam okuplja preko 500 izlaga\u010da iz","og_url":"https:\/\/www.visit-ulcinj.com\/blog\/2016\/11\/26\/turisticka-ponuda-ulcinja-na-sajmu-turizma-u-varsavi\/","og_site_name":"Lajme nga Ulqini","article_published_time":"2016-11-26T14:18:18+00:00","article_modified_time":"2016-11-26T14:19:28+00:00","og_image":[{"url":"http:\/\/www.visit-ulcinj.com\/blog\/wp-content\/uploads\/2016\/11\/ponuda-Ulcinja-na-Sajmu-turizma-u-Varsavi.jpg"}],"twitter_misc":{"Written by":"ulqini","Est. reading time":"2 minutes"},"schema":{"@context":"https:\/\/schema.org","@graph":[{"@type":"WebSite","@id":"https:\/\/www.visit-ulcinj.com\/blog\/#website","url":"https:\/\/www.visit-ulcinj.com\/blog\/","name":"Lajme nga Ulqini","description":"Lajme,Vijesti,Ulqini,Ulqin,Crna Gora,Mali i Zi","potentialAction":[{"@type":"SearchAction","target":{"@type":"EntryPoint","urlTemplate":"https:\/\/www.visit-ulcinj.com\/blog\/?s={search_term_string}"},"query-input":"required name=search_term_string"}],"inLanguage":"en-US"},{"@type":"ImageObject","inLanguage":"en-US","@id":"https:\/\/www.visit-ulcinj.com\/blog\/2016\/11\/26\/turisticka-ponuda-ulcinja-na-sajmu-turizma-u-varsavi\/#primaryimage","url":"https:\/\/www.visit-ulcinj.com\/blog\/wp-content\/uploads\/2016\/11\/ponuda-Ulcinja-na-Sajmu-turizma-u-Varsavi.jpg","contentUrl":"https:\/\/www.visit-ulcinj.com\/blog\/wp-content\/uploads\/2016\/11\/ponuda-Ulcinja-na-Sajmu-turizma-u-Varsavi.jpg","width":1099,"height":618},{"@type":"WebPage","@id":"https:\/\/www.visit-ulcinj.com\/blog\/2016\/11\/26\/turisticka-ponuda-ulcinja-na-sajmu-turizma-u-varsavi\/#webpage","url":"https:\/\/www.visit-ulcinj.com\/blog\/2016\/11\/26\/turisticka-ponuda-ulcinja-na-sajmu-turizma-u-varsavi\/","name":"Turisti\u010dka ponuda Ulcinja na Sajmu turizma u Var\u0161avi - Lajme nga Ulqini","isPartOf":{"@id":"https:\/\/www.visit-ulcinj.com\/blog\/#website"},"primaryImageOfPage":{"@id":"https:\/\/www.visit-ulcinj.com\/blog\/2016\/11\/26\/turisticka-ponuda-ulcinja-na-sajmu-turizma-u-varsavi\/#primaryimage"},"datePublished":"2016-11-26T14:18:18+00:00","dateModified":"2016-11-26T14:19:28+00:00","author":{"@id":"https:\/\/www.visit-ulcinj.com\/blog\/#\/schema\/person\/dcab619c614d3038751c63bc2aadc06d"},"description":"Sajam u Var\u0161avi &nbsp; 24.novembra u Var\u0161avi je slu\u017ebeno otvoren jedan od najva\u017enijih turisti\u010dkih sajmova u Poljskoj. Sajam okuplja preko 500 izlaga\u010da iz","breadcrumb":{"@id":"https:\/\/www.visit-ulcinj.com\/blog\/2016\/11\/26\/turisticka-ponuda-ulcinja-na-sajmu-turizma-u-varsavi\/#breadcrumb"},"inLanguage":"en-US","potentialAction":[{"@type":"ReadAction","target":["https:\/\/www.visit-ulcinj.com\/blog\/2016\/11\/26\/turisticka-ponuda-ulcinja-na-sajmu-turizma-u-varsavi\/"]}]},{"@type":"BreadcrumbList","@id":"https:\/\/www.visit-ulcinj.com\/blog\/2016\/11\/26\/turisticka-ponuda-ulcinja-na-sajmu-turizma-u-varsavi\/#breadcrumb","itemListElement":[{"@type":"ListItem","position":1,"name":"Turisti\u010dka ponuda Ulcinja na Sajmu turizma u Var\u0161avi"}]},{"@type":"Person","@id":"https:\/\/www.visit-ulcinj.com\/blog\/#\/schema\/person\/dcab619c614d3038751c63bc2aadc06d","name":"ulqini","sameAs":["http:\/\/www.visit-ulcinj.com"],"url":"https:\/\/www.visit-ulcinj.com\/blog\/author\/admin\/"}]}},"jetpack_featured_media_url":"","jetpack_sharing_enabled":true,"jetpack_shortlink":"https:\/\/wp.me\/pe6lTn-ql3","_links":{"self":[{"href":"https:\/\/www.visit-ulcinj.com\/blog\/wp-json\/wp\/v2\/posts\/101249"}],"collection":[{"href":"https:\/\/www.visit-ulcinj.com\/blog\/wp-json\/wp\/v2\/posts"}],"about":[{"href":"https:\/\/www.visit-ulcinj.com\/blog\/wp-json\/wp\/v2\/types\/post"}],"author":[{"embeddable":true,"href":"https:\/\/www.visit-ulcinj.com\/blog\/wp-json\/wp\/v2\/users\/1"}],"replies":[{"embeddable":true,"href":"https:\/\/www.visit-ulcinj.com\/blog\/wp-json\/wp\/v2\/comments?post=101249"}],"version-history":[{"count":3,"href":"https:\/\/www.visit-ulcinj.com\/blog\/wp-json\/wp\/v2\/posts\/101249\/revisions"}],"predecessor-version":[{"id":101254,"href":"https:\/\/www.visit-ulcinj.com\/blog\/wp-json\/wp\/v2\/posts\/101249\/revisions\/101254"}],"wp:attachment":[{"href":"https:\/\/www.visit-ulcinj.com\/blog\/wp-json\/wp\/v2\/media?parent=101249"}],"wp:term":[{"taxonomy":"category","embeddable":true,"href":"https:\/\/www.visit-ulcinj.com\/blog\/wp-json\/wp\/v2\/categories?post=101249"},{"taxonomy":"post_tag","embeddable":true,"href":"https:\/\/www.visit-ulcinj.com\/blog\/wp-json\/wp\/v2\/tags?post=101249"}],"curies":[{"name":"wp","href":"https:\/\/api.w.org\/{rel}","templated":true}]}}