{"id":101255,"date":"2016-11-26T15:25:10","date_gmt":"2016-11-26T14:25:10","guid":{"rendered":"http:\/\/www.visit-ulcinj.com\/blog\/?p=101255"},"modified":"2016-11-26T15:47:33","modified_gmt":"2016-11-26T14:47:33","slug":"ot-e-ulqinit-merr-pjese-ne-panairin-e-turizmit-ne-varshave","status":"publish","type":"post","link":"https:\/\/www.visit-ulcinj.com\/blog\/2016\/11\/26\/ot-e-ulqinit-merr-pjese-ne-panairin-e-turizmit-ne-varshave\/","title":{"rendered":"OT e Ulqinit merr pjes\u00eb n\u00eb Panairin e Turizmit n\u00eb Varshav\u00eb"},"content":{"rendered":"<p style=\"text-align: center;\"><strong>Panairi n\u00eb Varshav\u00eb<\/strong><\/p>\n<p>&nbsp;<\/p>\n<p><a href=\"http:\/\/www.visit-ulcinj.com\/blog\/wp-content\/uploads\/2016\/11\/ponuda-Ulcinja-na-Sajmu-turizma-u-Varsavi-1.jpg\"><img loading=\"lazy\" class=\"alignleft wp-image-101252 size-full\" src=\"http:\/\/www.visit-ulcinj.com\/blog\/wp-content\/uploads\/2016\/11\/ponuda-Ulcinja-na-Sajmu-turizma-u-Varsavi-1.jpg\" alt=\"ponuda Ulcinja na Sajmu turizma u Varsavi-1\" width=\"270\" height=\"480\" srcset=\"https:\/\/www.visit-ulcinj.com\/blog\/wp-content\/uploads\/2016\/11\/ponuda-Ulcinja-na-Sajmu-turizma-u-Varsavi-1.jpg 270w, https:\/\/www.visit-ulcinj.com\/blog\/wp-content\/uploads\/2016\/11\/ponuda-Ulcinja-na-Sajmu-turizma-u-Varsavi-1-169x300.jpg 169w\" sizes=\"(max-width: 270px) 100vw, 270px\" \/><\/a>Me 24 nentor n\u00eb Varshav\u00eb \u00ebsht\u00eb b\u00ebr\u00eb hapja e nj\u00eb nd\u00ebr panaireve turistike m\u00eb t\u00eb r\u00ebnd\u00ebsishme n\u00eb Poloni. Panairi ka rreth 500 ekspozues nga 60 vende t\u00eb ndryshme dhe do t\u00eb zgjas\u00eb deri me 26 nentor. Nd\u00ebr ekspozuesit vendin e vet e ka edhe Mali i ZI. S\u00eb bashku me Organizat\u00ebn Nacionale t\u00eb Malit t\u00eb Zi si destinacion turistik, ofert\u00ebn turistike jan\u00eb duke e prezantuar edhe organizatat lokale t\u00eb Ulqinit, Tivarit, Budv\u00ebs, Kotorrit, Tivatit, Podgorices, Montenegro Stars, Riviera e Budv\u00ebs, Trend Korali nd\u00ebrsa nga afarist\u00ebt ton\u00eb, ofert\u00ebn turistike jan\u00eb duke e prezantuar hoteli Riva, hoteli Hot si dhe apartmanet Llolla dhe Holiday.<\/p>\n<p>Vizitor\u00ebve t\u00eb stend\u00ebs son\u00eb i \u00ebsht\u00eb ofruar mund\u00ebsia t\u00eb njoftohen me ofert\u00ebn e shum\u00ebllojshme, pasurit\u00eb e bukurive natyrore, kultur\u00ebn, aktivitetet sportive dhe zbavit\u00ebse si dhe aranzhmanet e ndryshme.<\/p>\n<p>Dit\u00ebn e par\u00eb stenda e Malit t\u00eb Zi u vizitua edhe nga ambasadorja e Malit t\u00eb Zi n\u00eb Poloni, Lilana Toshkoviq dhe bashk\u00ebpun\u00ebtor\u00ebt e saj, si dhe gazetar\u00ebt e revistave Ambasador dhe Swiat Elit.<\/p>\n<p><a href=\"http:\/\/www.visit-ulcinj.com\/blog\/wp-content\/uploads\/2016\/11\/ponuda-Ulcinja-na-Sajmu-turizma-u-Varsavi.jpg\"><img loading=\"lazy\" class=\"alignleft wp-image-101250\" src=\"http:\/\/www.visit-ulcinj.com\/blog\/wp-content\/uploads\/2016\/11\/ponuda-Ulcinja-na-Sajmu-turizma-u-Varsavi.jpg\" alt=\"ponuda Ulcinja na Sajmu turizma u Varsavi\" width=\"508\" height=\"286\" srcset=\"https:\/\/www.visit-ulcinj.com\/blog\/wp-content\/uploads\/2016\/11\/ponuda-Ulcinja-na-Sajmu-turizma-u-Varsavi.jpg 1099w, https:\/\/www.visit-ulcinj.com\/blog\/wp-content\/uploads\/2016\/11\/ponuda-Ulcinja-na-Sajmu-turizma-u-Varsavi-300x169.jpg 300w, https:\/\/www.visit-ulcinj.com\/blog\/wp-content\/uploads\/2016\/11\/ponuda-Ulcinja-na-Sajmu-turizma-u-Varsavi-768x432.jpg 768w, https:\/\/www.visit-ulcinj.com\/blog\/wp-content\/uploads\/2016\/11\/ponuda-Ulcinja-na-Sajmu-turizma-u-Varsavi-1024x576.jpg 1024w\" sizes=\"(max-width: 508px) 100vw, 508px\" \/><\/a><\/p>\n<p>Diten e dyte delegacioni nga Ulqini i cili udhehiqet nga nenkryetari i Komunes z.Arian Murati, drejtori i Organizates turistike z.Mr Fuad Hadzibeti, dhe bashkepunetori i Sekretarijatit per financa z.Selim Karamanaga, kane vizituar Komunen e Volumines ku kane mbajtur takim me kryetarin e kesaj Komune z.Kazimierz Rakowski, nenkryetarin Adam Lossan dhe kryetarin e komunes Urzad z.Robert Makowski. Ne kete takim eshte biseduar per mundesite e bashkepunimit, kane shkembyer idete dhe mendimet per bashkepunimin ne sektorin e turizmit dhe eshte shprehur gatishmeria nga te dyja palet per nenshkrimin e binjakezimit me kete Komune e cila do te ishte nje mundesi e madhe per depertimin ne kete treg me nje potencijal kaq te madh, u shpreh drejtori Haxhibeti.<\/p>\n<p>Poashtu kane mbajtur takime t\u00eb ndryshme me turoperater\u00eb nga Polonia, me blogere dhe me agjensione nga ky treg i cili \u00ebsht\u00eb shum\u00eb i r\u00ebnd\u00ebsish\u00ebm p\u00ebr vendin ton\u00eb pasi q\u00eb koh\u00ebve t\u00eb fundit kemi num\u00ebr t\u00eb madh t\u00eb turist\u00ebve polake q\u00eb zgjedhin Ulqinin si destinacion tyrin turistik.<\/p>\n<p><a href=\"http:\/\/www.visit-ulcinj.com\/blog\/wp-content\/uploads\/2016\/11\/unnamed.jpg\"><img loading=\"lazy\" class=\"alignleft wp-image-101256\" src=\"http:\/\/www.visit-ulcinj.com\/blog\/wp-content\/uploads\/2016\/11\/unnamed.jpg\" alt=\"unnamed\" width=\"508\" height=\"286\" srcset=\"https:\/\/www.visit-ulcinj.com\/blog\/wp-content\/uploads\/2016\/11\/unnamed.jpg 480w, https:\/\/www.visit-ulcinj.com\/blog\/wp-content\/uploads\/2016\/11\/unnamed-300x169.jpg 300w\" sizes=\"(max-width: 508px) 100vw, 508px\" \/><\/a><\/p>\n<p>Pasi qe stenda dy ditet e para ka qene shume e vizituar, presim nje interesim dhe nje numer te madh te viztoreve edhe diten e trete ku edhe do te perfundoje ky panair.<\/p>\n<p>P\u00ebr 9 muajt e par\u00eb t\u00eb vitit 2016 Malin e Zi e kan\u00eb vizituar 51.593 turist\u00eb nga Polonia q\u00eb kan\u00eb realizuar 275.189 fjetje , ose 5,92% m\u00eb tep\u00ebr n\u00eb krahasim me vitin 2015. Mesatarja e q\u00ebndrimit t\u00eb tyre \u00ebsht\u00eb 5,33 dit\u00eb, kurse n\u00eb struktur\u00ebn e fjetjeve t\u00eb huaja marrin pjes\u00eb me 2,72%.<\/p>\n<p>&nbsp;<\/p>\n<p>Sh\u00ebrbimi i OT Ulqin<\/p>\n","protected":false},"excerpt":{"rendered":"<p>Panairi n\u00eb Varshav\u00eb &nbsp; Me 24 nentor n\u00eb Varshav\u00eb \u00ebsht\u00eb b\u00ebr\u00eb hapja e nj\u00eb nd\u00ebr panaireve turistike m\u00eb t\u00eb r\u00ebnd\u00ebsishme n\u00eb Poloni. Panairi ka rreth 500 ekspozues nga 60 vende t\u00eb ndryshme dhe do t\u00eb zgjas\u00eb deri me 26 nentor. Nd\u00ebr ekspozuesit vendin e vet e ka edhe Mali i ZI. S\u00eb bashku me Organizat\u00ebn [&hellip;]<\/p>\n","protected":false},"author":1,"featured_media":0,"comment_status":"closed","ping_status":"closed","sticky":false,"template":"","format":"standard","meta":{"spay_email":"","jetpack_publicize_message":"","jetpack_is_tweetstorm":false,"jetpack_publicize_feature_enabled":true},"categories":[1,15],"tags":[],"jetpack_publicize_connections":[],"yoast_head":"<!-- This site is optimized with the Yoast SEO plugin v19.1 - https:\/\/yoast.com\/wordpress\/plugins\/seo\/ -->\n<title>OT e Ulqinit merr pjes\u00eb n\u00eb Panairin e Turizmit n\u00eb Varshav\u00eb - Lajme nga Ulqini<\/title>\n<meta name=\"description\" content=\"Panairi n\u00eb Varshav\u00eb &nbsp; Me 24 nentor n\u00eb Varshav\u00eb \u00ebsht\u00eb b\u00ebr\u00eb hapja e nj\u00eb nd\u00ebr panaireve turistike m\u00eb t\u00eb r\u00ebnd\u00ebsishme n\u00eb Poloni. Panairi ka rreth 500\" \/>\n<meta name=\"robots\" content=\"index, follow, max-snippet:-1, max-image-preview:large, max-video-preview:-1\" \/>\n<link rel=\"canonical\" href=\"https:\/\/www.visit-ulcinj.com\/blog\/2016\/11\/26\/ot-e-ulqinit-merr-pjese-ne-panairin-e-turizmit-ne-varshave\/\" \/>\n<meta property=\"og:locale\" content=\"en_US\" \/>\n<meta property=\"og:type\" content=\"article\" \/>\n<meta property=\"og:title\" content=\"OT e Ulqinit merr pjes\u00eb n\u00eb Panairin e Turizmit n\u00eb Varshav\u00eb - Lajme nga Ulqini\" \/>\n<meta property=\"og:description\" content=\"Panairi n\u00eb Varshav\u00eb &nbsp; Me 24 nentor n\u00eb Varshav\u00eb \u00ebsht\u00eb b\u00ebr\u00eb hapja e nj\u00eb nd\u00ebr panaireve turistike m\u00eb t\u00eb r\u00ebnd\u00ebsishme n\u00eb Poloni. Panairi ka rreth 500\" \/>\n<meta property=\"og:url\" content=\"https:\/\/www.visit-ulcinj.com\/blog\/2016\/11\/26\/ot-e-ulqinit-merr-pjese-ne-panairin-e-turizmit-ne-varshave\/\" \/>\n<meta property=\"og:site_name\" content=\"Lajme nga Ulqini\" \/>\n<meta property=\"article:published_time\" content=\"2016-11-26T14:25:10+00:00\" \/>\n<meta property=\"article:modified_time\" content=\"2016-11-26T14:47:33+00:00\" \/>\n<meta property=\"og:image\" content=\"http:\/\/www.visit-ulcinj.com\/blog\/wp-content\/uploads\/2016\/11\/ponuda-Ulcinja-na-Sajmu-turizma-u-Varsavi-1.jpg\" \/>\n<meta name=\"twitter:label1\" content=\"Written by\" \/>\n\t<meta name=\"twitter:data1\" content=\"ulqini\" \/>\n\t<meta name=\"twitter:label2\" content=\"Est. reading time\" \/>\n\t<meta name=\"twitter:data2\" content=\"2 minutes\" \/>\n<script type=\"application\/ld+json\" class=\"yoast-schema-graph\">{\"@context\":\"https:\/\/schema.org\",\"@graph\":[{\"@type\":\"WebSite\",\"@id\":\"https:\/\/www.visit-ulcinj.com\/blog\/#website\",\"url\":\"https:\/\/www.visit-ulcinj.com\/blog\/\",\"name\":\"Lajme nga Ulqini\",\"description\":\"Lajme,Vijesti,Ulqini,Ulqin,Crna Gora,Mali i Zi\",\"potentialAction\":[{\"@type\":\"SearchAction\",\"target\":{\"@type\":\"EntryPoint\",\"urlTemplate\":\"https:\/\/www.visit-ulcinj.com\/blog\/?s={search_term_string}\"},\"query-input\":\"required name=search_term_string\"}],\"inLanguage\":\"en-US\"},{\"@type\":\"ImageObject\",\"inLanguage\":\"en-US\",\"@id\":\"https:\/\/www.visit-ulcinj.com\/blog\/2016\/11\/26\/ot-e-ulqinit-merr-pjese-ne-panairin-e-turizmit-ne-varshave\/#primaryimage\",\"url\":\"https:\/\/www.visit-ulcinj.com\/blog\/wp-content\/uploads\/2016\/11\/ponuda-Ulcinja-na-Sajmu-turizma-u-Varsavi-1.jpg\",\"contentUrl\":\"https:\/\/www.visit-ulcinj.com\/blog\/wp-content\/uploads\/2016\/11\/ponuda-Ulcinja-na-Sajmu-turizma-u-Varsavi-1.jpg\",\"width\":270,\"height\":480},{\"@type\":\"WebPage\",\"@id\":\"https:\/\/www.visit-ulcinj.com\/blog\/2016\/11\/26\/ot-e-ulqinit-merr-pjese-ne-panairin-e-turizmit-ne-varshave\/#webpage\",\"url\":\"https:\/\/www.visit-ulcinj.com\/blog\/2016\/11\/26\/ot-e-ulqinit-merr-pjese-ne-panairin-e-turizmit-ne-varshave\/\",\"name\":\"OT e Ulqinit merr pjes\u00eb n\u00eb Panairin e Turizmit n\u00eb Varshav\u00eb - Lajme nga Ulqini\",\"isPartOf\":{\"@id\":\"https:\/\/www.visit-ulcinj.com\/blog\/#website\"},\"primaryImageOfPage\":{\"@id\":\"https:\/\/www.visit-ulcinj.com\/blog\/2016\/11\/26\/ot-e-ulqinit-merr-pjese-ne-panairin-e-turizmit-ne-varshave\/#primaryimage\"},\"datePublished\":\"2016-11-26T14:25:10+00:00\",\"dateModified\":\"2016-11-26T14:47:33+00:00\",\"author\":{\"@id\":\"https:\/\/www.visit-ulcinj.com\/blog\/#\/schema\/person\/dcab619c614d3038751c63bc2aadc06d\"},\"description\":\"Panairi n\u00eb Varshav\u00eb &nbsp; Me 24 nentor n\u00eb Varshav\u00eb \u00ebsht\u00eb b\u00ebr\u00eb hapja e nj\u00eb nd\u00ebr panaireve turistike m\u00eb t\u00eb r\u00ebnd\u00ebsishme n\u00eb Poloni. Panairi ka rreth 500\",\"breadcrumb\":{\"@id\":\"https:\/\/www.visit-ulcinj.com\/blog\/2016\/11\/26\/ot-e-ulqinit-merr-pjese-ne-panairin-e-turizmit-ne-varshave\/#breadcrumb\"},\"inLanguage\":\"en-US\",\"potentialAction\":[{\"@type\":\"ReadAction\",\"target\":[\"https:\/\/www.visit-ulcinj.com\/blog\/2016\/11\/26\/ot-e-ulqinit-merr-pjese-ne-panairin-e-turizmit-ne-varshave\/\"]}]},{\"@type\":\"BreadcrumbList\",\"@id\":\"https:\/\/www.visit-ulcinj.com\/blog\/2016\/11\/26\/ot-e-ulqinit-merr-pjese-ne-panairin-e-turizmit-ne-varshave\/#breadcrumb\",\"itemListElement\":[{\"@type\":\"ListItem\",\"position\":1,\"name\":\"OT e Ulqinit merr pjes\u00eb n\u00eb Panairin e Turizmit n\u00eb Varshav\u00eb\"}]},{\"@type\":\"Person\",\"@id\":\"https:\/\/www.visit-ulcinj.com\/blog\/#\/schema\/person\/dcab619c614d3038751c63bc2aadc06d\",\"name\":\"ulqini\",\"sameAs\":[\"http:\/\/www.visit-ulcinj.com\"],\"url\":\"https:\/\/www.visit-ulcinj.com\/blog\/author\/admin\/\"}]}<\/script>\n<!-- \/ Yoast SEO plugin. -->","yoast_head_json":{"title":"OT e Ulqinit merr pjes\u00eb n\u00eb Panairin e Turizmit n\u00eb Varshav\u00eb - Lajme nga Ulqini","description":"Panairi n\u00eb Varshav\u00eb &nbsp; Me 24 nentor n\u00eb Varshav\u00eb \u00ebsht\u00eb b\u00ebr\u00eb hapja e nj\u00eb nd\u00ebr panaireve turistike m\u00eb t\u00eb r\u00ebnd\u00ebsishme n\u00eb Poloni. Panairi ka rreth 500","robots":{"index":"index","follow":"follow","max-snippet":"max-snippet:-1","max-image-preview":"max-image-preview:large","max-video-preview":"max-video-preview:-1"},"canonical":"https:\/\/www.visit-ulcinj.com\/blog\/2016\/11\/26\/ot-e-ulqinit-merr-pjese-ne-panairin-e-turizmit-ne-varshave\/","og_locale":"en_US","og_type":"article","og_title":"OT e Ulqinit merr pjes\u00eb n\u00eb Panairin e Turizmit n\u00eb Varshav\u00eb - Lajme nga Ulqini","og_description":"Panairi n\u00eb Varshav\u00eb &nbsp; Me 24 nentor n\u00eb Varshav\u00eb \u00ebsht\u00eb b\u00ebr\u00eb hapja e nj\u00eb nd\u00ebr panaireve turistike m\u00eb t\u00eb r\u00ebnd\u00ebsishme n\u00eb Poloni. Panairi ka rreth 500","og_url":"https:\/\/www.visit-ulcinj.com\/blog\/2016\/11\/26\/ot-e-ulqinit-merr-pjese-ne-panairin-e-turizmit-ne-varshave\/","og_site_name":"Lajme nga Ulqini","article_published_time":"2016-11-26T14:25:10+00:00","article_modified_time":"2016-11-26T14:47:33+00:00","og_image":[{"url":"http:\/\/www.visit-ulcinj.com\/blog\/wp-content\/uploads\/2016\/11\/ponuda-Ulcinja-na-Sajmu-turizma-u-Varsavi-1.jpg"}],"twitter_misc":{"Written by":"ulqini","Est. reading time":"2 minutes"},"schema":{"@context":"https:\/\/schema.org","@graph":[{"@type":"WebSite","@id":"https:\/\/www.visit-ulcinj.com\/blog\/#website","url":"https:\/\/www.visit-ulcinj.com\/blog\/","name":"Lajme nga Ulqini","description":"Lajme,Vijesti,Ulqini,Ulqin,Crna Gora,Mali i Zi","potentialAction":[{"@type":"SearchAction","target":{"@type":"EntryPoint","urlTemplate":"https:\/\/www.visit-ulcinj.com\/blog\/?s={search_term_string}"},"query-input":"required name=search_term_string"}],"inLanguage":"en-US"},{"@type":"ImageObject","inLanguage":"en-US","@id":"https:\/\/www.visit-ulcinj.com\/blog\/2016\/11\/26\/ot-e-ulqinit-merr-pjese-ne-panairin-e-turizmit-ne-varshave\/#primaryimage","url":"https:\/\/www.visit-ulcinj.com\/blog\/wp-content\/uploads\/2016\/11\/ponuda-Ulcinja-na-Sajmu-turizma-u-Varsavi-1.jpg","contentUrl":"https:\/\/www.visit-ulcinj.com\/blog\/wp-content\/uploads\/2016\/11\/ponuda-Ulcinja-na-Sajmu-turizma-u-Varsavi-1.jpg","width":270,"height":480},{"@type":"WebPage","@id":"https:\/\/www.visit-ulcinj.com\/blog\/2016\/11\/26\/ot-e-ulqinit-merr-pjese-ne-panairin-e-turizmit-ne-varshave\/#webpage","url":"https:\/\/www.visit-ulcinj.com\/blog\/2016\/11\/26\/ot-e-ulqinit-merr-pjese-ne-panairin-e-turizmit-ne-varshave\/","name":"OT e Ulqinit merr pjes\u00eb n\u00eb Panairin e Turizmit n\u00eb Varshav\u00eb - Lajme nga Ulqini","isPartOf":{"@id":"https:\/\/www.visit-ulcinj.com\/blog\/#website"},"primaryImageOfPage":{"@id":"https:\/\/www.visit-ulcinj.com\/blog\/2016\/11\/26\/ot-e-ulqinit-merr-pjese-ne-panairin-e-turizmit-ne-varshave\/#primaryimage"},"datePublished":"2016-11-26T14:25:10+00:00","dateModified":"2016-11-26T14:47:33+00:00","author":{"@id":"https:\/\/www.visit-ulcinj.com\/blog\/#\/schema\/person\/dcab619c614d3038751c63bc2aadc06d"},"description":"Panairi n\u00eb Varshav\u00eb &nbsp; Me 24 nentor n\u00eb Varshav\u00eb \u00ebsht\u00eb b\u00ebr\u00eb hapja e nj\u00eb nd\u00ebr panaireve turistike m\u00eb t\u00eb r\u00ebnd\u00ebsishme n\u00eb Poloni. Panairi ka rreth 500","breadcrumb":{"@id":"https:\/\/www.visit-ulcinj.com\/blog\/2016\/11\/26\/ot-e-ulqinit-merr-pjese-ne-panairin-e-turizmit-ne-varshave\/#breadcrumb"},"inLanguage":"en-US","potentialAction":[{"@type":"ReadAction","target":["https:\/\/www.visit-ulcinj.com\/blog\/2016\/11\/26\/ot-e-ulqinit-merr-pjese-ne-panairin-e-turizmit-ne-varshave\/"]}]},{"@type":"BreadcrumbList","@id":"https:\/\/www.visit-ulcinj.com\/blog\/2016\/11\/26\/ot-e-ulqinit-merr-pjese-ne-panairin-e-turizmit-ne-varshave\/#breadcrumb","itemListElement":[{"@type":"ListItem","position":1,"name":"OT e Ulqinit merr pjes\u00eb n\u00eb Panairin e Turizmit n\u00eb Varshav\u00eb"}]},{"@type":"Person","@id":"https:\/\/www.visit-ulcinj.com\/blog\/#\/schema\/person\/dcab619c614d3038751c63bc2aadc06d","name":"ulqini","sameAs":["http:\/\/www.visit-ulcinj.com"],"url":"https:\/\/www.visit-ulcinj.com\/blog\/author\/admin\/"}]}},"jetpack_featured_media_url":"","jetpack_sharing_enabled":true,"jetpack_shortlink":"https:\/\/wp.me\/pe6lTn-ql9","_links":{"self":[{"href":"https:\/\/www.visit-ulcinj.com\/blog\/wp-json\/wp\/v2\/posts\/101255"}],"collection":[{"href":"https:\/\/www.visit-ulcinj.com\/blog\/wp-json\/wp\/v2\/posts"}],"about":[{"href":"https:\/\/www.visit-ulcinj.com\/blog\/wp-json\/wp\/v2\/types\/post"}],"author":[{"embeddable":true,"href":"https:\/\/www.visit-ulcinj.com\/blog\/wp-json\/wp\/v2\/users\/1"}],"replies":[{"embeddable":true,"href":"https:\/\/www.visit-ulcinj.com\/blog\/wp-json\/wp\/v2\/comments?post=101255"}],"version-history":[{"count":2,"href":"https:\/\/www.visit-ulcinj.com\/blog\/wp-json\/wp\/v2\/posts\/101255\/revisions"}],"predecessor-version":[{"id":101258,"href":"https:\/\/www.visit-ulcinj.com\/blog\/wp-json\/wp\/v2\/posts\/101255\/revisions\/101258"}],"wp:attachment":[{"href":"https:\/\/www.visit-ulcinj.com\/blog\/wp-json\/wp\/v2\/media?parent=101255"}],"wp:term":[{"taxonomy":"category","embeddable":true,"href":"https:\/\/www.visit-ulcinj.com\/blog\/wp-json\/wp\/v2\/categories?post=101255"},{"taxonomy":"post_tag","embeddable":true,"href":"https:\/\/www.visit-ulcinj.com\/blog\/wp-json\/wp\/v2\/tags?post=101255"}],"curies":[{"name":"wp","href":"https:\/\/api.w.org\/{rel}","templated":true}]}}