{"id":101259,"date":"2016-11-26T15:43:19","date_gmt":"2016-11-26T14:43:19","guid":{"rendered":"http:\/\/www.visit-ulcinj.com\/blog\/?p=101259"},"modified":"2016-11-27T10:43:19","modified_gmt":"2016-11-27T09:43:19","slug":"tirana-mbledh-kreret-e-5-qyteteve-te-shqiptareve-ne-rajon","status":"publish","type":"post","link":"https:\/\/www.visit-ulcinj.com\/blog\/2016\/11\/26\/tirana-mbledh-kreret-e-5-qyteteve-te-shqiptareve-ne-rajon\/","title":{"rendered":"Tirana mbledh krer\u00ebt e 5 qyteteve t\u00eb shqiptar\u00ebve n\u00eb rajon"},"content":{"rendered":"<p><a href=\"http:\/\/www.visit-ulcinj.com\/blog\/wp-content\/uploads\/2016\/11\/Veliaj-me-kryetaret-e-bashkive-shqitpare-te-rajonit-Nazif-Cungu-3.jpg\"><img loading=\"lazy\" class=\"alignleft wp-image-101264\" src=\"http:\/\/www.visit-ulcinj.com\/blog\/wp-content\/uploads\/2016\/11\/Veliaj-me-kryetaret-e-bashkive-shqitpare-te-rajonit-Nazif-Cungu-3.jpg\" alt=\"Veliaj-me-kryetaret-e-bashkive-shqitpare-te-rajonit-Nazif-Cungu-3\" width=\"508\" height=\"271\" srcset=\"https:\/\/www.visit-ulcinj.com\/blog\/wp-content\/uploads\/2016\/11\/Veliaj-me-kryetaret-e-bashkive-shqitpare-te-rajonit-Nazif-Cungu-3.jpg 750w, https:\/\/www.visit-ulcinj.com\/blog\/wp-content\/uploads\/2016\/11\/Veliaj-me-kryetaret-e-bashkive-shqitpare-te-rajonit-Nazif-Cungu-3-300x160.jpg 300w\" sizes=\"(max-width: 508px) 100vw, 508px\" \/><\/a>Tirana \u00ebsht\u00eb b\u00ebr\u00eb sot pika e takimit p\u00ebr kryetar\u00ebt e pes\u00eb bashkive m\u00eb t\u00eb m\u00ebdha n\u00eb rajon ku jetojn\u00eb shqiptar\u00eb.<\/p>\n<p>K\u00ebshtu, n\u00eb kryeqytetin shqiptar mbahet Konferenca e Unionit t\u00eb Bashkive Shqiptare n\u00eb rajon, pjes\u00ebmarr\u00ebs t\u00eb s\u00eb cil\u00ebs jan\u00eb kryebashkiaku i Tiran\u00ebs, Erjon Veliaj; ai i Prishtin\u00ebs, Shpend Ahmeti; i Preshev\u00ebs, Shqiprim Arifi; i\u00a0 Ulqinit, Nazif Cungu dhe ajo e Tetov\u00ebs, Teuta Arifi.<\/p>\n<p>Nj\u00eb event ky i cili do t\u00eb zgjas\u00eb dy dit\u00eb, nd\u00ebrsa n\u00eb p\u00ebrfundim t\u00eb tijj pritet n\u00ebnshkrimi i nj\u00eb marr\u00ebveshjeje bashk\u00ebpunimi midis k\u00ebtyre pes\u00eb bashkive.<\/p>\n<p>Nga ana e tij, mikprit\u00ebsi i k\u00ebsaj konference t\u00eb r\u00ebnd\u00ebsishme, kryebashkiaku i Tiran\u00ebs, Erion Veliaj pohoi se ajo n\u00eb vetvete nuk ka aspak q\u00ebllime nacionaliste, porse vet\u00ebm p\u00ebrfitim t\u00eb nd\u00ebrsjellt\u00eb midis shqiptar\u00ebve n\u00eb disa nga qendrat m\u00eb t\u00eb m\u00ebdha n\u00eb rajon.<\/p>\n<p>\u201cTemat jan\u00eb urbanistika, tema e dyt\u00eb dyt\u00eb jan\u00eb \u00e7\u00ebshtjet e mjedisit, tema tjet\u00ebr me kultur\u00ebn, e kat\u00ebrta me inovacionin, teknologjin\u00eb dhe e fundit format e reja t\u00eb financimit\u201d, u shpreh Veliaj lidhur me nj\u00eb fakt t\u00eb till\u00eb.<\/p>\n<p>Kujtojm\u00eb se Konferenca e Unionit t\u00eb Bashkive Shqiptare n\u00eb rajon mbahet menj\u00ebher\u00eb pasi fundjav\u00ebn e kaluar n\u00eb Tiran\u00eb u organizua Samiti i Diaspor\u00ebs.<\/p>\n<p>Sipas axhend\u00ebs s\u00eb parashikuar t\u00eb eventit, delegacionet nga Prishtina, Tetova, Ulqini dhe Presheva do t\u00eb marrin pjes\u00eb edhe n\u00eb ceremonin\u00eb q\u00eb do t\u00eb zhvillohet me familjet firm\u00ebtare te Monumenti i Pavar\u00ebsis\u00eb, n\u00eb Parkun Rinia, akt ky q\u00eb u paraprin festimeve t\u00eb 104-vjetorit t\u00eb Shpalljes s\u00eb Pavar\u00ebsis\u00eb s\u00eb Shqip\u00ebris\u00eb.<\/p>\n<p>Gjithashtu gat\u00eb q\u00ebndrimit t\u00eb tyre dy-ditor n\u00eb Tiran\u00eb, delegacionet do t\u00eb vizitojn\u00eb n\u00eb terren edhe disa nga projektet q\u00eb po realizohen n\u00eb kryeqytetin shqiptar.<\/p>\n<p><strong>impakt.al<\/strong><\/p>\n<p><a href=\"http:\/\/www.visit-ulcinj.com\/blog\/wp-content\/uploads\/2016\/11\/Veliaj-me-kryetaret-e-bashkive-shqitpare-te-rajonit-Nazif-Cungu.jpg\"><img loading=\"lazy\" class=\"alignleft wp-image-101265\" src=\"http:\/\/www.visit-ulcinj.com\/blog\/wp-content\/uploads\/2016\/11\/Veliaj-me-kryetaret-e-bashkive-shqitpare-te-rajonit-Nazif-Cungu.jpg\" alt=\"Veliaj-me-kryetaret-e-bashkive-shqitpare-te-rajonit-Nazif-Cungu\" width=\"508\" height=\"271\" srcset=\"https:\/\/www.visit-ulcinj.com\/blog\/wp-content\/uploads\/2016\/11\/Veliaj-me-kryetaret-e-bashkive-shqitpare-te-rajonit-Nazif-Cungu.jpg 750w, https:\/\/www.visit-ulcinj.com\/blog\/wp-content\/uploads\/2016\/11\/Veliaj-me-kryetaret-e-bashkive-shqitpare-te-rajonit-Nazif-Cungu-300x160.jpg 300w\" sizes=\"(max-width: 508px) 100vw, 508px\" \/><\/a> <a href=\"http:\/\/www.visit-ulcinj.com\/blog\/wp-content\/uploads\/2016\/11\/Veliaj-me-kryetaret-e-bashkive-shqitpare-te-rajonit-Nazif-Cungu-1.jpg\"><img loading=\"lazy\" class=\"alignleft wp-image-101266\" src=\"http:\/\/www.visit-ulcinj.com\/blog\/wp-content\/uploads\/2016\/11\/Veliaj-me-kryetaret-e-bashkive-shqitpare-te-rajonit-Nazif-Cungu-1.jpg\" alt=\"Veliaj-me-kryetaret-e-bashkive-shqitpare-te-rajonit-Nazif-Cungu-1\" width=\"508\" height=\"271\" srcset=\"https:\/\/www.visit-ulcinj.com\/blog\/wp-content\/uploads\/2016\/11\/Veliaj-me-kryetaret-e-bashkive-shqitpare-te-rajonit-Nazif-Cungu-1.jpg 750w, https:\/\/www.visit-ulcinj.com\/blog\/wp-content\/uploads\/2016\/11\/Veliaj-me-kryetaret-e-bashkive-shqitpare-te-rajonit-Nazif-Cungu-1-300x160.jpg 300w\" sizes=\"(max-width: 508px) 100vw, 508px\" \/><\/a> <a href=\"http:\/\/www.visit-ulcinj.com\/blog\/wp-content\/uploads\/2016\/11\/Veliaj-me-kryetaret-e-bashkive-shqitpare-te-rajonit-Nazif-Cungu-2.jpg\"><img loading=\"lazy\" class=\"alignleft wp-image-101267\" src=\"http:\/\/www.visit-ulcinj.com\/blog\/wp-content\/uploads\/2016\/11\/Veliaj-me-kryetaret-e-bashkive-shqitpare-te-rajonit-Nazif-Cungu-2.jpg\" alt=\"Veliaj-me-kryetaret-e-bashkive-shqitpare-te-rajonit-Nazif-Cungu-2\" width=\"508\" height=\"271\" srcset=\"https:\/\/www.visit-ulcinj.com\/blog\/wp-content\/uploads\/2016\/11\/Veliaj-me-kryetaret-e-bashkive-shqitpare-te-rajonit-Nazif-Cungu-2.jpg 750w, https:\/\/www.visit-ulcinj.com\/blog\/wp-content\/uploads\/2016\/11\/Veliaj-me-kryetaret-e-bashkive-shqitpare-te-rajonit-Nazif-Cungu-2-300x160.jpg 300w\" sizes=\"(max-width: 508px) 100vw, 508px\" \/><\/a> <a href=\"http:\/\/www.visit-ulcinj.com\/blog\/wp-content\/uploads\/2016\/11\/Veliaj-Nazif-Cungu-Tirana.jpg\"><img loading=\"lazy\" class=\"alignleft wp-image-101269\" src=\"http:\/\/www.visit-ulcinj.com\/blog\/wp-content\/uploads\/2016\/11\/Veliaj-Nazif-Cungu-Tirana.jpg\" alt=\"Veliaj-Nazif-Cungu-Tirana\" width=\"508\" height=\"271\" srcset=\"https:\/\/www.visit-ulcinj.com\/blog\/wp-content\/uploads\/2016\/11\/Veliaj-Nazif-Cungu-Tirana.jpg 750w, https:\/\/www.visit-ulcinj.com\/blog\/wp-content\/uploads\/2016\/11\/Veliaj-Nazif-Cungu-Tirana-300x160.jpg 300w\" sizes=\"(max-width: 508px) 100vw, 508px\" \/><\/a><\/p>\n","protected":false},"excerpt":{"rendered":"<p>Tirana \u00ebsht\u00eb b\u00ebr\u00eb sot pika e takimit p\u00ebr kryetar\u00ebt e pes\u00eb bashkive m\u00eb t\u00eb m\u00ebdha n\u00eb rajon ku jetojn\u00eb shqiptar\u00eb. K\u00ebshtu, n\u00eb kryeqytetin shqiptar mbahet Konferenca e Unionit t\u00eb Bashkive Shqiptare n\u00eb rajon, pjes\u00ebmarr\u00ebs t\u00eb s\u00eb cil\u00ebs jan\u00eb kryebashkiaku i Tiran\u00ebs, Erjon Veliaj; ai i Prishtin\u00ebs, Shpend Ahmeti; i Preshev\u00ebs, Shqiprim Arifi; i\u00a0 Ulqinit, Nazif [&hellip;]<\/p>\n","protected":false},"author":1,"featured_media":0,"comment_status":"closed","ping_status":"closed","sticky":false,"template":"","format":"standard","meta":{"spay_email":"","jetpack_publicize_message":"","jetpack_is_tweetstorm":false,"jetpack_publicize_feature_enabled":true},"categories":[10,1],"tags":[],"jetpack_publicize_connections":[],"yoast_head":"<!-- This site is optimized with the Yoast SEO plugin v19.1 - https:\/\/yoast.com\/wordpress\/plugins\/seo\/ -->\n<title>Tirana mbledh krer\u00ebt e 5 qyteteve t\u00eb shqiptar\u00ebve n\u00eb rajon - Lajme nga Ulqini<\/title>\n<meta name=\"description\" content=\"Tirana \u00ebsht\u00eb b\u00ebr\u00eb sot pika e takimit p\u00ebr kryetar\u00ebt e pes\u00eb bashkive m\u00eb t\u00eb m\u00ebdha n\u00eb rajon ku jetojn\u00eb shqiptar\u00eb. K\u00ebshtu, n\u00eb kryeqytetin shqiptar mbahet\" \/>\n<meta name=\"robots\" content=\"index, follow, max-snippet:-1, max-image-preview:large, max-video-preview:-1\" \/>\n<link rel=\"canonical\" href=\"https:\/\/www.visit-ulcinj.com\/blog\/2016\/11\/26\/tirana-mbledh-kreret-e-5-qyteteve-te-shqiptareve-ne-rajon\/\" \/>\n<meta property=\"og:locale\" content=\"en_US\" \/>\n<meta property=\"og:type\" content=\"article\" \/>\n<meta property=\"og:title\" content=\"Tirana mbledh krer\u00ebt e 5 qyteteve t\u00eb shqiptar\u00ebve n\u00eb rajon - Lajme nga Ulqini\" \/>\n<meta property=\"og:description\" content=\"Tirana \u00ebsht\u00eb b\u00ebr\u00eb sot pika e takimit p\u00ebr kryetar\u00ebt e pes\u00eb bashkive m\u00eb t\u00eb m\u00ebdha n\u00eb rajon ku jetojn\u00eb shqiptar\u00eb. K\u00ebshtu, n\u00eb kryeqytetin shqiptar mbahet\" \/>\n<meta property=\"og:url\" content=\"https:\/\/www.visit-ulcinj.com\/blog\/2016\/11\/26\/tirana-mbledh-kreret-e-5-qyteteve-te-shqiptareve-ne-rajon\/\" \/>\n<meta property=\"og:site_name\" content=\"Lajme nga Ulqini\" \/>\n<meta property=\"article:published_time\" content=\"2016-11-26T14:43:19+00:00\" \/>\n<meta property=\"article:modified_time\" content=\"2016-11-27T09:43:19+00:00\" \/>\n<meta property=\"og:image\" content=\"http:\/\/www.visit-ulcinj.com\/blog\/wp-content\/uploads\/2016\/11\/Veliaj-me-kryetaret-e-bashkive-shqitpare-te-rajonit-Nazif-Cungu-3.jpg\" \/>\n<meta name=\"twitter:label1\" content=\"Written by\" \/>\n\t<meta name=\"twitter:data1\" content=\"ulqini\" \/>\n\t<meta name=\"twitter:label2\" content=\"Est. reading time\" \/>\n\t<meta name=\"twitter:data2\" content=\"2 minutes\" \/>\n<script type=\"application\/ld+json\" class=\"yoast-schema-graph\">{\"@context\":\"https:\/\/schema.org\",\"@graph\":[{\"@type\":\"WebSite\",\"@id\":\"https:\/\/www.visit-ulcinj.com\/blog\/#website\",\"url\":\"https:\/\/www.visit-ulcinj.com\/blog\/\",\"name\":\"Lajme nga Ulqini\",\"description\":\"Lajme,Vijesti,Ulqini,Ulqin,Crna Gora,Mali i Zi\",\"potentialAction\":[{\"@type\":\"SearchAction\",\"target\":{\"@type\":\"EntryPoint\",\"urlTemplate\":\"https:\/\/www.visit-ulcinj.com\/blog\/?s={search_term_string}\"},\"query-input\":\"required name=search_term_string\"}],\"inLanguage\":\"en-US\"},{\"@type\":\"ImageObject\",\"inLanguage\":\"en-US\",\"@id\":\"https:\/\/www.visit-ulcinj.com\/blog\/2016\/11\/26\/tirana-mbledh-kreret-e-5-qyteteve-te-shqiptareve-ne-rajon\/#primaryimage\",\"url\":\"https:\/\/www.visit-ulcinj.com\/blog\/wp-content\/uploads\/2016\/11\/Veliaj-me-kryetaret-e-bashkive-shqitpare-te-rajonit-Nazif-Cungu-3.jpg\",\"contentUrl\":\"https:\/\/www.visit-ulcinj.com\/blog\/wp-content\/uploads\/2016\/11\/Veliaj-me-kryetaret-e-bashkive-shqitpare-te-rajonit-Nazif-Cungu-3.jpg\",\"width\":750,\"height\":400},{\"@type\":\"WebPage\",\"@id\":\"https:\/\/www.visit-ulcinj.com\/blog\/2016\/11\/26\/tirana-mbledh-kreret-e-5-qyteteve-te-shqiptareve-ne-rajon\/#webpage\",\"url\":\"https:\/\/www.visit-ulcinj.com\/blog\/2016\/11\/26\/tirana-mbledh-kreret-e-5-qyteteve-te-shqiptareve-ne-rajon\/\",\"name\":\"Tirana mbledh krer\u00ebt e 5 qyteteve t\u00eb shqiptar\u00ebve n\u00eb rajon - Lajme nga Ulqini\",\"isPartOf\":{\"@id\":\"https:\/\/www.visit-ulcinj.com\/blog\/#website\"},\"primaryImageOfPage\":{\"@id\":\"https:\/\/www.visit-ulcinj.com\/blog\/2016\/11\/26\/tirana-mbledh-kreret-e-5-qyteteve-te-shqiptareve-ne-rajon\/#primaryimage\"},\"datePublished\":\"2016-11-26T14:43:19+00:00\",\"dateModified\":\"2016-11-27T09:43:19+00:00\",\"author\":{\"@id\":\"https:\/\/www.visit-ulcinj.com\/blog\/#\/schema\/person\/dcab619c614d3038751c63bc2aadc06d\"},\"description\":\"Tirana \u00ebsht\u00eb b\u00ebr\u00eb sot pika e takimit p\u00ebr kryetar\u00ebt e pes\u00eb bashkive m\u00eb t\u00eb m\u00ebdha n\u00eb rajon ku jetojn\u00eb shqiptar\u00eb. K\u00ebshtu, n\u00eb kryeqytetin shqiptar mbahet\",\"breadcrumb\":{\"@id\":\"https:\/\/www.visit-ulcinj.com\/blog\/2016\/11\/26\/tirana-mbledh-kreret-e-5-qyteteve-te-shqiptareve-ne-rajon\/#breadcrumb\"},\"inLanguage\":\"en-US\",\"potentialAction\":[{\"@type\":\"ReadAction\",\"target\":[\"https:\/\/www.visit-ulcinj.com\/blog\/2016\/11\/26\/tirana-mbledh-kreret-e-5-qyteteve-te-shqiptareve-ne-rajon\/\"]}]},{\"@type\":\"BreadcrumbList\",\"@id\":\"https:\/\/www.visit-ulcinj.com\/blog\/2016\/11\/26\/tirana-mbledh-kreret-e-5-qyteteve-te-shqiptareve-ne-rajon\/#breadcrumb\",\"itemListElement\":[{\"@type\":\"ListItem\",\"position\":1,\"name\":\"Tirana mbledh krer\u00ebt e 5 qyteteve t\u00eb shqiptar\u00ebve n\u00eb rajon\"}]},{\"@type\":\"Person\",\"@id\":\"https:\/\/www.visit-ulcinj.com\/blog\/#\/schema\/person\/dcab619c614d3038751c63bc2aadc06d\",\"name\":\"ulqini\",\"sameAs\":[\"http:\/\/www.visit-ulcinj.com\"],\"url\":\"https:\/\/www.visit-ulcinj.com\/blog\/author\/admin\/\"}]}<\/script>\n<!-- \/ Yoast SEO plugin. -->","yoast_head_json":{"title":"Tirana mbledh krer\u00ebt e 5 qyteteve t\u00eb shqiptar\u00ebve n\u00eb rajon - Lajme nga Ulqini","description":"Tirana \u00ebsht\u00eb b\u00ebr\u00eb sot pika e takimit p\u00ebr kryetar\u00ebt e pes\u00eb bashkive m\u00eb t\u00eb m\u00ebdha n\u00eb rajon ku jetojn\u00eb shqiptar\u00eb. K\u00ebshtu, n\u00eb kryeqytetin shqiptar mbahet","robots":{"index":"index","follow":"follow","max-snippet":"max-snippet:-1","max-image-preview":"max-image-preview:large","max-video-preview":"max-video-preview:-1"},"canonical":"https:\/\/www.visit-ulcinj.com\/blog\/2016\/11\/26\/tirana-mbledh-kreret-e-5-qyteteve-te-shqiptareve-ne-rajon\/","og_locale":"en_US","og_type":"article","og_title":"Tirana mbledh krer\u00ebt e 5 qyteteve t\u00eb shqiptar\u00ebve n\u00eb rajon - Lajme nga Ulqini","og_description":"Tirana \u00ebsht\u00eb b\u00ebr\u00eb sot pika e takimit p\u00ebr kryetar\u00ebt e pes\u00eb bashkive m\u00eb t\u00eb m\u00ebdha n\u00eb rajon ku jetojn\u00eb shqiptar\u00eb. K\u00ebshtu, n\u00eb kryeqytetin shqiptar mbahet","og_url":"https:\/\/www.visit-ulcinj.com\/blog\/2016\/11\/26\/tirana-mbledh-kreret-e-5-qyteteve-te-shqiptareve-ne-rajon\/","og_site_name":"Lajme nga Ulqini","article_published_time":"2016-11-26T14:43:19+00:00","article_modified_time":"2016-11-27T09:43:19+00:00","og_image":[{"url":"http:\/\/www.visit-ulcinj.com\/blog\/wp-content\/uploads\/2016\/11\/Veliaj-me-kryetaret-e-bashkive-shqitpare-te-rajonit-Nazif-Cungu-3.jpg"}],"twitter_misc":{"Written by":"ulqini","Est. reading time":"2 minutes"},"schema":{"@context":"https:\/\/schema.org","@graph":[{"@type":"WebSite","@id":"https:\/\/www.visit-ulcinj.com\/blog\/#website","url":"https:\/\/www.visit-ulcinj.com\/blog\/","name":"Lajme nga Ulqini","description":"Lajme,Vijesti,Ulqini,Ulqin,Crna Gora,Mali i Zi","potentialAction":[{"@type":"SearchAction","target":{"@type":"EntryPoint","urlTemplate":"https:\/\/www.visit-ulcinj.com\/blog\/?s={search_term_string}"},"query-input":"required name=search_term_string"}],"inLanguage":"en-US"},{"@type":"ImageObject","inLanguage":"en-US","@id":"https:\/\/www.visit-ulcinj.com\/blog\/2016\/11\/26\/tirana-mbledh-kreret-e-5-qyteteve-te-shqiptareve-ne-rajon\/#primaryimage","url":"https:\/\/www.visit-ulcinj.com\/blog\/wp-content\/uploads\/2016\/11\/Veliaj-me-kryetaret-e-bashkive-shqitpare-te-rajonit-Nazif-Cungu-3.jpg","contentUrl":"https:\/\/www.visit-ulcinj.com\/blog\/wp-content\/uploads\/2016\/11\/Veliaj-me-kryetaret-e-bashkive-shqitpare-te-rajonit-Nazif-Cungu-3.jpg","width":750,"height":400},{"@type":"WebPage","@id":"https:\/\/www.visit-ulcinj.com\/blog\/2016\/11\/26\/tirana-mbledh-kreret-e-5-qyteteve-te-shqiptareve-ne-rajon\/#webpage","url":"https:\/\/www.visit-ulcinj.com\/blog\/2016\/11\/26\/tirana-mbledh-kreret-e-5-qyteteve-te-shqiptareve-ne-rajon\/","name":"Tirana mbledh krer\u00ebt e 5 qyteteve t\u00eb shqiptar\u00ebve n\u00eb rajon - Lajme nga Ulqini","isPartOf":{"@id":"https:\/\/www.visit-ulcinj.com\/blog\/#website"},"primaryImageOfPage":{"@id":"https:\/\/www.visit-ulcinj.com\/blog\/2016\/11\/26\/tirana-mbledh-kreret-e-5-qyteteve-te-shqiptareve-ne-rajon\/#primaryimage"},"datePublished":"2016-11-26T14:43:19+00:00","dateModified":"2016-11-27T09:43:19+00:00","author":{"@id":"https:\/\/www.visit-ulcinj.com\/blog\/#\/schema\/person\/dcab619c614d3038751c63bc2aadc06d"},"description":"Tirana \u00ebsht\u00eb b\u00ebr\u00eb sot pika e takimit p\u00ebr kryetar\u00ebt e pes\u00eb bashkive m\u00eb t\u00eb m\u00ebdha n\u00eb rajon ku jetojn\u00eb shqiptar\u00eb. K\u00ebshtu, n\u00eb kryeqytetin shqiptar mbahet","breadcrumb":{"@id":"https:\/\/www.visit-ulcinj.com\/blog\/2016\/11\/26\/tirana-mbledh-kreret-e-5-qyteteve-te-shqiptareve-ne-rajon\/#breadcrumb"},"inLanguage":"en-US","potentialAction":[{"@type":"ReadAction","target":["https:\/\/www.visit-ulcinj.com\/blog\/2016\/11\/26\/tirana-mbledh-kreret-e-5-qyteteve-te-shqiptareve-ne-rajon\/"]}]},{"@type":"BreadcrumbList","@id":"https:\/\/www.visit-ulcinj.com\/blog\/2016\/11\/26\/tirana-mbledh-kreret-e-5-qyteteve-te-shqiptareve-ne-rajon\/#breadcrumb","itemListElement":[{"@type":"ListItem","position":1,"name":"Tirana mbledh krer\u00ebt e 5 qyteteve t\u00eb shqiptar\u00ebve n\u00eb rajon"}]},{"@type":"Person","@id":"https:\/\/www.visit-ulcinj.com\/blog\/#\/schema\/person\/dcab619c614d3038751c63bc2aadc06d","name":"ulqini","sameAs":["http:\/\/www.visit-ulcinj.com"],"url":"https:\/\/www.visit-ulcinj.com\/blog\/author\/admin\/"}]}},"jetpack_featured_media_url":"","jetpack_sharing_enabled":true,"jetpack_shortlink":"https:\/\/wp.me\/pe6lTn-qld","_links":{"self":[{"href":"https:\/\/www.visit-ulcinj.com\/blog\/wp-json\/wp\/v2\/posts\/101259"}],"collection":[{"href":"https:\/\/www.visit-ulcinj.com\/blog\/wp-json\/wp\/v2\/posts"}],"about":[{"href":"https:\/\/www.visit-ulcinj.com\/blog\/wp-json\/wp\/v2\/types\/post"}],"author":[{"embeddable":true,"href":"https:\/\/www.visit-ulcinj.com\/blog\/wp-json\/wp\/v2\/users\/1"}],"replies":[{"embeddable":true,"href":"https:\/\/www.visit-ulcinj.com\/blog\/wp-json\/wp\/v2\/comments?post=101259"}],"version-history":[{"count":1,"href":"https:\/\/www.visit-ulcinj.com\/blog\/wp-json\/wp\/v2\/posts\/101259\/revisions"}],"predecessor-version":[{"id":101270,"href":"https:\/\/www.visit-ulcinj.com\/blog\/wp-json\/wp\/v2\/posts\/101259\/revisions\/101270"}],"wp:attachment":[{"href":"https:\/\/www.visit-ulcinj.com\/blog\/wp-json\/wp\/v2\/media?parent=101259"}],"wp:term":[{"taxonomy":"category","embeddable":true,"href":"https:\/\/www.visit-ulcinj.com\/blog\/wp-json\/wp\/v2\/categories?post=101259"},{"taxonomy":"post_tag","embeddable":true,"href":"https:\/\/www.visit-ulcinj.com\/blog\/wp-json\/wp\/v2\/tags?post=101259"}],"curies":[{"name":"wp","href":"https:\/\/api.w.org\/{rel}","templated":true}]}}