{"id":101271,"date":"2016-11-27T10:31:24","date_gmt":"2016-11-27T09:31:24","guid":{"rendered":"http:\/\/www.visit-ulcinj.com\/blog\/?p=101271"},"modified":"2016-11-28T08:13:06","modified_gmt":"2016-11-28T07:13:06","slug":"festivali-kenges-per-femije-pasuri-artistke-vlera-te-padiksutueshme","status":"publish","type":"post","link":"https:\/\/www.visit-ulcinj.com\/blog\/2016\/11\/27\/festivali-kenges-per-femije-pasuri-artistke-vlera-te-padiksutueshme\/","title":{"rendered":"Festivali i Kenges per Femije &#8211; Pasuri artistke me vlera t\u00eb padiksutueshme"},"content":{"rendered":"<p style=\"text-align: center;\"><strong><a href=\"http:\/\/www.visit-ulcinj.com\/blog\/wp-content\/uploads\/2009\/12\/Festivali-i-femijeve-edicioni-i-peste-ne-ulqin.3.JPG\"><img loading=\"lazy\" class=\"alignleft wp-image-27777\" src=\"http:\/\/www.visit-ulcinj.com\/blog\/wp-content\/uploads\/2009\/12\/Festivali-i-femijeve-edicioni-i-peste-ne-ulqin.3.JPG\" alt=\"Festivali i femijeve edicioni i peste ne ulqin.3\" width=\"508\" height=\"338\" srcset=\"https:\/\/www.visit-ulcinj.com\/blog\/wp-content\/uploads\/2009\/12\/Festivali-i-femijeve-edicioni-i-peste-ne-ulqin.3.JPG 800w, https:\/\/www.visit-ulcinj.com\/blog\/wp-content\/uploads\/2009\/12\/Festivali-i-femijeve-edicioni-i-peste-ne-ulqin.3-300x199.jpg 300w\" sizes=\"(max-width: 508px) 100vw, 508px\" \/><\/a>Pasuri artistke me vlera t\u00eb padiksutueshme<\/strong><\/p>\n<p>&nbsp;<\/p>\n<p><strong>\u00a0Gjek\u00eb Gjonaj<\/strong><\/p>\n<p>&nbsp;<\/p>\n<p>Para\u00a0 dhjet\u00eb vitesh lindi Festivali Mbar\u00ebkomb\u00ebtar i K\u00ebng\u00ebs p\u00ebr F\u00ebmij\u00eb n\u00eb Ulqin, i cili n\u00eb vazhdim\u00ebsi organizohet me mb\u00ebshtetjen dhe \u00a0n\u00ebn patronatin \u00a0e Komun\u00ebs s\u00eb Ulqinit. Ishte nisma e kompozitorit t\u00eb ndjer\u00eb ulqinak Fiqri Hasanag\u00ebs , i cili u kujdes\u00a0 deri n\u00eb \u201c holl\u00ebsit\u00eb\u201d e p\u00ebrgatitjes s\u00eb tij dhe festivaleve\u00a0 tjera., q\u00eb m\u00eb von\u00eb u shnd\u00eb\u00ebruan n\u00eb festivale nd\u00ebrkomb\u00ebtare.\u00a0 Gjat\u00eb k\u00ebsaj periudhe kohore\u00a0 n\u00eb sken\u00ebn e Qendr\u00ebs Kulturore t\u00eb Ulqint u ngjit\u00ebn qindra f\u00ebmij\u00eb nga trevat shqiptare n\u00eb Mal t\u00eb Zi, nga Shqip\u00ebria, Kosova dhe\u00a0 hap\u00ebsira mbar\u00ebshqiptare. K\u00ebto festivale p\u00ebr f\u00ebmij\u00eb krijuan n\u00eb vite nj\u00eb pasuri artistike me vlera t\u00eb padiskutueshme n\u00eb qytetin e Ulqinit, sepse u rrit\u00eb jo vet\u00ebm numri\u00a0\u00a0\u00a0 i intepretuesve t\u00eb vegj\u00ebl, por edhe interesimi, respektivisht prania e kompozitor\u00ebve t\u00eb njohur nga qytete t\u00eb\u00a0 tjera shqiptare.<\/p>\n<p>Q\u00eb nga\u00a0 koha kur u ideua krijimi i Festivalit \u00a0Nd\u00ebrkomb\u00ebtar \u00a0t\u00eb K\u00ebng\u00ebs p\u00ebr F\u00ebmij\u00eb, \u00a0ky event\u00a0 organizohet \u00e7do vit n\u00eb qytetin e Ulqinit, duke e kthyer k\u00ebt\u00eb aktivitet n\u00eb nj\u00eb tradit\u00eb n\u00eb qytetin jugor.<\/p>\n<p>Duke i shikuar festivalet nga\u00a0\u00a0 lart\u00ebsia e 10-t\u00eb \u00a0viteve dhe me objektivitetin q\u00eb vet\u00eb koha t\u00eb lejon, duhet pohuar se k\u00ebto veprimtari ishin t\u00eb dashura p\u00ebr publikun. Melodit\u00eb e k\u00ebng\u00ebve, interpretimin e mrekulluesh\u00ebm t\u00eb \u00a0f\u00ebmij\u00ebve, \u00a0\u00a0spektatori i ndjente\u00a0 me shpirt dhe i ndiqte me k\u00ebnaq\u00ebsi e\u00a0 pasion t\u00eb posa\u00e7\u00ebm. F\u00ebmij\u00ebt , pra, me k\u00ebng\u00ebt ( interpretimet) e tyre\u00a0\u00a0 e b\u00ebn\u00eb publikun t\u00eb harroj\u00eb , t\u00eb pakt\u00ebn \u00a0koh\u00ebn e v\u00ebshtir\u00eb\u00a0 ku jetojm\u00eb.<\/p>\n<p>&nbsp;<\/p>\n<p>Festivali sot \u00a0ka fituar edhe ngjyra t\u00eb reja n\u00eb shprehjen artistike muzikore. Ai konsiderohet si fest\u00eb e v\u00ebrtet\u00eb\u00a0 i cili Ulqinin e shnd\u00ebrron\u00a0 n\u00eb qend\u00ebr t\u00eb madhe kulturore nd\u00ebrkomb\u00ebtare.\u00a0 Stafi i tij\u00a0 s\u00eb bashku\u00a0 me emra t\u00eb njohur t\u00eb k\u00ebng\u00ebs shqiptare\u00a0 t\u00eb t\u00eb gjitha\u00a0 trevave\u00a0 po punon p\u00ebr ta sjell\u00eb \u00e7do her\u00eb t\u00eb fresk\u00ebt e me cil\u00ebsi k\u00ebng\u00ebn bashk\u00ebkohore p\u00ebr f\u00ebmj\u00eb n\u00eb k\u00ebt\u00eb qytet t\u00eb tradit\u00ebs dhe kultur\u00ebs. \u00cbsht\u00eb nj\u00eb nga festivalet q\u00eb po trason tradit\u00ebn e k\u00ebng\u00ebve p\u00ebr f\u00ebmij\u00eb, p\u00ebrkund\u00ebr v\u00ebshtir\u00ebsive financiare.<\/p>\n<p>Edicioni i nj\u00ebmb\u00ebdhjet\u00eb i festivalit \u00a0t\u00eb sivjetsh\u00ebm nd\u00ebrkomb\u00ebtar i k\u00ebng\u00ebs \u00a0p\u00ebr f\u00ebmij\u00eb, \u00a0do t\u00eb mbahet kah fundi i dhjetorit t\u00eb k\u00ebtij viti. Pritet \u00a0q\u00eb\u00a0\u00a0 festivali \u00a0t\u00eb sjell\u00eb nj\u00eb repertor t\u00eb mir\u00eb, jo vet\u00ebm n\u00eb num\u00ebr k\u00ebng\u00ebsh\u00a0 p\u00ebr f\u00ebmij\u00eb , por edhe n\u00eb cil\u00ebsi.\u00a0 Kandidat\u00ebt e vegj\u00ebl t\u00eb interesuar mund t\u00eb konkurrojn\u00eb\u00a0 n\u00eb konkursin e shpallur,\u00a0 i cili do t\u00eb q\u00ebndroj\u00eb i hapur deri n\u00eb fund t\u00eb k\u00ebtij muaji.Karakteristik\u00eb \u00ebsht\u00eb k\u00ebt\u00eb her\u00eb motivimi italent\u00ebve t\u00ebrinj nga mbar\u00eb hap\u00ebsirat shqiptare e m\u00eb gjer\u00eb,\u00a0 dhe kjo dukuri \u00ebsht\u00eb d\u00ebshmuar edhe\u00a0 n\u00eb edicionet e m\u00ebparshme.<\/p>\n","protected":false},"excerpt":{"rendered":"<p>Pasuri artistke me vlera t\u00eb padiksutueshme &nbsp; \u00a0Gjek\u00eb Gjonaj &nbsp; Para\u00a0 dhjet\u00eb vitesh lindi Festivali Mbar\u00ebkomb\u00ebtar i K\u00ebng\u00ebs p\u00ebr F\u00ebmij\u00eb n\u00eb Ulqin, i cili n\u00eb vazhdim\u00ebsi organizohet me mb\u00ebshtetjen dhe \u00a0n\u00ebn patronatin \u00a0e Komun\u00ebs s\u00eb Ulqinit. Ishte nisma e kompozitorit t\u00eb ndjer\u00eb ulqinak Fiqri Hasanag\u00ebs , i cili u kujdes\u00a0 deri n\u00eb \u201c holl\u00ebsit\u00eb\u201d e [&hellip;]<\/p>\n","protected":false},"author":1,"featured_media":0,"comment_status":"closed","ping_status":"closed","sticky":false,"template":"","format":"standard","meta":{"spay_email":"","jetpack_publicize_message":"","jetpack_is_tweetstorm":false,"jetpack_publicize_feature_enabled":true},"categories":[4,1],"tags":[],"jetpack_publicize_connections":[],"yoast_head":"<!-- This site is optimized with the Yoast SEO plugin v19.1 - https:\/\/yoast.com\/wordpress\/plugins\/seo\/ -->\n<title>Festivali i Kenges per Femije - Pasuri artistke me vlera t\u00eb padiksutueshme - Lajme nga Ulqini<\/title>\n<meta name=\"description\" content=\"Pasuri artistke me vlera t\u00eb padiksutueshme &nbsp; \u00a0Gjek\u00eb Gjonaj &nbsp; Para\u00a0 dhjet\u00eb vitesh lindi Festivali Mbar\u00ebkomb\u00ebtar i K\u00ebng\u00ebs p\u00ebr F\u00ebmij\u00eb n\u00eb Ulqin, i\" \/>\n<meta name=\"robots\" content=\"index, follow, max-snippet:-1, max-image-preview:large, max-video-preview:-1\" \/>\n<link rel=\"canonical\" href=\"https:\/\/www.visit-ulcinj.com\/blog\/2016\/11\/27\/festivali-kenges-per-femije-pasuri-artistke-vlera-te-padiksutueshme\/\" \/>\n<meta property=\"og:locale\" content=\"en_US\" \/>\n<meta property=\"og:type\" content=\"article\" \/>\n<meta property=\"og:title\" content=\"Festivali i Kenges per Femije - Pasuri artistke me vlera t\u00eb padiksutueshme - Lajme nga Ulqini\" \/>\n<meta property=\"og:description\" content=\"Pasuri artistke me vlera t\u00eb padiksutueshme &nbsp; \u00a0Gjek\u00eb Gjonaj &nbsp; Para\u00a0 dhjet\u00eb vitesh lindi Festivali Mbar\u00ebkomb\u00ebtar i K\u00ebng\u00ebs p\u00ebr F\u00ebmij\u00eb n\u00eb Ulqin, i\" \/>\n<meta property=\"og:url\" content=\"https:\/\/www.visit-ulcinj.com\/blog\/2016\/11\/27\/festivali-kenges-per-femije-pasuri-artistke-vlera-te-padiksutueshme\/\" \/>\n<meta property=\"og:site_name\" content=\"Lajme nga Ulqini\" \/>\n<meta property=\"article:published_time\" content=\"2016-11-27T09:31:24+00:00\" \/>\n<meta property=\"article:modified_time\" content=\"2016-11-28T07:13:06+00:00\" \/>\n<meta property=\"og:image\" content=\"http:\/\/www.visit-ulcinj.com\/blog\/wp-content\/uploads\/2009\/12\/Festivali-i-femijeve-edicioni-i-peste-ne-ulqin.3.JPG\" \/>\n<meta name=\"twitter:label1\" content=\"Written by\" \/>\n\t<meta name=\"twitter:data1\" content=\"ulqini\" \/>\n\t<meta name=\"twitter:label2\" content=\"Est. reading time\" \/>\n\t<meta name=\"twitter:data2\" content=\"3 minutes\" \/>\n<script type=\"application\/ld+json\" class=\"yoast-schema-graph\">{\"@context\":\"https:\/\/schema.org\",\"@graph\":[{\"@type\":\"WebSite\",\"@id\":\"https:\/\/www.visit-ulcinj.com\/blog\/#website\",\"url\":\"https:\/\/www.visit-ulcinj.com\/blog\/\",\"name\":\"Lajme nga Ulqini\",\"description\":\"Lajme,Vijesti,Ulqini,Ulqin,Crna Gora,Mali i Zi\",\"potentialAction\":[{\"@type\":\"SearchAction\",\"target\":{\"@type\":\"EntryPoint\",\"urlTemplate\":\"https:\/\/www.visit-ulcinj.com\/blog\/?s={search_term_string}\"},\"query-input\":\"required name=search_term_string\"}],\"inLanguage\":\"en-US\"},{\"@type\":\"ImageObject\",\"inLanguage\":\"en-US\",\"@id\":\"https:\/\/www.visit-ulcinj.com\/blog\/2016\/11\/27\/festivali-kenges-per-femije-pasuri-artistke-vlera-te-padiksutueshme\/#primaryimage\",\"url\":\"https:\/\/www.visit-ulcinj.com\/blog\/wp-content\/uploads\/2009\/12\/Festivali-i-femijeve-edicioni-i-peste-ne-ulqin.3.JPG\",\"contentUrl\":\"https:\/\/www.visit-ulcinj.com\/blog\/wp-content\/uploads\/2009\/12\/Festivali-i-femijeve-edicioni-i-peste-ne-ulqin.3.JPG\",\"width\":\"800\",\"height\":\"533\"},{\"@type\":\"WebPage\",\"@id\":\"https:\/\/www.visit-ulcinj.com\/blog\/2016\/11\/27\/festivali-kenges-per-femije-pasuri-artistke-vlera-te-padiksutueshme\/#webpage\",\"url\":\"https:\/\/www.visit-ulcinj.com\/blog\/2016\/11\/27\/festivali-kenges-per-femije-pasuri-artistke-vlera-te-padiksutueshme\/\",\"name\":\"Festivali i Kenges per Femije - Pasuri artistke me vlera t\u00eb padiksutueshme - Lajme nga Ulqini\",\"isPartOf\":{\"@id\":\"https:\/\/www.visit-ulcinj.com\/blog\/#website\"},\"primaryImageOfPage\":{\"@id\":\"https:\/\/www.visit-ulcinj.com\/blog\/2016\/11\/27\/festivali-kenges-per-femije-pasuri-artistke-vlera-te-padiksutueshme\/#primaryimage\"},\"datePublished\":\"2016-11-27T09:31:24+00:00\",\"dateModified\":\"2016-11-28T07:13:06+00:00\",\"author\":{\"@id\":\"https:\/\/www.visit-ulcinj.com\/blog\/#\/schema\/person\/dcab619c614d3038751c63bc2aadc06d\"},\"description\":\"Pasuri artistke me vlera t\u00eb padiksutueshme &nbsp; \u00a0Gjek\u00eb Gjonaj &nbsp; Para\u00a0 dhjet\u00eb vitesh lindi Festivali Mbar\u00ebkomb\u00ebtar i K\u00ebng\u00ebs p\u00ebr F\u00ebmij\u00eb n\u00eb Ulqin, i\",\"breadcrumb\":{\"@id\":\"https:\/\/www.visit-ulcinj.com\/blog\/2016\/11\/27\/festivali-kenges-per-femije-pasuri-artistke-vlera-te-padiksutueshme\/#breadcrumb\"},\"inLanguage\":\"en-US\",\"potentialAction\":[{\"@type\":\"ReadAction\",\"target\":[\"https:\/\/www.visit-ulcinj.com\/blog\/2016\/11\/27\/festivali-kenges-per-femije-pasuri-artistke-vlera-te-padiksutueshme\/\"]}]},{\"@type\":\"BreadcrumbList\",\"@id\":\"https:\/\/www.visit-ulcinj.com\/blog\/2016\/11\/27\/festivali-kenges-per-femije-pasuri-artistke-vlera-te-padiksutueshme\/#breadcrumb\",\"itemListElement\":[{\"@type\":\"ListItem\",\"position\":1,\"name\":\"Festivali i Kenges per Femije &#8211; Pasuri artistke me vlera t\u00eb padiksutueshme\"}]},{\"@type\":\"Person\",\"@id\":\"https:\/\/www.visit-ulcinj.com\/blog\/#\/schema\/person\/dcab619c614d3038751c63bc2aadc06d\",\"name\":\"ulqini\",\"sameAs\":[\"http:\/\/www.visit-ulcinj.com\"],\"url\":\"https:\/\/www.visit-ulcinj.com\/blog\/author\/admin\/\"}]}<\/script>\n<!-- \/ Yoast SEO plugin. -->","yoast_head_json":{"title":"Festivali i Kenges per Femije - Pasuri artistke me vlera t\u00eb padiksutueshme - Lajme nga Ulqini","description":"Pasuri artistke me vlera t\u00eb padiksutueshme &nbsp; \u00a0Gjek\u00eb Gjonaj &nbsp; Para\u00a0 dhjet\u00eb vitesh lindi Festivali Mbar\u00ebkomb\u00ebtar i K\u00ebng\u00ebs p\u00ebr F\u00ebmij\u00eb n\u00eb Ulqin, i","robots":{"index":"index","follow":"follow","max-snippet":"max-snippet:-1","max-image-preview":"max-image-preview:large","max-video-preview":"max-video-preview:-1"},"canonical":"https:\/\/www.visit-ulcinj.com\/blog\/2016\/11\/27\/festivali-kenges-per-femije-pasuri-artistke-vlera-te-padiksutueshme\/","og_locale":"en_US","og_type":"article","og_title":"Festivali i Kenges per Femije - Pasuri artistke me vlera t\u00eb padiksutueshme - Lajme nga Ulqini","og_description":"Pasuri artistke me vlera t\u00eb padiksutueshme &nbsp; \u00a0Gjek\u00eb Gjonaj &nbsp; Para\u00a0 dhjet\u00eb vitesh lindi Festivali Mbar\u00ebkomb\u00ebtar i K\u00ebng\u00ebs p\u00ebr F\u00ebmij\u00eb n\u00eb Ulqin, i","og_url":"https:\/\/www.visit-ulcinj.com\/blog\/2016\/11\/27\/festivali-kenges-per-femije-pasuri-artistke-vlera-te-padiksutueshme\/","og_site_name":"Lajme nga Ulqini","article_published_time":"2016-11-27T09:31:24+00:00","article_modified_time":"2016-11-28T07:13:06+00:00","og_image":[{"url":"http:\/\/www.visit-ulcinj.com\/blog\/wp-content\/uploads\/2009\/12\/Festivali-i-femijeve-edicioni-i-peste-ne-ulqin.3.JPG"}],"twitter_misc":{"Written by":"ulqini","Est. reading time":"3 minutes"},"schema":{"@context":"https:\/\/schema.org","@graph":[{"@type":"WebSite","@id":"https:\/\/www.visit-ulcinj.com\/blog\/#website","url":"https:\/\/www.visit-ulcinj.com\/blog\/","name":"Lajme nga Ulqini","description":"Lajme,Vijesti,Ulqini,Ulqin,Crna Gora,Mali i Zi","potentialAction":[{"@type":"SearchAction","target":{"@type":"EntryPoint","urlTemplate":"https:\/\/www.visit-ulcinj.com\/blog\/?s={search_term_string}"},"query-input":"required name=search_term_string"}],"inLanguage":"en-US"},{"@type":"ImageObject","inLanguage":"en-US","@id":"https:\/\/www.visit-ulcinj.com\/blog\/2016\/11\/27\/festivali-kenges-per-femije-pasuri-artistke-vlera-te-padiksutueshme\/#primaryimage","url":"https:\/\/www.visit-ulcinj.com\/blog\/wp-content\/uploads\/2009\/12\/Festivali-i-femijeve-edicioni-i-peste-ne-ulqin.3.JPG","contentUrl":"https:\/\/www.visit-ulcinj.com\/blog\/wp-content\/uploads\/2009\/12\/Festivali-i-femijeve-edicioni-i-peste-ne-ulqin.3.JPG","width":"800","height":"533"},{"@type":"WebPage","@id":"https:\/\/www.visit-ulcinj.com\/blog\/2016\/11\/27\/festivali-kenges-per-femije-pasuri-artistke-vlera-te-padiksutueshme\/#webpage","url":"https:\/\/www.visit-ulcinj.com\/blog\/2016\/11\/27\/festivali-kenges-per-femije-pasuri-artistke-vlera-te-padiksutueshme\/","name":"Festivali i Kenges per Femije - Pasuri artistke me vlera t\u00eb padiksutueshme - Lajme nga Ulqini","isPartOf":{"@id":"https:\/\/www.visit-ulcinj.com\/blog\/#website"},"primaryImageOfPage":{"@id":"https:\/\/www.visit-ulcinj.com\/blog\/2016\/11\/27\/festivali-kenges-per-femije-pasuri-artistke-vlera-te-padiksutueshme\/#primaryimage"},"datePublished":"2016-11-27T09:31:24+00:00","dateModified":"2016-11-28T07:13:06+00:00","author":{"@id":"https:\/\/www.visit-ulcinj.com\/blog\/#\/schema\/person\/dcab619c614d3038751c63bc2aadc06d"},"description":"Pasuri artistke me vlera t\u00eb padiksutueshme &nbsp; \u00a0Gjek\u00eb Gjonaj &nbsp; Para\u00a0 dhjet\u00eb vitesh lindi Festivali Mbar\u00ebkomb\u00ebtar i K\u00ebng\u00ebs p\u00ebr F\u00ebmij\u00eb n\u00eb Ulqin, i","breadcrumb":{"@id":"https:\/\/www.visit-ulcinj.com\/blog\/2016\/11\/27\/festivali-kenges-per-femije-pasuri-artistke-vlera-te-padiksutueshme\/#breadcrumb"},"inLanguage":"en-US","potentialAction":[{"@type":"ReadAction","target":["https:\/\/www.visit-ulcinj.com\/blog\/2016\/11\/27\/festivali-kenges-per-femije-pasuri-artistke-vlera-te-padiksutueshme\/"]}]},{"@type":"BreadcrumbList","@id":"https:\/\/www.visit-ulcinj.com\/blog\/2016\/11\/27\/festivali-kenges-per-femije-pasuri-artistke-vlera-te-padiksutueshme\/#breadcrumb","itemListElement":[{"@type":"ListItem","position":1,"name":"Festivali i Kenges per Femije &#8211; Pasuri artistke me vlera t\u00eb padiksutueshme"}]},{"@type":"Person","@id":"https:\/\/www.visit-ulcinj.com\/blog\/#\/schema\/person\/dcab619c614d3038751c63bc2aadc06d","name":"ulqini","sameAs":["http:\/\/www.visit-ulcinj.com"],"url":"https:\/\/www.visit-ulcinj.com\/blog\/author\/admin\/"}]}},"jetpack_featured_media_url":"","jetpack_sharing_enabled":true,"jetpack_shortlink":"https:\/\/wp.me\/pe6lTn-qlp","_links":{"self":[{"href":"https:\/\/www.visit-ulcinj.com\/blog\/wp-json\/wp\/v2\/posts\/101271"}],"collection":[{"href":"https:\/\/www.visit-ulcinj.com\/blog\/wp-json\/wp\/v2\/posts"}],"about":[{"href":"https:\/\/www.visit-ulcinj.com\/blog\/wp-json\/wp\/v2\/types\/post"}],"author":[{"embeddable":true,"href":"https:\/\/www.visit-ulcinj.com\/blog\/wp-json\/wp\/v2\/users\/1"}],"replies":[{"embeddable":true,"href":"https:\/\/www.visit-ulcinj.com\/blog\/wp-json\/wp\/v2\/comments?post=101271"}],"version-history":[{"count":1,"href":"https:\/\/www.visit-ulcinj.com\/blog\/wp-json\/wp\/v2\/posts\/101271\/revisions"}],"predecessor-version":[{"id":101272,"href":"https:\/\/www.visit-ulcinj.com\/blog\/wp-json\/wp\/v2\/posts\/101271\/revisions\/101272"}],"wp:attachment":[{"href":"https:\/\/www.visit-ulcinj.com\/blog\/wp-json\/wp\/v2\/media?parent=101271"}],"wp:term":[{"taxonomy":"category","embeddable":true,"href":"https:\/\/www.visit-ulcinj.com\/blog\/wp-json\/wp\/v2\/categories?post=101271"},{"taxonomy":"post_tag","embeddable":true,"href":"https:\/\/www.visit-ulcinj.com\/blog\/wp-json\/wp\/v2\/tags?post=101271"}],"curies":[{"name":"wp","href":"https:\/\/api.w.org\/{rel}","templated":true}]}}