{"id":101273,"date":"2016-11-27T10:40:31","date_gmt":"2016-11-27T09:40:31","guid":{"rendered":"http:\/\/www.visit-ulcinj.com\/blog\/?p=101273"},"modified":"2016-11-27T10:40:31","modified_gmt":"2016-11-27T09:40:31","slug":"sot-te-festojme-se-bashku-28-nentorin-diten-e-flamurit-ne-ostros-kraje","status":"publish","type":"post","link":"https:\/\/www.visit-ulcinj.com\/blog\/2016\/11\/27\/sot-te-festojme-se-bashku-28-nentorin-diten-e-flamurit-ne-ostros-kraje\/","title":{"rendered":"Sot: T\u00eb festojm\u00eb s\u00eb bashku 28 N\u00ebntorin \u2013 Dit\u00ebn e Flamurit n\u00eb Ostros \u2013 Kraj\u00eb"},"content":{"rendered":"<p style=\"text-align: center;\"><strong><a href=\"http:\/\/www.visit-ulcinj.com\/blog\/wp-content\/uploads\/2016\/11\/LDMZ.jpg\"><img loading=\"lazy\" class=\"alignleft wp-image-101274\" src=\"http:\/\/www.visit-ulcinj.com\/blog\/wp-content\/uploads\/2016\/11\/LDMZ.jpg\" alt=\"LDMZ\" width=\"508\" height=\"301\" srcset=\"https:\/\/www.visit-ulcinj.com\/blog\/wp-content\/uploads\/2016\/11\/LDMZ.jpg 600w, https:\/\/www.visit-ulcinj.com\/blog\/wp-content\/uploads\/2016\/11\/LDMZ-300x178.jpg 300w\" sizes=\"(max-width: 508px) 100vw, 508px\" \/><\/a>KUMTES\u00cb \u2013 FTES\u00cb <\/strong><\/p>\n<p><strong>\u00a0<\/strong><\/p>\n<p><strong>P\u00ebr n\u00eb Ostros \u2013 Kraj\u00eb, t\u00eb diel\u00ebn, m\u00eb 27.11.2016, n\u00eb or\u00ebn 18:00<\/strong><\/p>\n<p>&nbsp;<\/p>\n<p><strong>SALLA E BASHK\u00cbSIS\u00cb VENDORE<\/strong><\/p>\n<p>T\u00eb festojm\u00eb s\u00eb bashku 28 N\u00ebntorin \u2013 Dit\u00ebn e Flamurit<\/p>\n<p>URIME!<\/p>\n<p>&nbsp;<\/p>\n<p>Njoftojm\u00eb se Lidhja Demokratike n\u00eb Mal t\u00eb Zi, Dega e Kraj\u00ebs \u2013 e Tivarit, n\u00eb koordinim me udh\u00ebheqjen qendrore t\u00eb LD n\u00eb MZ-s\u00eb, t\u00eb diel\u00ebn, m\u00eb 27.11.2016, n\u00eb or\u00ebn 18:00 n\u00eb Ostros \u2013 Kraj\u00eb, n\u00eb SALL\u00cbN E BASHK\u00cbSIS\u00cb VENDORE, organizon festimin e 28 N\u00ebntorit \u2013 Dit\u00ebs s\u00eb Flamurit.<\/p>\n<p>&nbsp;<\/p>\n<p>Me k\u00ebt\u00eb rast ftojm\u00eb t\u00eb gjith\u00eb an\u00ebtar\u00ebt, veprimtar\u00ebt dhe simpatizuesit si edhe t\u00eb gjith\u00eb qytetar\u00ebt, pa dallim p\u00ebrkat\u00ebsie partiake, q\u00eb t\u00eb marrin pjes\u00eb dhe s\u00eb bashku t\u00eb festojm\u00eb e sh\u00ebnojm\u00eb k\u00ebt\u00eb \u00a0date madh\u00ebshtore n\u00eb historin\u00eb e popullit shqiptar.<\/p>\n<p>&nbsp;<\/p>\n<p>Me rastin e k\u00ebsaj date t\u00eb r\u00ebnd\u00ebsishme komb\u00ebtare, \u00ebsht\u00eb mir\u00eb t\u00eb p\u00ebrkujtojm\u00eb opinionin e gjer\u00eb e sidomos t\u00eb rejat e t\u00eb rinjt\u00eb, po edhe ato e ata q\u00eb p\u00ebr arsye t\u00eb ndryshme, nuk e din\u00eb, ata q\u00eb e kan\u00eb harrua ose kan\u00eb qen\u00eb t\u00eb \u201cdetyruar ta qesin n\u00eb harres\u00eb\u201d, se Lidhja Demokratike n\u00eb Mal t\u00eb Zi, ishte subjekti i par\u00eb, jo vet\u00ebm politik, shqiptar, e cili, bazuar n\u00eb programin e vet themeltar (nga 9 shtatori 1990 dhe n\u00eb kontinuitet deri sot), i sh\u00ebnoi n\u00eb m\u00ebnyr\u00eb t\u00eb organizuar dhe publike festat komb\u00ebtare: 28 N\u00ebntorin \u2013 Dit\u00ebn e Flamurit, 7 Marsin \u2013 Dit\u00ebn e M\u00ebsuesit etj. p\u00ebr t\u00eb gjith\u00eb qytetar\u00ebt, n\u00eb t\u00eb gjitha trevat shqiptare, sot n\u00eb Malin e Zi.<\/p>\n<p>T\u00eb p\u00ebrkujtojm\u00eb se ato ishin koh\u00eb t\u00eb v\u00ebshtira kur lypsej vullneti, p\u00ebrkushtimi, po edhe guximi, kur formacionet militare e paramilitare jugosllavo serbo malazeze n\u00eb krye me Millosheviqin, kishin filluar luftat okupuese gjenocidiane ndaj fqinj\u00ebve t\u00eb vet; kur formacionet soldatesko fetare t\u00eb Kish\u00ebs Pravosllave Serbe n\u00eb krye me mitrolitin Amfilohije, p\u00ebrkrah\u00ebsin, agjituesin dhe vepruesin e politik\u00ebs serbomadhe shoviniste, mor\u00ebn rrug\u00ebn n\u00ebp\u00ebr Tivar, An\u00eb t\u00eb Malit dhe Kraj\u00eb, p\u00ebr t\u00eb shkuar n\u00eb muranat e themelet e Kish\u00ebs s\u00eb Kraj\u00ebs, t\u00eb k\u00ebtij monumenti t\u00eb trash\u00ebgimis\u00eb son\u00eb historike arkeologjike t\u00eb shekullit t\u00eb dhjet\u00eb, se kinse \u00ebsht\u00eb i tyre&#8230;duke treguar haptas e duke k\u00ebrc\u00ebnuar banor\u00ebt vendas &#8211; shqiptar\u00ebt, me forc\u00ebn e militar\u00ebve t\u00eb tyre, po edhe t\u00eb policis\u00eb malazeze q\u00eb (at\u00ebher\u00eb) e kishin si \u201cp\u00ebrcjellje\u201d, LD n\u00eb MZ i kund\u00ebrshtoi haptas, publikisht, n\u00eb nj\u00ebr\u00ebn an\u00eb dhe festoi festat komb\u00ebtare, pra : 28 N\u00ebntorin \u2013 Dit\u00ebn e Flamurit, 7 Marsin \u2013 Dit\u00ebn e M\u00ebsuesit etj. P\u00ebr t\u00eb treguar se kush jemi, p\u00ebr t\u00eb treguar vetvet\u00ebn e p\u00ebr mos me e harrua t\u00eb vet\u00ebn, por duke respektuar edhe t\u00eb tjer\u00ebt. Me k\u00ebto u treguam qart\u00eb se ne do t\u00eb mbrojm\u00eb me dinjitet historin\u00eb ton\u00eb t\u00eb ndritshme, historin\u00eb e sakrificave dhe trojet e st\u00ebrgjysh\u00ebrve tan\u00eb. Ndoshta nuk \u00ebsht\u00eb tep\u00ebr t\u00eb sqarojm\u00eb, p\u00ebr arsye t\u00eb sh\u00ebndetit komb\u00ebtar e demokratik, se disa q\u00eb sot po rrahin gjoks, ik\u00ebn jasht\u00eb e disa u mbyll\u00ebn n\u00eb sht\u00ebpia q\u00eb t\u00eb presin \u201cdit\u00eb m\u00eb t\u00eb mira\u201d&#8230;<\/p>\n<p>&nbsp;<\/p>\n<p>M\u00eb lejoni q\u00eb n\u00eb fund t\u00eb k\u00ebsaj kumtese e ftese, q\u00eb n\u00eb em\u00ebr t\u00eb Lidhjes Demokratike n\u00eb Mal t\u00eb Zi, t\u00eb an\u00ebtar\u00ebve t\u00eb saj dhe t\u00eb udh\u00ebheqje s\u00eb sh\u00ebndosh\u00eb t\u00eb saj, q\u00eb tash 26 vjet me radh\u00eb veproi me p\u00ebrkushtim e dinjitet, q\u00eb t\u00eb gjith\u00eb shqiptar\u00ebve kudo ku gjenden, n\u00eb trojet e veta dhe n\u00eb diaspor\u00eb t\u2019ju uroj 28 N\u00ebntorin \u2013 Dit\u00ebn e Flamurit. Mos t\u00eb harrojm\u00eb vendlindjen, historin\u00eb dhe cakun q\u00eb t\u00eb ruajm\u00eb trash\u00ebgimin\u00eb ton\u00eb t\u00eb begat\u00eb dhe trojet tona.<\/p>\n<p>Prandaj, t\u00eb festojm\u00eb 28 N\u00ebntorin \u2013 Dit\u00ebn e Flamurit, t\u00eb bashkuar, me dashuri p\u00ebr t\u00eb kaluar\u00ebn q\u00eb t\u00eb g\u00ebzojm\u00eb t\u00eb ardhm\u00ebn.<\/p>\n<p>&nbsp;<\/p>\n<p><strong>Urime!<\/strong><\/p>\n<p><strong>\u00a0<\/strong><\/p>\n<p><strong>N\u00eb Ulqin, m\u00eb 25 n\u00ebntor 2016\u00a0\u00a0\u00a0\u00a0\u00a0\u00a0\u00a0\u00a0\u00a0\u00a0 \u00a0\u00a0\u00a0\u00a0\u00a0\u00a0\u00a0\u00a0\u00a0\u00a0\u00a0\u00a0\u00a0\u00a0\u00a0\u00a0\u00a0\u00a0\u00a0\u00a0\u00a0\u00a0\u00a0\u00a0\u00a0\u00a0\u00a0\u00a0MEHMET BARDHI, kryetar i LD n\u00eb MZ<\/strong><\/p>\n","protected":false},"excerpt":{"rendered":"<p>KUMTES\u00cb \u2013 FTES\u00cb \u00a0 P\u00ebr n\u00eb Ostros \u2013 Kraj\u00eb, t\u00eb diel\u00ebn, m\u00eb 27.11.2016, n\u00eb or\u00ebn 18:00 &nbsp; SALLA E BASHK\u00cbSIS\u00cb VENDORE T\u00eb festojm\u00eb s\u00eb bashku 28 N\u00ebntorin \u2013 Dit\u00ebn e Flamurit URIME! &nbsp; Njoftojm\u00eb se Lidhja Demokratike n\u00eb Mal t\u00eb Zi, Dega e Kraj\u00ebs \u2013 e Tivarit, n\u00eb koordinim me udh\u00ebheqjen qendrore t\u00eb LD n\u00eb [&hellip;]<\/p>\n","protected":false},"author":1,"featured_media":0,"comment_status":"closed","ping_status":"closed","sticky":false,"template":"","format":"standard","meta":{"spay_email":"","jetpack_publicize_message":"","jetpack_is_tweetstorm":false,"jetpack_publicize_feature_enabled":true},"categories":[14],"tags":[],"jetpack_publicize_connections":[],"yoast_head":"<!-- This site is optimized with the Yoast SEO plugin v19.1 - https:\/\/yoast.com\/wordpress\/plugins\/seo\/ -->\n<title>Sot: T\u00eb festojm\u00eb s\u00eb bashku 28 N\u00ebntorin \u2013 Dit\u00ebn e Flamurit n\u00eb Ostros \u2013 Kraj\u00eb - Lajme nga Ulqini<\/title>\n<meta name=\"description\" content=\"KUMTES\u00cb \u2013 FTES\u00cb \u00a0 P\u00ebr n\u00eb Ostros \u2013 Kraj\u00eb, t\u00eb diel\u00ebn, m\u00eb 27.11.2016, n\u00eb or\u00ebn 18:00 &nbsp; SALLA E BASHK\u00cbSIS\u00cb VENDORE T\u00eb festojm\u00eb s\u00eb bashku 28 N\u00ebntorin \u2013\" \/>\n<meta name=\"robots\" content=\"index, follow, max-snippet:-1, max-image-preview:large, max-video-preview:-1\" \/>\n<link rel=\"canonical\" href=\"https:\/\/www.visit-ulcinj.com\/blog\/2016\/11\/27\/sot-te-festojme-se-bashku-28-nentorin-diten-e-flamurit-ne-ostros-kraje\/\" \/>\n<meta property=\"og:locale\" content=\"en_US\" \/>\n<meta property=\"og:type\" content=\"article\" \/>\n<meta property=\"og:title\" content=\"Sot: T\u00eb festojm\u00eb s\u00eb bashku 28 N\u00ebntorin \u2013 Dit\u00ebn e Flamurit n\u00eb Ostros \u2013 Kraj\u00eb - Lajme nga Ulqini\" \/>\n<meta property=\"og:description\" content=\"KUMTES\u00cb \u2013 FTES\u00cb \u00a0 P\u00ebr n\u00eb Ostros \u2013 Kraj\u00eb, t\u00eb diel\u00ebn, m\u00eb 27.11.2016, n\u00eb or\u00ebn 18:00 &nbsp; SALLA E BASHK\u00cbSIS\u00cb VENDORE T\u00eb festojm\u00eb s\u00eb bashku 28 N\u00ebntorin \u2013\" \/>\n<meta property=\"og:url\" content=\"https:\/\/www.visit-ulcinj.com\/blog\/2016\/11\/27\/sot-te-festojme-se-bashku-28-nentorin-diten-e-flamurit-ne-ostros-kraje\/\" \/>\n<meta property=\"og:site_name\" content=\"Lajme nga Ulqini\" \/>\n<meta property=\"article:published_time\" content=\"2016-11-27T09:40:31+00:00\" \/>\n<meta property=\"og:image\" content=\"http:\/\/www.visit-ulcinj.com\/blog\/wp-content\/uploads\/2016\/11\/LDMZ.jpg\" \/>\n<meta name=\"twitter:label1\" content=\"Written by\" \/>\n\t<meta name=\"twitter:data1\" content=\"ulqini\" \/>\n\t<meta name=\"twitter:label2\" content=\"Est. reading time\" \/>\n\t<meta name=\"twitter:data2\" content=\"3 minutes\" \/>\n<script type=\"application\/ld+json\" class=\"yoast-schema-graph\">{\"@context\":\"https:\/\/schema.org\",\"@graph\":[{\"@type\":\"WebSite\",\"@id\":\"https:\/\/www.visit-ulcinj.com\/blog\/#website\",\"url\":\"https:\/\/www.visit-ulcinj.com\/blog\/\",\"name\":\"Lajme nga Ulqini\",\"description\":\"Lajme,Vijesti,Ulqini,Ulqin,Crna Gora,Mali i Zi\",\"potentialAction\":[{\"@type\":\"SearchAction\",\"target\":{\"@type\":\"EntryPoint\",\"urlTemplate\":\"https:\/\/www.visit-ulcinj.com\/blog\/?s={search_term_string}\"},\"query-input\":\"required name=search_term_string\"}],\"inLanguage\":\"en-US\"},{\"@type\":\"ImageObject\",\"inLanguage\":\"en-US\",\"@id\":\"https:\/\/www.visit-ulcinj.com\/blog\/2016\/11\/27\/sot-te-festojme-se-bashku-28-nentorin-diten-e-flamurit-ne-ostros-kraje\/#primaryimage\",\"url\":\"https:\/\/www.visit-ulcinj.com\/blog\/wp-content\/uploads\/2016\/11\/LDMZ.jpg\",\"contentUrl\":\"https:\/\/www.visit-ulcinj.com\/blog\/wp-content\/uploads\/2016\/11\/LDMZ.jpg\",\"width\":600,\"height\":356},{\"@type\":\"WebPage\",\"@id\":\"https:\/\/www.visit-ulcinj.com\/blog\/2016\/11\/27\/sot-te-festojme-se-bashku-28-nentorin-diten-e-flamurit-ne-ostros-kraje\/#webpage\",\"url\":\"https:\/\/www.visit-ulcinj.com\/blog\/2016\/11\/27\/sot-te-festojme-se-bashku-28-nentorin-diten-e-flamurit-ne-ostros-kraje\/\",\"name\":\"Sot: T\u00eb festojm\u00eb s\u00eb bashku 28 N\u00ebntorin \u2013 Dit\u00ebn e Flamurit n\u00eb Ostros \u2013 Kraj\u00eb - Lajme nga Ulqini\",\"isPartOf\":{\"@id\":\"https:\/\/www.visit-ulcinj.com\/blog\/#website\"},\"primaryImageOfPage\":{\"@id\":\"https:\/\/www.visit-ulcinj.com\/blog\/2016\/11\/27\/sot-te-festojme-se-bashku-28-nentorin-diten-e-flamurit-ne-ostros-kraje\/#primaryimage\"},\"datePublished\":\"2016-11-27T09:40:31+00:00\",\"dateModified\":\"2016-11-27T09:40:31+00:00\",\"author\":{\"@id\":\"https:\/\/www.visit-ulcinj.com\/blog\/#\/schema\/person\/dcab619c614d3038751c63bc2aadc06d\"},\"description\":\"KUMTES\u00cb \u2013 FTES\u00cb \u00a0 P\u00ebr n\u00eb Ostros \u2013 Kraj\u00eb, t\u00eb diel\u00ebn, m\u00eb 27.11.2016, n\u00eb or\u00ebn 18:00 &nbsp; SALLA E BASHK\u00cbSIS\u00cb VENDORE T\u00eb festojm\u00eb s\u00eb bashku 28 N\u00ebntorin \u2013\",\"breadcrumb\":{\"@id\":\"https:\/\/www.visit-ulcinj.com\/blog\/2016\/11\/27\/sot-te-festojme-se-bashku-28-nentorin-diten-e-flamurit-ne-ostros-kraje\/#breadcrumb\"},\"inLanguage\":\"en-US\",\"potentialAction\":[{\"@type\":\"ReadAction\",\"target\":[\"https:\/\/www.visit-ulcinj.com\/blog\/2016\/11\/27\/sot-te-festojme-se-bashku-28-nentorin-diten-e-flamurit-ne-ostros-kraje\/\"]}]},{\"@type\":\"BreadcrumbList\",\"@id\":\"https:\/\/www.visit-ulcinj.com\/blog\/2016\/11\/27\/sot-te-festojme-se-bashku-28-nentorin-diten-e-flamurit-ne-ostros-kraje\/#breadcrumb\",\"itemListElement\":[{\"@type\":\"ListItem\",\"position\":1,\"name\":\"Sot: T\u00eb festojm\u00eb s\u00eb bashku 28 N\u00ebntorin \u2013 Dit\u00ebn e Flamurit n\u00eb Ostros \u2013 Kraj\u00eb\"}]},{\"@type\":\"Person\",\"@id\":\"https:\/\/www.visit-ulcinj.com\/blog\/#\/schema\/person\/dcab619c614d3038751c63bc2aadc06d\",\"name\":\"ulqini\",\"sameAs\":[\"http:\/\/www.visit-ulcinj.com\"],\"url\":\"https:\/\/www.visit-ulcinj.com\/blog\/author\/admin\/\"}]}<\/script>\n<!-- \/ Yoast SEO plugin. -->","yoast_head_json":{"title":"Sot: T\u00eb festojm\u00eb s\u00eb bashku 28 N\u00ebntorin \u2013 Dit\u00ebn e Flamurit n\u00eb Ostros \u2013 Kraj\u00eb - Lajme nga Ulqini","description":"KUMTES\u00cb \u2013 FTES\u00cb \u00a0 P\u00ebr n\u00eb Ostros \u2013 Kraj\u00eb, t\u00eb diel\u00ebn, m\u00eb 27.11.2016, n\u00eb or\u00ebn 18:00 &nbsp; SALLA E BASHK\u00cbSIS\u00cb VENDORE T\u00eb festojm\u00eb s\u00eb bashku 28 N\u00ebntorin \u2013","robots":{"index":"index","follow":"follow","max-snippet":"max-snippet:-1","max-image-preview":"max-image-preview:large","max-video-preview":"max-video-preview:-1"},"canonical":"https:\/\/www.visit-ulcinj.com\/blog\/2016\/11\/27\/sot-te-festojme-se-bashku-28-nentorin-diten-e-flamurit-ne-ostros-kraje\/","og_locale":"en_US","og_type":"article","og_title":"Sot: T\u00eb festojm\u00eb s\u00eb bashku 28 N\u00ebntorin \u2013 Dit\u00ebn e Flamurit n\u00eb Ostros \u2013 Kraj\u00eb - Lajme nga Ulqini","og_description":"KUMTES\u00cb \u2013 FTES\u00cb \u00a0 P\u00ebr n\u00eb Ostros \u2013 Kraj\u00eb, t\u00eb diel\u00ebn, m\u00eb 27.11.2016, n\u00eb or\u00ebn 18:00 &nbsp; SALLA E BASHK\u00cbSIS\u00cb VENDORE T\u00eb festojm\u00eb s\u00eb bashku 28 N\u00ebntorin \u2013","og_url":"https:\/\/www.visit-ulcinj.com\/blog\/2016\/11\/27\/sot-te-festojme-se-bashku-28-nentorin-diten-e-flamurit-ne-ostros-kraje\/","og_site_name":"Lajme nga Ulqini","article_published_time":"2016-11-27T09:40:31+00:00","og_image":[{"url":"http:\/\/www.visit-ulcinj.com\/blog\/wp-content\/uploads\/2016\/11\/LDMZ.jpg"}],"twitter_misc":{"Written by":"ulqini","Est. reading time":"3 minutes"},"schema":{"@context":"https:\/\/schema.org","@graph":[{"@type":"WebSite","@id":"https:\/\/www.visit-ulcinj.com\/blog\/#website","url":"https:\/\/www.visit-ulcinj.com\/blog\/","name":"Lajme nga Ulqini","description":"Lajme,Vijesti,Ulqini,Ulqin,Crna Gora,Mali i Zi","potentialAction":[{"@type":"SearchAction","target":{"@type":"EntryPoint","urlTemplate":"https:\/\/www.visit-ulcinj.com\/blog\/?s={search_term_string}"},"query-input":"required name=search_term_string"}],"inLanguage":"en-US"},{"@type":"ImageObject","inLanguage":"en-US","@id":"https:\/\/www.visit-ulcinj.com\/blog\/2016\/11\/27\/sot-te-festojme-se-bashku-28-nentorin-diten-e-flamurit-ne-ostros-kraje\/#primaryimage","url":"https:\/\/www.visit-ulcinj.com\/blog\/wp-content\/uploads\/2016\/11\/LDMZ.jpg","contentUrl":"https:\/\/www.visit-ulcinj.com\/blog\/wp-content\/uploads\/2016\/11\/LDMZ.jpg","width":600,"height":356},{"@type":"WebPage","@id":"https:\/\/www.visit-ulcinj.com\/blog\/2016\/11\/27\/sot-te-festojme-se-bashku-28-nentorin-diten-e-flamurit-ne-ostros-kraje\/#webpage","url":"https:\/\/www.visit-ulcinj.com\/blog\/2016\/11\/27\/sot-te-festojme-se-bashku-28-nentorin-diten-e-flamurit-ne-ostros-kraje\/","name":"Sot: T\u00eb festojm\u00eb s\u00eb bashku 28 N\u00ebntorin \u2013 Dit\u00ebn e Flamurit n\u00eb Ostros \u2013 Kraj\u00eb - Lajme nga Ulqini","isPartOf":{"@id":"https:\/\/www.visit-ulcinj.com\/blog\/#website"},"primaryImageOfPage":{"@id":"https:\/\/www.visit-ulcinj.com\/blog\/2016\/11\/27\/sot-te-festojme-se-bashku-28-nentorin-diten-e-flamurit-ne-ostros-kraje\/#primaryimage"},"datePublished":"2016-11-27T09:40:31+00:00","dateModified":"2016-11-27T09:40:31+00:00","author":{"@id":"https:\/\/www.visit-ulcinj.com\/blog\/#\/schema\/person\/dcab619c614d3038751c63bc2aadc06d"},"description":"KUMTES\u00cb \u2013 FTES\u00cb \u00a0 P\u00ebr n\u00eb Ostros \u2013 Kraj\u00eb, t\u00eb diel\u00ebn, m\u00eb 27.11.2016, n\u00eb or\u00ebn 18:00 &nbsp; SALLA E BASHK\u00cbSIS\u00cb VENDORE T\u00eb festojm\u00eb s\u00eb bashku 28 N\u00ebntorin \u2013","breadcrumb":{"@id":"https:\/\/www.visit-ulcinj.com\/blog\/2016\/11\/27\/sot-te-festojme-se-bashku-28-nentorin-diten-e-flamurit-ne-ostros-kraje\/#breadcrumb"},"inLanguage":"en-US","potentialAction":[{"@type":"ReadAction","target":["https:\/\/www.visit-ulcinj.com\/blog\/2016\/11\/27\/sot-te-festojme-se-bashku-28-nentorin-diten-e-flamurit-ne-ostros-kraje\/"]}]},{"@type":"BreadcrumbList","@id":"https:\/\/www.visit-ulcinj.com\/blog\/2016\/11\/27\/sot-te-festojme-se-bashku-28-nentorin-diten-e-flamurit-ne-ostros-kraje\/#breadcrumb","itemListElement":[{"@type":"ListItem","position":1,"name":"Sot: T\u00eb festojm\u00eb s\u00eb bashku 28 N\u00ebntorin \u2013 Dit\u00ebn e Flamurit n\u00eb Ostros \u2013 Kraj\u00eb"}]},{"@type":"Person","@id":"https:\/\/www.visit-ulcinj.com\/blog\/#\/schema\/person\/dcab619c614d3038751c63bc2aadc06d","name":"ulqini","sameAs":["http:\/\/www.visit-ulcinj.com"],"url":"https:\/\/www.visit-ulcinj.com\/blog\/author\/admin\/"}]}},"jetpack_featured_media_url":"","jetpack_sharing_enabled":true,"jetpack_shortlink":"https:\/\/wp.me\/pe6lTn-qlr","_links":{"self":[{"href":"https:\/\/www.visit-ulcinj.com\/blog\/wp-json\/wp\/v2\/posts\/101273"}],"collection":[{"href":"https:\/\/www.visit-ulcinj.com\/blog\/wp-json\/wp\/v2\/posts"}],"about":[{"href":"https:\/\/www.visit-ulcinj.com\/blog\/wp-json\/wp\/v2\/types\/post"}],"author":[{"embeddable":true,"href":"https:\/\/www.visit-ulcinj.com\/blog\/wp-json\/wp\/v2\/users\/1"}],"replies":[{"embeddable":true,"href":"https:\/\/www.visit-ulcinj.com\/blog\/wp-json\/wp\/v2\/comments?post=101273"}],"version-history":[{"count":1,"href":"https:\/\/www.visit-ulcinj.com\/blog\/wp-json\/wp\/v2\/posts\/101273\/revisions"}],"predecessor-version":[{"id":101275,"href":"https:\/\/www.visit-ulcinj.com\/blog\/wp-json\/wp\/v2\/posts\/101273\/revisions\/101275"}],"wp:attachment":[{"href":"https:\/\/www.visit-ulcinj.com\/blog\/wp-json\/wp\/v2\/media?parent=101273"}],"wp:term":[{"taxonomy":"category","embeddable":true,"href":"https:\/\/www.visit-ulcinj.com\/blog\/wp-json\/wp\/v2\/categories?post=101273"},{"taxonomy":"post_tag","embeddable":true,"href":"https:\/\/www.visit-ulcinj.com\/blog\/wp-json\/wp\/v2\/tags?post=101273"}],"curies":[{"name":"wp","href":"https:\/\/api.w.org\/{rel}","templated":true}]}}