{"id":101276,"date":"2016-11-27T14:57:19","date_gmt":"2016-11-27T13:57:19","guid":{"rendered":"http:\/\/www.visit-ulcinj.com\/blog\/?p=101276"},"modified":"2016-11-27T14:58:57","modified_gmt":"2016-11-27T13:58:57","slug":"28-nentori-si-feste-mbarekombetare-u-kremtua-edhe-ne-gjeneve","status":"publish","type":"post","link":"https:\/\/www.visit-ulcinj.com\/blog\/2016\/11\/27\/28-nentori-si-feste-mbarekombetare-u-kremtua-edhe-ne-gjeneve\/","title":{"rendered":"28 &#8211; N\u00ebntori si fest\u00eb mbar\u00ebkomb\u00ebtare u kremtua  edhe n\u00eb Gjenev\u00eb"},"content":{"rendered":"<p><strong><a href=\"http:\/\/www.visit-ulcinj.com\/blog\/wp-content\/uploads\/2016\/11\/Mal\u00ebsor-Pr\u00ebnkocaj-Geneve.jpg\"><img loading=\"lazy\" class=\"alignleft wp-image-101277\" src=\"http:\/\/www.visit-ulcinj.com\/blog\/wp-content\/uploads\/2016\/11\/Mal\u00ebsor-Pr\u00ebnkocaj-Geneve.jpg\" alt=\"Mal\u00ebsor Pr\u00ebnkocaj -Geneve\" width=\"508\" height=\"336\" srcset=\"https:\/\/www.visit-ulcinj.com\/blog\/wp-content\/uploads\/2016\/11\/Mal\u00ebsor-Pr\u00ebnkocaj-Geneve.jpg 933w, https:\/\/www.visit-ulcinj.com\/blog\/wp-content\/uploads\/2016\/11\/Mal\u00ebsor-Pr\u00ebnkocaj-Geneve-300x199.jpg 300w, https:\/\/www.visit-ulcinj.com\/blog\/wp-content\/uploads\/2016\/11\/Mal\u00ebsor-Pr\u00ebnkocaj-Geneve-768x509.jpg 768w\" sizes=\"(max-width: 508px) 100vw, 508px\" \/><\/a>Komuniteti Shqiptar i Gjenev\u00ebs,edhe k\u00ebsaj radhe n\u00eb bashk\u00ebpunim me Shoqata dhe Klube t\u00eb \u00a0ndryshme t\u00eb k\u00ebtij kantoni ka organizuar kremten e \u00a028-N\u00ebntorit t\u00eb njohur ndryshe si \u00a0dita e simbolit ton\u00eb mbar\u00ebkomb\u00ebtar. <\/strong><\/p>\n<p>Kjo dat\u00eb me r\u00ebnd\u00ebsi jetike p\u00ebr popullin ton\u00eb sh\u00ebnon edhe 104 vjetorin e themelimit\u00a0 t\u00eb shtetit shqiptar.<\/p>\n<p>Himni yn\u00eb nacional i k\u00ebnduar nga kori i nx\u00ebn\u00ebsve t\u00eb \u00a0M\u00ebsimit Plot\u00ebsues t\u00eb Shkoll\u00ebs\u00a0 Shqipe n\u00eb Gjenev\u00eb, \u00a0si certifikat\u00eb e zyrtarizimit t\u00eb Pavar\u00ebsis\u00eb s\u00eb Shqip\u00ebris\u00eb,ka ngritur n\u00eb k\u00ebmb\u00eb qindra t\u00eb pranish\u00ebm t\u00eb tubuar n\u00eb \u201cSalle des Fetes des Avanchetes\u201dt\u00eb Gjenev\u00ebs,ku me q\u00ebndrimin gatitu jan\u00eb p\u00ebrkujtuar dhe nderuar \u00a0mij\u00ebra heronj \u00a0dhe d\u00ebshmor\u00eb t\u00eb r\u00ebn\u00eb p\u00ebr liri dhe m\u00ebvet\u00ebsi t\u00eb Shqip\u00ebris\u00eb.<\/p>\n<p>Pas k\u00ebtij akti konferencier\u00ebt: Af\u00ebrdit\u00eb Krasniqi, Abetare Salihu dhe Drilon Limani, \u00a0kan\u00eb prezantuar p\u00ebrmbajtjen e programit t\u00eb k\u00ebsaj nate festive.<\/p>\n<p>E,nd\u00ebrkoh\u00eb\u00a0 n\u00eb podium \u00ebsht\u00eb ftuar \u00a0Z. Ramadan Avdiu,konsull i p\u00ebrgjithsh\u00ebm i Republik\u00ebs s\u00eb Kosov\u00ebs n\u00eb Gjenev\u00eb, i cili ka shpalosur historikun e Shqip\u00ebris\u00eb dhe t\u00eb shqiptar\u00ebve q\u00eb nga periudha e kryeheroit ton\u00eb komb\u00ebtar Gjergj Kastrioti \u2013Sk\u00ebnderbeu e deri n\u00eb flijimin e legjendarit Adem Jashari,i cili duke sakrifikuar vetveten dhe familjen e gjer u b\u00eb simbol nderi dhe krenarie nd\u00ebr shqiptar\u00eb.<\/p>\n<p>Pjesa artistike ka nisur me vallet e bukura t\u00eb trevave tona t\u00eb interpretuara nga Ansamblet \u201cG\u00ebzuar\u201d dhe\u201d Rinia Contat\u201d t\u00eb Gjenev\u00ebs.<\/p>\n<p>K\u00ebto dy Shoq\u00ebri\u00a0 Kulturore edhe pse n\u00eb kushte t\u00eb r\u00ebnda materiale e sidomos Ansambli \u201cG\u00ebzuar\u201d i cili mbijeton me vet\u00ebfinancim\u00a0 t\u00eb\u00a0 solist\u00ebve dhe t\u00eb valltar\u00ebve e rrall\u00ebher\u00eb ndihmohet me ndonj\u00eb donacion simbolik po e ruan dhe kultivon me plot sukses tash dy decenie\u00a0 trash\u00ebgimin\u00eb e\u00a0 k\u00ebng\u00ebve dhe valleve tona burimore. Solistet e k\u00ebtij Ansambli Vjendita dhe Ejona \u00a0Stojkaj, t\u00eb rritura dhe t\u00eb edukuara n\u00eb frym\u00ebn\u00a0 e atdhedashuris\u00eb\u00a0 kan\u00eb shk\u00eblqyer me k\u00ebng\u00ebn \u201cShqiptar\u00ebt e Diaspor\u00ebs\u201d.<\/p>\n<p>Z\u00ebri melodik dhe gjuha e rrjedhshme\u00a0 e k\u00ebtyre dy motrave \u00ebsht\u00eb p\u00eblqyer dhe duartrokitur gjat\u00eb nga spektator\u00ebt.<\/p>\n<p>Nd\u00ebrkaq grupi folklorik \u201cRapsod\u00ebt e Gjenev\u00ebs\u201d i p\u00ebrb\u00ebr\u00eb\u00a0 nga disa talent t\u00eb k\u00ebtij zhanri muzikor \u00a0edhe k\u00ebsaj here ka interpretuar\u00a0 k\u00ebng\u00eb t\u00eb bukura kushtuar Shqip\u00ebris\u00eb \u00a0etnike dhe heronjve t\u00eb saj.<\/p>\n<p>Si zakonisht vend n\u00eb program i \u00ebsht\u00eb rezervuar edhe duetit \u00a0t\u00eb k\u00ebng\u00ebtar\u00ebve Shpejtim e Af\u00ebrdit\u00eb Krasniqi ,t\u00eb cil\u00ebt me kontribut t\u00eb p\u00ebrhersh\u00ebm n\u00eb manifestimet \u00a0e m\u00ebrgat\u00ebs son\u00eb edhe sonte me mjaft sukses kan\u00eb k\u00ebnduar k\u00ebng\u00ebn e bukur \u201c Shqip\u00ebri tok\u00eb e Arb\u00ebrit\u201d<\/p>\n<p>Mir\u00ebnjohje p\u00ebr t\u00eb 18-t\u00eb student\u00ebt shqiptar\u00eb t\u00eb diplomuar n\u00eb fusha t\u00eb ndryshme t\u00eb Universitetit t\u00eb Gjenev\u00ebs<\/p>\n<p>Komuniteti Shqiptar i Gjenev\u00ebs, me rastin e\u00a0 fest\u00ebs s\u00eb Flamurit ton\u00eb komb\u00ebtar dhe dit\u00ebs s\u00eb shpalljes s\u00eb Pavar\u00ebsis\u00eb s\u00eb Shqip\u00ebris\u00eb, edhe k\u00ebsaj radhe ka ruajtur tradit\u00ebn duke p\u00ebrgatitur enkas mir\u00ebnjohje p\u00ebr t\u00eb gjith\u00eb t\u00eb diplomuarit shqiptar\u00eb (brenda vitit akademik 2015-2016) n\u00eb fakultete t\u00eb ndryshme t\u00eb Universitetit t\u00eb Gjenev\u00ebs.<\/p>\n<p>Kurse ndarjen e k\u00ebtyre mir\u00ebnjohjeve e ka b\u00ebr\u00eb z. Ali .Sh. Mehmeti, kryetar i \u00a0Shoqat\u00ebs\u201dKomuniteti Shqiptar i Gjenev\u00ebs\u201d.<\/p>\n<p>Ai ka p\u00ebrg\u00ebzuar t\u00eb gjith\u00eb p\u00ebr suksesin e arritur duke th\u00ebn\u00eb:\u201d P\u00ebrve\u00e7 plot\u00ebsimit t\u00eb d\u00ebshir\u00ebs suaj p\u00ebr \u00a0ngritje profesionale dhe jet\u00eb m\u00eb t\u00eb leht\u00eb dhe m\u00eb t\u00eb begat\u00ebt \u00a0jeni edhe tregues konkret t\u00eb nj\u00eb integrimi t\u00eb mir\u00ebfillt\u00eb\u00a0 t\u00eb shqiptar\u00ebve n\u00eb shoq\u00ebrin\u00eb zvicerane, dhe motivues t\u00eb drejtp\u00ebrdrejt\u00eb t\u00eb brezave t\u00eb ardhsh\u00ebm\u201d.<\/p>\n<p>K\u00ebng\u00ebtari Mal\u00ebsor Pr\u00ebnko\u00e7aj, si personazh kryesor i k\u00ebsaj nate festive<br \/>\nentuziazmon publikun<\/p>\n<p>Mal\u00ebsor Pr\u00ebnko\u00e7aj i njohur p\u00ebr origjinalitetin\u00a0 dhe shum\u00ebllojshm\u00ebrin\u00eb e k\u00ebng\u00ebve me z\u00ebrin \u00a0e tij t\u00eb \u00ebmb\u00ebl ka ndezur atmosfer\u00ebn n\u00eb sall\u00eb.<\/p>\n<p>K\u00ebng\u00ebt\u00a0 me tem\u00eb atdhetare \u201c E p\u00ebrjetshme \u00ebsht\u00eb Shqip\u00ebria\u201d \u201cGjergj Kastrioti- Sk\u00ebnderbeu\u201d<\/p>\n<p>\u201c Emrin e kam shqiptar\u201d \u00a0t\u00eb shoq\u00ebruara edhe nga publiku i kan\u00eb dh\u00ebn\u00eb gjall\u00ebri k\u00ebtij jubileu.<\/p>\n<p>N\u00eb an\u00ebn tjet\u00ebr s\u2019 kan\u00eb munguar as k\u00ebng\u00ebt me\u00a0 lirik\u00eb dashurie n\u00ebp\u00ebrmjet t\u00eb cilave Pr\u00ebnko\u00e7aj ka b\u00ebr\u00eb q\u00eb t\u00eb rinjt\u00eb n\u00ebn tingujt e bukur t\u00eb k\u00ebtyre k\u00ebng\u00ebve t\u00eb vall\u00ebzojn\u00eb dhe t\u00eb arg\u00ebtohen deri n\u00eb or\u00ebt e vona t\u00eb nat\u00ebs.<\/p>\n<p>Manifestimi i sivjetsh\u00ebm mund t\u00eb cil\u00ebsohet edhe si vep\u00ebr solidarizimi me t\u00eb pastreh\u00ebt n\u00eb komun\u00ebn e Vitis\u00eb.<\/p>\n<p>Me kusht q\u00eb t\u00eb ndimohet kjo kategori e shoq\u00ebris\u00eb son\u00eb t\u00eb gjitha mjetet e realizuara nga ky tubim do t\u00eb derdhen n\u00eb xhirollogarin\u00eb e Shoqat\u00ebs Humanitare \u201cVITIA\u201d e cila veprimtarin e saj bamir\u00ebse \u00a0e zhvillon k\u00ebtu n\u00eb Gjenev\u00eb t\u00eb Zvicr\u00ebs,dhe q\u00ebllim t\u00eb vet\u00ebm ka p\u00ebrkrahjen e\u00a0 familjeve pa t\u00eb ardhura dhe pa kulm mbi kok\u00eb .<\/p>\n<p>Atmosfera e k\u00ebsaj mbr\u00ebmje \u00ebsht\u00eb p\u00ebrcjellur drejtp\u00ebrdrejt edhe n\u00eb Kosov\u00eb nga TV \u201cIliria\u201d me p\u00ebrfaq\u00ebsi n\u00eb Gjenev\u00eb.<\/p>\n<p>Vler\u00ebsim i p\u00ebrgjithsh\u00ebm \u00ebsht\u00eb se kjo ngjarje historike dhe kulturore e karakterizuar me llojshm\u00ebrin\u00eb e temave ka k\u00ebnaqur m\u00ebrgimtar\u00ebt tan\u00eb dhe miqt\u00eb e tyre t\u00eb shumt\u00eb zviceran\u00eb.<\/p>\n<p><strong>\u00a0<\/strong><\/p>\n<p><strong>ARIF \u00a0EJUPI<\/strong><\/p>\n","protected":false},"excerpt":{"rendered":"<p>Komuniteti Shqiptar i Gjenev\u00ebs,edhe k\u00ebsaj radhe n\u00eb bashk\u00ebpunim me Shoqata dhe Klube t\u00eb \u00a0ndryshme t\u00eb k\u00ebtij kantoni ka organizuar kremten e \u00a028-N\u00ebntorit t\u00eb njohur ndryshe si \u00a0dita e simbolit ton\u00eb mbar\u00ebkomb\u00ebtar. Kjo dat\u00eb me r\u00ebnd\u00ebsi jetike p\u00ebr popullin ton\u00eb sh\u00ebnon edhe 104 vjetorin e themelimit\u00a0 t\u00eb shtetit shqiptar. Himni yn\u00eb nacional i k\u00ebnduar nga kori [&hellip;]<\/p>\n","protected":false},"author":1,"featured_media":0,"comment_status":"closed","ping_status":"closed","sticky":false,"template":"","format":"standard","meta":{"spay_email":"","jetpack_publicize_message":"","jetpack_is_tweetstorm":false,"jetpack_publicize_feature_enabled":true},"categories":[7],"tags":[],"jetpack_publicize_connections":[],"yoast_head":"<!-- This site is optimized with the Yoast SEO plugin v19.1 - https:\/\/yoast.com\/wordpress\/plugins\/seo\/ -->\n<title>28 - N\u00ebntori si fest\u00eb mbar\u00ebkomb\u00ebtare u kremtua edhe n\u00eb Gjenev\u00eb - Lajme nga Ulqini<\/title>\n<meta name=\"description\" content=\"Komuniteti Shqiptar i Gjenev\u00ebs,edhe k\u00ebsaj radhe n\u00eb bashk\u00ebpunim me Shoqata dhe Klube t\u00eb \u00a0ndryshme t\u00eb k\u00ebtij kantoni ka organizuar kremten e \u00a028-N\u00ebntorit t\u00eb\" \/>\n<meta name=\"robots\" content=\"index, follow, max-snippet:-1, max-image-preview:large, max-video-preview:-1\" \/>\n<link rel=\"canonical\" href=\"https:\/\/www.visit-ulcinj.com\/blog\/2016\/11\/27\/28-nentori-si-feste-mbarekombetare-u-kremtua-edhe-ne-gjeneve\/\" \/>\n<meta property=\"og:locale\" content=\"en_US\" \/>\n<meta property=\"og:type\" content=\"article\" \/>\n<meta property=\"og:title\" content=\"28 - N\u00ebntori si fest\u00eb mbar\u00ebkomb\u00ebtare u kremtua edhe n\u00eb Gjenev\u00eb - Lajme nga Ulqini\" \/>\n<meta property=\"og:description\" content=\"Komuniteti Shqiptar i Gjenev\u00ebs,edhe k\u00ebsaj radhe n\u00eb bashk\u00ebpunim me Shoqata dhe Klube t\u00eb \u00a0ndryshme t\u00eb k\u00ebtij kantoni ka organizuar kremten e \u00a028-N\u00ebntorit t\u00eb\" \/>\n<meta property=\"og:url\" content=\"https:\/\/www.visit-ulcinj.com\/blog\/2016\/11\/27\/28-nentori-si-feste-mbarekombetare-u-kremtua-edhe-ne-gjeneve\/\" \/>\n<meta property=\"og:site_name\" content=\"Lajme nga Ulqini\" \/>\n<meta property=\"article:published_time\" content=\"2016-11-27T13:57:19+00:00\" \/>\n<meta property=\"article:modified_time\" content=\"2016-11-27T13:58:57+00:00\" \/>\n<meta name=\"twitter:label1\" content=\"Written by\" \/>\n\t<meta name=\"twitter:data1\" content=\"ulqini\" \/>\n\t<meta name=\"twitter:label2\" content=\"Est. reading time\" \/>\n\t<meta name=\"twitter:data2\" content=\"5 minutes\" \/>\n<script type=\"application\/ld+json\" class=\"yoast-schema-graph\">{\"@context\":\"https:\/\/schema.org\",\"@graph\":[{\"@type\":\"WebSite\",\"@id\":\"https:\/\/www.visit-ulcinj.com\/blog\/#website\",\"url\":\"https:\/\/www.visit-ulcinj.com\/blog\/\",\"name\":\"Lajme nga Ulqini\",\"description\":\"Lajme,Vijesti,Ulqini,Ulqin,Crna Gora,Mali i Zi\",\"potentialAction\":[{\"@type\":\"SearchAction\",\"target\":{\"@type\":\"EntryPoint\",\"urlTemplate\":\"https:\/\/www.visit-ulcinj.com\/blog\/?s={search_term_string}\"},\"query-input\":\"required name=search_term_string\"}],\"inLanguage\":\"en-US\"},{\"@type\":\"WebPage\",\"@id\":\"https:\/\/www.visit-ulcinj.com\/blog\/2016\/11\/27\/28-nentori-si-feste-mbarekombetare-u-kremtua-edhe-ne-gjeneve\/#webpage\",\"url\":\"https:\/\/www.visit-ulcinj.com\/blog\/2016\/11\/27\/28-nentori-si-feste-mbarekombetare-u-kremtua-edhe-ne-gjeneve\/\",\"name\":\"28 - N\u00ebntori si fest\u00eb mbar\u00ebkomb\u00ebtare u kremtua edhe n\u00eb Gjenev\u00eb - Lajme nga Ulqini\",\"isPartOf\":{\"@id\":\"https:\/\/www.visit-ulcinj.com\/blog\/#website\"},\"datePublished\":\"2016-11-27T13:57:19+00:00\",\"dateModified\":\"2016-11-27T13:58:57+00:00\",\"author\":{\"@id\":\"https:\/\/www.visit-ulcinj.com\/blog\/#\/schema\/person\/dcab619c614d3038751c63bc2aadc06d\"},\"description\":\"Komuniteti Shqiptar i Gjenev\u00ebs,edhe k\u00ebsaj radhe n\u00eb bashk\u00ebpunim me Shoqata dhe Klube t\u00eb \u00a0ndryshme t\u00eb k\u00ebtij kantoni ka organizuar kremten e \u00a028-N\u00ebntorit t\u00eb\",\"breadcrumb\":{\"@id\":\"https:\/\/www.visit-ulcinj.com\/blog\/2016\/11\/27\/28-nentori-si-feste-mbarekombetare-u-kremtua-edhe-ne-gjeneve\/#breadcrumb\"},\"inLanguage\":\"en-US\",\"potentialAction\":[{\"@type\":\"ReadAction\",\"target\":[\"https:\/\/www.visit-ulcinj.com\/blog\/2016\/11\/27\/28-nentori-si-feste-mbarekombetare-u-kremtua-edhe-ne-gjeneve\/\"]}]},{\"@type\":\"BreadcrumbList\",\"@id\":\"https:\/\/www.visit-ulcinj.com\/blog\/2016\/11\/27\/28-nentori-si-feste-mbarekombetare-u-kremtua-edhe-ne-gjeneve\/#breadcrumb\",\"itemListElement\":[{\"@type\":\"ListItem\",\"position\":1,\"name\":\"28 &#8211; N\u00ebntori si fest\u00eb mbar\u00ebkomb\u00ebtare u kremtua edhe n\u00eb Gjenev\u00eb\"}]},{\"@type\":\"Person\",\"@id\":\"https:\/\/www.visit-ulcinj.com\/blog\/#\/schema\/person\/dcab619c614d3038751c63bc2aadc06d\",\"name\":\"ulqini\",\"sameAs\":[\"http:\/\/www.visit-ulcinj.com\"],\"url\":\"https:\/\/www.visit-ulcinj.com\/blog\/author\/admin\/\"}]}<\/script>\n<!-- \/ Yoast SEO plugin. -->","yoast_head_json":{"title":"28 - N\u00ebntori si fest\u00eb mbar\u00ebkomb\u00ebtare u kremtua edhe n\u00eb Gjenev\u00eb - Lajme nga Ulqini","description":"Komuniteti Shqiptar i Gjenev\u00ebs,edhe k\u00ebsaj radhe n\u00eb bashk\u00ebpunim me Shoqata dhe Klube t\u00eb \u00a0ndryshme t\u00eb k\u00ebtij kantoni ka organizuar kremten e \u00a028-N\u00ebntorit t\u00eb","robots":{"index":"index","follow":"follow","max-snippet":"max-snippet:-1","max-image-preview":"max-image-preview:large","max-video-preview":"max-video-preview:-1"},"canonical":"https:\/\/www.visit-ulcinj.com\/blog\/2016\/11\/27\/28-nentori-si-feste-mbarekombetare-u-kremtua-edhe-ne-gjeneve\/","og_locale":"en_US","og_type":"article","og_title":"28 - N\u00ebntori si fest\u00eb mbar\u00ebkomb\u00ebtare u kremtua edhe n\u00eb Gjenev\u00eb - Lajme nga Ulqini","og_description":"Komuniteti Shqiptar i Gjenev\u00ebs,edhe k\u00ebsaj radhe n\u00eb bashk\u00ebpunim me Shoqata dhe Klube t\u00eb \u00a0ndryshme t\u00eb k\u00ebtij kantoni ka organizuar kremten e \u00a028-N\u00ebntorit t\u00eb","og_url":"https:\/\/www.visit-ulcinj.com\/blog\/2016\/11\/27\/28-nentori-si-feste-mbarekombetare-u-kremtua-edhe-ne-gjeneve\/","og_site_name":"Lajme nga Ulqini","article_published_time":"2016-11-27T13:57:19+00:00","article_modified_time":"2016-11-27T13:58:57+00:00","twitter_misc":{"Written by":"ulqini","Est. reading time":"5 minutes"},"schema":{"@context":"https:\/\/schema.org","@graph":[{"@type":"WebSite","@id":"https:\/\/www.visit-ulcinj.com\/blog\/#website","url":"https:\/\/www.visit-ulcinj.com\/blog\/","name":"Lajme nga Ulqini","description":"Lajme,Vijesti,Ulqini,Ulqin,Crna Gora,Mali i Zi","potentialAction":[{"@type":"SearchAction","target":{"@type":"EntryPoint","urlTemplate":"https:\/\/www.visit-ulcinj.com\/blog\/?s={search_term_string}"},"query-input":"required name=search_term_string"}],"inLanguage":"en-US"},{"@type":"WebPage","@id":"https:\/\/www.visit-ulcinj.com\/blog\/2016\/11\/27\/28-nentori-si-feste-mbarekombetare-u-kremtua-edhe-ne-gjeneve\/#webpage","url":"https:\/\/www.visit-ulcinj.com\/blog\/2016\/11\/27\/28-nentori-si-feste-mbarekombetare-u-kremtua-edhe-ne-gjeneve\/","name":"28 - N\u00ebntori si fest\u00eb mbar\u00ebkomb\u00ebtare u kremtua edhe n\u00eb Gjenev\u00eb - Lajme nga Ulqini","isPartOf":{"@id":"https:\/\/www.visit-ulcinj.com\/blog\/#website"},"datePublished":"2016-11-27T13:57:19+00:00","dateModified":"2016-11-27T13:58:57+00:00","author":{"@id":"https:\/\/www.visit-ulcinj.com\/blog\/#\/schema\/person\/dcab619c614d3038751c63bc2aadc06d"},"description":"Komuniteti Shqiptar i Gjenev\u00ebs,edhe k\u00ebsaj radhe n\u00eb bashk\u00ebpunim me Shoqata dhe Klube t\u00eb \u00a0ndryshme t\u00eb k\u00ebtij kantoni ka organizuar kremten e \u00a028-N\u00ebntorit t\u00eb","breadcrumb":{"@id":"https:\/\/www.visit-ulcinj.com\/blog\/2016\/11\/27\/28-nentori-si-feste-mbarekombetare-u-kremtua-edhe-ne-gjeneve\/#breadcrumb"},"inLanguage":"en-US","potentialAction":[{"@type":"ReadAction","target":["https:\/\/www.visit-ulcinj.com\/blog\/2016\/11\/27\/28-nentori-si-feste-mbarekombetare-u-kremtua-edhe-ne-gjeneve\/"]}]},{"@type":"BreadcrumbList","@id":"https:\/\/www.visit-ulcinj.com\/blog\/2016\/11\/27\/28-nentori-si-feste-mbarekombetare-u-kremtua-edhe-ne-gjeneve\/#breadcrumb","itemListElement":[{"@type":"ListItem","position":1,"name":"28 &#8211; N\u00ebntori si fest\u00eb mbar\u00ebkomb\u00ebtare u kremtua edhe n\u00eb Gjenev\u00eb"}]},{"@type":"Person","@id":"https:\/\/www.visit-ulcinj.com\/blog\/#\/schema\/person\/dcab619c614d3038751c63bc2aadc06d","name":"ulqini","sameAs":["http:\/\/www.visit-ulcinj.com"],"url":"https:\/\/www.visit-ulcinj.com\/blog\/author\/admin\/"}]}},"jetpack_featured_media_url":"","jetpack_sharing_enabled":true,"jetpack_shortlink":"https:\/\/wp.me\/pe6lTn-qlu","_links":{"self":[{"href":"https:\/\/www.visit-ulcinj.com\/blog\/wp-json\/wp\/v2\/posts\/101276"}],"collection":[{"href":"https:\/\/www.visit-ulcinj.com\/blog\/wp-json\/wp\/v2\/posts"}],"about":[{"href":"https:\/\/www.visit-ulcinj.com\/blog\/wp-json\/wp\/v2\/types\/post"}],"author":[{"embeddable":true,"href":"https:\/\/www.visit-ulcinj.com\/blog\/wp-json\/wp\/v2\/users\/1"}],"replies":[{"embeddable":true,"href":"https:\/\/www.visit-ulcinj.com\/blog\/wp-json\/wp\/v2\/comments?post=101276"}],"version-history":[{"count":1,"href":"https:\/\/www.visit-ulcinj.com\/blog\/wp-json\/wp\/v2\/posts\/101276\/revisions"}],"predecessor-version":[{"id":101278,"href":"https:\/\/www.visit-ulcinj.com\/blog\/wp-json\/wp\/v2\/posts\/101276\/revisions\/101278"}],"wp:attachment":[{"href":"https:\/\/www.visit-ulcinj.com\/blog\/wp-json\/wp\/v2\/media?parent=101276"}],"wp:term":[{"taxonomy":"category","embeddable":true,"href":"https:\/\/www.visit-ulcinj.com\/blog\/wp-json\/wp\/v2\/categories?post=101276"},{"taxonomy":"post_tag","embeddable":true,"href":"https:\/\/www.visit-ulcinj.com\/blog\/wp-json\/wp\/v2\/tags?post=101276"}],"curies":[{"name":"wp","href":"https:\/\/api.w.org\/{rel}","templated":true}]}}