{"id":101279,"date":"2016-11-27T16:56:50","date_gmt":"2016-11-27T15:56:50","guid":{"rendered":"http:\/\/www.visit-ulcinj.com\/blog\/?p=101279"},"modified":"2016-11-27T16:58:01","modified_gmt":"2016-11-27T15:58:01","slug":"deljosaj-sporazumom-sa-dps-predvideno-da-ce-tuzi-postati-samostalna-opstina","status":"publish","type":"post","link":"https:\/\/www.visit-ulcinj.com\/blog\/2016\/11\/27\/deljosaj-sporazumom-sa-dps-predvideno-da-ce-tuzi-postati-samostalna-opstina\/","title":{"rendered":"\u0110eljo\u0161aj: Sporazumom sa DPS predvi\u0111eno da \u0107e Tuzi postati samostalna op\u0161tina"},"content":{"rendered":"<p><strong><a href=\"http:\/\/www.visit-ulcinj.com\/blog\/wp-content\/uploads\/2016\/11\/Gjeloshaj.jpg\"><img loading=\"lazy\" class=\"alignleft wp-image-101280\" src=\"http:\/\/www.visit-ulcinj.com\/blog\/wp-content\/uploads\/2016\/11\/Gjeloshaj.jpg\" alt=\"Gjeloshaj\" width=\"508\" height=\"319\" srcset=\"https:\/\/www.visit-ulcinj.com\/blog\/wp-content\/uploads\/2016\/11\/Gjeloshaj.jpg 560w, https:\/\/www.visit-ulcinj.com\/blog\/wp-content\/uploads\/2016\/11\/Gjeloshaj-300x189.jpg 300w\" sizes=\"(max-width: 508px) 100vw, 508px\" \/><\/a>\u0110eljo\u0161aj kaze da \u0107e u septembru 2017. Tuzi i formalno biti progla\u0161ene 24. samostalnom op\u0161tinom u Crnoj Gori<\/strong><\/p>\n<p><strong><span class=\"credits__author\"> Autor: Dubravka Rai\u010devi\u0107 <\/span><\/strong><\/p>\n<p>Predstavnik koalcije Albanci odlu\u010dno Nik \u0110eljo\u0161aj potvrdio je Televiziji Vijesti da je <a href=\"http:\/\/www.vijesti.me\/vijesti\/tuzima-opstina-2018-godine-913511\" target=\"_blank\">sporazumom sa DPS\u00a0predvi\u0111eno da \u0107e Tuzi postati samostalna op\u0161tina tokom 2018. godine.<\/a><\/p>\n<p>\u0110eljo\u0161aj\u00a0ka\u017ee i da \u0107e turisti\u010dki potencijali ulcinjske Solane biti valorizovani bez izgradnje hotela i apartmana.<\/p>\n<p>Predstavnici koalicije &#8220;Albanci odlu\u010dno&#8221; o\u010dekuju da \u0107e do kraja maja 2017. godine u Skup\u0161tini biti izglasan zakon o lokalnoj samoupravi koji \u0107e omogu\u0107iti da Tuzi postanu op\u0161tina.<\/p>\n<p>\u0110eljo\u0161aj kaze da \u0107e u septembru 2017. Tuzi i formalno biti progla\u0161ene 24. samostalnom op\u0161tinom u Crnoj Gori.<\/p>\n<p>&#8220;Vjerovatno \u0107e biti potreban period da sa Glavnim gradom vr\u0161imo razgrani\u010denje i mislimo da je to period od godinu, godinu i po. Od usvajanja\u00a0zakona do potpune implementacije \u0107e proci godina. Sigurni mo u ono \u0161to smo dogovorili i sa sigurno\u0161\u0107u smo odlu\u010dno stati iza ovog \u0161to smo potpisali&#8221;, istakao je \u0110eljo\u0161aj.<\/p>\n<!--YouTube Error: bad URL entered-->\n<p>Uprkos finansijskoj neodr\u017eivosti nedavno progla\u0161enih op\u0161tina poput Petnjice, \u0110eljo\u0161aj o\u010dekuje da \u0107e samostalna op\u0161tina Tuzi biti me\u0111u bogatijim u Crnoj Gori.<\/p>\n<p>&#8220;Tuzi su 12 kilometara od glavnog grada, imamo jake potencijale, zadnjih 12 godina postoji lokalna samouprava, ljudi koji imaju iskustvo i znaju koliki mogu da budu\u00a0ti prihodi. Svi pokazatelji pokazuju da \u0107e biti finansijski odr\u017eiva i me\u0111u bogatijim op\u0161tinama u Crnoj Gori. Da ka\u017eem da \u0107e biti me\u0111u 5-10 bogatih op\u0161tina&#8221;, rekao je \u0110eljo\u0161aj.<\/p>\n<p>Na sastanku sa DPS, albanske partije su dogovorile i da se valorizuju turisti\u010dki potencijali Solane bez izgradnje stambenih i hotelskih smje\u0161tajnih kapaciteta.<\/p>\n<p>Predstavnici koalicije &#8220;Albanci odlu\u010dno&#8221;\u00a0ranije su dogovorili da albanskim predstavnicima pripadne vo\u0111enje Ministarstva za ljudska i manjinska prava.<\/p>\n<p>\u0160to se ti\u010de zapo\u0161ljavanja u dr\u017eavnim institucijama i javnim preduze\u0107ima, Albancima \u0107e pripasti 3,5 odsto.<\/p>\n<p><strong>Izvor: Vijesti Online<\/strong><\/p>\n","protected":false},"excerpt":{"rendered":"<p>\u0110eljo\u0161aj kaze da \u0107e u septembru 2017. Tuzi i formalno biti progla\u0161ene 24. samostalnom op\u0161tinom u Crnoj Gori Autor: Dubravka Rai\u010devi\u0107 Predstavnik koalcije Albanci odlu\u010dno Nik \u0110eljo\u0161aj potvrdio je Televiziji Vijesti da je sporazumom sa DPS\u00a0predvi\u0111eno da \u0107e Tuzi postati samostalna op\u0161tina tokom 2018. godine. \u0110eljo\u0161aj\u00a0ka\u017ee i da \u0107e turisti\u010dki potencijali ulcinjske Solane biti valorizovani [&hellip;]<\/p>\n","protected":false},"author":1,"featured_media":0,"comment_status":"closed","ping_status":"closed","sticky":false,"template":"","format":"standard","meta":{"spay_email":"","jetpack_publicize_message":"","jetpack_is_tweetstorm":false,"jetpack_publicize_feature_enabled":true},"categories":[8337],"tags":[],"jetpack_publicize_connections":[],"yoast_head":"<!-- This site is optimized with the Yoast SEO plugin v19.1 - https:\/\/yoast.com\/wordpress\/plugins\/seo\/ -->\n<title>\u0110eljo\u0161aj: Sporazumom sa DPS predvi\u0111eno da \u0107e Tuzi postati samostalna op\u0161tina - Lajme nga Ulqini<\/title>\n<meta name=\"description\" content=\"\u0110eljo\u0161aj kaze da \u0107e u septembru 2017. Tuzi i formalno biti progla\u0161ene 24. samostalnom op\u0161tinom u Crnoj Gori Autor: Dubravka Rai\u010devi\u0107 Predstavnik koalcije\" \/>\n<meta name=\"robots\" content=\"index, follow, max-snippet:-1, max-image-preview:large, max-video-preview:-1\" \/>\n<link rel=\"canonical\" href=\"https:\/\/www.visit-ulcinj.com\/blog\/2016\/11\/27\/deljosaj-sporazumom-sa-dps-predvideno-da-ce-tuzi-postati-samostalna-opstina\/\" \/>\n<meta property=\"og:locale\" content=\"en_US\" \/>\n<meta property=\"og:type\" content=\"article\" \/>\n<meta property=\"og:title\" content=\"\u0110eljo\u0161aj: Sporazumom sa DPS predvi\u0111eno da \u0107e Tuzi postati samostalna op\u0161tina - Lajme nga Ulqini\" \/>\n<meta property=\"og:description\" content=\"\u0110eljo\u0161aj kaze da \u0107e u septembru 2017. Tuzi i formalno biti progla\u0161ene 24. samostalnom op\u0161tinom u Crnoj Gori Autor: Dubravka Rai\u010devi\u0107 Predstavnik koalcije\" \/>\n<meta property=\"og:url\" content=\"https:\/\/www.visit-ulcinj.com\/blog\/2016\/11\/27\/deljosaj-sporazumom-sa-dps-predvideno-da-ce-tuzi-postati-samostalna-opstina\/\" \/>\n<meta property=\"og:site_name\" content=\"Lajme nga Ulqini\" \/>\n<meta property=\"article:published_time\" content=\"2016-11-27T15:56:50+00:00\" \/>\n<meta property=\"article:modified_time\" content=\"2016-11-27T15:58:01+00:00\" \/>\n<meta property=\"og:image\" content=\"http:\/\/www.visit-ulcinj.com\/blog\/wp-content\/uploads\/2016\/11\/Gjeloshaj.jpg\" \/>\n<meta name=\"twitter:label1\" content=\"Written by\" \/>\n\t<meta name=\"twitter:data1\" content=\"ulqini\" \/>\n\t<meta name=\"twitter:label2\" content=\"Est. reading time\" \/>\n\t<meta name=\"twitter:data2\" content=\"2 minutes\" \/>\n<script type=\"application\/ld+json\" class=\"yoast-schema-graph\">{\"@context\":\"https:\/\/schema.org\",\"@graph\":[{\"@type\":\"WebSite\",\"@id\":\"https:\/\/www.visit-ulcinj.com\/blog\/#website\",\"url\":\"https:\/\/www.visit-ulcinj.com\/blog\/\",\"name\":\"Lajme nga Ulqini\",\"description\":\"Lajme,Vijesti,Ulqini,Ulqin,Crna Gora,Mali i Zi\",\"potentialAction\":[{\"@type\":\"SearchAction\",\"target\":{\"@type\":\"EntryPoint\",\"urlTemplate\":\"https:\/\/www.visit-ulcinj.com\/blog\/?s={search_term_string}\"},\"query-input\":\"required name=search_term_string\"}],\"inLanguage\":\"en-US\"},{\"@type\":\"ImageObject\",\"inLanguage\":\"en-US\",\"@id\":\"https:\/\/www.visit-ulcinj.com\/blog\/2016\/11\/27\/deljosaj-sporazumom-sa-dps-predvideno-da-ce-tuzi-postati-samostalna-opstina\/#primaryimage\",\"url\":\"https:\/\/www.visit-ulcinj.com\/blog\/wp-content\/uploads\/2016\/11\/Gjeloshaj.jpg\",\"contentUrl\":\"https:\/\/www.visit-ulcinj.com\/blog\/wp-content\/uploads\/2016\/11\/Gjeloshaj.jpg\",\"width\":560,\"height\":352},{\"@type\":\"WebPage\",\"@id\":\"https:\/\/www.visit-ulcinj.com\/blog\/2016\/11\/27\/deljosaj-sporazumom-sa-dps-predvideno-da-ce-tuzi-postati-samostalna-opstina\/#webpage\",\"url\":\"https:\/\/www.visit-ulcinj.com\/blog\/2016\/11\/27\/deljosaj-sporazumom-sa-dps-predvideno-da-ce-tuzi-postati-samostalna-opstina\/\",\"name\":\"\u0110eljo\u0161aj: Sporazumom sa DPS predvi\u0111eno da \u0107e Tuzi postati samostalna op\u0161tina - Lajme nga Ulqini\",\"isPartOf\":{\"@id\":\"https:\/\/www.visit-ulcinj.com\/blog\/#website\"},\"primaryImageOfPage\":{\"@id\":\"https:\/\/www.visit-ulcinj.com\/blog\/2016\/11\/27\/deljosaj-sporazumom-sa-dps-predvideno-da-ce-tuzi-postati-samostalna-opstina\/#primaryimage\"},\"datePublished\":\"2016-11-27T15:56:50+00:00\",\"dateModified\":\"2016-11-27T15:58:01+00:00\",\"author\":{\"@id\":\"https:\/\/www.visit-ulcinj.com\/blog\/#\/schema\/person\/dcab619c614d3038751c63bc2aadc06d\"},\"description\":\"\u0110eljo\u0161aj kaze da \u0107e u septembru 2017. Tuzi i formalno biti progla\u0161ene 24. samostalnom op\u0161tinom u Crnoj Gori Autor: Dubravka Rai\u010devi\u0107 Predstavnik koalcije\",\"breadcrumb\":{\"@id\":\"https:\/\/www.visit-ulcinj.com\/blog\/2016\/11\/27\/deljosaj-sporazumom-sa-dps-predvideno-da-ce-tuzi-postati-samostalna-opstina\/#breadcrumb\"},\"inLanguage\":\"en-US\",\"potentialAction\":[{\"@type\":\"ReadAction\",\"target\":[\"https:\/\/www.visit-ulcinj.com\/blog\/2016\/11\/27\/deljosaj-sporazumom-sa-dps-predvideno-da-ce-tuzi-postati-samostalna-opstina\/\"]}]},{\"@type\":\"BreadcrumbList\",\"@id\":\"https:\/\/www.visit-ulcinj.com\/blog\/2016\/11\/27\/deljosaj-sporazumom-sa-dps-predvideno-da-ce-tuzi-postati-samostalna-opstina\/#breadcrumb\",\"itemListElement\":[{\"@type\":\"ListItem\",\"position\":1,\"name\":\"\u0110eljo\u0161aj: Sporazumom sa DPS predvi\u0111eno da \u0107e Tuzi postati samostalna op\u0161tina\"}]},{\"@type\":\"Person\",\"@id\":\"https:\/\/www.visit-ulcinj.com\/blog\/#\/schema\/person\/dcab619c614d3038751c63bc2aadc06d\",\"name\":\"ulqini\",\"sameAs\":[\"http:\/\/www.visit-ulcinj.com\"],\"url\":\"https:\/\/www.visit-ulcinj.com\/blog\/author\/admin\/\"}]}<\/script>\n<!-- \/ Yoast SEO plugin. -->","yoast_head_json":{"title":"\u0110eljo\u0161aj: Sporazumom sa DPS predvi\u0111eno da \u0107e Tuzi postati samostalna op\u0161tina - Lajme nga Ulqini","description":"\u0110eljo\u0161aj kaze da \u0107e u septembru 2017. Tuzi i formalno biti progla\u0161ene 24. samostalnom op\u0161tinom u Crnoj Gori Autor: Dubravka Rai\u010devi\u0107 Predstavnik koalcije","robots":{"index":"index","follow":"follow","max-snippet":"max-snippet:-1","max-image-preview":"max-image-preview:large","max-video-preview":"max-video-preview:-1"},"canonical":"https:\/\/www.visit-ulcinj.com\/blog\/2016\/11\/27\/deljosaj-sporazumom-sa-dps-predvideno-da-ce-tuzi-postati-samostalna-opstina\/","og_locale":"en_US","og_type":"article","og_title":"\u0110eljo\u0161aj: Sporazumom sa DPS predvi\u0111eno da \u0107e Tuzi postati samostalna op\u0161tina - Lajme nga Ulqini","og_description":"\u0110eljo\u0161aj kaze da \u0107e u septembru 2017. Tuzi i formalno biti progla\u0161ene 24. samostalnom op\u0161tinom u Crnoj Gori Autor: Dubravka Rai\u010devi\u0107 Predstavnik koalcije","og_url":"https:\/\/www.visit-ulcinj.com\/blog\/2016\/11\/27\/deljosaj-sporazumom-sa-dps-predvideno-da-ce-tuzi-postati-samostalna-opstina\/","og_site_name":"Lajme nga Ulqini","article_published_time":"2016-11-27T15:56:50+00:00","article_modified_time":"2016-11-27T15:58:01+00:00","og_image":[{"url":"http:\/\/www.visit-ulcinj.com\/blog\/wp-content\/uploads\/2016\/11\/Gjeloshaj.jpg"}],"twitter_misc":{"Written by":"ulqini","Est. reading time":"2 minutes"},"schema":{"@context":"https:\/\/schema.org","@graph":[{"@type":"WebSite","@id":"https:\/\/www.visit-ulcinj.com\/blog\/#website","url":"https:\/\/www.visit-ulcinj.com\/blog\/","name":"Lajme nga Ulqini","description":"Lajme,Vijesti,Ulqini,Ulqin,Crna Gora,Mali i Zi","potentialAction":[{"@type":"SearchAction","target":{"@type":"EntryPoint","urlTemplate":"https:\/\/www.visit-ulcinj.com\/blog\/?s={search_term_string}"},"query-input":"required name=search_term_string"}],"inLanguage":"en-US"},{"@type":"ImageObject","inLanguage":"en-US","@id":"https:\/\/www.visit-ulcinj.com\/blog\/2016\/11\/27\/deljosaj-sporazumom-sa-dps-predvideno-da-ce-tuzi-postati-samostalna-opstina\/#primaryimage","url":"https:\/\/www.visit-ulcinj.com\/blog\/wp-content\/uploads\/2016\/11\/Gjeloshaj.jpg","contentUrl":"https:\/\/www.visit-ulcinj.com\/blog\/wp-content\/uploads\/2016\/11\/Gjeloshaj.jpg","width":560,"height":352},{"@type":"WebPage","@id":"https:\/\/www.visit-ulcinj.com\/blog\/2016\/11\/27\/deljosaj-sporazumom-sa-dps-predvideno-da-ce-tuzi-postati-samostalna-opstina\/#webpage","url":"https:\/\/www.visit-ulcinj.com\/blog\/2016\/11\/27\/deljosaj-sporazumom-sa-dps-predvideno-da-ce-tuzi-postati-samostalna-opstina\/","name":"\u0110eljo\u0161aj: Sporazumom sa DPS predvi\u0111eno da \u0107e Tuzi postati samostalna op\u0161tina - Lajme nga Ulqini","isPartOf":{"@id":"https:\/\/www.visit-ulcinj.com\/blog\/#website"},"primaryImageOfPage":{"@id":"https:\/\/www.visit-ulcinj.com\/blog\/2016\/11\/27\/deljosaj-sporazumom-sa-dps-predvideno-da-ce-tuzi-postati-samostalna-opstina\/#primaryimage"},"datePublished":"2016-11-27T15:56:50+00:00","dateModified":"2016-11-27T15:58:01+00:00","author":{"@id":"https:\/\/www.visit-ulcinj.com\/blog\/#\/schema\/person\/dcab619c614d3038751c63bc2aadc06d"},"description":"\u0110eljo\u0161aj kaze da \u0107e u septembru 2017. Tuzi i formalno biti progla\u0161ene 24. samostalnom op\u0161tinom u Crnoj Gori Autor: Dubravka Rai\u010devi\u0107 Predstavnik koalcije","breadcrumb":{"@id":"https:\/\/www.visit-ulcinj.com\/blog\/2016\/11\/27\/deljosaj-sporazumom-sa-dps-predvideno-da-ce-tuzi-postati-samostalna-opstina\/#breadcrumb"},"inLanguage":"en-US","potentialAction":[{"@type":"ReadAction","target":["https:\/\/www.visit-ulcinj.com\/blog\/2016\/11\/27\/deljosaj-sporazumom-sa-dps-predvideno-da-ce-tuzi-postati-samostalna-opstina\/"]}]},{"@type":"BreadcrumbList","@id":"https:\/\/www.visit-ulcinj.com\/blog\/2016\/11\/27\/deljosaj-sporazumom-sa-dps-predvideno-da-ce-tuzi-postati-samostalna-opstina\/#breadcrumb","itemListElement":[{"@type":"ListItem","position":1,"name":"\u0110eljo\u0161aj: Sporazumom sa DPS predvi\u0111eno da \u0107e Tuzi postati samostalna op\u0161tina"}]},{"@type":"Person","@id":"https:\/\/www.visit-ulcinj.com\/blog\/#\/schema\/person\/dcab619c614d3038751c63bc2aadc06d","name":"ulqini","sameAs":["http:\/\/www.visit-ulcinj.com"],"url":"https:\/\/www.visit-ulcinj.com\/blog\/author\/admin\/"}]}},"jetpack_featured_media_url":"","jetpack_sharing_enabled":true,"jetpack_shortlink":"https:\/\/wp.me\/pe6lTn-qlx","_links":{"self":[{"href":"https:\/\/www.visit-ulcinj.com\/blog\/wp-json\/wp\/v2\/posts\/101279"}],"collection":[{"href":"https:\/\/www.visit-ulcinj.com\/blog\/wp-json\/wp\/v2\/posts"}],"about":[{"href":"https:\/\/www.visit-ulcinj.com\/blog\/wp-json\/wp\/v2\/types\/post"}],"author":[{"embeddable":true,"href":"https:\/\/www.visit-ulcinj.com\/blog\/wp-json\/wp\/v2\/users\/1"}],"replies":[{"embeddable":true,"href":"https:\/\/www.visit-ulcinj.com\/blog\/wp-json\/wp\/v2\/comments?post=101279"}],"version-history":[{"count":2,"href":"https:\/\/www.visit-ulcinj.com\/blog\/wp-json\/wp\/v2\/posts\/101279\/revisions"}],"predecessor-version":[{"id":101282,"href":"https:\/\/www.visit-ulcinj.com\/blog\/wp-json\/wp\/v2\/posts\/101279\/revisions\/101282"}],"wp:attachment":[{"href":"https:\/\/www.visit-ulcinj.com\/blog\/wp-json\/wp\/v2\/media?parent=101279"}],"wp:term":[{"taxonomy":"category","embeddable":true,"href":"https:\/\/www.visit-ulcinj.com\/blog\/wp-json\/wp\/v2\/categories?post=101279"},{"taxonomy":"post_tag","embeddable":true,"href":"https:\/\/www.visit-ulcinj.com\/blog\/wp-json\/wp\/v2\/tags?post=101279"}],"curies":[{"name":"wp","href":"https:\/\/api.w.org\/{rel}","templated":true}]}}