{"id":101290,"date":"2016-11-28T08:28:09","date_gmt":"2016-11-28T07:28:09","guid":{"rendered":"http:\/\/www.visit-ulcinj.com\/blog\/?p=101290"},"modified":"2016-11-28T08:28:09","modified_gmt":"2016-11-28T07:28:09","slug":"teuta-arifi-nenshkruan-memorandum-bashkepunimi-kater-komuna-shqiptare","status":"publish","type":"post","link":"https:\/\/www.visit-ulcinj.com\/blog\/2016\/11\/28\/teuta-arifi-nenshkruan-memorandum-bashkepunimi-kater-komuna-shqiptare\/","title":{"rendered":"Teuta Arifi n\u00ebnshkruan memorandum bashk\u00ebpunimi me kat\u00ebr komuna shqiptare"},"content":{"rendered":"<p><a href=\"http:\/\/www.visit-ulcinj.com\/blog\/wp-content\/uploads\/2016\/11\/Teuta-Arifi-n\u00ebnshkruan-memorandum-Nazif-Cungu.jpg\"><img loading=\"lazy\" class=\"alignleft wp-image-101291\" src=\"http:\/\/www.visit-ulcinj.com\/blog\/wp-content\/uploads\/2016\/11\/Teuta-Arifi-n\u00ebnshkruan-memorandum-Nazif-Cungu.jpg\" alt=\"Teuta Arifi n\u00ebnshkruan memorandum-Nazif-Cungu\" width=\"508\" height=\"339\" srcset=\"https:\/\/www.visit-ulcinj.com\/blog\/wp-content\/uploads\/2016\/11\/Teuta-Arifi-n\u00ebnshkruan-memorandum-Nazif-Cungu.jpg 960w, https:\/\/www.visit-ulcinj.com\/blog\/wp-content\/uploads\/2016\/11\/Teuta-Arifi-n\u00ebnshkruan-memorandum-Nazif-Cungu-300x200.jpg 300w, https:\/\/www.visit-ulcinj.com\/blog\/wp-content\/uploads\/2016\/11\/Teuta-Arifi-n\u00ebnshkruan-memorandum-Nazif-Cungu-768x512.jpg 768w\" sizes=\"(max-width: 508px) 100vw, 508px\" \/><\/a>Kryetarja e komun\u00ebs s\u00eb Tetov\u00ebs, Teuta Arifi sot ka n\u00ebnshkruar memorandum bashk\u00ebpunimi me kat\u00ebr komuna tjera t\u00eb Tiran\u00ebs, Prishtin\u00ebs, Ulqinit dhe Preshev\u00ebs. Ky memorandum vjen pasi k\u00ebta komuna krijuan unionin e bashklive shqiptare n\u00eb rajon, raporton TetovaSot.<\/p>\n<p>\u201cNe, Kryetar\u00ebt e Bashkive t\u00eb Tiran\u00ebs, Prishtin\u00ebs, Tetov\u00ebs, Ulqinit dhe Preshev\u00ebs, t\u00eb mbledhur me d\u00ebshir\u00ebn dhe vullnetin e mir\u00eb p\u00ebr t\u00eb hedhur themelet e nj\u00eb bashk\u00ebpunimi t\u00eb fort\u00eb, efikas, t\u00eb q\u00ebndruesh\u00ebm e afatgjat\u00eb mes kryeqendrave urbane t\u00eb hap\u00ebsir\u00ebs shqiptare ku jeton nj\u00eb e treta e popullsis\u00eb shqiptare t\u00eb rajonit.<\/p>\n<p>Me besim t\u00eb pal\u00ebkundur tek ndjenja e solidaritetit dhe v\u00ebllaz\u00ebris\u00eb q\u00eb ekziston mes shqiptar\u00ebv<span class=\"text_exposed_show\">e kudo q\u00eb ndodhen.<\/span><\/p>\n<div class=\"text_exposed_show\">\n<p>T\u00eb vet\u00ebdijsh\u00ebm q\u00eb sfida m\u00eb e madhe me t\u00eb cil\u00ebn p\u00ebrballen sot shqiptar\u00ebt \u00ebsht\u00eb sfida e progresit, zhvillimit dhe e nj\u00eb jete m\u00eb t\u00eb mir\u00eb.<\/p>\n<p>T\u00eb nd\u00ebrgjegjsh\u00ebm p\u00ebr r\u00ebnd\u00ebsin\u00eb q\u00eb ka suksesi i bashk\u00ebpunimit mes nesh p\u00ebr avancimin e kauz\u00ebs s\u00eb shqiptar\u00ebve n\u00eb rajon.<\/p>\n<p>Me bindjen se duke bashkuar forcat duke m\u00ebsuar nga p\u00ebrvojat e nj\u00ebri tjetrit dhe duke mb\u00ebshtetur nj\u00ebri tjetrin, mund t\u00eb garantojm\u00eb nj\u00eb cil\u00ebsi m\u00eb t\u00eb mir\u00eb jetese p\u00ebr qytetar\u00ebt tan\u00eb.\u201d thuhet n\u00eb memorandumin e n\u00ebnshkruar t\u00eb pes\u00eb kryetar\u00ebve t\u00eb unionit t\u00eb bashkive. \/TetovaSot\/<\/p>\n<p><a href=\"http:\/\/www.visit-ulcinj.com\/blog\/wp-content\/uploads\/2016\/11\/Teuta-Arifi-n\u00ebnshkruan-memorandum-Nazif-Cungu-1.jpg\"><img loading=\"lazy\" class=\"alignleft wp-image-101292\" src=\"http:\/\/www.visit-ulcinj.com\/blog\/wp-content\/uploads\/2016\/11\/Teuta-Arifi-n\u00ebnshkruan-memorandum-Nazif-Cungu-1.jpg\" alt=\"Teuta Arifi n\u00ebnshkruan memorandum-Nazif-Cungu-1\" width=\"508\" height=\"339\" srcset=\"https:\/\/www.visit-ulcinj.com\/blog\/wp-content\/uploads\/2016\/11\/Teuta-Arifi-n\u00ebnshkruan-memorandum-Nazif-Cungu-1.jpg 960w, https:\/\/www.visit-ulcinj.com\/blog\/wp-content\/uploads\/2016\/11\/Teuta-Arifi-n\u00ebnshkruan-memorandum-Nazif-Cungu-1-300x200.jpg 300w, https:\/\/www.visit-ulcinj.com\/blog\/wp-content\/uploads\/2016\/11\/Teuta-Arifi-n\u00ebnshkruan-memorandum-Nazif-Cungu-1-768x512.jpg 768w\" sizes=\"(max-width: 508px) 100vw, 508px\" \/><\/a> <a href=\"http:\/\/www.visit-ulcinj.com\/blog\/wp-content\/uploads\/2016\/11\/Teuta-Arifi-n\u00ebnshkruan-memorandum-Nazif-Cungu-2.jpg\"><img loading=\"lazy\" class=\"alignleft wp-image-101293\" src=\"http:\/\/www.visit-ulcinj.com\/blog\/wp-content\/uploads\/2016\/11\/Teuta-Arifi-n\u00ebnshkruan-memorandum-Nazif-Cungu-2.jpg\" alt=\"Teuta Arifi n\u00ebnshkruan memorandum-Nazif-Cungu-2\" width=\"508\" height=\"339\" srcset=\"https:\/\/www.visit-ulcinj.com\/blog\/wp-content\/uploads\/2016\/11\/Teuta-Arifi-n\u00ebnshkruan-memorandum-Nazif-Cungu-2.jpg 960w, https:\/\/www.visit-ulcinj.com\/blog\/wp-content\/uploads\/2016\/11\/Teuta-Arifi-n\u00ebnshkruan-memorandum-Nazif-Cungu-2-300x200.jpg 300w, https:\/\/www.visit-ulcinj.com\/blog\/wp-content\/uploads\/2016\/11\/Teuta-Arifi-n\u00ebnshkruan-memorandum-Nazif-Cungu-2-768x512.jpg 768w\" sizes=\"(max-width: 508px) 100vw, 508px\" \/><\/a> <a href=\"http:\/\/www.visit-ulcinj.com\/blog\/wp-content\/uploads\/2016\/11\/Teuta-Arifi-n\u00ebnshkruan-memorandum-Nazif-Cungu-3.jpg\"><img loading=\"lazy\" class=\"alignleft wp-image-101294\" src=\"http:\/\/www.visit-ulcinj.com\/blog\/wp-content\/uploads\/2016\/11\/Teuta-Arifi-n\u00ebnshkruan-memorandum-Nazif-Cungu-3.jpg\" alt=\"Teuta Arifi n\u00ebnshkruan memorandum-Nazif-Cungu-3\" width=\"508\" height=\"339\" srcset=\"https:\/\/www.visit-ulcinj.com\/blog\/wp-content\/uploads\/2016\/11\/Teuta-Arifi-n\u00ebnshkruan-memorandum-Nazif-Cungu-3.jpg 960w, https:\/\/www.visit-ulcinj.com\/blog\/wp-content\/uploads\/2016\/11\/Teuta-Arifi-n\u00ebnshkruan-memorandum-Nazif-Cungu-3-300x200.jpg 300w, https:\/\/www.visit-ulcinj.com\/blog\/wp-content\/uploads\/2016\/11\/Teuta-Arifi-n\u00ebnshkruan-memorandum-Nazif-Cungu-3-768x512.jpg 768w\" sizes=\"(max-width: 508px) 100vw, 508px\" \/><\/a><\/p>\n<\/div>\n","protected":false},"excerpt":{"rendered":"<p>Kryetarja e komun\u00ebs s\u00eb Tetov\u00ebs, Teuta Arifi sot ka n\u00ebnshkruar memorandum bashk\u00ebpunimi me kat\u00ebr komuna tjera t\u00eb Tiran\u00ebs, Prishtin\u00ebs, Ulqinit dhe Preshev\u00ebs. Ky memorandum vjen pasi k\u00ebta komuna krijuan unionin e bashklive shqiptare n\u00eb rajon, raporton TetovaSot. \u201cNe, Kryetar\u00ebt e Bashkive t\u00eb Tiran\u00ebs, Prishtin\u00ebs, Tetov\u00ebs, Ulqinit dhe Preshev\u00ebs, t\u00eb mbledhur me d\u00ebshir\u00ebn dhe vullnetin e [&hellip;]<\/p>\n","protected":false},"author":1,"featured_media":0,"comment_status":"closed","ping_status":"closed","sticky":false,"template":"","format":"standard","meta":{"spay_email":"","jetpack_publicize_message":"","jetpack_is_tweetstorm":false,"jetpack_publicize_feature_enabled":true},"categories":[13],"tags":[],"jetpack_publicize_connections":[],"yoast_head":"<!-- This site is optimized with the Yoast SEO plugin v19.1 - https:\/\/yoast.com\/wordpress\/plugins\/seo\/ -->\n<title>Teuta Arifi n\u00ebnshkruan memorandum bashk\u00ebpunimi me kat\u00ebr komuna shqiptare - Lajme nga Ulqini<\/title>\n<meta name=\"description\" content=\"Kryetarja e komun\u00ebs s\u00eb Tetov\u00ebs, Teuta Arifi sot ka n\u00ebnshkruar memorandum bashk\u00ebpunimi me kat\u00ebr komuna tjera t\u00eb Tiran\u00ebs, Prishtin\u00ebs, Ulqinit dhe Preshev\u00ebs.\" \/>\n<meta name=\"robots\" content=\"index, follow, max-snippet:-1, max-image-preview:large, max-video-preview:-1\" \/>\n<link rel=\"canonical\" href=\"https:\/\/www.visit-ulcinj.com\/blog\/2016\/11\/28\/teuta-arifi-nenshkruan-memorandum-bashkepunimi-kater-komuna-shqiptare\/\" \/>\n<meta property=\"og:locale\" content=\"en_US\" \/>\n<meta property=\"og:type\" content=\"article\" \/>\n<meta property=\"og:title\" content=\"Teuta Arifi n\u00ebnshkruan memorandum bashk\u00ebpunimi me kat\u00ebr komuna shqiptare - Lajme nga Ulqini\" \/>\n<meta property=\"og:description\" content=\"Kryetarja e komun\u00ebs s\u00eb Tetov\u00ebs, Teuta Arifi sot ka n\u00ebnshkruar memorandum bashk\u00ebpunimi me kat\u00ebr komuna tjera t\u00eb Tiran\u00ebs, Prishtin\u00ebs, Ulqinit dhe Preshev\u00ebs.\" \/>\n<meta property=\"og:url\" content=\"https:\/\/www.visit-ulcinj.com\/blog\/2016\/11\/28\/teuta-arifi-nenshkruan-memorandum-bashkepunimi-kater-komuna-shqiptare\/\" \/>\n<meta property=\"og:site_name\" content=\"Lajme nga Ulqini\" \/>\n<meta property=\"article:published_time\" content=\"2016-11-28T07:28:09+00:00\" \/>\n<meta name=\"twitter:label1\" content=\"Written by\" \/>\n\t<meta name=\"twitter:data1\" content=\"ulqini\" \/>\n\t<meta name=\"twitter:label2\" content=\"Est. reading time\" \/>\n\t<meta name=\"twitter:data2\" content=\"1 minute\" \/>\n<script type=\"application\/ld+json\" class=\"yoast-schema-graph\">{\"@context\":\"https:\/\/schema.org\",\"@graph\":[{\"@type\":\"WebSite\",\"@id\":\"https:\/\/www.visit-ulcinj.com\/blog\/#website\",\"url\":\"https:\/\/www.visit-ulcinj.com\/blog\/\",\"name\":\"Lajme nga Ulqini\",\"description\":\"Lajme,Vijesti,Ulqini,Ulqin,Crna Gora,Mali i Zi\",\"potentialAction\":[{\"@type\":\"SearchAction\",\"target\":{\"@type\":\"EntryPoint\",\"urlTemplate\":\"https:\/\/www.visit-ulcinj.com\/blog\/?s={search_term_string}\"},\"query-input\":\"required name=search_term_string\"}],\"inLanguage\":\"en-US\"},{\"@type\":\"WebPage\",\"@id\":\"https:\/\/www.visit-ulcinj.com\/blog\/2016\/11\/28\/teuta-arifi-nenshkruan-memorandum-bashkepunimi-kater-komuna-shqiptare\/#webpage\",\"url\":\"https:\/\/www.visit-ulcinj.com\/blog\/2016\/11\/28\/teuta-arifi-nenshkruan-memorandum-bashkepunimi-kater-komuna-shqiptare\/\",\"name\":\"Teuta Arifi n\u00ebnshkruan memorandum bashk\u00ebpunimi me kat\u00ebr komuna shqiptare - Lajme nga Ulqini\",\"isPartOf\":{\"@id\":\"https:\/\/www.visit-ulcinj.com\/blog\/#website\"},\"datePublished\":\"2016-11-28T07:28:09+00:00\",\"dateModified\":\"2016-11-28T07:28:09+00:00\",\"author\":{\"@id\":\"https:\/\/www.visit-ulcinj.com\/blog\/#\/schema\/person\/dcab619c614d3038751c63bc2aadc06d\"},\"description\":\"Kryetarja e komun\u00ebs s\u00eb Tetov\u00ebs, Teuta Arifi sot ka n\u00ebnshkruar memorandum bashk\u00ebpunimi me kat\u00ebr komuna tjera t\u00eb Tiran\u00ebs, Prishtin\u00ebs, Ulqinit dhe Preshev\u00ebs.\",\"breadcrumb\":{\"@id\":\"https:\/\/www.visit-ulcinj.com\/blog\/2016\/11\/28\/teuta-arifi-nenshkruan-memorandum-bashkepunimi-kater-komuna-shqiptare\/#breadcrumb\"},\"inLanguage\":\"en-US\",\"potentialAction\":[{\"@type\":\"ReadAction\",\"target\":[\"https:\/\/www.visit-ulcinj.com\/blog\/2016\/11\/28\/teuta-arifi-nenshkruan-memorandum-bashkepunimi-kater-komuna-shqiptare\/\"]}]},{\"@type\":\"BreadcrumbList\",\"@id\":\"https:\/\/www.visit-ulcinj.com\/blog\/2016\/11\/28\/teuta-arifi-nenshkruan-memorandum-bashkepunimi-kater-komuna-shqiptare\/#breadcrumb\",\"itemListElement\":[{\"@type\":\"ListItem\",\"position\":1,\"name\":\"Teuta Arifi n\u00ebnshkruan memorandum bashk\u00ebpunimi me kat\u00ebr komuna shqiptare\"}]},{\"@type\":\"Person\",\"@id\":\"https:\/\/www.visit-ulcinj.com\/blog\/#\/schema\/person\/dcab619c614d3038751c63bc2aadc06d\",\"name\":\"ulqini\",\"sameAs\":[\"http:\/\/www.visit-ulcinj.com\"],\"url\":\"https:\/\/www.visit-ulcinj.com\/blog\/author\/admin\/\"}]}<\/script>\n<!-- \/ Yoast SEO plugin. -->","yoast_head_json":{"title":"Teuta Arifi n\u00ebnshkruan memorandum bashk\u00ebpunimi me kat\u00ebr komuna shqiptare - Lajme nga Ulqini","description":"Kryetarja e komun\u00ebs s\u00eb Tetov\u00ebs, Teuta Arifi sot ka n\u00ebnshkruar memorandum bashk\u00ebpunimi me kat\u00ebr komuna tjera t\u00eb Tiran\u00ebs, Prishtin\u00ebs, Ulqinit dhe Preshev\u00ebs.","robots":{"index":"index","follow":"follow","max-snippet":"max-snippet:-1","max-image-preview":"max-image-preview:large","max-video-preview":"max-video-preview:-1"},"canonical":"https:\/\/www.visit-ulcinj.com\/blog\/2016\/11\/28\/teuta-arifi-nenshkruan-memorandum-bashkepunimi-kater-komuna-shqiptare\/","og_locale":"en_US","og_type":"article","og_title":"Teuta Arifi n\u00ebnshkruan memorandum bashk\u00ebpunimi me kat\u00ebr komuna shqiptare - Lajme nga Ulqini","og_description":"Kryetarja e komun\u00ebs s\u00eb Tetov\u00ebs, Teuta Arifi sot ka n\u00ebnshkruar memorandum bashk\u00ebpunimi me kat\u00ebr komuna tjera t\u00eb Tiran\u00ebs, Prishtin\u00ebs, Ulqinit dhe Preshev\u00ebs.","og_url":"https:\/\/www.visit-ulcinj.com\/blog\/2016\/11\/28\/teuta-arifi-nenshkruan-memorandum-bashkepunimi-kater-komuna-shqiptare\/","og_site_name":"Lajme nga Ulqini","article_published_time":"2016-11-28T07:28:09+00:00","twitter_misc":{"Written by":"ulqini","Est. reading time":"1 minute"},"schema":{"@context":"https:\/\/schema.org","@graph":[{"@type":"WebSite","@id":"https:\/\/www.visit-ulcinj.com\/blog\/#website","url":"https:\/\/www.visit-ulcinj.com\/blog\/","name":"Lajme nga Ulqini","description":"Lajme,Vijesti,Ulqini,Ulqin,Crna Gora,Mali i Zi","potentialAction":[{"@type":"SearchAction","target":{"@type":"EntryPoint","urlTemplate":"https:\/\/www.visit-ulcinj.com\/blog\/?s={search_term_string}"},"query-input":"required name=search_term_string"}],"inLanguage":"en-US"},{"@type":"WebPage","@id":"https:\/\/www.visit-ulcinj.com\/blog\/2016\/11\/28\/teuta-arifi-nenshkruan-memorandum-bashkepunimi-kater-komuna-shqiptare\/#webpage","url":"https:\/\/www.visit-ulcinj.com\/blog\/2016\/11\/28\/teuta-arifi-nenshkruan-memorandum-bashkepunimi-kater-komuna-shqiptare\/","name":"Teuta Arifi n\u00ebnshkruan memorandum bashk\u00ebpunimi me kat\u00ebr komuna shqiptare - Lajme nga Ulqini","isPartOf":{"@id":"https:\/\/www.visit-ulcinj.com\/blog\/#website"},"datePublished":"2016-11-28T07:28:09+00:00","dateModified":"2016-11-28T07:28:09+00:00","author":{"@id":"https:\/\/www.visit-ulcinj.com\/blog\/#\/schema\/person\/dcab619c614d3038751c63bc2aadc06d"},"description":"Kryetarja e komun\u00ebs s\u00eb Tetov\u00ebs, Teuta Arifi sot ka n\u00ebnshkruar memorandum bashk\u00ebpunimi me kat\u00ebr komuna tjera t\u00eb Tiran\u00ebs, Prishtin\u00ebs, Ulqinit dhe Preshev\u00ebs.","breadcrumb":{"@id":"https:\/\/www.visit-ulcinj.com\/blog\/2016\/11\/28\/teuta-arifi-nenshkruan-memorandum-bashkepunimi-kater-komuna-shqiptare\/#breadcrumb"},"inLanguage":"en-US","potentialAction":[{"@type":"ReadAction","target":["https:\/\/www.visit-ulcinj.com\/blog\/2016\/11\/28\/teuta-arifi-nenshkruan-memorandum-bashkepunimi-kater-komuna-shqiptare\/"]}]},{"@type":"BreadcrumbList","@id":"https:\/\/www.visit-ulcinj.com\/blog\/2016\/11\/28\/teuta-arifi-nenshkruan-memorandum-bashkepunimi-kater-komuna-shqiptare\/#breadcrumb","itemListElement":[{"@type":"ListItem","position":1,"name":"Teuta Arifi n\u00ebnshkruan memorandum bashk\u00ebpunimi me kat\u00ebr komuna shqiptare"}]},{"@type":"Person","@id":"https:\/\/www.visit-ulcinj.com\/blog\/#\/schema\/person\/dcab619c614d3038751c63bc2aadc06d","name":"ulqini","sameAs":["http:\/\/www.visit-ulcinj.com"],"url":"https:\/\/www.visit-ulcinj.com\/blog\/author\/admin\/"}]}},"jetpack_featured_media_url":"","jetpack_sharing_enabled":true,"jetpack_shortlink":"https:\/\/wp.me\/pe6lTn-qlI","_links":{"self":[{"href":"https:\/\/www.visit-ulcinj.com\/blog\/wp-json\/wp\/v2\/posts\/101290"}],"collection":[{"href":"https:\/\/www.visit-ulcinj.com\/blog\/wp-json\/wp\/v2\/posts"}],"about":[{"href":"https:\/\/www.visit-ulcinj.com\/blog\/wp-json\/wp\/v2\/types\/post"}],"author":[{"embeddable":true,"href":"https:\/\/www.visit-ulcinj.com\/blog\/wp-json\/wp\/v2\/users\/1"}],"replies":[{"embeddable":true,"href":"https:\/\/www.visit-ulcinj.com\/blog\/wp-json\/wp\/v2\/comments?post=101290"}],"version-history":[{"count":1,"href":"https:\/\/www.visit-ulcinj.com\/blog\/wp-json\/wp\/v2\/posts\/101290\/revisions"}],"predecessor-version":[{"id":101295,"href":"https:\/\/www.visit-ulcinj.com\/blog\/wp-json\/wp\/v2\/posts\/101290\/revisions\/101295"}],"wp:attachment":[{"href":"https:\/\/www.visit-ulcinj.com\/blog\/wp-json\/wp\/v2\/media?parent=101290"}],"wp:term":[{"taxonomy":"category","embeddable":true,"href":"https:\/\/www.visit-ulcinj.com\/blog\/wp-json\/wp\/v2\/categories?post=101290"},{"taxonomy":"post_tag","embeddable":true,"href":"https:\/\/www.visit-ulcinj.com\/blog\/wp-json\/wp\/v2\/tags?post=101290"}],"curies":[{"name":"wp","href":"https:\/\/api.w.org\/{rel}","templated":true}]}}