{"id":101296,"date":"2016-11-28T08:40:32","date_gmt":"2016-11-28T07:40:32","guid":{"rendered":"http:\/\/www.visit-ulcinj.com\/blog\/?p=101296"},"modified":"2016-11-28T08:40:32","modified_gmt":"2016-11-28T07:40:32","slug":"abazoviq-shqiptaret-ne-mal-te-zi-te-diskriminuar","status":"publish","type":"post","link":"https:\/\/www.visit-ulcinj.com\/blog\/2016\/11\/28\/abazoviq-shqiptaret-ne-mal-te-zi-te-diskriminuar\/","title":{"rendered":"Abazoviq: Shqiptar\u00ebt n\u00eb Mal t\u00eb Zi t\u00eb diskriminuar!"},"content":{"rendered":"<div class=\"inside-text-paragraphs\">\n<p><a href=\"http:\/\/www.visit-ulcinj.com\/blog\/wp-content\/uploads\/2016\/11\/abazoviq.jpg\"><img loading=\"lazy\" class=\"alignleft wp-image-101297\" src=\"http:\/\/www.visit-ulcinj.com\/blog\/wp-content\/uploads\/2016\/11\/abazoviq.jpg\" alt=\"abazoviq\" width=\"508\" height=\"278\" srcset=\"https:\/\/www.visit-ulcinj.com\/blog\/wp-content\/uploads\/2016\/11\/abazoviq.jpg 871w, https:\/\/www.visit-ulcinj.com\/blog\/wp-content\/uploads\/2016\/11\/abazoviq-300x164.jpg 300w, https:\/\/www.visit-ulcinj.com\/blog\/wp-content\/uploads\/2016\/11\/abazoviq-768x421.jpg 768w\" sizes=\"(max-width: 508px) 100vw, 508px\" \/><\/a>Ish- deputeti shqiptar n\u00eb\u00a0 parlamentin e Malit t\u00eb Zi, Dritan Abazoviqi n\u00eb nj\u00eb prononcim dh\u00ebn\u00eb gazet\u00ebs <strong>&#8216;Zeri<\/strong>&#8216;, ka th\u00ebn\u00eb se shqiptar\u00ebt e Malit t\u00eb Zi nuk shohin progres n\u00eb k\u00ebt\u00eb vend. Ish-deputeti thot\u00eb se t\u00eb rinj\u00ebt shqiptar\u00eb po braktisin vendin p\u00ebr nj\u00eb jet\u00eb m\u00eb t\u00eb mir\u00eb n\u00eb vendet e tjera t\u00eb bot\u00ebs.<\/p>\n<p>Abazoviq tutje thot\u00eb se vet\u00ebm n\u00eb 15 vitet e fundit\u00a0 numri i shqiprave ka r\u00ebn\u00eb prej 7% n\u00eb 4,9% pra kumulativisht 27%.<\/p>\n<p>&#8221; Gjendja n\u00eb p\u00ebrgjith\u00ebsi n\u00eb Malin e Zi \u00ebsht\u00eb p\u00ebr tu d\u00ebshiruar, e sidomos ajo e shqiptarve kur kemi parasysh faktet, t\u00eb cilat p\u00ebr fat t\u00eb keq nuk\u00a0 jan\u00eb n\u00eb favorin ton\u00eb. Emigirimi \u00ebsht\u00eb dukuri aktuale, vet\u00ebm n\u00eb 15 vitet e fundit numri i shqiprave ka r\u00ebn\u00eb prej 7% n\u00eb 4,9% pra kumulativisht 27%. Shqiptaret nuk shohin progress dhe t\u00eb ardhme n\u00eb vendin e tyre dhe p\u00ebr k\u00ebt\u00eb emigrojn\u00eb jasht\u00eb, ose t\u00eb rinjt\u00eb mbesin n\u00eb vendet ku ato i kryejn studimet e tyre, e gjith\u00eb kjo p\u00ebr shkak t\u00eb politikave t\u00eb gabuara t\u00eb partive n\u00eb pushtet, q\u00eb edhe e kan\u00eb pruar gjendjen deri n\u00eb k\u00ebt\u00eb nivel&#8221;, ka th\u00ebn\u00eb Abazoviq, shkruan <strong>zeri.info<\/strong>.<\/p>\n<p>Ish-deputeti nd\u00ebr t\u00eb tjera thot\u00eb se c\u00ebshtja e arsimit t\u00eb t\u00eb rinjve shqiptar\u00eb nuk \u00ebsht\u00eb e k\u00ebnaqshme n\u00eb Mal t\u00eb Zi. Ai thot\u00eb se arsimi i lart\u00eb p\u00ebr shqiptar\u00ebt n\u00eb Mal t\u00eb Zi nuk ekziston fare. Sipas tij kyqja e shqiptar\u00ebve n\u00eb administraten shtet\u00ebrore \u00ebsht\u00eb shum\u00eb e vog\u00ebl.<\/p>\n<p>&#8221; Eksistojn\u00eb disa probleme q\u00eb e v\u00ebshtirsojn\u00eb gjendjen e shqiptarve n\u00eb Mal t\u00eb Zi. Mbi t\u00eb gjitha arsimimi i lart\u00eb n\u00eb gjuhen shqipe nuk egziston fare ve\u00e7se ai i Fakultetit edukativ, nuk \u00ebsht\u00eb p\u00ebrfunduar ende kthimi i pronave ku jetojn\u00eb shqiptar\u00ebt, mungon zhvillimi i pjes\u00ebve turistike dhe rurale\u00a0 ku jetojn\u00eb shqiptar\u00ebt, ky\u00e7ja e shqiptar\u00ebve ne administrat\u00ebn shtetrore \u00ebsht\u00eb shum\u00eb e vogel ve\u00e7s\u00ebse 1.5% , mund\u00ebsia q\u00eb komuna e Mal\u00ebsise-Tuzit t\u00eb jet\u00eb m\u00eb vehte ende nuk \u00ebsht\u00eb p\u00ebrfunduar etj&#8221;, pohon Abazoviqi.<\/p>\n<p><a href=\"http:\/\/www.visit-ulcinj.com\/blog\/wp-content\/uploads\/2016\/11\/Dritan-Abazoviq.jpg\"><img loading=\"lazy\" class=\"alignleft wp-image-101298\" src=\"http:\/\/www.visit-ulcinj.com\/blog\/wp-content\/uploads\/2016\/11\/Dritan-Abazoviq.jpg\" alt=\"Dritan-Abazoviq\" width=\"508\" height=\"660\" srcset=\"https:\/\/www.visit-ulcinj.com\/blog\/wp-content\/uploads\/2016\/11\/Dritan-Abazoviq.jpg 749w, https:\/\/www.visit-ulcinj.com\/blog\/wp-content\/uploads\/2016\/11\/Dritan-Abazoviq-231x300.jpg 231w\" sizes=\"(max-width: 508px) 100vw, 508px\" \/><\/a><\/p>\n<p>Nd\u00ebrkaq sa i p\u00ebrket\u00eb fuqis\u00eb politike t\u00eb shqiptar\u00ebve t\u00eb Malit t\u00eb Zi, Abazoviqi thot\u00eb se shqiptar\u00ebt\u00a0 p\u00ebrmes partive nacionale kan\u00eb pasur dhe kan\u00eb mund\u00ebsi t\u00eb shprehin fuqin por nj\u00eb gj\u00eb t\u00eb till nuk e kan\u00eb b\u00ebr kurr\u00eb.<\/p>\n<p>Po ashtu Abazoviqi deklaron se partit\u00eb nacionale tani e kan\u00eb pasur shansin e tyre historik t\u00eb zgjidhin \u00e7do problem t\u00eb shqiptarve n\u00eb Mal t\u00eb Zi<\/p>\n<p>&#8221; Shqiptaret\u00a0 p\u00ebrmes partive nacionale kan\u00eb pasur dhe kan\u00eb mund\u00ebsi t\u00eb shprehin fuqin por nj\u00eb gj\u00eb t\u00eb till nuk e kan\u00eb b\u00ebr kurr\u00eb. Partit\u00eb nacionale t\u00eb p\u00ebrfaqsuara me pes\u00eb deputet para ca viteve kan\u00eb arritur n\u00eb nj\u00eb t\u00eb vetem, ky fakt tregon\u00a0 shum\u00eb p\u00ebr mb\u00ebshtetjen edhe pun\u00ebn e tyre. T\u00eb nj\u00ebjtat nuk kan\u00eb b\u00ebr asgj\u00eb n\u00eb lidhje n\u00eb problemet e lartcekura edhe pse kan\u00eb pasur mundesi per nj\u00eb veprim t\u00eb till, sepse pothajse gjat\u00eb gjith\u00eb koh\u00ebs jan\u00eb pjes\u00eb e pushtetit qendror. Partit\u00eb nacionale tani e kan\u00eb pasur shansin e tyre historik t\u00eb zgjidhin \u00e7do problem t\u00eb shqiptarve n\u00eb Mal t\u00eb Zi. Opozita i u ka ofruar shum\u00eb vende ministrore madje edhe vet Kryeministrin, por nj\u00eb gj\u00eb t\u00eb till nuk e kan\u00eb pranuar dhe jan\u00eb bashkuar partnerit t\u00eb vjet\u00ebr Gjukanoviqit, i cili nuk i ka zgjidh, p\u00ebrkundrazi i ka thelluar problemet e shqiptar\u00ebve, dhe i nj\u00ebjti i ka ofrura ve\u00e7se nj\u00eb vend ministror, dhe at\u00eb Ministrin\u00eb me jo shum\u00eb r\u00ebnd\u00ebsi Ministrin\u00eb e pakicave. Kjo \u00ebsht\u00eb fuqia reale e shqiptarve&#8221;, ka th\u00ebn\u00eb Dritan Abazoviq.<\/p>\n<p><strong>ZERI<\/strong><\/p>\n<\/div>\n","protected":false},"excerpt":{"rendered":"<p>Ish- deputeti shqiptar n\u00eb\u00a0 parlamentin e Malit t\u00eb Zi, Dritan Abazoviqi n\u00eb nj\u00eb prononcim dh\u00ebn\u00eb gazet\u00ebs &#8216;Zeri&#8216;, ka th\u00ebn\u00eb se shqiptar\u00ebt e Malit t\u00eb Zi nuk shohin progres n\u00eb k\u00ebt\u00eb vend. Ish-deputeti thot\u00eb se t\u00eb rinj\u00ebt shqiptar\u00eb po braktisin vendin p\u00ebr nj\u00eb jet\u00eb m\u00eb t\u00eb mir\u00eb n\u00eb vendet e tjera t\u00eb bot\u00ebs. Abazoviq tutje thot\u00eb [&hellip;]<\/p>\n","protected":false},"author":1,"featured_media":0,"comment_status":"closed","ping_status":"closed","sticky":false,"template":"","format":"standard","meta":{"spay_email":"","jetpack_publicize_message":"","jetpack_is_tweetstorm":false,"jetpack_publicize_feature_enabled":true},"categories":[12],"tags":[],"jetpack_publicize_connections":[],"yoast_head":"<!-- This site is optimized with the Yoast SEO plugin v19.1 - https:\/\/yoast.com\/wordpress\/plugins\/seo\/ -->\n<title>Abazoviq: Shqiptar\u00ebt n\u00eb Mal t\u00eb Zi t\u00eb diskriminuar! - Lajme nga Ulqini<\/title>\n<meta name=\"description\" content=\"Ish- deputeti shqiptar n\u00eb\u00a0 parlamentin e Malit t\u00eb Zi, Dritan Abazoviqi n\u00eb nj\u00eb prononcim dh\u00ebn\u00eb gazet\u00ebs &#039;Zeri&#039;, ka th\u00ebn\u00eb se shqiptar\u00ebt e Malit t\u00eb Zi nuk\" \/>\n<meta name=\"robots\" content=\"index, follow, max-snippet:-1, max-image-preview:large, max-video-preview:-1\" \/>\n<link rel=\"canonical\" href=\"https:\/\/www.visit-ulcinj.com\/blog\/2016\/11\/28\/abazoviq-shqiptaret-ne-mal-te-zi-te-diskriminuar\/\" \/>\n<meta property=\"og:locale\" content=\"en_US\" \/>\n<meta property=\"og:type\" content=\"article\" \/>\n<meta property=\"og:title\" content=\"Abazoviq: Shqiptar\u00ebt n\u00eb Mal t\u00eb Zi t\u00eb diskriminuar! - Lajme nga Ulqini\" \/>\n<meta property=\"og:description\" content=\"Ish- deputeti shqiptar n\u00eb\u00a0 parlamentin e Malit t\u00eb Zi, Dritan Abazoviqi n\u00eb nj\u00eb prononcim dh\u00ebn\u00eb gazet\u00ebs &#039;Zeri&#039;, ka th\u00ebn\u00eb se shqiptar\u00ebt e Malit t\u00eb Zi nuk\" \/>\n<meta property=\"og:url\" content=\"https:\/\/www.visit-ulcinj.com\/blog\/2016\/11\/28\/abazoviq-shqiptaret-ne-mal-te-zi-te-diskriminuar\/\" \/>\n<meta property=\"og:site_name\" content=\"Lajme nga Ulqini\" \/>\n<meta property=\"article:published_time\" content=\"2016-11-28T07:40:32+00:00\" \/>\n<meta property=\"og:image\" content=\"http:\/\/www.visit-ulcinj.com\/blog\/wp-content\/uploads\/2016\/11\/abazoviq.jpg\" \/>\n<meta name=\"twitter:label1\" content=\"Written by\" \/>\n\t<meta name=\"twitter:data1\" content=\"ulqini\" \/>\n\t<meta name=\"twitter:label2\" content=\"Est. reading time\" \/>\n\t<meta name=\"twitter:data2\" content=\"3 minutes\" \/>\n<script type=\"application\/ld+json\" class=\"yoast-schema-graph\">{\"@context\":\"https:\/\/schema.org\",\"@graph\":[{\"@type\":\"WebSite\",\"@id\":\"https:\/\/www.visit-ulcinj.com\/blog\/#website\",\"url\":\"https:\/\/www.visit-ulcinj.com\/blog\/\",\"name\":\"Lajme nga Ulqini\",\"description\":\"Lajme,Vijesti,Ulqini,Ulqin,Crna Gora,Mali i Zi\",\"potentialAction\":[{\"@type\":\"SearchAction\",\"target\":{\"@type\":\"EntryPoint\",\"urlTemplate\":\"https:\/\/www.visit-ulcinj.com\/blog\/?s={search_term_string}\"},\"query-input\":\"required name=search_term_string\"}],\"inLanguage\":\"en-US\"},{\"@type\":\"ImageObject\",\"inLanguage\":\"en-US\",\"@id\":\"https:\/\/www.visit-ulcinj.com\/blog\/2016\/11\/28\/abazoviq-shqiptaret-ne-mal-te-zi-te-diskriminuar\/#primaryimage\",\"url\":\"https:\/\/www.visit-ulcinj.com\/blog\/wp-content\/uploads\/2016\/11\/abazoviq.jpg\",\"contentUrl\":\"https:\/\/www.visit-ulcinj.com\/blog\/wp-content\/uploads\/2016\/11\/abazoviq.jpg\",\"width\":871,\"height\":477},{\"@type\":\"WebPage\",\"@id\":\"https:\/\/www.visit-ulcinj.com\/blog\/2016\/11\/28\/abazoviq-shqiptaret-ne-mal-te-zi-te-diskriminuar\/#webpage\",\"url\":\"https:\/\/www.visit-ulcinj.com\/blog\/2016\/11\/28\/abazoviq-shqiptaret-ne-mal-te-zi-te-diskriminuar\/\",\"name\":\"Abazoviq: Shqiptar\u00ebt n\u00eb Mal t\u00eb Zi t\u00eb diskriminuar! - Lajme nga Ulqini\",\"isPartOf\":{\"@id\":\"https:\/\/www.visit-ulcinj.com\/blog\/#website\"},\"primaryImageOfPage\":{\"@id\":\"https:\/\/www.visit-ulcinj.com\/blog\/2016\/11\/28\/abazoviq-shqiptaret-ne-mal-te-zi-te-diskriminuar\/#primaryimage\"},\"datePublished\":\"2016-11-28T07:40:32+00:00\",\"dateModified\":\"2016-11-28T07:40:32+00:00\",\"author\":{\"@id\":\"https:\/\/www.visit-ulcinj.com\/blog\/#\/schema\/person\/dcab619c614d3038751c63bc2aadc06d\"},\"description\":\"Ish- deputeti shqiptar n\u00eb\u00a0 parlamentin e Malit t\u00eb Zi, Dritan Abazoviqi n\u00eb nj\u00eb prononcim dh\u00ebn\u00eb gazet\u00ebs 'Zeri', ka th\u00ebn\u00eb se shqiptar\u00ebt e Malit t\u00eb Zi nuk\",\"breadcrumb\":{\"@id\":\"https:\/\/www.visit-ulcinj.com\/blog\/2016\/11\/28\/abazoviq-shqiptaret-ne-mal-te-zi-te-diskriminuar\/#breadcrumb\"},\"inLanguage\":\"en-US\",\"potentialAction\":[{\"@type\":\"ReadAction\",\"target\":[\"https:\/\/www.visit-ulcinj.com\/blog\/2016\/11\/28\/abazoviq-shqiptaret-ne-mal-te-zi-te-diskriminuar\/\"]}]},{\"@type\":\"BreadcrumbList\",\"@id\":\"https:\/\/www.visit-ulcinj.com\/blog\/2016\/11\/28\/abazoviq-shqiptaret-ne-mal-te-zi-te-diskriminuar\/#breadcrumb\",\"itemListElement\":[{\"@type\":\"ListItem\",\"position\":1,\"name\":\"Abazoviq: Shqiptar\u00ebt n\u00eb Mal t\u00eb Zi t\u00eb diskriminuar!\"}]},{\"@type\":\"Person\",\"@id\":\"https:\/\/www.visit-ulcinj.com\/blog\/#\/schema\/person\/dcab619c614d3038751c63bc2aadc06d\",\"name\":\"ulqini\",\"sameAs\":[\"http:\/\/www.visit-ulcinj.com\"],\"url\":\"https:\/\/www.visit-ulcinj.com\/blog\/author\/admin\/\"}]}<\/script>\n<!-- \/ Yoast SEO plugin. -->","yoast_head_json":{"title":"Abazoviq: Shqiptar\u00ebt n\u00eb Mal t\u00eb Zi t\u00eb diskriminuar! - Lajme nga Ulqini","description":"Ish- deputeti shqiptar n\u00eb\u00a0 parlamentin e Malit t\u00eb Zi, Dritan Abazoviqi n\u00eb nj\u00eb prononcim dh\u00ebn\u00eb gazet\u00ebs 'Zeri', ka th\u00ebn\u00eb se shqiptar\u00ebt e Malit t\u00eb Zi nuk","robots":{"index":"index","follow":"follow","max-snippet":"max-snippet:-1","max-image-preview":"max-image-preview:large","max-video-preview":"max-video-preview:-1"},"canonical":"https:\/\/www.visit-ulcinj.com\/blog\/2016\/11\/28\/abazoviq-shqiptaret-ne-mal-te-zi-te-diskriminuar\/","og_locale":"en_US","og_type":"article","og_title":"Abazoviq: Shqiptar\u00ebt n\u00eb Mal t\u00eb Zi t\u00eb diskriminuar! - Lajme nga Ulqini","og_description":"Ish- deputeti shqiptar n\u00eb\u00a0 parlamentin e Malit t\u00eb Zi, Dritan Abazoviqi n\u00eb nj\u00eb prononcim dh\u00ebn\u00eb gazet\u00ebs 'Zeri', ka th\u00ebn\u00eb se shqiptar\u00ebt e Malit t\u00eb Zi nuk","og_url":"https:\/\/www.visit-ulcinj.com\/blog\/2016\/11\/28\/abazoviq-shqiptaret-ne-mal-te-zi-te-diskriminuar\/","og_site_name":"Lajme nga Ulqini","article_published_time":"2016-11-28T07:40:32+00:00","og_image":[{"url":"http:\/\/www.visit-ulcinj.com\/blog\/wp-content\/uploads\/2016\/11\/abazoviq.jpg"}],"twitter_misc":{"Written by":"ulqini","Est. reading time":"3 minutes"},"schema":{"@context":"https:\/\/schema.org","@graph":[{"@type":"WebSite","@id":"https:\/\/www.visit-ulcinj.com\/blog\/#website","url":"https:\/\/www.visit-ulcinj.com\/blog\/","name":"Lajme nga Ulqini","description":"Lajme,Vijesti,Ulqini,Ulqin,Crna Gora,Mali i Zi","potentialAction":[{"@type":"SearchAction","target":{"@type":"EntryPoint","urlTemplate":"https:\/\/www.visit-ulcinj.com\/blog\/?s={search_term_string}"},"query-input":"required name=search_term_string"}],"inLanguage":"en-US"},{"@type":"ImageObject","inLanguage":"en-US","@id":"https:\/\/www.visit-ulcinj.com\/blog\/2016\/11\/28\/abazoviq-shqiptaret-ne-mal-te-zi-te-diskriminuar\/#primaryimage","url":"https:\/\/www.visit-ulcinj.com\/blog\/wp-content\/uploads\/2016\/11\/abazoviq.jpg","contentUrl":"https:\/\/www.visit-ulcinj.com\/blog\/wp-content\/uploads\/2016\/11\/abazoviq.jpg","width":871,"height":477},{"@type":"WebPage","@id":"https:\/\/www.visit-ulcinj.com\/blog\/2016\/11\/28\/abazoviq-shqiptaret-ne-mal-te-zi-te-diskriminuar\/#webpage","url":"https:\/\/www.visit-ulcinj.com\/blog\/2016\/11\/28\/abazoviq-shqiptaret-ne-mal-te-zi-te-diskriminuar\/","name":"Abazoviq: Shqiptar\u00ebt n\u00eb Mal t\u00eb Zi t\u00eb diskriminuar! - Lajme nga Ulqini","isPartOf":{"@id":"https:\/\/www.visit-ulcinj.com\/blog\/#website"},"primaryImageOfPage":{"@id":"https:\/\/www.visit-ulcinj.com\/blog\/2016\/11\/28\/abazoviq-shqiptaret-ne-mal-te-zi-te-diskriminuar\/#primaryimage"},"datePublished":"2016-11-28T07:40:32+00:00","dateModified":"2016-11-28T07:40:32+00:00","author":{"@id":"https:\/\/www.visit-ulcinj.com\/blog\/#\/schema\/person\/dcab619c614d3038751c63bc2aadc06d"},"description":"Ish- deputeti shqiptar n\u00eb\u00a0 parlamentin e Malit t\u00eb Zi, Dritan Abazoviqi n\u00eb nj\u00eb prononcim dh\u00ebn\u00eb gazet\u00ebs 'Zeri', ka th\u00ebn\u00eb se shqiptar\u00ebt e Malit t\u00eb Zi nuk","breadcrumb":{"@id":"https:\/\/www.visit-ulcinj.com\/blog\/2016\/11\/28\/abazoviq-shqiptaret-ne-mal-te-zi-te-diskriminuar\/#breadcrumb"},"inLanguage":"en-US","potentialAction":[{"@type":"ReadAction","target":["https:\/\/www.visit-ulcinj.com\/blog\/2016\/11\/28\/abazoviq-shqiptaret-ne-mal-te-zi-te-diskriminuar\/"]}]},{"@type":"BreadcrumbList","@id":"https:\/\/www.visit-ulcinj.com\/blog\/2016\/11\/28\/abazoviq-shqiptaret-ne-mal-te-zi-te-diskriminuar\/#breadcrumb","itemListElement":[{"@type":"ListItem","position":1,"name":"Abazoviq: Shqiptar\u00ebt n\u00eb Mal t\u00eb Zi t\u00eb diskriminuar!"}]},{"@type":"Person","@id":"https:\/\/www.visit-ulcinj.com\/blog\/#\/schema\/person\/dcab619c614d3038751c63bc2aadc06d","name":"ulqini","sameAs":["http:\/\/www.visit-ulcinj.com"],"url":"https:\/\/www.visit-ulcinj.com\/blog\/author\/admin\/"}]}},"jetpack_featured_media_url":"","jetpack_sharing_enabled":true,"jetpack_shortlink":"https:\/\/wp.me\/pe6lTn-qlO","_links":{"self":[{"href":"https:\/\/www.visit-ulcinj.com\/blog\/wp-json\/wp\/v2\/posts\/101296"}],"collection":[{"href":"https:\/\/www.visit-ulcinj.com\/blog\/wp-json\/wp\/v2\/posts"}],"about":[{"href":"https:\/\/www.visit-ulcinj.com\/blog\/wp-json\/wp\/v2\/types\/post"}],"author":[{"embeddable":true,"href":"https:\/\/www.visit-ulcinj.com\/blog\/wp-json\/wp\/v2\/users\/1"}],"replies":[{"embeddable":true,"href":"https:\/\/www.visit-ulcinj.com\/blog\/wp-json\/wp\/v2\/comments?post=101296"}],"version-history":[{"count":1,"href":"https:\/\/www.visit-ulcinj.com\/blog\/wp-json\/wp\/v2\/posts\/101296\/revisions"}],"predecessor-version":[{"id":101299,"href":"https:\/\/www.visit-ulcinj.com\/blog\/wp-json\/wp\/v2\/posts\/101296\/revisions\/101299"}],"wp:attachment":[{"href":"https:\/\/www.visit-ulcinj.com\/blog\/wp-json\/wp\/v2\/media?parent=101296"}],"wp:term":[{"taxonomy":"category","embeddable":true,"href":"https:\/\/www.visit-ulcinj.com\/blog\/wp-json\/wp\/v2\/categories?post=101296"},{"taxonomy":"post_tag","embeddable":true,"href":"https:\/\/www.visit-ulcinj.com\/blog\/wp-json\/wp\/v2\/tags?post=101296"}],"curies":[{"name":"wp","href":"https:\/\/api.w.org\/{rel}","templated":true}]}}