{"id":101307,"date":"2016-11-28T15:39:38","date_gmt":"2016-11-28T14:39:38","guid":{"rendered":"http:\/\/www.visit-ulcinj.com\/blog\/?p=101307"},"modified":"2016-11-28T15:47:22","modified_gmt":"2016-11-28T14:47:22","slug":"nika-na-ishin-tre-shoke-u-prish-trojka-boro-lubo-loro","status":"publish","type":"post","link":"https:\/\/www.visit-ulcinj.com\/blog\/2016\/11\/28\/nika-na-ishin-tre-shoke-u-prish-trojka-boro-lubo-loro\/","title":{"rendered":"Nika: Na ishin tre shok\u00eb &#8211; a u prish \u201cTrojka..\u201d: Boro Lubo Loro\u2026\u201d?!"},"content":{"rendered":"<p><strong><em><a href=\"http:\/\/www.visit-ulcinj.com\/blog\/wp-content\/uploads\/2014\/11\/Muhamet-Nika.jpg\"><img loading=\"lazy\" class=\"alignleft wp-image-86143 size-full\" src=\"http:\/\/www.visit-ulcinj.com\/blog\/wp-content\/uploads\/2014\/11\/Muhamet-Nika.jpg\" alt=\"Muhamet Nika, Sudski tuma\u010d- P\u00ebrkthyes gjyq\u00ebsor \u201c MUHAMET NIKA \u201d Ulcinj- Ulqin Adresa: zgrada SO ULCINJ- nd\u00ebrtesa e KK Ulqin Telefon-i: 068 264 122 Email-i : muhamet-nika@hotmail.com Albanski jezik- prof. Albanskog jezika Gjuh\u00eb shqipe- prof. I gjuh\u00ebs shqipe\" width=\"256\" height=\"319\" srcset=\"https:\/\/www.visit-ulcinj.com\/blog\/wp-content\/uploads\/2014\/11\/Muhamet-Nika.jpg 256w, https:\/\/www.visit-ulcinj.com\/blog\/wp-content\/uploads\/2014\/11\/Muhamet-Nika-240x300.jpg 240w\" sizes=\"(max-width: 256px) 100vw, 256px\" \/><\/a>Shkruan Muhamet Nika<\/em><\/strong><\/p>\n<p>\u201c Tebe nema u ovaj spisak..\u201d?!<\/p>\n<p>Ti nuk je n\u00eb k\u00ebt\u00eb regjist\u00ebr\u00a0 m\u00eb tha polici q\u00eb shp\u00ebrndante\u00a0 posten e policis\u00eb\u00a0 p\u00ebr ish udh\u00ebheq\u00ebsit e koh\u00ebs ( Hajdinaga \u2013 Nika) n\u00eb shkall\u00ebt e Komun\u00ebs.?!.Fjala ishte \u00a0p\u00ebr hetimet rreth \u00a0krimit\u00a0 t\u00eb organizuar\u00a0 q\u00eb\u00a0 po \u00a0kryhen \u00a0me urdh\u00ebr\u00a0 t\u00eb prokurorit \u00a0mbi koleg\u00ebt e Hajdinag\u00ebs..?!<\/p>\n<p>Po p\u00ebr fat\u00a0 nga kjo q\u00eb po ndodh , \u00a0p\u00ebr koh\u00ebn, pata\u00a0 shp\u00ebtuar sepse \u00a0Boro Basheviq \u2013 kryetar i komisionit t\u00eb\u00a0 ligjeve \u00a0nuk e \u00a0lejonte \u00a0\u00a0po duket at\u00ebher\u00eb \u00a0ekzekutivin \u00a0\u00a0\u00a0t\u00eb kandidonte\u00a0 pikat e dyshimta \u00a0n\u00eb kuvend. Pun\u00eb q\u00eb tashti\u00a0 nuk mund ta pengoj\u00eb as duke bojkotuar parlamentin..?!<\/p>\n<p>Mbase ky pozicionim i imi, b\u00ebri q\u00eb un\u00eb t\u00eb \u00e7oj mandatin deri n\u00eb fund( pa kriz\u00eb edhe pse e mora nga kriza&#8230;. , prej \u00a0\u00a0Nimanit\u00a0 i cili \u00a0nuk qe\u00a0\u00a0 n\u00eb gjendje t\u00eb mbledh kuvendin , por as nga Xhaudet\u00a0 Cakuli , Luigj Shkreli , Mylazim Mustafa dhe Fuad Haxhibeti , e ndoshta \u00a0edhe Loroja( k\u00ebt\u00eb\u00a0 gjysm\u00eb\u00a0 mandati&#8230;\u201d?!<\/p>\n<p><strong><em>\u00c7ka m\u00eb shqet\u00ebsonte at\u00ebher\u00eb\u00a0 ..?!<\/em><\/strong><\/p>\n<p>Ajo q\u00eb m\u00eb shqet\u00ebsonte\u00a0 koh\u00eb pas kohe \u00a0si kryetar parlamenti \u00a0ishin deklaratat e Loros\u00a0 dhe\u00a0 Luigjit, kur k\u00ebta\u00a0 2, u\u00a0 flisnin 30\u00a0 k\u00ebshilltar\u00ebve \u00a0\u00a0tjer\u00eb \u2013 sa her\u00eb kur u binte sharra n\u00eb gozhd\u00eb , fjal\u00ebt\u201d : \u201c&#8230;se ju keni di\u00e7ka kund\u00ebr ne t\u00eb treve\u00a0 Boros , Loros dhe Luigji(mbase si t\u00eb krishter\u00eb\u201d- andaj n\u00eb vete thosha &#8211; suphanallaaaaa&#8230;, p\u00ebr t\u00eb mos u koritur&#8230;?!!<\/p>\n<p>Them t\u00eb v\u00ebrtet\u00ebn \u00a0\u201c kjo di\u00e7ka &#8230;\u201d, \u00a0\u00a0t\u00eb kujtonte nj\u00eb di\u00e7 t\u00eb n\u00ebndheshme dhe konspirative t\u00eb partive nacionale ndaj tyre.<\/p>\n<p>E sot\u00a0 kur erdh\u00ebn n\u00eb pushtet \u00a0\u00a0nuk jam duke d\u00ebgjuar \u00a0\u00a0t\u00eb ankohen n\u00eb di\u00e7 t\u00eb till\u00eb.<\/p>\n<p><strong><em>Di\u00e7ka e madhe po vjen&#8230;?!<\/em><\/strong><\/p>\n<p>Dhe prap\u00eb pyesim : si\u00a0 na u prish\u00a0 fare ( trojken e famshme) , po \u00e7far\u00eb b\u00ebjn\u00eb k\u00ebshilltar\u00ebt tjer\u00eb , p\u00ebr k\u00ebt\u00eb&#8230;?! A e din\u00eb k\u00ebta q\u00eb jan\u00eb \u00a0duke votuar pika t\u00eb pa ligjshme \u00a0dhe\u00a0 obligojn\u00eb\u00a0 veten me p\u00ebrgjegj\u00ebsi \u00a0penale si koleg\u00ebt e Hajdinag\u00ebs..?! A e kan\u00eb frik\u00eb\u201d spicakun\u201d e radh\u00ebs ?!<\/p>\n<p>A por\u00a0 mbajn\u00eb n\u00eb tru at\u00eb th\u00ebnien komuniste : \u201c nema kolektivne odgovornosti..\u201d \u2013 kujdes koh\u00ebt ecin dhe ndryshojn\u00eb..?!<\/p>\n<p>Shtoj se Un\u00eb p\u00ebr koh\u00ebn time , p\u00ebr t\u00eb mos pasur telashe, e pata\u00a0 b\u00ebr\u00eb praktik\u00eb q\u00eb \u00a0nga nj\u00eb shembull t\u00eb CD-ve t\u00eb incizuara nga TV Teuta \u00a0t\u00eb seancave t\u2019i ruaj \u00a0n\u00eb arkivin personal sht\u00ebpiak&#8230;?!<\/p>\n<p>Inshalla\u00a0 kjo q\u00eb po ndodh\u00eb n\u00eb parlament nuk b\u00ebhet p\u00ebr \u201c estagfirullah&#8230;\u201d &#8211; Hetime &#8230;, po edhe kjo\u201d evallah e elhamdulilah&#8230;\u201d n\u00eb se ndodh\u00a0 b(a)ilah&#8230;\u201d?!!<\/p>\n<p><strong><em>Boroja \u00a0din t\u00eb ruaj krenarin\u00eb e vet\u00a0 ?!<\/em><\/strong><\/p>\n<p>Boroja n\u00eb mbledhjen e fundit ruajti krenarin\u00eb e vet duke th\u00ebn\u00eb:<strong><u>Zoti kryetar(loros), un\u00eb e shpreha mendimin tim t\u00eb qart\u00eb p\u00ebrse e l\u00ebshoj mbledhjen dhe nuk \u00a0pres nga ju t\u00eb luteni ekzekutivin \u00a0q\u00eb t\u00eb \u00a0jap\u00eb p\u00ebrgjigje sepse ka kush e b\u00ebn\u00eb k\u00ebt\u00eb&#8230;?!<\/u><\/strong><\/p>\n<p><strong><em>Mbase<\/em><\/strong> <strong><em>nuk \u00ebsht\u00eb e tep\u00ebrt t\u00eb them ?!<\/em><\/strong><\/p>\n<p>N\u00ebse \u201c kushtimisht\u201d po them , q\u00eb \u00a0me k\u00ebt\u00eb\u201d ju keni \u00a0di\u00e7ka kundra t\u00eb cekur\u00a0 m\u00eb par\u00eb ..\u201d, trojka- t\u00eb ket\u00eb\u00a0 alududuar\u00a0 n\u00eb p\u00ebrfaq\u00ebsim religjioz, pse jo \u00a0q\u00eb edhe un\u00eb e kuptoj; po shtoj\u00a0 se fjala Katolik, vjen nga fjala greke \u2013 <strong><em><u>katolikos\u00a0 <\/u><\/em><\/strong>, me kuptimin, gjith\u00eb p\u00ebrfshir\u00ebs , q\u00eb toleron t\u00eb \u00a0gjith\u00eb) , andaj si ka mund\u00ebsi q\u00eb t\u00eb ndjehet dikush \u00a0i p\u00ebrjashtuar \u00a0kur vet nuk p\u00ebrjashton as k\u00eb , ose t\u00eb ngjaj\u00eb kjo&#8230;?<\/p>\n<p>Un\u00eb\u00a0 nuk mund t\u00eb \u00a0besoj se e kishin fjal\u00ebn p\u00ebr di\u00e7 tjet\u00ebr . P\u00ebr ve\u00e7 n\u00eb se- Zoti na ruajt, t\u00eb ken\u00eb pasur n\u00eb mend at\u00eb\u00a0 k\u00ebng\u00ebn komuniste\u00a0 p\u00ebr <strong><em>Boron\u00a0 dhe Ramizin \u201c me dashuri ideologjike ..\u201d \u00a0t\u00eb ekzekutimit n\u00eb\u00a0 Landovic\u00eb , \u00a0q\u00eb do e kishim k\u00ebnduar p\u00ebr momentin (<u> Landovic\u00eb- Ulqin, a ndjeve oooo (s) jan\u00eb\u00a0 dy trima ( nj\u00eb) hero&#8230;?!! Dhe na e pati puna\u00a0\u00a0 oooo&#8230;?!! <\/u><\/em><\/strong><\/p>\n<p>&nbsp;<\/p>\n<p><strong>Pik\u00ebpamjet e shprehura n\u00eb faqen \u201cOPINIONE\u201d nuk p\u00ebrfaq\u00ebsojn\u00eb domosdoshm\u00ebrisht politik\u00ebn redaksionale t\u00eb \u201eLajmeve nga Ulqini\u201e<\/strong><\/p>\n","protected":false},"excerpt":{"rendered":"<p>Shkruan Muhamet Nika \u201c Tebe nema u ovaj spisak..\u201d?! Ti nuk je n\u00eb k\u00ebt\u00eb regjist\u00ebr\u00a0 m\u00eb tha polici q\u00eb shp\u00ebrndante\u00a0 posten e policis\u00eb\u00a0 p\u00ebr ish udh\u00ebheq\u00ebsit e koh\u00ebs ( Hajdinaga \u2013 Nika) n\u00eb shkall\u00ebt e Komun\u00ebs.?!.Fjala ishte \u00a0p\u00ebr hetimet rreth \u00a0krimit\u00a0 t\u00eb organizuar\u00a0 q\u00eb\u00a0 po \u00a0kryhen \u00a0me urdh\u00ebr\u00a0 t\u00eb prokurorit \u00a0mbi koleg\u00ebt e Hajdinag\u00ebs..?! Po [&hellip;]<\/p>\n","protected":false},"author":1,"featured_media":0,"comment_status":"closed","ping_status":"closed","sticky":false,"template":"","format":"standard","meta":{"spay_email":"","jetpack_publicize_message":"","jetpack_is_tweetstorm":false,"jetpack_publicize_feature_enabled":true},"categories":[14249],"tags":[],"jetpack_publicize_connections":[],"yoast_head":"<!-- This site is optimized with the Yoast SEO plugin v19.1 - https:\/\/yoast.com\/wordpress\/plugins\/seo\/ -->\n<title>Nika: Na ishin tre shok\u00eb - a u prish \u201cTrojka..\u201d: Boro Lubo Loro\u2026\u201d?! - Lajme nga Ulqini<\/title>\n<meta name=\"description\" content=\"Shkruan Muhamet Nika \u201c Tebe nema u ovaj spisak..\u201d?! Ti nuk je n\u00eb k\u00ebt\u00eb regjist\u00ebr\u00a0 m\u00eb tha polici q\u00eb shp\u00ebrndante\u00a0 posten e policis\u00eb\u00a0 p\u00ebr ish udh\u00ebheq\u00ebsit e\" \/>\n<meta name=\"robots\" content=\"index, follow, max-snippet:-1, max-image-preview:large, max-video-preview:-1\" \/>\n<link rel=\"canonical\" href=\"https:\/\/www.visit-ulcinj.com\/blog\/2016\/11\/28\/nika-na-ishin-tre-shoke-u-prish-trojka-boro-lubo-loro\/\" \/>\n<meta property=\"og:locale\" content=\"en_US\" \/>\n<meta property=\"og:type\" content=\"article\" \/>\n<meta property=\"og:title\" content=\"Nika: Na ishin tre shok\u00eb - a u prish \u201cTrojka..\u201d: Boro Lubo Loro\u2026\u201d?! - Lajme nga Ulqini\" \/>\n<meta property=\"og:description\" content=\"Shkruan Muhamet Nika \u201c Tebe nema u ovaj spisak..\u201d?! Ti nuk je n\u00eb k\u00ebt\u00eb regjist\u00ebr\u00a0 m\u00eb tha polici q\u00eb shp\u00ebrndante\u00a0 posten e policis\u00eb\u00a0 p\u00ebr ish udh\u00ebheq\u00ebsit e\" \/>\n<meta property=\"og:url\" content=\"https:\/\/www.visit-ulcinj.com\/blog\/2016\/11\/28\/nika-na-ishin-tre-shoke-u-prish-trojka-boro-lubo-loro\/\" \/>\n<meta property=\"og:site_name\" content=\"Lajme nga Ulqini\" \/>\n<meta property=\"article:published_time\" content=\"2016-11-28T14:39:38+00:00\" \/>\n<meta property=\"article:modified_time\" content=\"2016-11-28T14:47:22+00:00\" \/>\n<meta property=\"og:image\" content=\"http:\/\/www.visit-ulcinj.com\/blog\/wp-content\/uploads\/2014\/11\/Muhamet-Nika.jpg\" \/>\n<meta name=\"twitter:label1\" content=\"Written by\" \/>\n\t<meta name=\"twitter:data1\" content=\"ulqini\" \/>\n\t<meta name=\"twitter:label2\" content=\"Est. reading time\" \/>\n\t<meta name=\"twitter:data2\" content=\"3 minutes\" \/>\n<script type=\"application\/ld+json\" class=\"yoast-schema-graph\">{\"@context\":\"https:\/\/schema.org\",\"@graph\":[{\"@type\":\"WebSite\",\"@id\":\"https:\/\/www.visit-ulcinj.com\/blog\/#website\",\"url\":\"https:\/\/www.visit-ulcinj.com\/blog\/\",\"name\":\"Lajme nga Ulqini\",\"description\":\"Lajme,Vijesti,Ulqini,Ulqin,Crna Gora,Mali i Zi\",\"potentialAction\":[{\"@type\":\"SearchAction\",\"target\":{\"@type\":\"EntryPoint\",\"urlTemplate\":\"https:\/\/www.visit-ulcinj.com\/blog\/?s={search_term_string}\"},\"query-input\":\"required name=search_term_string\"}],\"inLanguage\":\"en-US\"},{\"@type\":\"ImageObject\",\"inLanguage\":\"en-US\",\"@id\":\"https:\/\/www.visit-ulcinj.com\/blog\/2016\/11\/28\/nika-na-ishin-tre-shoke-u-prish-trojka-boro-lubo-loro\/#primaryimage\",\"url\":\"https:\/\/www.visit-ulcinj.com\/blog\/wp-content\/uploads\/2014\/11\/Muhamet-Nika.jpg\",\"contentUrl\":\"https:\/\/www.visit-ulcinj.com\/blog\/wp-content\/uploads\/2014\/11\/Muhamet-Nika.jpg\",\"width\":256,\"height\":319},{\"@type\":\"WebPage\",\"@id\":\"https:\/\/www.visit-ulcinj.com\/blog\/2016\/11\/28\/nika-na-ishin-tre-shoke-u-prish-trojka-boro-lubo-loro\/#webpage\",\"url\":\"https:\/\/www.visit-ulcinj.com\/blog\/2016\/11\/28\/nika-na-ishin-tre-shoke-u-prish-trojka-boro-lubo-loro\/\",\"name\":\"Nika: Na ishin tre shok\u00eb - a u prish \u201cTrojka..\u201d: Boro Lubo Loro\u2026\u201d?! - Lajme nga Ulqini\",\"isPartOf\":{\"@id\":\"https:\/\/www.visit-ulcinj.com\/blog\/#website\"},\"primaryImageOfPage\":{\"@id\":\"https:\/\/www.visit-ulcinj.com\/blog\/2016\/11\/28\/nika-na-ishin-tre-shoke-u-prish-trojka-boro-lubo-loro\/#primaryimage\"},\"datePublished\":\"2016-11-28T14:39:38+00:00\",\"dateModified\":\"2016-11-28T14:47:22+00:00\",\"author\":{\"@id\":\"https:\/\/www.visit-ulcinj.com\/blog\/#\/schema\/person\/dcab619c614d3038751c63bc2aadc06d\"},\"description\":\"Shkruan Muhamet Nika \u201c Tebe nema u ovaj spisak..\u201d?! Ti nuk je n\u00eb k\u00ebt\u00eb regjist\u00ebr\u00a0 m\u00eb tha polici q\u00eb shp\u00ebrndante\u00a0 posten e policis\u00eb\u00a0 p\u00ebr ish udh\u00ebheq\u00ebsit e\",\"breadcrumb\":{\"@id\":\"https:\/\/www.visit-ulcinj.com\/blog\/2016\/11\/28\/nika-na-ishin-tre-shoke-u-prish-trojka-boro-lubo-loro\/#breadcrumb\"},\"inLanguage\":\"en-US\",\"potentialAction\":[{\"@type\":\"ReadAction\",\"target\":[\"https:\/\/www.visit-ulcinj.com\/blog\/2016\/11\/28\/nika-na-ishin-tre-shoke-u-prish-trojka-boro-lubo-loro\/\"]}]},{\"@type\":\"BreadcrumbList\",\"@id\":\"https:\/\/www.visit-ulcinj.com\/blog\/2016\/11\/28\/nika-na-ishin-tre-shoke-u-prish-trojka-boro-lubo-loro\/#breadcrumb\",\"itemListElement\":[{\"@type\":\"ListItem\",\"position\":1,\"name\":\"Nika: Na ishin tre shok\u00eb &#8211; a u prish \u201cTrojka..\u201d: Boro Lubo Loro\u2026\u201d?!\"}]},{\"@type\":\"Person\",\"@id\":\"https:\/\/www.visit-ulcinj.com\/blog\/#\/schema\/person\/dcab619c614d3038751c63bc2aadc06d\",\"name\":\"ulqini\",\"sameAs\":[\"http:\/\/www.visit-ulcinj.com\"],\"url\":\"https:\/\/www.visit-ulcinj.com\/blog\/author\/admin\/\"}]}<\/script>\n<!-- \/ Yoast SEO plugin. -->","yoast_head_json":{"title":"Nika: Na ishin tre shok\u00eb - a u prish \u201cTrojka..\u201d: Boro Lubo Loro\u2026\u201d?! - Lajme nga Ulqini","description":"Shkruan Muhamet Nika \u201c Tebe nema u ovaj spisak..\u201d?! Ti nuk je n\u00eb k\u00ebt\u00eb regjist\u00ebr\u00a0 m\u00eb tha polici q\u00eb shp\u00ebrndante\u00a0 posten e policis\u00eb\u00a0 p\u00ebr ish udh\u00ebheq\u00ebsit e","robots":{"index":"index","follow":"follow","max-snippet":"max-snippet:-1","max-image-preview":"max-image-preview:large","max-video-preview":"max-video-preview:-1"},"canonical":"https:\/\/www.visit-ulcinj.com\/blog\/2016\/11\/28\/nika-na-ishin-tre-shoke-u-prish-trojka-boro-lubo-loro\/","og_locale":"en_US","og_type":"article","og_title":"Nika: Na ishin tre shok\u00eb - a u prish \u201cTrojka..\u201d: Boro Lubo Loro\u2026\u201d?! - Lajme nga Ulqini","og_description":"Shkruan Muhamet Nika \u201c Tebe nema u ovaj spisak..\u201d?! Ti nuk je n\u00eb k\u00ebt\u00eb regjist\u00ebr\u00a0 m\u00eb tha polici q\u00eb shp\u00ebrndante\u00a0 posten e policis\u00eb\u00a0 p\u00ebr ish udh\u00ebheq\u00ebsit e","og_url":"https:\/\/www.visit-ulcinj.com\/blog\/2016\/11\/28\/nika-na-ishin-tre-shoke-u-prish-trojka-boro-lubo-loro\/","og_site_name":"Lajme nga Ulqini","article_published_time":"2016-11-28T14:39:38+00:00","article_modified_time":"2016-11-28T14:47:22+00:00","og_image":[{"url":"http:\/\/www.visit-ulcinj.com\/blog\/wp-content\/uploads\/2014\/11\/Muhamet-Nika.jpg"}],"twitter_misc":{"Written by":"ulqini","Est. reading time":"3 minutes"},"schema":{"@context":"https:\/\/schema.org","@graph":[{"@type":"WebSite","@id":"https:\/\/www.visit-ulcinj.com\/blog\/#website","url":"https:\/\/www.visit-ulcinj.com\/blog\/","name":"Lajme nga Ulqini","description":"Lajme,Vijesti,Ulqini,Ulqin,Crna Gora,Mali i Zi","potentialAction":[{"@type":"SearchAction","target":{"@type":"EntryPoint","urlTemplate":"https:\/\/www.visit-ulcinj.com\/blog\/?s={search_term_string}"},"query-input":"required name=search_term_string"}],"inLanguage":"en-US"},{"@type":"ImageObject","inLanguage":"en-US","@id":"https:\/\/www.visit-ulcinj.com\/blog\/2016\/11\/28\/nika-na-ishin-tre-shoke-u-prish-trojka-boro-lubo-loro\/#primaryimage","url":"https:\/\/www.visit-ulcinj.com\/blog\/wp-content\/uploads\/2014\/11\/Muhamet-Nika.jpg","contentUrl":"https:\/\/www.visit-ulcinj.com\/blog\/wp-content\/uploads\/2014\/11\/Muhamet-Nika.jpg","width":256,"height":319},{"@type":"WebPage","@id":"https:\/\/www.visit-ulcinj.com\/blog\/2016\/11\/28\/nika-na-ishin-tre-shoke-u-prish-trojka-boro-lubo-loro\/#webpage","url":"https:\/\/www.visit-ulcinj.com\/blog\/2016\/11\/28\/nika-na-ishin-tre-shoke-u-prish-trojka-boro-lubo-loro\/","name":"Nika: Na ishin tre shok\u00eb - a u prish \u201cTrojka..\u201d: Boro Lubo Loro\u2026\u201d?! - Lajme nga Ulqini","isPartOf":{"@id":"https:\/\/www.visit-ulcinj.com\/blog\/#website"},"primaryImageOfPage":{"@id":"https:\/\/www.visit-ulcinj.com\/blog\/2016\/11\/28\/nika-na-ishin-tre-shoke-u-prish-trojka-boro-lubo-loro\/#primaryimage"},"datePublished":"2016-11-28T14:39:38+00:00","dateModified":"2016-11-28T14:47:22+00:00","author":{"@id":"https:\/\/www.visit-ulcinj.com\/blog\/#\/schema\/person\/dcab619c614d3038751c63bc2aadc06d"},"description":"Shkruan Muhamet Nika \u201c Tebe nema u ovaj spisak..\u201d?! Ti nuk je n\u00eb k\u00ebt\u00eb regjist\u00ebr\u00a0 m\u00eb tha polici q\u00eb shp\u00ebrndante\u00a0 posten e policis\u00eb\u00a0 p\u00ebr ish udh\u00ebheq\u00ebsit e","breadcrumb":{"@id":"https:\/\/www.visit-ulcinj.com\/blog\/2016\/11\/28\/nika-na-ishin-tre-shoke-u-prish-trojka-boro-lubo-loro\/#breadcrumb"},"inLanguage":"en-US","potentialAction":[{"@type":"ReadAction","target":["https:\/\/www.visit-ulcinj.com\/blog\/2016\/11\/28\/nika-na-ishin-tre-shoke-u-prish-trojka-boro-lubo-loro\/"]}]},{"@type":"BreadcrumbList","@id":"https:\/\/www.visit-ulcinj.com\/blog\/2016\/11\/28\/nika-na-ishin-tre-shoke-u-prish-trojka-boro-lubo-loro\/#breadcrumb","itemListElement":[{"@type":"ListItem","position":1,"name":"Nika: Na ishin tre shok\u00eb &#8211; a u prish \u201cTrojka..\u201d: Boro Lubo Loro\u2026\u201d?!"}]},{"@type":"Person","@id":"https:\/\/www.visit-ulcinj.com\/blog\/#\/schema\/person\/dcab619c614d3038751c63bc2aadc06d","name":"ulqini","sameAs":["http:\/\/www.visit-ulcinj.com"],"url":"https:\/\/www.visit-ulcinj.com\/blog\/author\/admin\/"}]}},"jetpack_featured_media_url":"","jetpack_sharing_enabled":true,"jetpack_shortlink":"https:\/\/wp.me\/pe6lTn-qlZ","_links":{"self":[{"href":"https:\/\/www.visit-ulcinj.com\/blog\/wp-json\/wp\/v2\/posts\/101307"}],"collection":[{"href":"https:\/\/www.visit-ulcinj.com\/blog\/wp-json\/wp\/v2\/posts"}],"about":[{"href":"https:\/\/www.visit-ulcinj.com\/blog\/wp-json\/wp\/v2\/types\/post"}],"author":[{"embeddable":true,"href":"https:\/\/www.visit-ulcinj.com\/blog\/wp-json\/wp\/v2\/users\/1"}],"replies":[{"embeddable":true,"href":"https:\/\/www.visit-ulcinj.com\/blog\/wp-json\/wp\/v2\/comments?post=101307"}],"version-history":[{"count":2,"href":"https:\/\/www.visit-ulcinj.com\/blog\/wp-json\/wp\/v2\/posts\/101307\/revisions"}],"predecessor-version":[{"id":101309,"href":"https:\/\/www.visit-ulcinj.com\/blog\/wp-json\/wp\/v2\/posts\/101307\/revisions\/101309"}],"wp:attachment":[{"href":"https:\/\/www.visit-ulcinj.com\/blog\/wp-json\/wp\/v2\/media?parent=101307"}],"wp:term":[{"taxonomy":"category","embeddable":true,"href":"https:\/\/www.visit-ulcinj.com\/blog\/wp-json\/wp\/v2\/categories?post=101307"},{"taxonomy":"post_tag","embeddable":true,"href":"https:\/\/www.visit-ulcinj.com\/blog\/wp-json\/wp\/v2\/tags?post=101307"}],"curies":[{"name":"wp","href":"https:\/\/api.w.org\/{rel}","templated":true}]}}