{"id":101310,"date":"2016-11-28T16:57:42","date_gmt":"2016-11-28T15:57:42","guid":{"rendered":"http:\/\/www.visit-ulcinj.com\/blog\/?p=101310"},"modified":"2016-11-28T17:21:24","modified_gmt":"2016-11-28T16:21:24","slug":"ulcinj-u-uniji-albanskih-opstina","status":"publish","type":"post","link":"https:\/\/www.visit-ulcinj.com\/blog\/2016\/11\/28\/ulcinj-u-uniji-albanskih-opstina\/","title":{"rendered":"Ulcinj u uniji albanskih op\u0161tina &#8211; gledajte komentare"},"content":{"rendered":"<p><strong><a href=\"http:\/\/www.visit-ulcinj.com\/blog\/wp-content\/uploads\/2016\/11\/Zastava-Albanije.jpg\"><img loading=\"lazy\" class=\"alignleft wp-image-101311\" src=\"http:\/\/www.visit-ulcinj.com\/blog\/wp-content\/uploads\/2016\/11\/Zastava-Albanije.jpg\" alt=\"Zastava-Albanije\" width=\"508\" height=\"319\" srcset=\"https:\/\/www.visit-ulcinj.com\/blog\/wp-content\/uploads\/2016\/11\/Zastava-Albanije.jpg 560w, https:\/\/www.visit-ulcinj.com\/blog\/wp-content\/uploads\/2016\/11\/Zastava-Albanije-300x189.jpg 300w\" sizes=\"(max-width: 508px) 100vw, 508px\" \/><\/a>Sporazum o saradnji potpisali su gradona\u010delnici Tirane Erjon Veljak, Pri\u0161tine \u0160pend Ahmeti, Tetova Teuta Arifi, Ulcinja Nazif Cungu, te Pre\u0161eva \u0160\u0107iprim Arifi<\/strong><\/p>\n<p>Povodom obilje\u017eavanja nezavisnosti Albanije i Dana albanske zatave, u Tirani je formirana Unija albanskih op\u0161tina u regionu.<\/p>\n<p>Uniju pored albanske prijestonice \u010dine Pri\u0161tina, Tetovo, Ulcinj i Pre\u0161evo.<\/p>\n<p>Kako je javio tiranski Top \u010denel, a prenosi agencija MIA, povezivanje ovih pet op\u0161tina ima za cilj utvr\u0111ivanje mehanizama me\u0111usobne saradnje u, kako se navodi, oblasti urbanizma, \u017eivotne sredine, kulture, investicija i inovacija.<\/p>\n<p>Sporazum o saradnji potpisali su gradona\u010delnici Tirane Erjon Veliaj, Pri\u0161tine \u0160pend Ahmeti, Tetova Teuta Arifi, Ulcinja Nazif Cungu, te Pre\u0161eva \u0160\u0107iprim Arifi.<\/p>\n<p><strong>Izvor: TANJUG \/ Vijesti<br \/>\n<\/strong><\/p>\n<p>Gledajte komentare na njihovim web stranici:<\/p>\n<p><strong><a href=\"http:\/\/www.vijesti.me\/vijesti\/u-tirani-formirana-unija-albanskih-opstina-velika-albanija-na-mala-vrata-913810\" target=\"_blank\" rel=\"nofollow\">http:\/\/www.vijesti.me\/\u2026\/u-tirani-formirana-unija-albanskih-\u2026<\/a><\/strong><\/p>\n<div class=\"text_exposed_show\">\n<p><strong>*Tanjug: <a href=\"http:\/\/www.tanjug.rs\/full-view.aspx?izb=287715\" target=\"_blank\" rel=\"nofollow\">http:\/\/www.tanjug.rs\/full-view.aspx?izb=287715<\/a><\/strong><\/p>\n<\/div>\n","protected":false},"excerpt":{"rendered":"<p>Sporazum o saradnji potpisali su gradona\u010delnici Tirane Erjon Veljak, Pri\u0161tine \u0160pend Ahmeti, Tetova Teuta Arifi, Ulcinja Nazif Cungu, te Pre\u0161eva \u0160\u0107iprim Arifi Povodom obilje\u017eavanja nezavisnosti Albanije i Dana albanske zatave, u Tirani je formirana Unija albanskih op\u0161tina u regionu. Uniju pored albanske prijestonice \u010dine Pri\u0161tina, Tetovo, Ulcinj i Pre\u0161evo. Kako je javio tiranski Top \u010denel, [&hellip;]<\/p>\n","protected":false},"author":1,"featured_media":0,"comment_status":"closed","ping_status":"closed","sticky":false,"template":"","format":"standard","meta":{"spay_email":"","jetpack_publicize_message":"","jetpack_is_tweetstorm":false,"jetpack_publicize_feature_enabled":true},"categories":[8337],"tags":[],"jetpack_publicize_connections":[],"yoast_head":"<!-- This site is optimized with the Yoast SEO plugin v19.1 - https:\/\/yoast.com\/wordpress\/plugins\/seo\/ -->\n<title>Ulcinj u uniji albanskih op\u0161tina - gledajte komentare - Lajme nga Ulqini<\/title>\n<meta name=\"description\" content=\"Sporazum o saradnji potpisali su gradona\u010delnici Tirane Erjon Veljak, Pri\u0161tine \u0160pend Ahmeti, Tetova Teuta Arifi, Ulcinja Nazif Cungu, te Pre\u0161eva \u0160\u0107iprim\" \/>\n<meta name=\"robots\" content=\"index, follow, max-snippet:-1, max-image-preview:large, max-video-preview:-1\" \/>\n<link rel=\"canonical\" href=\"https:\/\/www.visit-ulcinj.com\/blog\/2016\/11\/28\/ulcinj-u-uniji-albanskih-opstina\/\" \/>\n<meta property=\"og:locale\" content=\"en_US\" \/>\n<meta property=\"og:type\" content=\"article\" \/>\n<meta property=\"og:title\" content=\"Ulcinj u uniji albanskih op\u0161tina - gledajte komentare - Lajme nga Ulqini\" \/>\n<meta property=\"og:description\" content=\"Sporazum o saradnji potpisali su gradona\u010delnici Tirane Erjon Veljak, Pri\u0161tine \u0160pend Ahmeti, Tetova Teuta Arifi, Ulcinja Nazif Cungu, te Pre\u0161eva \u0160\u0107iprim\" \/>\n<meta property=\"og:url\" content=\"https:\/\/www.visit-ulcinj.com\/blog\/2016\/11\/28\/ulcinj-u-uniji-albanskih-opstina\/\" \/>\n<meta property=\"og:site_name\" content=\"Lajme nga Ulqini\" \/>\n<meta property=\"article:published_time\" content=\"2016-11-28T15:57:42+00:00\" \/>\n<meta property=\"article:modified_time\" content=\"2016-11-28T16:21:24+00:00\" \/>\n<meta property=\"og:image\" content=\"http:\/\/www.visit-ulcinj.com\/blog\/wp-content\/uploads\/2016\/11\/Zastava-Albanije.jpg\" \/>\n<meta name=\"twitter:label1\" content=\"Written by\" \/>\n\t<meta name=\"twitter:data1\" content=\"ulqini\" \/>\n\t<meta name=\"twitter:label2\" content=\"Est. reading time\" \/>\n\t<meta name=\"twitter:data2\" content=\"1 minute\" \/>\n<script type=\"application\/ld+json\" class=\"yoast-schema-graph\">{\"@context\":\"https:\/\/schema.org\",\"@graph\":[{\"@type\":\"WebSite\",\"@id\":\"https:\/\/www.visit-ulcinj.com\/blog\/#website\",\"url\":\"https:\/\/www.visit-ulcinj.com\/blog\/\",\"name\":\"Lajme nga Ulqini\",\"description\":\"Lajme,Vijesti,Ulqini,Ulqin,Crna Gora,Mali i Zi\",\"potentialAction\":[{\"@type\":\"SearchAction\",\"target\":{\"@type\":\"EntryPoint\",\"urlTemplate\":\"https:\/\/www.visit-ulcinj.com\/blog\/?s={search_term_string}\"},\"query-input\":\"required name=search_term_string\"}],\"inLanguage\":\"en-US\"},{\"@type\":\"ImageObject\",\"inLanguage\":\"en-US\",\"@id\":\"https:\/\/www.visit-ulcinj.com\/blog\/2016\/11\/28\/ulcinj-u-uniji-albanskih-opstina\/#primaryimage\",\"url\":\"https:\/\/www.visit-ulcinj.com\/blog\/wp-content\/uploads\/2016\/11\/Zastava-Albanije.jpg\",\"contentUrl\":\"https:\/\/www.visit-ulcinj.com\/blog\/wp-content\/uploads\/2016\/11\/Zastava-Albanije.jpg\",\"width\":560,\"height\":352},{\"@type\":\"WebPage\",\"@id\":\"https:\/\/www.visit-ulcinj.com\/blog\/2016\/11\/28\/ulcinj-u-uniji-albanskih-opstina\/#webpage\",\"url\":\"https:\/\/www.visit-ulcinj.com\/blog\/2016\/11\/28\/ulcinj-u-uniji-albanskih-opstina\/\",\"name\":\"Ulcinj u uniji albanskih op\u0161tina - gledajte komentare - Lajme nga Ulqini\",\"isPartOf\":{\"@id\":\"https:\/\/www.visit-ulcinj.com\/blog\/#website\"},\"primaryImageOfPage\":{\"@id\":\"https:\/\/www.visit-ulcinj.com\/blog\/2016\/11\/28\/ulcinj-u-uniji-albanskih-opstina\/#primaryimage\"},\"datePublished\":\"2016-11-28T15:57:42+00:00\",\"dateModified\":\"2016-11-28T16:21:24+00:00\",\"author\":{\"@id\":\"https:\/\/www.visit-ulcinj.com\/blog\/#\/schema\/person\/dcab619c614d3038751c63bc2aadc06d\"},\"description\":\"Sporazum o saradnji potpisali su gradona\u010delnici Tirane Erjon Veljak, Pri\u0161tine \u0160pend Ahmeti, Tetova Teuta Arifi, Ulcinja Nazif Cungu, te Pre\u0161eva \u0160\u0107iprim\",\"breadcrumb\":{\"@id\":\"https:\/\/www.visit-ulcinj.com\/blog\/2016\/11\/28\/ulcinj-u-uniji-albanskih-opstina\/#breadcrumb\"},\"inLanguage\":\"en-US\",\"potentialAction\":[{\"@type\":\"ReadAction\",\"target\":[\"https:\/\/www.visit-ulcinj.com\/blog\/2016\/11\/28\/ulcinj-u-uniji-albanskih-opstina\/\"]}]},{\"@type\":\"BreadcrumbList\",\"@id\":\"https:\/\/www.visit-ulcinj.com\/blog\/2016\/11\/28\/ulcinj-u-uniji-albanskih-opstina\/#breadcrumb\",\"itemListElement\":[{\"@type\":\"ListItem\",\"position\":1,\"name\":\"Ulcinj u uniji albanskih op\u0161tina &#8211; gledajte komentare\"}]},{\"@type\":\"Person\",\"@id\":\"https:\/\/www.visit-ulcinj.com\/blog\/#\/schema\/person\/dcab619c614d3038751c63bc2aadc06d\",\"name\":\"ulqini\",\"sameAs\":[\"http:\/\/www.visit-ulcinj.com\"],\"url\":\"https:\/\/www.visit-ulcinj.com\/blog\/author\/admin\/\"}]}<\/script>\n<!-- \/ Yoast SEO plugin. -->","yoast_head_json":{"title":"Ulcinj u uniji albanskih op\u0161tina - gledajte komentare - Lajme nga Ulqini","description":"Sporazum o saradnji potpisali su gradona\u010delnici Tirane Erjon Veljak, Pri\u0161tine \u0160pend Ahmeti, Tetova Teuta Arifi, Ulcinja Nazif Cungu, te Pre\u0161eva \u0160\u0107iprim","robots":{"index":"index","follow":"follow","max-snippet":"max-snippet:-1","max-image-preview":"max-image-preview:large","max-video-preview":"max-video-preview:-1"},"canonical":"https:\/\/www.visit-ulcinj.com\/blog\/2016\/11\/28\/ulcinj-u-uniji-albanskih-opstina\/","og_locale":"en_US","og_type":"article","og_title":"Ulcinj u uniji albanskih op\u0161tina - gledajte komentare - Lajme nga Ulqini","og_description":"Sporazum o saradnji potpisali su gradona\u010delnici Tirane Erjon Veljak, Pri\u0161tine \u0160pend Ahmeti, Tetova Teuta Arifi, Ulcinja Nazif Cungu, te Pre\u0161eva \u0160\u0107iprim","og_url":"https:\/\/www.visit-ulcinj.com\/blog\/2016\/11\/28\/ulcinj-u-uniji-albanskih-opstina\/","og_site_name":"Lajme nga Ulqini","article_published_time":"2016-11-28T15:57:42+00:00","article_modified_time":"2016-11-28T16:21:24+00:00","og_image":[{"url":"http:\/\/www.visit-ulcinj.com\/blog\/wp-content\/uploads\/2016\/11\/Zastava-Albanije.jpg"}],"twitter_misc":{"Written by":"ulqini","Est. reading time":"1 minute"},"schema":{"@context":"https:\/\/schema.org","@graph":[{"@type":"WebSite","@id":"https:\/\/www.visit-ulcinj.com\/blog\/#website","url":"https:\/\/www.visit-ulcinj.com\/blog\/","name":"Lajme nga Ulqini","description":"Lajme,Vijesti,Ulqini,Ulqin,Crna Gora,Mali i Zi","potentialAction":[{"@type":"SearchAction","target":{"@type":"EntryPoint","urlTemplate":"https:\/\/www.visit-ulcinj.com\/blog\/?s={search_term_string}"},"query-input":"required name=search_term_string"}],"inLanguage":"en-US"},{"@type":"ImageObject","inLanguage":"en-US","@id":"https:\/\/www.visit-ulcinj.com\/blog\/2016\/11\/28\/ulcinj-u-uniji-albanskih-opstina\/#primaryimage","url":"https:\/\/www.visit-ulcinj.com\/blog\/wp-content\/uploads\/2016\/11\/Zastava-Albanije.jpg","contentUrl":"https:\/\/www.visit-ulcinj.com\/blog\/wp-content\/uploads\/2016\/11\/Zastava-Albanije.jpg","width":560,"height":352},{"@type":"WebPage","@id":"https:\/\/www.visit-ulcinj.com\/blog\/2016\/11\/28\/ulcinj-u-uniji-albanskih-opstina\/#webpage","url":"https:\/\/www.visit-ulcinj.com\/blog\/2016\/11\/28\/ulcinj-u-uniji-albanskih-opstina\/","name":"Ulcinj u uniji albanskih op\u0161tina - gledajte komentare - Lajme nga Ulqini","isPartOf":{"@id":"https:\/\/www.visit-ulcinj.com\/blog\/#website"},"primaryImageOfPage":{"@id":"https:\/\/www.visit-ulcinj.com\/blog\/2016\/11\/28\/ulcinj-u-uniji-albanskih-opstina\/#primaryimage"},"datePublished":"2016-11-28T15:57:42+00:00","dateModified":"2016-11-28T16:21:24+00:00","author":{"@id":"https:\/\/www.visit-ulcinj.com\/blog\/#\/schema\/person\/dcab619c614d3038751c63bc2aadc06d"},"description":"Sporazum o saradnji potpisali su gradona\u010delnici Tirane Erjon Veljak, Pri\u0161tine \u0160pend Ahmeti, Tetova Teuta Arifi, Ulcinja Nazif Cungu, te Pre\u0161eva \u0160\u0107iprim","breadcrumb":{"@id":"https:\/\/www.visit-ulcinj.com\/blog\/2016\/11\/28\/ulcinj-u-uniji-albanskih-opstina\/#breadcrumb"},"inLanguage":"en-US","potentialAction":[{"@type":"ReadAction","target":["https:\/\/www.visit-ulcinj.com\/blog\/2016\/11\/28\/ulcinj-u-uniji-albanskih-opstina\/"]}]},{"@type":"BreadcrumbList","@id":"https:\/\/www.visit-ulcinj.com\/blog\/2016\/11\/28\/ulcinj-u-uniji-albanskih-opstina\/#breadcrumb","itemListElement":[{"@type":"ListItem","position":1,"name":"Ulcinj u uniji albanskih op\u0161tina &#8211; gledajte komentare"}]},{"@type":"Person","@id":"https:\/\/www.visit-ulcinj.com\/blog\/#\/schema\/person\/dcab619c614d3038751c63bc2aadc06d","name":"ulqini","sameAs":["http:\/\/www.visit-ulcinj.com"],"url":"https:\/\/www.visit-ulcinj.com\/blog\/author\/admin\/"}]}},"jetpack_featured_media_url":"","jetpack_sharing_enabled":true,"jetpack_shortlink":"https:\/\/wp.me\/pe6lTn-qm2","_links":{"self":[{"href":"https:\/\/www.visit-ulcinj.com\/blog\/wp-json\/wp\/v2\/posts\/101310"}],"collection":[{"href":"https:\/\/www.visit-ulcinj.com\/blog\/wp-json\/wp\/v2\/posts"}],"about":[{"href":"https:\/\/www.visit-ulcinj.com\/blog\/wp-json\/wp\/v2\/types\/post"}],"author":[{"embeddable":true,"href":"https:\/\/www.visit-ulcinj.com\/blog\/wp-json\/wp\/v2\/users\/1"}],"replies":[{"embeddable":true,"href":"https:\/\/www.visit-ulcinj.com\/blog\/wp-json\/wp\/v2\/comments?post=101310"}],"version-history":[{"count":4,"href":"https:\/\/www.visit-ulcinj.com\/blog\/wp-json\/wp\/v2\/posts\/101310\/revisions"}],"predecessor-version":[{"id":101332,"href":"https:\/\/www.visit-ulcinj.com\/blog\/wp-json\/wp\/v2\/posts\/101310\/revisions\/101332"}],"wp:attachment":[{"href":"https:\/\/www.visit-ulcinj.com\/blog\/wp-json\/wp\/v2\/media?parent=101310"}],"wp:term":[{"taxonomy":"category","embeddable":true,"href":"https:\/\/www.visit-ulcinj.com\/blog\/wp-json\/wp\/v2\/categories?post=101310"},{"taxonomy":"post_tag","embeddable":true,"href":"https:\/\/www.visit-ulcinj.com\/blog\/wp-json\/wp\/v2\/tags?post=101310"}],"curies":[{"name":"wp","href":"https:\/\/api.w.org\/{rel}","templated":true}]}}