{"id":101314,"date":"2016-11-28T16:05:42","date_gmt":"2016-11-28T15:05:42","guid":{"rendered":"http:\/\/www.visit-ulcinj.com\/blog\/?p=101314"},"modified":"2016-11-28T16:05:42","modified_gmt":"2016-11-28T15:05:42","slug":"boro-vucinic-ambasada-u-zagrebu-stoji-na-raspolaganju-ulcinju","status":"publish","type":"post","link":"https:\/\/www.visit-ulcinj.com\/blog\/2016\/11\/28\/boro-vucinic-ambasada-u-zagrebu-stoji-na-raspolaganju-ulcinju\/","title":{"rendered":"Boro Vu\u010dini\u0107: Ambasada u Zagrebu stoji na raspolaganju Ulcinju"},"content":{"rendered":"<p><span class=\"credits__author\"> <a href=\"http:\/\/www.visit-ulcinj.com\/blog\/wp-content\/uploads\/2016\/11\/Boro-Vucinic-prestavnici-opstine-ulcinj.jpg\"><img loading=\"lazy\" class=\"alignleft wp-image-101315\" src=\"http:\/\/www.visit-ulcinj.com\/blog\/wp-content\/uploads\/2016\/11\/Boro-Vucinic-prestavnici-opstine-ulcinj.jpg\" alt=\"Boro-Vucinic-prestavnici-opstine-ulcinj\" width=\"508\" height=\"319\" srcset=\"https:\/\/www.visit-ulcinj.com\/blog\/wp-content\/uploads\/2016\/11\/Boro-Vucinic-prestavnici-opstine-ulcinj.jpg 560w, https:\/\/www.visit-ulcinj.com\/blog\/wp-content\/uploads\/2016\/11\/Boro-Vucinic-prestavnici-opstine-ulcinj-300x189.jpg 300w\" sizes=\"(max-width: 508px) 100vw, 508px\" \/><\/a><strong>Autor: Samir Adrovi\u0107 <\/strong><\/span><\/p>\n<p>Predstavnici ulcinjske Op\u0161tine u\u010destvovali su na dvodnevnom Sajmu investicija REXPO 2016, koji je zavr\u0161en u Zagrebu.<\/p>\n<p>Potpredsjednik Op\u0161tine Vaso Radovi\u0107, savjetnik u kabinetu gradona\u010delnika Nazifa Cungua, Arslan Hajdinaga i predstavnici Sekretarijata za razvojne projekte Crne Gore, poosjetili su tom prilikom amabsadora Crne Gore u Zagrebu, Bora Vu\u010dini\u0107a.<\/p>\n<p>Na sastanku je konstatovano da je privla\u010denje direktnih stranih investicija i stvaranje povoljne investicione klime za ulaganja, od su\u0161tinskog zna\u010daja za dalji razvoj turizma i ukupne privrede op\u0161tine Ulcinj.<\/p>\n<p>Radovi\u0107 je naglasio da je na sajmu napravio niz dobrih kontakata i naveo &#8220;da se svi moramo dodatno anga\u017eovati u cilju dovo\u0111enja kvalitetnih investitora u Ulcinj i Crnu Goru&#8221;.<\/p>\n<p><a href=\"http:\/\/www.visit-ulcinj.com\/blog\/wp-content\/uploads\/2016\/11\/Opstina-Ulcinj-na-Sajmu-investicija-REXPO-16-Zagreb-Hajdinaga-Radovic.jpg\"><img loading=\"lazy\" class=\"alignleft wp-image-101316\" src=\"http:\/\/www.visit-ulcinj.com\/blog\/wp-content\/uploads\/2016\/11\/Opstina-Ulcinj-na-Sajmu-investicija-REXPO-16-Zagreb-Hajdinaga-Radovic.jpg\" alt=\"Opstina Ulcinj na Sajmu investicija REXPO 16- Zagreb-Hajdinaga-Radovic\" width=\"508\" height=\"286\" srcset=\"https:\/\/www.visit-ulcinj.com\/blog\/wp-content\/uploads\/2016\/11\/Opstina-Ulcinj-na-Sajmu-investicija-REXPO-16-Zagreb-Hajdinaga-Radovic.jpg 960w, https:\/\/www.visit-ulcinj.com\/blog\/wp-content\/uploads\/2016\/11\/Opstina-Ulcinj-na-Sajmu-investicija-REXPO-16-Zagreb-Hajdinaga-Radovic-300x169.jpg 300w, https:\/\/www.visit-ulcinj.com\/blog\/wp-content\/uploads\/2016\/11\/Opstina-Ulcinj-na-Sajmu-investicija-REXPO-16-Zagreb-Hajdinaga-Radovic-768x432.jpg 768w\" sizes=\"(max-width: 508px) 100vw, 508px\" \/><\/a><\/p>\n<p>Vu\u010dini\u0107 je rekao da Ambasada Crne Gore, u punom kapacitetu, stoji na raspolaganju Op\u0161tini Ulcinj i njajavio da \u0107e od janura idu\u0107e godine u Ambasadi po\u010deti da radi osoba koja \u0107e biti zadu\u017eena za ekonomsku diplomatiju.<\/p>\n<p>&#8220;Vu\u010dini\u0107 je izrazio uvjerenje da \u0107e ambasada tada biti u mogu\u0107nosti da jo\u0161 vi\u0161e promovi\u0161e Ulcinj i Crnu Goru kao investicione destinacije&#8221;, pi\u0161e u saop\u0161tenju iz kabineta Radovi\u0107a.<\/p>\n<p><strong>Izvor: <a href=\"http:\/\/www.vijesti.me\/vijesti\/vucinic-ambasada-u-zagrebu-stoji-na-raspolaganju-ulcinju-913679\">Vijesti Online<\/a><\/strong><\/p>\n","protected":false},"excerpt":{"rendered":"<p>Autor: Samir Adrovi\u0107 Predstavnici ulcinjske Op\u0161tine u\u010destvovali su na dvodnevnom Sajmu investicija REXPO 2016, koji je zavr\u0161en u Zagrebu. Potpredsjednik Op\u0161tine Vaso Radovi\u0107, savjetnik u kabinetu gradona\u010delnika Nazifa Cungua, Arslan Hajdinaga i predstavnici Sekretarijata za razvojne projekte Crne Gore, poosjetili su tom prilikom amabsadora Crne Gore u Zagrebu, Bora Vu\u010dini\u0107a. Na sastanku je konstatovano da [&hellip;]<\/p>\n","protected":false},"author":1,"featured_media":0,"comment_status":"closed","ping_status":"closed","sticky":false,"template":"","format":"standard","meta":{"spay_email":"","jetpack_publicize_message":"","jetpack_is_tweetstorm":false,"jetpack_publicize_feature_enabled":true},"categories":[8337],"tags":[],"jetpack_publicize_connections":[],"yoast_head":"<!-- This site is optimized with the Yoast SEO plugin v19.1 - https:\/\/yoast.com\/wordpress\/plugins\/seo\/ -->\n<title>Boro Vu\u010dini\u0107: Ambasada u Zagrebu stoji na raspolaganju Ulcinju - Lajme nga Ulqini<\/title>\n<meta name=\"description\" content=\"Autor: Samir Adrovi\u0107 Predstavnici ulcinjske Op\u0161tine u\u010destvovali su na dvodnevnom Sajmu investicija REXPO 2016, koji je zavr\u0161en u Zagrebu. Potpredsjednik\" \/>\n<meta name=\"robots\" content=\"index, follow, max-snippet:-1, max-image-preview:large, max-video-preview:-1\" \/>\n<link rel=\"canonical\" href=\"https:\/\/www.visit-ulcinj.com\/blog\/2016\/11\/28\/boro-vucinic-ambasada-u-zagrebu-stoji-na-raspolaganju-ulcinju\/\" \/>\n<meta property=\"og:locale\" content=\"en_US\" \/>\n<meta property=\"og:type\" content=\"article\" \/>\n<meta property=\"og:title\" content=\"Boro Vu\u010dini\u0107: Ambasada u Zagrebu stoji na raspolaganju Ulcinju - Lajme nga Ulqini\" \/>\n<meta property=\"og:description\" content=\"Autor: Samir Adrovi\u0107 Predstavnici ulcinjske Op\u0161tine u\u010destvovali su na dvodnevnom Sajmu investicija REXPO 2016, koji je zavr\u0161en u Zagrebu. Potpredsjednik\" \/>\n<meta property=\"og:url\" content=\"https:\/\/www.visit-ulcinj.com\/blog\/2016\/11\/28\/boro-vucinic-ambasada-u-zagrebu-stoji-na-raspolaganju-ulcinju\/\" \/>\n<meta property=\"og:site_name\" content=\"Lajme nga Ulqini\" \/>\n<meta property=\"article:published_time\" content=\"2016-11-28T15:05:42+00:00\" \/>\n<meta property=\"og:image\" content=\"http:\/\/www.visit-ulcinj.com\/blog\/wp-content\/uploads\/2016\/11\/Boro-Vucinic-prestavnici-opstine-ulcinj.jpg\" \/>\n<meta name=\"twitter:label1\" content=\"Written by\" \/>\n\t<meta name=\"twitter:data1\" content=\"ulqini\" \/>\n\t<meta name=\"twitter:label2\" content=\"Est. reading time\" \/>\n\t<meta name=\"twitter:data2\" content=\"1 minute\" \/>\n<script type=\"application\/ld+json\" class=\"yoast-schema-graph\">{\"@context\":\"https:\/\/schema.org\",\"@graph\":[{\"@type\":\"WebSite\",\"@id\":\"https:\/\/www.visit-ulcinj.com\/blog\/#website\",\"url\":\"https:\/\/www.visit-ulcinj.com\/blog\/\",\"name\":\"Lajme nga Ulqini\",\"description\":\"Lajme,Vijesti,Ulqini,Ulqin,Crna Gora,Mali i Zi\",\"potentialAction\":[{\"@type\":\"SearchAction\",\"target\":{\"@type\":\"EntryPoint\",\"urlTemplate\":\"https:\/\/www.visit-ulcinj.com\/blog\/?s={search_term_string}\"},\"query-input\":\"required name=search_term_string\"}],\"inLanguage\":\"en-US\"},{\"@type\":\"ImageObject\",\"inLanguage\":\"en-US\",\"@id\":\"https:\/\/www.visit-ulcinj.com\/blog\/2016\/11\/28\/boro-vucinic-ambasada-u-zagrebu-stoji-na-raspolaganju-ulcinju\/#primaryimage\",\"url\":\"https:\/\/www.visit-ulcinj.com\/blog\/wp-content\/uploads\/2016\/11\/Boro-Vucinic-prestavnici-opstine-ulcinj.jpg\",\"contentUrl\":\"https:\/\/www.visit-ulcinj.com\/blog\/wp-content\/uploads\/2016\/11\/Boro-Vucinic-prestavnici-opstine-ulcinj.jpg\",\"width\":560,\"height\":352},{\"@type\":\"WebPage\",\"@id\":\"https:\/\/www.visit-ulcinj.com\/blog\/2016\/11\/28\/boro-vucinic-ambasada-u-zagrebu-stoji-na-raspolaganju-ulcinju\/#webpage\",\"url\":\"https:\/\/www.visit-ulcinj.com\/blog\/2016\/11\/28\/boro-vucinic-ambasada-u-zagrebu-stoji-na-raspolaganju-ulcinju\/\",\"name\":\"Boro Vu\u010dini\u0107: Ambasada u Zagrebu stoji na raspolaganju Ulcinju - Lajme nga Ulqini\",\"isPartOf\":{\"@id\":\"https:\/\/www.visit-ulcinj.com\/blog\/#website\"},\"primaryImageOfPage\":{\"@id\":\"https:\/\/www.visit-ulcinj.com\/blog\/2016\/11\/28\/boro-vucinic-ambasada-u-zagrebu-stoji-na-raspolaganju-ulcinju\/#primaryimage\"},\"datePublished\":\"2016-11-28T15:05:42+00:00\",\"dateModified\":\"2016-11-28T15:05:42+00:00\",\"author\":{\"@id\":\"https:\/\/www.visit-ulcinj.com\/blog\/#\/schema\/person\/dcab619c614d3038751c63bc2aadc06d\"},\"description\":\"Autor: Samir Adrovi\u0107 Predstavnici ulcinjske Op\u0161tine u\u010destvovali su na dvodnevnom Sajmu investicija REXPO 2016, koji je zavr\u0161en u Zagrebu. Potpredsjednik\",\"breadcrumb\":{\"@id\":\"https:\/\/www.visit-ulcinj.com\/blog\/2016\/11\/28\/boro-vucinic-ambasada-u-zagrebu-stoji-na-raspolaganju-ulcinju\/#breadcrumb\"},\"inLanguage\":\"en-US\",\"potentialAction\":[{\"@type\":\"ReadAction\",\"target\":[\"https:\/\/www.visit-ulcinj.com\/blog\/2016\/11\/28\/boro-vucinic-ambasada-u-zagrebu-stoji-na-raspolaganju-ulcinju\/\"]}]},{\"@type\":\"BreadcrumbList\",\"@id\":\"https:\/\/www.visit-ulcinj.com\/blog\/2016\/11\/28\/boro-vucinic-ambasada-u-zagrebu-stoji-na-raspolaganju-ulcinju\/#breadcrumb\",\"itemListElement\":[{\"@type\":\"ListItem\",\"position\":1,\"name\":\"Boro Vu\u010dini\u0107: Ambasada u Zagrebu stoji na raspolaganju Ulcinju\"}]},{\"@type\":\"Person\",\"@id\":\"https:\/\/www.visit-ulcinj.com\/blog\/#\/schema\/person\/dcab619c614d3038751c63bc2aadc06d\",\"name\":\"ulqini\",\"sameAs\":[\"http:\/\/www.visit-ulcinj.com\"],\"url\":\"https:\/\/www.visit-ulcinj.com\/blog\/author\/admin\/\"}]}<\/script>\n<!-- \/ Yoast SEO plugin. -->","yoast_head_json":{"title":"Boro Vu\u010dini\u0107: Ambasada u Zagrebu stoji na raspolaganju Ulcinju - Lajme nga Ulqini","description":"Autor: Samir Adrovi\u0107 Predstavnici ulcinjske Op\u0161tine u\u010destvovali su na dvodnevnom Sajmu investicija REXPO 2016, koji je zavr\u0161en u Zagrebu. Potpredsjednik","robots":{"index":"index","follow":"follow","max-snippet":"max-snippet:-1","max-image-preview":"max-image-preview:large","max-video-preview":"max-video-preview:-1"},"canonical":"https:\/\/www.visit-ulcinj.com\/blog\/2016\/11\/28\/boro-vucinic-ambasada-u-zagrebu-stoji-na-raspolaganju-ulcinju\/","og_locale":"en_US","og_type":"article","og_title":"Boro Vu\u010dini\u0107: Ambasada u Zagrebu stoji na raspolaganju Ulcinju - Lajme nga Ulqini","og_description":"Autor: Samir Adrovi\u0107 Predstavnici ulcinjske Op\u0161tine u\u010destvovali su na dvodnevnom Sajmu investicija REXPO 2016, koji je zavr\u0161en u Zagrebu. Potpredsjednik","og_url":"https:\/\/www.visit-ulcinj.com\/blog\/2016\/11\/28\/boro-vucinic-ambasada-u-zagrebu-stoji-na-raspolaganju-ulcinju\/","og_site_name":"Lajme nga Ulqini","article_published_time":"2016-11-28T15:05:42+00:00","og_image":[{"url":"http:\/\/www.visit-ulcinj.com\/blog\/wp-content\/uploads\/2016\/11\/Boro-Vucinic-prestavnici-opstine-ulcinj.jpg"}],"twitter_misc":{"Written by":"ulqini","Est. reading time":"1 minute"},"schema":{"@context":"https:\/\/schema.org","@graph":[{"@type":"WebSite","@id":"https:\/\/www.visit-ulcinj.com\/blog\/#website","url":"https:\/\/www.visit-ulcinj.com\/blog\/","name":"Lajme nga Ulqini","description":"Lajme,Vijesti,Ulqini,Ulqin,Crna Gora,Mali i Zi","potentialAction":[{"@type":"SearchAction","target":{"@type":"EntryPoint","urlTemplate":"https:\/\/www.visit-ulcinj.com\/blog\/?s={search_term_string}"},"query-input":"required name=search_term_string"}],"inLanguage":"en-US"},{"@type":"ImageObject","inLanguage":"en-US","@id":"https:\/\/www.visit-ulcinj.com\/blog\/2016\/11\/28\/boro-vucinic-ambasada-u-zagrebu-stoji-na-raspolaganju-ulcinju\/#primaryimage","url":"https:\/\/www.visit-ulcinj.com\/blog\/wp-content\/uploads\/2016\/11\/Boro-Vucinic-prestavnici-opstine-ulcinj.jpg","contentUrl":"https:\/\/www.visit-ulcinj.com\/blog\/wp-content\/uploads\/2016\/11\/Boro-Vucinic-prestavnici-opstine-ulcinj.jpg","width":560,"height":352},{"@type":"WebPage","@id":"https:\/\/www.visit-ulcinj.com\/blog\/2016\/11\/28\/boro-vucinic-ambasada-u-zagrebu-stoji-na-raspolaganju-ulcinju\/#webpage","url":"https:\/\/www.visit-ulcinj.com\/blog\/2016\/11\/28\/boro-vucinic-ambasada-u-zagrebu-stoji-na-raspolaganju-ulcinju\/","name":"Boro Vu\u010dini\u0107: Ambasada u Zagrebu stoji na raspolaganju Ulcinju - Lajme nga Ulqini","isPartOf":{"@id":"https:\/\/www.visit-ulcinj.com\/blog\/#website"},"primaryImageOfPage":{"@id":"https:\/\/www.visit-ulcinj.com\/blog\/2016\/11\/28\/boro-vucinic-ambasada-u-zagrebu-stoji-na-raspolaganju-ulcinju\/#primaryimage"},"datePublished":"2016-11-28T15:05:42+00:00","dateModified":"2016-11-28T15:05:42+00:00","author":{"@id":"https:\/\/www.visit-ulcinj.com\/blog\/#\/schema\/person\/dcab619c614d3038751c63bc2aadc06d"},"description":"Autor: Samir Adrovi\u0107 Predstavnici ulcinjske Op\u0161tine u\u010destvovali su na dvodnevnom Sajmu investicija REXPO 2016, koji je zavr\u0161en u Zagrebu. Potpredsjednik","breadcrumb":{"@id":"https:\/\/www.visit-ulcinj.com\/blog\/2016\/11\/28\/boro-vucinic-ambasada-u-zagrebu-stoji-na-raspolaganju-ulcinju\/#breadcrumb"},"inLanguage":"en-US","potentialAction":[{"@type":"ReadAction","target":["https:\/\/www.visit-ulcinj.com\/blog\/2016\/11\/28\/boro-vucinic-ambasada-u-zagrebu-stoji-na-raspolaganju-ulcinju\/"]}]},{"@type":"BreadcrumbList","@id":"https:\/\/www.visit-ulcinj.com\/blog\/2016\/11\/28\/boro-vucinic-ambasada-u-zagrebu-stoji-na-raspolaganju-ulcinju\/#breadcrumb","itemListElement":[{"@type":"ListItem","position":1,"name":"Boro Vu\u010dini\u0107: Ambasada u Zagrebu stoji na raspolaganju Ulcinju"}]},{"@type":"Person","@id":"https:\/\/www.visit-ulcinj.com\/blog\/#\/schema\/person\/dcab619c614d3038751c63bc2aadc06d","name":"ulqini","sameAs":["http:\/\/www.visit-ulcinj.com"],"url":"https:\/\/www.visit-ulcinj.com\/blog\/author\/admin\/"}]}},"jetpack_featured_media_url":"","jetpack_sharing_enabled":true,"jetpack_shortlink":"https:\/\/wp.me\/pe6lTn-qm6","_links":{"self":[{"href":"https:\/\/www.visit-ulcinj.com\/blog\/wp-json\/wp\/v2\/posts\/101314"}],"collection":[{"href":"https:\/\/www.visit-ulcinj.com\/blog\/wp-json\/wp\/v2\/posts"}],"about":[{"href":"https:\/\/www.visit-ulcinj.com\/blog\/wp-json\/wp\/v2\/types\/post"}],"author":[{"embeddable":true,"href":"https:\/\/www.visit-ulcinj.com\/blog\/wp-json\/wp\/v2\/users\/1"}],"replies":[{"embeddable":true,"href":"https:\/\/www.visit-ulcinj.com\/blog\/wp-json\/wp\/v2\/comments?post=101314"}],"version-history":[{"count":1,"href":"https:\/\/www.visit-ulcinj.com\/blog\/wp-json\/wp\/v2\/posts\/101314\/revisions"}],"predecessor-version":[{"id":101317,"href":"https:\/\/www.visit-ulcinj.com\/blog\/wp-json\/wp\/v2\/posts\/101314\/revisions\/101317"}],"wp:attachment":[{"href":"https:\/\/www.visit-ulcinj.com\/blog\/wp-json\/wp\/v2\/media?parent=101314"}],"wp:term":[{"taxonomy":"category","embeddable":true,"href":"https:\/\/www.visit-ulcinj.com\/blog\/wp-json\/wp\/v2\/categories?post=101314"},{"taxonomy":"post_tag","embeddable":true,"href":"https:\/\/www.visit-ulcinj.com\/blog\/wp-json\/wp\/v2\/tags?post=101314"}],"curies":[{"name":"wp","href":"https:\/\/api.w.org\/{rel}","templated":true}]}}