{"id":101319,"date":"2016-11-28T16:34:13","date_gmt":"2016-11-28T15:34:13","guid":{"rendered":"http:\/\/www.visit-ulcinj.com\/blog\/?p=101319"},"modified":"2016-11-28T18:02:11","modified_gmt":"2016-11-28T17:02:11","slug":"nisi-maratona-e-pavaresise-ulqin-shkoder-video","status":"publish","type":"post","link":"https:\/\/www.visit-ulcinj.com\/blog\/2016\/11\/28\/nisi-maratona-e-pavaresise-ulqin-shkoder-video\/","title":{"rendered":"Nisi Maratona e Pavar\u00ebsis\u00eb Ulqin \u2013 Shkod\u00ebr &#8211; Foto &#8211; Video"},"content":{"rendered":"<p><a href=\"http:\/\/www.visit-ulcinj.com\/blog\/wp-content\/uploads\/2016\/11\/Nisi-Maratona-e-Pavar\u00ebsis\u00eb-Ulqin-\u2013-Shkod\u00ebr-2016.jpg\"><img loading=\"lazy\" class=\"alignleft wp-image-101320\" src=\"http:\/\/www.visit-ulcinj.com\/blog\/wp-content\/uploads\/2016\/11\/Nisi-Maratona-e-Pavar\u00ebsis\u00eb-Ulqin-\u2013-Shkod\u00ebr-2016.jpg\" alt=\"Nisi Maratona e Pavar\u00ebsis\u00eb Ulqin \u2013 Shkod\u00ebr 2016\" width=\"508\" height=\"281\" srcset=\"https:\/\/www.visit-ulcinj.com\/blog\/wp-content\/uploads\/2016\/11\/Nisi-Maratona-e-Pavar\u00ebsis\u00eb-Ulqin-\u2013-Shkod\u00ebr-2016.jpg 650w, https:\/\/www.visit-ulcinj.com\/blog\/wp-content\/uploads\/2016\/11\/Nisi-Maratona-e-Pavar\u00ebsis\u00eb-Ulqin-\u2013-Shkod\u00ebr-2016-300x166.jpg 300w\" sizes=\"(max-width: 508px) 100vw, 508px\" \/><\/a>P\u00ebr t\u00eb pestin vit me radh\u00eb sot nisi Maratona e Pavar\u00ebsis\u00eb 2016.<\/p>\n<p>N\u00eb k\u00ebt\u00eb aktivitet t\u00eb bukur k\u00ebt\u00eb vit marrin pjes\u00eb m\u00eb shum\u00eb se 50 veta t\u00eb cil\u00ebt pritet q\u00eb n\u00eb or\u00ebt e drek\u00ebs t\u00eb arrijn\u00eb n\u00eb destinacionin e tyre n\u00eb qytetin e Shkodres.<\/p>\n<p>N\u00eb numrin e p\u00ebrgjithsh\u00ebm t\u00eb garuesve binin n\u00eb sy t\u00eb rinj e t\u00eb reja, t\u00eb moshuar e t\u00eb moshuara, nga Ulqini e nga Shkodra, nga Kosova e nga Shqip\u00ebria.<\/p>\n<p>Maratonist\u00ebt n\u00eb k\u00ebt\u00eb m\u00ebnyr\u00eb festuan 28 N\u00ebntorin \u2013 Dit\u00ebn e Flamurit.<\/p>\n<p><b>Portali ONLINE<\/b><\/p>\n<p><strong>Foto <a id=\"js_5kd\" class=\"_hli\" href=\"https:\/\/www.facebook.com\/ismet.karamanaga\" data-hovercard=\"\/ajax\/hovercard\/user.php?id=1359492972\" data-hovercard-prefer-more-content-show=\"1\">Ismet Karamanaga <\/a>Facebook<\/strong><\/p>\n<p>K\u00ebshilli Nacional i Shqiptar\u00ebve n\u00eb Malin e Zi , Komuna e Ulqinit dhe Bashkia e Shkodr\u00ebs, me rastin e Dit\u00ebs s\u00eb Flamurit, sot kan\u00eb organizuar p\u00ebr t\u00eb 5 her\u00eb, MARATON\u00cbN Ulqin &#8211; Shkod\u00ebr.<span class=\"text_exposed_show\"><br \/>\nN\u00eb Maraton\u00eb kan\u00eb marr\u00eb pjes\u00eb sportist\u00ebt nga Mali i Zi, Shqip\u00ebria, Kosova, Serbia, Rusia, dhe Amerika.<\/span><\/p>\n<div class=\"text_exposed_show\">\n<p>Povodom 28. Novembra Dana albanske zastave, Nacionalni savjet albanaca u Crnoj Gori, Op\u0161tina Ulcinj i Op\u0161tina Skadar , po peti put su organizovali Maraton Ulcinj &#8211; Skadar. Atleti\u010dari iz Crne Gore, Albanije, Kosova, Rusije, Srbije i SAD su svojim u\u010de\u0161\u0107em doprinijeli da ovaj maraton preraste u jednu pravu internacionalnu manifestaciju.<\/p>\n<\/div>\n\n\t\t<style type=\"text\/css\">\n\t\t\t#gallery-1 {\n\t\t\t\tmargin: auto;\n\t\t\t}\n\t\t\t#gallery-1 .gallery-item {\n\t\t\t\tfloat: left;\n\t\t\t\tmargin-top: 10px;\n\t\t\t\ttext-align: center;\n\t\t\t\twidth: 33%;\n\t\t\t}\n\t\t\t#gallery-1 img {\n\t\t\t\tborder: 2px solid #cfcfcf;\n\t\t\t}\n\t\t\t#gallery-1 .gallery-caption {\n\t\t\t\tmargin-left: 0;\n\t\t\t}\n\t\t\t\/* see gallery_shortcode() in wp-includes\/media.php *\/\n\t\t<\/style>\n\t\t<div id='gallery-1' class='gallery galleryid-101319 gallery-columns-3 gallery-size-thumbnail'><dl class='gallery-item'>\n\t\t\t<dt class='gallery-icon landscape'>\n\t\t\t\t<a href='https:\/\/www.visit-ulcinj.com\/blog\/2016\/11\/28\/nisi-maratona-e-pavaresise-ulqin-shkoder-video\/nisi-maratona-e-pavaresise-ulqin-shkoder-2\/'><img width=\"150\" height=\"150\" src=\"https:\/\/www.visit-ulcinj.com\/blog\/wp-content\/uploads\/2016\/11\/Nisi-Maratona-e-Pavar\u00ebsis\u00eb-Ulqin-\u2013-Shkod\u00ebr-2-150x150.jpg\" class=\"attachment-thumbnail size-thumbnail\" alt=\"\" loading=\"lazy\" \/><\/a>\n\t\t\t<\/dt><\/dl><dl class='gallery-item'>\n\t\t\t<dt class='gallery-icon landscape'>\n\t\t\t\t<a href='https:\/\/www.visit-ulcinj.com\/blog\/2016\/11\/28\/nisi-maratona-e-pavaresise-ulqin-shkoder-video\/nisi-maratona-e-pavaresise-ulqin-shkoder-3\/'><img width=\"150\" height=\"150\" src=\"https:\/\/www.visit-ulcinj.com\/blog\/wp-content\/uploads\/2016\/11\/Nisi-Maratona-e-Pavar\u00ebsis\u00eb-Ulqin-\u2013-Shkod\u00ebr-3-150x150.jpg\" class=\"attachment-thumbnail size-thumbnail\" alt=\"\" loading=\"lazy\" \/><\/a>\n\t\t\t<\/dt><\/dl><dl class='gallery-item'>\n\t\t\t<dt class='gallery-icon landscape'>\n\t\t\t\t<a href='https:\/\/www.visit-ulcinj.com\/blog\/2016\/11\/28\/nisi-maratona-e-pavaresise-ulqin-shkoder-video\/nisi-maratona-e-pavaresise-ulqin-shkoder-4\/'><img width=\"150\" height=\"150\" src=\"https:\/\/www.visit-ulcinj.com\/blog\/wp-content\/uploads\/2016\/11\/Nisi-Maratona-e-Pavar\u00ebsis\u00eb-Ulqin-\u2013-Shkod\u00ebr-4-150x150.jpg\" class=\"attachment-thumbnail size-thumbnail\" alt=\"\" loading=\"lazy\" \/><\/a>\n\t\t\t<\/dt><\/dl><br style=\"clear: both\" \/><dl class='gallery-item'>\n\t\t\t<dt class='gallery-icon landscape'>\n\t\t\t\t<a href='https:\/\/www.visit-ulcinj.com\/blog\/2016\/11\/28\/nisi-maratona-e-pavaresise-ulqin-shkoder-video\/nisi-maratona-e-pavaresise-ulqin-shkoder-5\/'><img width=\"150\" height=\"150\" src=\"https:\/\/www.visit-ulcinj.com\/blog\/wp-content\/uploads\/2016\/11\/Nisi-Maratona-e-Pavar\u00ebsis\u00eb-Ulqin-\u2013-Shkod\u00ebr-5-150x150.jpg\" class=\"attachment-thumbnail size-thumbnail\" alt=\"\" loading=\"lazy\" \/><\/a>\n\t\t\t<\/dt><\/dl><dl class='gallery-item'>\n\t\t\t<dt class='gallery-icon landscape'>\n\t\t\t\t<a href='https:\/\/www.visit-ulcinj.com\/blog\/2016\/11\/28\/nisi-maratona-e-pavaresise-ulqin-shkoder-video\/nisi-maratona-e-pavaresise-ulqin-shkoder-6\/'><img width=\"150\" height=\"150\" src=\"https:\/\/www.visit-ulcinj.com\/blog\/wp-content\/uploads\/2016\/11\/Nisi-Maratona-e-Pavar\u00ebsis\u00eb-Ulqin-\u2013-Shkod\u00ebr-6-150x150.jpg\" class=\"attachment-thumbnail size-thumbnail\" alt=\"\" loading=\"lazy\" \/><\/a>\n\t\t\t<\/dt><\/dl><dl class='gallery-item'>\n\t\t\t<dt class='gallery-icon landscape'>\n\t\t\t\t<a href='https:\/\/www.visit-ulcinj.com\/blog\/2016\/11\/28\/nisi-maratona-e-pavaresise-ulqin-shkoder-video\/nisi-maratona-e-pavaresise-ulqin-shkoder-7\/'><img width=\"150\" height=\"150\" src=\"https:\/\/www.visit-ulcinj.com\/blog\/wp-content\/uploads\/2016\/11\/Nisi-Maratona-e-Pavar\u00ebsis\u00eb-Ulqin-\u2013-Shkod\u00ebr-7-150x150.jpg\" class=\"attachment-thumbnail size-thumbnail\" alt=\"\" loading=\"lazy\" \/><\/a>\n\t\t\t<\/dt><\/dl><br style=\"clear: both\" \/><dl class='gallery-item'>\n\t\t\t<dt class='gallery-icon landscape'>\n\t\t\t\t<a href='https:\/\/www.visit-ulcinj.com\/blog\/2016\/11\/28\/nisi-maratona-e-pavaresise-ulqin-shkoder-video\/nisi-maratona-e-pavaresise-ulqin-shkoder-8\/'><img width=\"150\" height=\"150\" src=\"https:\/\/www.visit-ulcinj.com\/blog\/wp-content\/uploads\/2016\/11\/Nisi-Maratona-e-Pavar\u00ebsis\u00eb-Ulqin-\u2013-Shkod\u00ebr-8-150x150.jpg\" class=\"attachment-thumbnail size-thumbnail\" alt=\"\" loading=\"lazy\" \/><\/a>\n\t\t\t<\/dt><\/dl><dl class='gallery-item'>\n\t\t\t<dt class='gallery-icon landscape'>\n\t\t\t\t<a href='https:\/\/www.visit-ulcinj.com\/blog\/2016\/11\/28\/nisi-maratona-e-pavaresise-ulqin-shkoder-video\/nisi-maratona-e-pavaresise-ulqin-shkoder-1\/'><img width=\"150\" height=\"150\" src=\"https:\/\/www.visit-ulcinj.com\/blog\/wp-content\/uploads\/2016\/11\/Nisi-Maratona-e-Pavar\u00ebsis\u00eb-Ulqin-\u2013-Shkod\u00ebr-1-150x150.jpg\" class=\"attachment-thumbnail size-thumbnail\" alt=\"\" loading=\"lazy\" \/><\/a>\n\t\t\t<\/dt><\/dl>\n\t\t\t<br style='clear: both' \/>\n\t\t<\/div>\n\n<p><strong>Video nga Z\u00ebri i Amerik\u00ebs n\u00eb maraton\u00ebn Ulqin-Shkod\u00ebr me rastin e Dit\u00ebs s\u00eb Pavar\u00ebsis\u00eb mor\u00ebn pjes\u00eb edhe p\u00ebrfaq\u00ebsues nga diaspora.<\/strong><\/p>\n<p><iframe loading=\"lazy\" style=\"border: none; overflow: hidden;\" src=\"https:\/\/www.facebook.com\/plugins\/video.php?href=https%3A%2F%2Fwww.facebook.com%2Fzeriamerikes%2Fvideos%2F10154672879089536%2F&amp;show_text=0&amp;width=508\" width=\"508 0\" height=\"355\" frameborder=\"0\" scrolling=\"no\" allowfullscreen=\"allowfullscreen\"><\/iframe><\/p>\n","protected":false},"excerpt":{"rendered":"<p>P\u00ebr t\u00eb pestin vit me radh\u00eb sot nisi Maratona e Pavar\u00ebsis\u00eb 2016. N\u00eb k\u00ebt\u00eb aktivitet t\u00eb bukur k\u00ebt\u00eb vit marrin pjes\u00eb m\u00eb shum\u00eb se 50 veta t\u00eb cil\u00ebt pritet q\u00eb n\u00eb or\u00ebt e drek\u00ebs t\u00eb arrijn\u00eb n\u00eb destinacionin e tyre n\u00eb qytetin e Shkodres. N\u00eb numrin e p\u00ebrgjithsh\u00ebm t\u00eb garuesve binin n\u00eb sy t\u00eb rinj [&hellip;]<\/p>\n","protected":false},"author":1,"featured_media":0,"comment_status":"closed","ping_status":"closed","sticky":false,"template":"","format":"standard","meta":{"spay_email":"","jetpack_publicize_message":"","jetpack_is_tweetstorm":false,"jetpack_publicize_feature_enabled":true},"categories":[3],"tags":[],"jetpack_publicize_connections":[],"yoast_head":"<!-- This site is optimized with the Yoast SEO plugin v19.1 - https:\/\/yoast.com\/wordpress\/plugins\/seo\/ -->\n<title>Nisi Maratona e Pavar\u00ebsis\u00eb Ulqin \u2013 Shkod\u00ebr - Foto - Video - Lajme nga Ulqini<\/title>\n<meta name=\"description\" content=\"P\u00ebr t\u00eb pestin vit me radh\u00eb sot nisi Maratona e Pavar\u00ebsis\u00eb 2016. N\u00eb k\u00ebt\u00eb aktivitet t\u00eb bukur k\u00ebt\u00eb vit marrin pjes\u00eb m\u00eb shum\u00eb se 50 veta t\u00eb cil\u00ebt pritet q\u00eb n\u00eb\" \/>\n<meta name=\"robots\" content=\"index, follow, max-snippet:-1, max-image-preview:large, max-video-preview:-1\" \/>\n<link rel=\"canonical\" href=\"https:\/\/www.visit-ulcinj.com\/blog\/2016\/11\/28\/nisi-maratona-e-pavaresise-ulqin-shkoder-video\/\" \/>\n<meta property=\"og:locale\" content=\"en_US\" \/>\n<meta property=\"og:type\" content=\"article\" \/>\n<meta property=\"og:title\" content=\"Nisi Maratona e Pavar\u00ebsis\u00eb Ulqin \u2013 Shkod\u00ebr - Foto - Video - Lajme nga Ulqini\" \/>\n<meta property=\"og:description\" content=\"P\u00ebr t\u00eb pestin vit me radh\u00eb sot nisi Maratona e Pavar\u00ebsis\u00eb 2016. N\u00eb k\u00ebt\u00eb aktivitet t\u00eb bukur k\u00ebt\u00eb vit marrin pjes\u00eb m\u00eb shum\u00eb se 50 veta t\u00eb cil\u00ebt pritet q\u00eb n\u00eb\" \/>\n<meta property=\"og:url\" content=\"https:\/\/www.visit-ulcinj.com\/blog\/2016\/11\/28\/nisi-maratona-e-pavaresise-ulqin-shkoder-video\/\" \/>\n<meta property=\"og:site_name\" content=\"Lajme nga Ulqini\" \/>\n<meta property=\"article:published_time\" content=\"2016-11-28T15:34:13+00:00\" \/>\n<meta property=\"article:modified_time\" content=\"2016-11-28T17:02:11+00:00\" \/>\n<meta property=\"og:image\" content=\"https:\/\/www.visit-ulcinj.com\/blog\/wp-content\/uploads\/2016\/11\/Nisi-Maratona-e-Pavar\u00ebsis\u00eb-Ulqin-\u2013-Shkod\u00ebr-2-150x150.jpg\" \/>\n<meta name=\"twitter:label1\" content=\"Written by\" \/>\n\t<meta name=\"twitter:data1\" content=\"ulqini\" \/>\n\t<meta name=\"twitter:label2\" content=\"Est. reading time\" \/>\n\t<meta name=\"twitter:data2\" content=\"1 minute\" \/>\n<script type=\"application\/ld+json\" class=\"yoast-schema-graph\">{\"@context\":\"https:\/\/schema.org\",\"@graph\":[{\"@type\":\"WebSite\",\"@id\":\"https:\/\/www.visit-ulcinj.com\/blog\/#website\",\"url\":\"https:\/\/www.visit-ulcinj.com\/blog\/\",\"name\":\"Lajme nga Ulqini\",\"description\":\"Lajme,Vijesti,Ulqini,Ulqin,Crna Gora,Mali i Zi\",\"potentialAction\":[{\"@type\":\"SearchAction\",\"target\":{\"@type\":\"EntryPoint\",\"urlTemplate\":\"https:\/\/www.visit-ulcinj.com\/blog\/?s={search_term_string}\"},\"query-input\":\"required name=search_term_string\"}],\"inLanguage\":\"en-US\"},{\"@type\":\"WebPage\",\"@id\":\"https:\/\/www.visit-ulcinj.com\/blog\/2016\/11\/28\/nisi-maratona-e-pavaresise-ulqin-shkoder-video\/#webpage\",\"url\":\"https:\/\/www.visit-ulcinj.com\/blog\/2016\/11\/28\/nisi-maratona-e-pavaresise-ulqin-shkoder-video\/\",\"name\":\"Nisi Maratona e Pavar\u00ebsis\u00eb Ulqin \u2013 Shkod\u00ebr - Foto - Video - Lajme nga Ulqini\",\"isPartOf\":{\"@id\":\"https:\/\/www.visit-ulcinj.com\/blog\/#website\"},\"datePublished\":\"2016-11-28T15:34:13+00:00\",\"dateModified\":\"2016-11-28T17:02:11+00:00\",\"author\":{\"@id\":\"https:\/\/www.visit-ulcinj.com\/blog\/#\/schema\/person\/dcab619c614d3038751c63bc2aadc06d\"},\"description\":\"P\u00ebr t\u00eb pestin vit me radh\u00eb sot nisi Maratona e Pavar\u00ebsis\u00eb 2016. N\u00eb k\u00ebt\u00eb aktivitet t\u00eb bukur k\u00ebt\u00eb vit marrin pjes\u00eb m\u00eb shum\u00eb se 50 veta t\u00eb cil\u00ebt pritet q\u00eb n\u00eb\",\"breadcrumb\":{\"@id\":\"https:\/\/www.visit-ulcinj.com\/blog\/2016\/11\/28\/nisi-maratona-e-pavaresise-ulqin-shkoder-video\/#breadcrumb\"},\"inLanguage\":\"en-US\",\"potentialAction\":[{\"@type\":\"ReadAction\",\"target\":[\"https:\/\/www.visit-ulcinj.com\/blog\/2016\/11\/28\/nisi-maratona-e-pavaresise-ulqin-shkoder-video\/\"]}]},{\"@type\":\"BreadcrumbList\",\"@id\":\"https:\/\/www.visit-ulcinj.com\/blog\/2016\/11\/28\/nisi-maratona-e-pavaresise-ulqin-shkoder-video\/#breadcrumb\",\"itemListElement\":[{\"@type\":\"ListItem\",\"position\":1,\"name\":\"Nisi Maratona e Pavar\u00ebsis\u00eb Ulqin \u2013 Shkod\u00ebr &#8211; Foto &#8211; Video\"}]},{\"@type\":\"Person\",\"@id\":\"https:\/\/www.visit-ulcinj.com\/blog\/#\/schema\/person\/dcab619c614d3038751c63bc2aadc06d\",\"name\":\"ulqini\",\"sameAs\":[\"http:\/\/www.visit-ulcinj.com\"],\"url\":\"https:\/\/www.visit-ulcinj.com\/blog\/author\/admin\/\"}]}<\/script>\n<!-- \/ Yoast SEO plugin. -->","yoast_head_json":{"title":"Nisi Maratona e Pavar\u00ebsis\u00eb Ulqin \u2013 Shkod\u00ebr - Foto - Video - Lajme nga Ulqini","description":"P\u00ebr t\u00eb pestin vit me radh\u00eb sot nisi Maratona e Pavar\u00ebsis\u00eb 2016. N\u00eb k\u00ebt\u00eb aktivitet t\u00eb bukur k\u00ebt\u00eb vit marrin pjes\u00eb m\u00eb shum\u00eb se 50 veta t\u00eb cil\u00ebt pritet q\u00eb n\u00eb","robots":{"index":"index","follow":"follow","max-snippet":"max-snippet:-1","max-image-preview":"max-image-preview:large","max-video-preview":"max-video-preview:-1"},"canonical":"https:\/\/www.visit-ulcinj.com\/blog\/2016\/11\/28\/nisi-maratona-e-pavaresise-ulqin-shkoder-video\/","og_locale":"en_US","og_type":"article","og_title":"Nisi Maratona e Pavar\u00ebsis\u00eb Ulqin \u2013 Shkod\u00ebr - Foto - Video - Lajme nga Ulqini","og_description":"P\u00ebr t\u00eb pestin vit me radh\u00eb sot nisi Maratona e Pavar\u00ebsis\u00eb 2016. N\u00eb k\u00ebt\u00eb aktivitet t\u00eb bukur k\u00ebt\u00eb vit marrin pjes\u00eb m\u00eb shum\u00eb se 50 veta t\u00eb cil\u00ebt pritet q\u00eb n\u00eb","og_url":"https:\/\/www.visit-ulcinj.com\/blog\/2016\/11\/28\/nisi-maratona-e-pavaresise-ulqin-shkoder-video\/","og_site_name":"Lajme nga Ulqini","article_published_time":"2016-11-28T15:34:13+00:00","article_modified_time":"2016-11-28T17:02:11+00:00","og_image":[{"url":"https:\/\/www.visit-ulcinj.com\/blog\/wp-content\/uploads\/2016\/11\/Nisi-Maratona-e-Pavar\u00ebsis\u00eb-Ulqin-\u2013-Shkod\u00ebr-2-150x150.jpg"}],"twitter_misc":{"Written by":"ulqini","Est. reading time":"1 minute"},"schema":{"@context":"https:\/\/schema.org","@graph":[{"@type":"WebSite","@id":"https:\/\/www.visit-ulcinj.com\/blog\/#website","url":"https:\/\/www.visit-ulcinj.com\/blog\/","name":"Lajme nga Ulqini","description":"Lajme,Vijesti,Ulqini,Ulqin,Crna Gora,Mali i Zi","potentialAction":[{"@type":"SearchAction","target":{"@type":"EntryPoint","urlTemplate":"https:\/\/www.visit-ulcinj.com\/blog\/?s={search_term_string}"},"query-input":"required name=search_term_string"}],"inLanguage":"en-US"},{"@type":"WebPage","@id":"https:\/\/www.visit-ulcinj.com\/blog\/2016\/11\/28\/nisi-maratona-e-pavaresise-ulqin-shkoder-video\/#webpage","url":"https:\/\/www.visit-ulcinj.com\/blog\/2016\/11\/28\/nisi-maratona-e-pavaresise-ulqin-shkoder-video\/","name":"Nisi Maratona e Pavar\u00ebsis\u00eb Ulqin \u2013 Shkod\u00ebr - Foto - Video - Lajme nga Ulqini","isPartOf":{"@id":"https:\/\/www.visit-ulcinj.com\/blog\/#website"},"datePublished":"2016-11-28T15:34:13+00:00","dateModified":"2016-11-28T17:02:11+00:00","author":{"@id":"https:\/\/www.visit-ulcinj.com\/blog\/#\/schema\/person\/dcab619c614d3038751c63bc2aadc06d"},"description":"P\u00ebr t\u00eb pestin vit me radh\u00eb sot nisi Maratona e Pavar\u00ebsis\u00eb 2016. N\u00eb k\u00ebt\u00eb aktivitet t\u00eb bukur k\u00ebt\u00eb vit marrin pjes\u00eb m\u00eb shum\u00eb se 50 veta t\u00eb cil\u00ebt pritet q\u00eb n\u00eb","breadcrumb":{"@id":"https:\/\/www.visit-ulcinj.com\/blog\/2016\/11\/28\/nisi-maratona-e-pavaresise-ulqin-shkoder-video\/#breadcrumb"},"inLanguage":"en-US","potentialAction":[{"@type":"ReadAction","target":["https:\/\/www.visit-ulcinj.com\/blog\/2016\/11\/28\/nisi-maratona-e-pavaresise-ulqin-shkoder-video\/"]}]},{"@type":"BreadcrumbList","@id":"https:\/\/www.visit-ulcinj.com\/blog\/2016\/11\/28\/nisi-maratona-e-pavaresise-ulqin-shkoder-video\/#breadcrumb","itemListElement":[{"@type":"ListItem","position":1,"name":"Nisi Maratona e Pavar\u00ebsis\u00eb Ulqin \u2013 Shkod\u00ebr &#8211; Foto &#8211; Video"}]},{"@type":"Person","@id":"https:\/\/www.visit-ulcinj.com\/blog\/#\/schema\/person\/dcab619c614d3038751c63bc2aadc06d","name":"ulqini","sameAs":["http:\/\/www.visit-ulcinj.com"],"url":"https:\/\/www.visit-ulcinj.com\/blog\/author\/admin\/"}]}},"jetpack_featured_media_url":"","jetpack_sharing_enabled":true,"jetpack_shortlink":"https:\/\/wp.me\/pe6lTn-qmb","_links":{"self":[{"href":"https:\/\/www.visit-ulcinj.com\/blog\/wp-json\/wp\/v2\/posts\/101319"}],"collection":[{"href":"https:\/\/www.visit-ulcinj.com\/blog\/wp-json\/wp\/v2\/posts"}],"about":[{"href":"https:\/\/www.visit-ulcinj.com\/blog\/wp-json\/wp\/v2\/types\/post"}],"author":[{"embeddable":true,"href":"https:\/\/www.visit-ulcinj.com\/blog\/wp-json\/wp\/v2\/users\/1"}],"replies":[{"embeddable":true,"href":"https:\/\/www.visit-ulcinj.com\/blog\/wp-json\/wp\/v2\/comments?post=101319"}],"version-history":[{"count":5,"href":"https:\/\/www.visit-ulcinj.com\/blog\/wp-json\/wp\/v2\/posts\/101319\/revisions"}],"predecessor-version":[{"id":101349,"href":"https:\/\/www.visit-ulcinj.com\/blog\/wp-json\/wp\/v2\/posts\/101319\/revisions\/101349"}],"wp:attachment":[{"href":"https:\/\/www.visit-ulcinj.com\/blog\/wp-json\/wp\/v2\/media?parent=101319"}],"wp:term":[{"taxonomy":"category","embeddable":true,"href":"https:\/\/www.visit-ulcinj.com\/blog\/wp-json\/wp\/v2\/categories?post=101319"},{"taxonomy":"post_tag","embeddable":true,"href":"https:\/\/www.visit-ulcinj.com\/blog\/wp-json\/wp\/v2\/tags?post=101319"}],"curies":[{"name":"wp","href":"https:\/\/api.w.org\/{rel}","templated":true}]}}