{"id":101328,"date":"2016-11-28T17:09:44","date_gmt":"2016-11-28T16:09:44","guid":{"rendered":"http:\/\/www.visit-ulcinj.com\/blog\/?p=101328"},"modified":"2016-11-28T17:09:44","modified_gmt":"2016-11-28T16:09:44","slug":"frank-shkreli-urimet-te-perzemerta-per-28-nentorin","status":"publish","type":"post","link":"https:\/\/www.visit-ulcinj.com\/blog\/2016\/11\/28\/frank-shkreli-urimet-te-perzemerta-per-28-nentorin\/","title":{"rendered":"Frank Shkreli: Urimet m\u00eb t\u00eb p\u00ebrzem\u00ebrta p\u00ebr 28 n\u00ebntorin"},"content":{"rendered":"<p><a href=\"http:\/\/www.visit-ulcinj.com\/blog\/wp-content\/uploads\/2016\/11\/Frank-Shkreli-1.jpg\"><img loading=\"lazy\" class=\"alignleft wp-image-101329 size-full\" src=\"http:\/\/www.visit-ulcinj.com\/blog\/wp-content\/uploads\/2016\/11\/Frank-Shkreli-1.jpg\" alt=\"Frank Shkreli\" width=\"508\" height=\"254\" srcset=\"https:\/\/www.visit-ulcinj.com\/blog\/wp-content\/uploads\/2016\/11\/Frank-Shkreli-1.jpg 508w, https:\/\/www.visit-ulcinj.com\/blog\/wp-content\/uploads\/2016\/11\/Frank-Shkreli-1-300x150.jpg 300w\" sizes=\"(max-width: 508px) 100vw, 508px\" \/><\/a>G\u00ebzuar Dit\u00ebn e Flamurit \u2013 Dit\u00ebn e Fest\u00ebs s\u00eb Madhe Komb\u00ebtare t\u00eb 28 N\u00ebntorit.\u00a0 U bashkohem urimeve q\u00eb sot Shqiptar\u00ebt kudo q\u00eb jan\u00eb ndajn\u00eb me nj\u00ebri tjetrin \u2013 G\u00ebzuar dhe p\u00ebr shum\u00eb vjet\u00eb Dita e Pavar\u00ebsis\u00eb Komb\u00ebtare.\u00a0\u00a0 Nj\u00ebkoh\u00ebsisht, n\u00eb k\u00ebt\u00eb dit\u00eb t\u00eb sh\u00ebnuar, i lutem t\u00eb Madhit Zot p\u00ebr nj\u00eb bashkim, dashuri, pajtim dhe mir\u00ebkuptim sa m\u00eb t\u00eb madh midis shqiptar\u00ebve kudo q\u00eb jetojn\u00eb, e sidomos atyre n\u00eb Shqip\u00ebri, Kosov\u00eb dhe an\u00eb e mban\u00eb\u00a0 trojeve shqiptare shekullore n\u00eb Ballkanin Per\u00ebndimor, por edhe t\u00eb gjith\u00eb m\u00ebrgimtar\u00ebve, \u201cgjakut t\u00eb shprishur\u201d, t\u00eb p\u00ebrhapur an\u00eb e mban\u00eb bot\u00ebs.<\/p>\n<p>Kalofshi sa m\u00eb mir\u00eb k\u00ebt\u00eb Dit\u00eb t\u00eb Madhe.<\/p>\n<p>Me p\u00ebrshnetje dhe urimet m\u00eb t\u00eb p\u00ebrzem\u00ebrta nga Amerika,<\/p>\n<p>Frank Shkreli<\/p>\n","protected":false},"excerpt":{"rendered":"<p>G\u00ebzuar Dit\u00ebn e Flamurit \u2013 Dit\u00ebn e Fest\u00ebs s\u00eb Madhe Komb\u00ebtare t\u00eb 28 N\u00ebntorit.\u00a0 U bashkohem urimeve q\u00eb sot Shqiptar\u00ebt kudo q\u00eb jan\u00eb ndajn\u00eb me nj\u00ebri tjetrin \u2013 G\u00ebzuar dhe p\u00ebr shum\u00eb vjet\u00eb Dita e Pavar\u00ebsis\u00eb Komb\u00ebtare.\u00a0\u00a0 Nj\u00ebkoh\u00ebsisht, n\u00eb k\u00ebt\u00eb dit\u00eb t\u00eb sh\u00ebnuar, i lutem t\u00eb Madhit Zot p\u00ebr nj\u00eb bashkim, dashuri, pajtim dhe mir\u00ebkuptim [&hellip;]<\/p>\n","protected":false},"author":1,"featured_media":0,"comment_status":"closed","ping_status":"closed","sticky":false,"template":"","format":"standard","meta":{"spay_email":"","jetpack_publicize_message":"","jetpack_is_tweetstorm":false,"jetpack_publicize_feature_enabled":true},"categories":[7],"tags":[],"jetpack_publicize_connections":[],"yoast_head":"<!-- This site is optimized with the Yoast SEO plugin v19.1 - https:\/\/yoast.com\/wordpress\/plugins\/seo\/ -->\n<title>Frank Shkreli: Urimet m\u00eb t\u00eb p\u00ebrzem\u00ebrta p\u00ebr 28 n\u00ebntorin - Lajme nga Ulqini<\/title>\n<meta name=\"description\" content=\"G\u00ebzuar Dit\u00ebn e Flamurit \u2013 Dit\u00ebn e Fest\u00ebs s\u00eb Madhe Komb\u00ebtare t\u00eb 28 N\u00ebntorit.\u00a0 U bashkohem urimeve q\u00eb sot Shqiptar\u00ebt kudo q\u00eb jan\u00eb ndajn\u00eb me nj\u00ebri tjetrin \u2013\" \/>\n<meta name=\"robots\" content=\"index, follow, max-snippet:-1, max-image-preview:large, max-video-preview:-1\" \/>\n<link rel=\"canonical\" href=\"https:\/\/www.visit-ulcinj.com\/blog\/2016\/11\/28\/frank-shkreli-urimet-te-perzemerta-per-28-nentorin\/\" \/>\n<meta property=\"og:locale\" content=\"en_US\" \/>\n<meta property=\"og:type\" content=\"article\" \/>\n<meta property=\"og:title\" content=\"Frank Shkreli: Urimet m\u00eb t\u00eb p\u00ebrzem\u00ebrta p\u00ebr 28 n\u00ebntorin - Lajme nga Ulqini\" \/>\n<meta property=\"og:description\" content=\"G\u00ebzuar Dit\u00ebn e Flamurit \u2013 Dit\u00ebn e Fest\u00ebs s\u00eb Madhe Komb\u00ebtare t\u00eb 28 N\u00ebntorit.\u00a0 U bashkohem urimeve q\u00eb sot Shqiptar\u00ebt kudo q\u00eb jan\u00eb ndajn\u00eb me nj\u00ebri tjetrin \u2013\" \/>\n<meta property=\"og:url\" content=\"https:\/\/www.visit-ulcinj.com\/blog\/2016\/11\/28\/frank-shkreli-urimet-te-perzemerta-per-28-nentorin\/\" \/>\n<meta property=\"og:site_name\" content=\"Lajme nga Ulqini\" \/>\n<meta property=\"article:published_time\" content=\"2016-11-28T16:09:44+00:00\" \/>\n<meta property=\"og:image\" content=\"http:\/\/www.visit-ulcinj.com\/blog\/wp-content\/uploads\/2016\/11\/Frank-Shkreli-1.jpg\" \/>\n<meta name=\"twitter:label1\" content=\"Written by\" \/>\n\t<meta name=\"twitter:data1\" content=\"ulqini\" \/>\n\t<meta name=\"twitter:label2\" content=\"Est. reading time\" \/>\n\t<meta name=\"twitter:data2\" content=\"1 minute\" \/>\n<script type=\"application\/ld+json\" class=\"yoast-schema-graph\">{\"@context\":\"https:\/\/schema.org\",\"@graph\":[{\"@type\":\"WebSite\",\"@id\":\"https:\/\/www.visit-ulcinj.com\/blog\/#website\",\"url\":\"https:\/\/www.visit-ulcinj.com\/blog\/\",\"name\":\"Lajme nga Ulqini\",\"description\":\"Lajme,Vijesti,Ulqini,Ulqin,Crna Gora,Mali i Zi\",\"potentialAction\":[{\"@type\":\"SearchAction\",\"target\":{\"@type\":\"EntryPoint\",\"urlTemplate\":\"https:\/\/www.visit-ulcinj.com\/blog\/?s={search_term_string}\"},\"query-input\":\"required name=search_term_string\"}],\"inLanguage\":\"en-US\"},{\"@type\":\"ImageObject\",\"inLanguage\":\"en-US\",\"@id\":\"https:\/\/www.visit-ulcinj.com\/blog\/2016\/11\/28\/frank-shkreli-urimet-te-perzemerta-per-28-nentorin\/#primaryimage\",\"url\":\"https:\/\/www.visit-ulcinj.com\/blog\/wp-content\/uploads\/2016\/11\/Frank-Shkreli-1.jpg\",\"contentUrl\":\"https:\/\/www.visit-ulcinj.com\/blog\/wp-content\/uploads\/2016\/11\/Frank-Shkreli-1.jpg\",\"width\":508,\"height\":254},{\"@type\":\"WebPage\",\"@id\":\"https:\/\/www.visit-ulcinj.com\/blog\/2016\/11\/28\/frank-shkreli-urimet-te-perzemerta-per-28-nentorin\/#webpage\",\"url\":\"https:\/\/www.visit-ulcinj.com\/blog\/2016\/11\/28\/frank-shkreli-urimet-te-perzemerta-per-28-nentorin\/\",\"name\":\"Frank Shkreli: Urimet m\u00eb t\u00eb p\u00ebrzem\u00ebrta p\u00ebr 28 n\u00ebntorin - Lajme nga Ulqini\",\"isPartOf\":{\"@id\":\"https:\/\/www.visit-ulcinj.com\/blog\/#website\"},\"primaryImageOfPage\":{\"@id\":\"https:\/\/www.visit-ulcinj.com\/blog\/2016\/11\/28\/frank-shkreli-urimet-te-perzemerta-per-28-nentorin\/#primaryimage\"},\"datePublished\":\"2016-11-28T16:09:44+00:00\",\"dateModified\":\"2016-11-28T16:09:44+00:00\",\"author\":{\"@id\":\"https:\/\/www.visit-ulcinj.com\/blog\/#\/schema\/person\/dcab619c614d3038751c63bc2aadc06d\"},\"description\":\"G\u00ebzuar Dit\u00ebn e Flamurit \u2013 Dit\u00ebn e Fest\u00ebs s\u00eb Madhe Komb\u00ebtare t\u00eb 28 N\u00ebntorit.\u00a0 U bashkohem urimeve q\u00eb sot Shqiptar\u00ebt kudo q\u00eb jan\u00eb ndajn\u00eb me nj\u00ebri tjetrin \u2013\",\"breadcrumb\":{\"@id\":\"https:\/\/www.visit-ulcinj.com\/blog\/2016\/11\/28\/frank-shkreli-urimet-te-perzemerta-per-28-nentorin\/#breadcrumb\"},\"inLanguage\":\"en-US\",\"potentialAction\":[{\"@type\":\"ReadAction\",\"target\":[\"https:\/\/www.visit-ulcinj.com\/blog\/2016\/11\/28\/frank-shkreli-urimet-te-perzemerta-per-28-nentorin\/\"]}]},{\"@type\":\"BreadcrumbList\",\"@id\":\"https:\/\/www.visit-ulcinj.com\/blog\/2016\/11\/28\/frank-shkreli-urimet-te-perzemerta-per-28-nentorin\/#breadcrumb\",\"itemListElement\":[{\"@type\":\"ListItem\",\"position\":1,\"name\":\"Frank Shkreli: Urimet m\u00eb t\u00eb p\u00ebrzem\u00ebrta p\u00ebr 28 n\u00ebntorin\"}]},{\"@type\":\"Person\",\"@id\":\"https:\/\/www.visit-ulcinj.com\/blog\/#\/schema\/person\/dcab619c614d3038751c63bc2aadc06d\",\"name\":\"ulqini\",\"sameAs\":[\"http:\/\/www.visit-ulcinj.com\"],\"url\":\"https:\/\/www.visit-ulcinj.com\/blog\/author\/admin\/\"}]}<\/script>\n<!-- \/ Yoast SEO plugin. -->","yoast_head_json":{"title":"Frank Shkreli: Urimet m\u00eb t\u00eb p\u00ebrzem\u00ebrta p\u00ebr 28 n\u00ebntorin - Lajme nga Ulqini","description":"G\u00ebzuar Dit\u00ebn e Flamurit \u2013 Dit\u00ebn e Fest\u00ebs s\u00eb Madhe Komb\u00ebtare t\u00eb 28 N\u00ebntorit.\u00a0 U bashkohem urimeve q\u00eb sot Shqiptar\u00ebt kudo q\u00eb jan\u00eb ndajn\u00eb me nj\u00ebri tjetrin \u2013","robots":{"index":"index","follow":"follow","max-snippet":"max-snippet:-1","max-image-preview":"max-image-preview:large","max-video-preview":"max-video-preview:-1"},"canonical":"https:\/\/www.visit-ulcinj.com\/blog\/2016\/11\/28\/frank-shkreli-urimet-te-perzemerta-per-28-nentorin\/","og_locale":"en_US","og_type":"article","og_title":"Frank Shkreli: Urimet m\u00eb t\u00eb p\u00ebrzem\u00ebrta p\u00ebr 28 n\u00ebntorin - Lajme nga Ulqini","og_description":"G\u00ebzuar Dit\u00ebn e Flamurit \u2013 Dit\u00ebn e Fest\u00ebs s\u00eb Madhe Komb\u00ebtare t\u00eb 28 N\u00ebntorit.\u00a0 U bashkohem urimeve q\u00eb sot Shqiptar\u00ebt kudo q\u00eb jan\u00eb ndajn\u00eb me nj\u00ebri tjetrin \u2013","og_url":"https:\/\/www.visit-ulcinj.com\/blog\/2016\/11\/28\/frank-shkreli-urimet-te-perzemerta-per-28-nentorin\/","og_site_name":"Lajme nga Ulqini","article_published_time":"2016-11-28T16:09:44+00:00","og_image":[{"url":"http:\/\/www.visit-ulcinj.com\/blog\/wp-content\/uploads\/2016\/11\/Frank-Shkreli-1.jpg"}],"twitter_misc":{"Written by":"ulqini","Est. reading time":"1 minute"},"schema":{"@context":"https:\/\/schema.org","@graph":[{"@type":"WebSite","@id":"https:\/\/www.visit-ulcinj.com\/blog\/#website","url":"https:\/\/www.visit-ulcinj.com\/blog\/","name":"Lajme nga Ulqini","description":"Lajme,Vijesti,Ulqini,Ulqin,Crna Gora,Mali i Zi","potentialAction":[{"@type":"SearchAction","target":{"@type":"EntryPoint","urlTemplate":"https:\/\/www.visit-ulcinj.com\/blog\/?s={search_term_string}"},"query-input":"required name=search_term_string"}],"inLanguage":"en-US"},{"@type":"ImageObject","inLanguage":"en-US","@id":"https:\/\/www.visit-ulcinj.com\/blog\/2016\/11\/28\/frank-shkreli-urimet-te-perzemerta-per-28-nentorin\/#primaryimage","url":"https:\/\/www.visit-ulcinj.com\/blog\/wp-content\/uploads\/2016\/11\/Frank-Shkreli-1.jpg","contentUrl":"https:\/\/www.visit-ulcinj.com\/blog\/wp-content\/uploads\/2016\/11\/Frank-Shkreli-1.jpg","width":508,"height":254},{"@type":"WebPage","@id":"https:\/\/www.visit-ulcinj.com\/blog\/2016\/11\/28\/frank-shkreli-urimet-te-perzemerta-per-28-nentorin\/#webpage","url":"https:\/\/www.visit-ulcinj.com\/blog\/2016\/11\/28\/frank-shkreli-urimet-te-perzemerta-per-28-nentorin\/","name":"Frank Shkreli: Urimet m\u00eb t\u00eb p\u00ebrzem\u00ebrta p\u00ebr 28 n\u00ebntorin - Lajme nga Ulqini","isPartOf":{"@id":"https:\/\/www.visit-ulcinj.com\/blog\/#website"},"primaryImageOfPage":{"@id":"https:\/\/www.visit-ulcinj.com\/blog\/2016\/11\/28\/frank-shkreli-urimet-te-perzemerta-per-28-nentorin\/#primaryimage"},"datePublished":"2016-11-28T16:09:44+00:00","dateModified":"2016-11-28T16:09:44+00:00","author":{"@id":"https:\/\/www.visit-ulcinj.com\/blog\/#\/schema\/person\/dcab619c614d3038751c63bc2aadc06d"},"description":"G\u00ebzuar Dit\u00ebn e Flamurit \u2013 Dit\u00ebn e Fest\u00ebs s\u00eb Madhe Komb\u00ebtare t\u00eb 28 N\u00ebntorit.\u00a0 U bashkohem urimeve q\u00eb sot Shqiptar\u00ebt kudo q\u00eb jan\u00eb ndajn\u00eb me nj\u00ebri tjetrin \u2013","breadcrumb":{"@id":"https:\/\/www.visit-ulcinj.com\/blog\/2016\/11\/28\/frank-shkreli-urimet-te-perzemerta-per-28-nentorin\/#breadcrumb"},"inLanguage":"en-US","potentialAction":[{"@type":"ReadAction","target":["https:\/\/www.visit-ulcinj.com\/blog\/2016\/11\/28\/frank-shkreli-urimet-te-perzemerta-per-28-nentorin\/"]}]},{"@type":"BreadcrumbList","@id":"https:\/\/www.visit-ulcinj.com\/blog\/2016\/11\/28\/frank-shkreli-urimet-te-perzemerta-per-28-nentorin\/#breadcrumb","itemListElement":[{"@type":"ListItem","position":1,"name":"Frank Shkreli: Urimet m\u00eb t\u00eb p\u00ebrzem\u00ebrta p\u00ebr 28 n\u00ebntorin"}]},{"@type":"Person","@id":"https:\/\/www.visit-ulcinj.com\/blog\/#\/schema\/person\/dcab619c614d3038751c63bc2aadc06d","name":"ulqini","sameAs":["http:\/\/www.visit-ulcinj.com"],"url":"https:\/\/www.visit-ulcinj.com\/blog\/author\/admin\/"}]}},"jetpack_featured_media_url":"","jetpack_sharing_enabled":true,"jetpack_shortlink":"https:\/\/wp.me\/pe6lTn-qmk","_links":{"self":[{"href":"https:\/\/www.visit-ulcinj.com\/blog\/wp-json\/wp\/v2\/posts\/101328"}],"collection":[{"href":"https:\/\/www.visit-ulcinj.com\/blog\/wp-json\/wp\/v2\/posts"}],"about":[{"href":"https:\/\/www.visit-ulcinj.com\/blog\/wp-json\/wp\/v2\/types\/post"}],"author":[{"embeddable":true,"href":"https:\/\/www.visit-ulcinj.com\/blog\/wp-json\/wp\/v2\/users\/1"}],"replies":[{"embeddable":true,"href":"https:\/\/www.visit-ulcinj.com\/blog\/wp-json\/wp\/v2\/comments?post=101328"}],"version-history":[{"count":1,"href":"https:\/\/www.visit-ulcinj.com\/blog\/wp-json\/wp\/v2\/posts\/101328\/revisions"}],"predecessor-version":[{"id":101330,"href":"https:\/\/www.visit-ulcinj.com\/blog\/wp-json\/wp\/v2\/posts\/101328\/revisions\/101330"}],"wp:attachment":[{"href":"https:\/\/www.visit-ulcinj.com\/blog\/wp-json\/wp\/v2\/media?parent=101328"}],"wp:term":[{"taxonomy":"category","embeddable":true,"href":"https:\/\/www.visit-ulcinj.com\/blog\/wp-json\/wp\/v2\/categories?post=101328"},{"taxonomy":"post_tag","embeddable":true,"href":"https:\/\/www.visit-ulcinj.com\/blog\/wp-json\/wp\/v2\/tags?post=101328"}],"curies":[{"name":"wp","href":"https:\/\/api.w.org\/{rel}","templated":true}]}}