{"id":101333,"date":"2016-11-28T17:49:55","date_gmt":"2016-11-28T16:49:55","guid":{"rendered":"http:\/\/www.visit-ulcinj.com\/blog\/?p=101333"},"modified":"2016-11-28T17:53:20","modified_gmt":"2016-11-28T16:53:20","slug":"ocekujemo-pomoc-novootvorenom-azilu-za-pse-apeluje-olgica-lekovic%e2%80%8e","status":"publish","type":"post","link":"https:\/\/www.visit-ulcinj.com\/blog\/2016\/11\/28\/ocekujemo-pomoc-novootvorenom-azilu-za-pse-apeluje-olgica-lekovic%e2%80%8e\/","title":{"rendered":"Ocekujemo pomoc novootvorenom azilu za pse! Apeluje Olgica Lekovi\u0107\u200e"},"content":{"rendered":"<p style=\"text-align: center;\"><strong><a href=\"http:\/\/www.visit-ulcinj.com\/blog\/wp-content\/uploads\/2016\/11\/Ocekujemo-pomoc-novootvorenom-azilu-za-pse-Ulcinj.jpg\"><img loading=\"lazy\" class=\"alignleft wp-image-101334\" src=\"http:\/\/www.visit-ulcinj.com\/blog\/wp-content\/uploads\/2016\/11\/Ocekujemo-pomoc-novootvorenom-azilu-za-pse-Ulcinj.jpg\" alt=\"Ocekujemo pomoc novootvorenom azilu za pse-Ulcinj\" width=\"508\" height=\"381\" srcset=\"https:\/\/www.visit-ulcinj.com\/blog\/wp-content\/uploads\/2016\/11\/Ocekujemo-pomoc-novootvorenom-azilu-za-pse-Ulcinj.jpg 960w, https:\/\/www.visit-ulcinj.com\/blog\/wp-content\/uploads\/2016\/11\/Ocekujemo-pomoc-novootvorenom-azilu-za-pse-Ulcinj-300x225.jpg 300w, https:\/\/www.visit-ulcinj.com\/blog\/wp-content\/uploads\/2016\/11\/Ocekujemo-pomoc-novootvorenom-azilu-za-pse-Ulcinj-768x576.jpg 768w\" sizes=\"(max-width: 508px) 100vw, 508px\" \/><\/a>Zamolnica ili APEL za pomo\u0107 novootvorenom azilu za pse!<\/strong><\/p>\n<p>Ta\u010dno je da postoji posebna grupa, ali ona ima za tre\u0107inu manje \u010dlanova, pa zato i pi\u0161em ovdje, kako bi \u0161to vi\u0161e gra\u0111ana bilo uklju\u010deno u pomo\u0107 onoga sa \u010dim raspola\u017ee&#8230;<br \/>\nNiko od nas nema previ\u0161e, ali svako doma\u0107instvo ima bar jednu dekicu-\u0107ebe koje mo\u017ee da odvoji i daruje za jadne \u017eivotinje koje le\u017ee i spavaju na hladnom&#8230;<br \/>\nIsto tako, molim sve posebno da ne bacaju hljeb, jer su psi gladni, a gladnog je sevap nahraniti, <span class=\"text_exposed_show\">pogotovo onog nemo\u0107nog, a oni to jesu&#8230;<br \/>\nNajavljuju pad temperature, za na\u0161e podneblje to je dosta velika hladno\u0107a, pa se pitam koliko \u0107e njih pre\u017eivjeti i mo\u017eemo se oglu\u0161iti i ogrije\u0161iti o apel za pomo\u0107<br \/>\nIsto tako znam da \u0107ete pomisliti i re\u0107i da su zakazali oni koji su bili nadle\u017eni za ovo pitanje, ali to jadne \u017eivotinje ne znaju, ne smijemo ih ostaviti da pate i umiru od gladi i zime, kao u logoru, a ne azilu&#8230;<br \/>\nPoka\u017eimo i ovoga puta da smo milosrdni i saosje\u0107ajni za nemo\u0107ne!<\/span><\/p>\n<div class=\"text_exposed_show\">\n<p><strong><a class=\"profileLink\" href=\"https:\/\/www.facebook.com\/groups\/animalrights.ul\/\" data-hovercard=\"\/ajax\/hovercard\/group.php?id=1550782811867401&amp;extragetparams=%7B%22directed_target_id%22%3A1512042999046635%7D\" data-hovercard-prefer-more-content-show=\"1\">https:\/\/www.facebook.com\/groups\/animalrights.ul\/?fref=ts<\/a><\/strong><\/p>\n<p><strong>Sa websajta grupe <span class=\"fwn fcg\"><span class=\"fcg\"><a class=\"profileLink\" href=\"https:\/\/www.facebook.com\/volonteri.ulcinjskog.azila\/\" data-ft=\"{&quot;tn&quot;:&quot;k&quot;}\" data-hovercard=\"\/ajax\/hovercard\/page.php?id=1847177595518641&amp;extragetparams=%7B%22directed_target_id%22%3A1550782811867401%7D\" data-hovercard-prefer-more-content-show=\"1\">Volonteri ulcinjskog azila <\/a>Facebook<\/span><\/span><\/strong><\/p>\n<p>Stanje jutors u azilu katastrofalno! Svi \u0161tenci mokri, neki izvan ku\u0107ica i ne mogu da u\u0111u, tresu, sve ku\u0107ice su mokre iznutra zbog prejakog mlaza vode iz cistje<span class=\"text_exposed_show\">rne kojim se peru boksevi. One u kojima se nalaze \u0161tenci (prva i druga slika) radnik nije ni imao namjeru da opere. Navodno su bili ve\u0107 nahranjeni, ali opet se desilo isto \u0161to i kad su <a class=\"profileLink\" href=\"https:\/\/www.facebook.com\/ratka.tanjevic\" data-hovercard=\"\/ajax\/hovercard\/user.php?id=100006644975244\" data-hovercard-prefer-more-content-show=\"1\">Ratka<\/a> i <a class=\"profileLink\" href=\"https:\/\/www.facebook.com\/tamara.banjevic\" data-hovercard=\"\/ajax\/hovercard\/user.php?id=1036875284\" data-hovercard-prefer-more-content-show=\"1\">Tamara<\/a> bile tu &#8211; jeli su kao ludi. Veliko hvala <a class=\"profileLink\" href=\"https:\/\/www.facebook.com\/lira.dekor\" data-hovercard=\"\/ajax\/hovercard\/user.php?id=100007821704178\" data-hovercard-prefer-more-content-show=\"1\">Lira Dekor<\/a> i <a class=\"profileLink\" href=\"https:\/\/www.facebook.com\/chiaragaia.iascone\" data-hovercard=\"\/ajax\/hovercard\/user.php?id=1098831415\" data-hovercard-prefer-more-content-show=\"1\">Chiara Gaia Iascone<\/a> na donacijama, zahvaljuju\u0107i njima ovi psi danas ne\u0107e biti gladni i \u0161tenci su utopljeni. Hvala i <a class=\"profileLink\" href=\"https:\/\/www.facebook.com\/profile.php?id=100009022245648\" data-hovercard=\"\/ajax\/hovercard\/user.php?id=100009022245648\" data-hovercard-prefer-more-content-show=\"1\">Dashi Torte Kolaci Iljazi<\/a>, crveni d\u017eak sam danas otvorila i podijelila im jedan dio. Tako\u0111e, dala sam i jednu konzervu, iako su me radnici ve\u0107 uspjeli optu\u017eiti da sam uzela dvije, \u0161to nije ta\u010dno. Drugi put pametnije, hranu koja je u skladi\u0161tu ja sigurno ne\u0107u dirati. A ko meni preda bilo kakvu donaciju, mo\u017ee biti siguran da \u0107e je iskoriti psi iz azila, jer je sigurno ne\u0107u ostaviti tamo na \u010duvanje. Ratka, danas je bio isti onaj radnik i d\u017eaba si mu pri\u010dala, on opet po svom&#8230; <a class=\"profileLink\" href=\"https:\/\/www.facebook.com\/azra.vonderbancktomasevic\" data-hovercard=\"\/ajax\/hovercard\/user.php?id=517131102\" data-hovercard-prefer-more-content-show=\"1\">Azra<\/a> je kupila 5 paleta, rasporedile smo ih po boksevima gdje mislimo da su najpotrebnije.<\/span><\/p>\n<h5 id=\"js_9\" class=\"_5pbw _5vra\" data-ft=\"{&quot;tn&quot;:&quot;C&quot;}\"><span class=\"fwn fcg\"><span class=\"fwb fcg\" data-ft=\"{&quot;tn&quot;:&quot;;&quot;}\"><a id=\"js_2b2\" href=\"https:\/\/www.facebook.com\/baro.vukovic?fref=nf\" data-hovercard=\"\/ajax\/hovercard\/user.php?id=100000591871152&amp;extragetparams=%7B%22fref%22%3A%22nf%22%2C%22directed_target_id%22%3A1550782811867401%7D\" data-hovercard-prefer-more-content-show=\"1\">Baro Vukovic Facebook<\/a><\/span><\/span><\/h5>\n<p>Danas u 15h <a class=\"profileLink\" href=\"https:\/\/www.facebook.com\/olgical\" data-hovercard=\"\/ajax\/hovercard\/user.php?id=100002364808819&amp;extragetparams=%7B%22directed_target_id%22%3A1550782811867401%7D\" data-hovercard-prefer-more-content-show=\"1\">Olgica Lekovi\u0107<\/a> je donirala brdo toplih cebadi. Mislim da ce biti dovoljno bar za polovinu azila. Uz to je donirala serpe i hranu za pse. Hrane uvijek fali a uslovi za pse nisu ni na minimumu. Ocekujemo dalju pomoc gradjana a zahvaljujemo se svim dosadasnjim donatorima.<\/p>\n<p><strong>Izvor: <i class=\"mhs img sp_WUtYo0sxo7G sx_988b67\"><\/i><a id=\"js_36p\" class=\"_hli\" href=\"https:\/\/www.facebook.com\/groups\/animalrights.ul\/\" data-hovercard=\"\/ajax\/hovercard\/group.php?id=1550782811867401\" data-hovercard-prefer-more-content-show=\"1\">PRIJATELJI \u017dIVOTINJA &#8211; Ulcinj<\/a><\/strong><\/p>\n<\/div>\n","protected":false},"excerpt":{"rendered":"<p>Zamolnica ili APEL za pomo\u0107 novootvorenom azilu za pse! Ta\u010dno je da postoji posebna grupa, ali ona ima za tre\u0107inu manje \u010dlanova, pa zato i pi\u0161em ovdje, kako bi \u0161to vi\u0161e gra\u0111ana bilo uklju\u010deno u pomo\u0107 onoga sa \u010dim raspola\u017ee&#8230; Niko od nas nema previ\u0161e, ali svako doma\u0107instvo ima bar jednu dekicu-\u0107ebe koje mo\u017ee da [&hellip;]<\/p>\n","protected":false},"author":1,"featured_media":0,"comment_status":"closed","ping_status":"closed","sticky":false,"template":"","format":"standard","meta":{"spay_email":"","jetpack_publicize_message":"","jetpack_is_tweetstorm":false,"jetpack_publicize_feature_enabled":true},"categories":[6950],"tags":[],"jetpack_publicize_connections":[],"yoast_head":"<!-- This site is optimized with the Yoast SEO plugin v19.1 - https:\/\/yoast.com\/wordpress\/plugins\/seo\/ -->\n<title>Ocekujemo pomoc novootvorenom azilu za pse! Apeluje Olgica Lekovi\u0107\u200e - Lajme nga Ulqini<\/title>\n<meta name=\"description\" content=\"Zamolnica ili APEL za pomo\u0107 novootvorenom azilu za pse! Ta\u010dno je da postoji posebna grupa, ali ona ima za tre\u0107inu manje \u010dlanova, pa zato i pi\u0161em ovdje,\" \/>\n<meta name=\"robots\" content=\"index, follow, max-snippet:-1, max-image-preview:large, max-video-preview:-1\" \/>\n<link rel=\"canonical\" href=\"https:\/\/www.visit-ulcinj.com\/blog\/2016\/11\/28\/ocekujemo-pomoc-novootvorenom-azilu-za-pse-apeluje-olgica-lekovic\u200e\/\" \/>\n<meta property=\"og:locale\" content=\"en_US\" \/>\n<meta property=\"og:type\" content=\"article\" \/>\n<meta property=\"og:title\" content=\"Ocekujemo pomoc novootvorenom azilu za pse! Apeluje Olgica Lekovi\u0107\u200e - Lajme nga Ulqini\" \/>\n<meta property=\"og:description\" content=\"Zamolnica ili APEL za pomo\u0107 novootvorenom azilu za pse! Ta\u010dno je da postoji posebna grupa, ali ona ima za tre\u0107inu manje \u010dlanova, pa zato i pi\u0161em ovdje,\" \/>\n<meta property=\"og:url\" content=\"https:\/\/www.visit-ulcinj.com\/blog\/2016\/11\/28\/ocekujemo-pomoc-novootvorenom-azilu-za-pse-apeluje-olgica-lekovic\u200e\/\" \/>\n<meta property=\"og:site_name\" content=\"Lajme nga Ulqini\" \/>\n<meta property=\"article:published_time\" content=\"2016-11-28T16:49:55+00:00\" \/>\n<meta property=\"article:modified_time\" content=\"2016-11-28T16:53:20+00:00\" \/>\n<meta property=\"og:image\" content=\"http:\/\/www.visit-ulcinj.com\/blog\/wp-content\/uploads\/2016\/11\/Ocekujemo-pomoc-novootvorenom-azilu-za-pse-Ulcinj.jpg\" \/>\n<meta name=\"twitter:label1\" content=\"Written by\" \/>\n\t<meta name=\"twitter:data1\" content=\"ulqini\" \/>\n\t<meta name=\"twitter:label2\" content=\"Est. reading time\" \/>\n\t<meta name=\"twitter:data2\" content=\"2 minutes\" \/>\n<script type=\"application\/ld+json\" class=\"yoast-schema-graph\">{\"@context\":\"https:\/\/schema.org\",\"@graph\":[{\"@type\":\"WebSite\",\"@id\":\"https:\/\/www.visit-ulcinj.com\/blog\/#website\",\"url\":\"https:\/\/www.visit-ulcinj.com\/blog\/\",\"name\":\"Lajme nga Ulqini\",\"description\":\"Lajme,Vijesti,Ulqini,Ulqin,Crna Gora,Mali i Zi\",\"potentialAction\":[{\"@type\":\"SearchAction\",\"target\":{\"@type\":\"EntryPoint\",\"urlTemplate\":\"https:\/\/www.visit-ulcinj.com\/blog\/?s={search_term_string}\"},\"query-input\":\"required name=search_term_string\"}],\"inLanguage\":\"en-US\"},{\"@type\":\"ImageObject\",\"inLanguage\":\"en-US\",\"@id\":\"https:\/\/www.visit-ulcinj.com\/blog\/2016\/11\/28\/ocekujemo-pomoc-novootvorenom-azilu-za-pse-apeluje-olgica-lekovic%e2%80%8e\/#primaryimage\",\"url\":\"https:\/\/www.visit-ulcinj.com\/blog\/wp-content\/uploads\/2016\/11\/Ocekujemo-pomoc-novootvorenom-azilu-za-pse-Ulcinj.jpg\",\"contentUrl\":\"https:\/\/www.visit-ulcinj.com\/blog\/wp-content\/uploads\/2016\/11\/Ocekujemo-pomoc-novootvorenom-azilu-za-pse-Ulcinj.jpg\",\"width\":960,\"height\":720},{\"@type\":\"WebPage\",\"@id\":\"https:\/\/www.visit-ulcinj.com\/blog\/2016\/11\/28\/ocekujemo-pomoc-novootvorenom-azilu-za-pse-apeluje-olgica-lekovic%e2%80%8e\/#webpage\",\"url\":\"https:\/\/www.visit-ulcinj.com\/blog\/2016\/11\/28\/ocekujemo-pomoc-novootvorenom-azilu-za-pse-apeluje-olgica-lekovic%e2%80%8e\/\",\"name\":\"Ocekujemo pomoc novootvorenom azilu za pse! Apeluje Olgica Lekovi\u0107\u200e - Lajme nga Ulqini\",\"isPartOf\":{\"@id\":\"https:\/\/www.visit-ulcinj.com\/blog\/#website\"},\"primaryImageOfPage\":{\"@id\":\"https:\/\/www.visit-ulcinj.com\/blog\/2016\/11\/28\/ocekujemo-pomoc-novootvorenom-azilu-za-pse-apeluje-olgica-lekovic%e2%80%8e\/#primaryimage\"},\"datePublished\":\"2016-11-28T16:49:55+00:00\",\"dateModified\":\"2016-11-28T16:53:20+00:00\",\"author\":{\"@id\":\"https:\/\/www.visit-ulcinj.com\/blog\/#\/schema\/person\/dcab619c614d3038751c63bc2aadc06d\"},\"description\":\"Zamolnica ili APEL za pomo\u0107 novootvorenom azilu za pse! Ta\u010dno je da postoji posebna grupa, ali ona ima za tre\u0107inu manje \u010dlanova, pa zato i pi\u0161em ovdje,\",\"breadcrumb\":{\"@id\":\"https:\/\/www.visit-ulcinj.com\/blog\/2016\/11\/28\/ocekujemo-pomoc-novootvorenom-azilu-za-pse-apeluje-olgica-lekovic%e2%80%8e\/#breadcrumb\"},\"inLanguage\":\"en-US\",\"potentialAction\":[{\"@type\":\"ReadAction\",\"target\":[\"https:\/\/www.visit-ulcinj.com\/blog\/2016\/11\/28\/ocekujemo-pomoc-novootvorenom-azilu-za-pse-apeluje-olgica-lekovic%e2%80%8e\/\"]}]},{\"@type\":\"BreadcrumbList\",\"@id\":\"https:\/\/www.visit-ulcinj.com\/blog\/2016\/11\/28\/ocekujemo-pomoc-novootvorenom-azilu-za-pse-apeluje-olgica-lekovic%e2%80%8e\/#breadcrumb\",\"itemListElement\":[{\"@type\":\"ListItem\",\"position\":1,\"name\":\"Ocekujemo pomoc novootvorenom azilu za pse! Apeluje Olgica Lekovi\u0107\u200e\"}]},{\"@type\":\"Person\",\"@id\":\"https:\/\/www.visit-ulcinj.com\/blog\/#\/schema\/person\/dcab619c614d3038751c63bc2aadc06d\",\"name\":\"ulqini\",\"sameAs\":[\"http:\/\/www.visit-ulcinj.com\"],\"url\":\"https:\/\/www.visit-ulcinj.com\/blog\/author\/admin\/\"}]}<\/script>\n<!-- \/ Yoast SEO plugin. -->","yoast_head_json":{"title":"Ocekujemo pomoc novootvorenom azilu za pse! Apeluje Olgica Lekovi\u0107\u200e - Lajme nga Ulqini","description":"Zamolnica ili APEL za pomo\u0107 novootvorenom azilu za pse! Ta\u010dno je da postoji posebna grupa, ali ona ima za tre\u0107inu manje \u010dlanova, pa zato i pi\u0161em ovdje,","robots":{"index":"index","follow":"follow","max-snippet":"max-snippet:-1","max-image-preview":"max-image-preview:large","max-video-preview":"max-video-preview:-1"},"canonical":"https:\/\/www.visit-ulcinj.com\/blog\/2016\/11\/28\/ocekujemo-pomoc-novootvorenom-azilu-za-pse-apeluje-olgica-lekovic\u200e\/","og_locale":"en_US","og_type":"article","og_title":"Ocekujemo pomoc novootvorenom azilu za pse! Apeluje Olgica Lekovi\u0107\u200e - Lajme nga Ulqini","og_description":"Zamolnica ili APEL za pomo\u0107 novootvorenom azilu za pse! Ta\u010dno je da postoji posebna grupa, ali ona ima za tre\u0107inu manje \u010dlanova, pa zato i pi\u0161em ovdje,","og_url":"https:\/\/www.visit-ulcinj.com\/blog\/2016\/11\/28\/ocekujemo-pomoc-novootvorenom-azilu-za-pse-apeluje-olgica-lekovic\u200e\/","og_site_name":"Lajme nga Ulqini","article_published_time":"2016-11-28T16:49:55+00:00","article_modified_time":"2016-11-28T16:53:20+00:00","og_image":[{"url":"http:\/\/www.visit-ulcinj.com\/blog\/wp-content\/uploads\/2016\/11\/Ocekujemo-pomoc-novootvorenom-azilu-za-pse-Ulcinj.jpg"}],"twitter_misc":{"Written by":"ulqini","Est. reading time":"2 minutes"},"schema":{"@context":"https:\/\/schema.org","@graph":[{"@type":"WebSite","@id":"https:\/\/www.visit-ulcinj.com\/blog\/#website","url":"https:\/\/www.visit-ulcinj.com\/blog\/","name":"Lajme nga Ulqini","description":"Lajme,Vijesti,Ulqini,Ulqin,Crna Gora,Mali i Zi","potentialAction":[{"@type":"SearchAction","target":{"@type":"EntryPoint","urlTemplate":"https:\/\/www.visit-ulcinj.com\/blog\/?s={search_term_string}"},"query-input":"required name=search_term_string"}],"inLanguage":"en-US"},{"@type":"ImageObject","inLanguage":"en-US","@id":"https:\/\/www.visit-ulcinj.com\/blog\/2016\/11\/28\/ocekujemo-pomoc-novootvorenom-azilu-za-pse-apeluje-olgica-lekovic%e2%80%8e\/#primaryimage","url":"https:\/\/www.visit-ulcinj.com\/blog\/wp-content\/uploads\/2016\/11\/Ocekujemo-pomoc-novootvorenom-azilu-za-pse-Ulcinj.jpg","contentUrl":"https:\/\/www.visit-ulcinj.com\/blog\/wp-content\/uploads\/2016\/11\/Ocekujemo-pomoc-novootvorenom-azilu-za-pse-Ulcinj.jpg","width":960,"height":720},{"@type":"WebPage","@id":"https:\/\/www.visit-ulcinj.com\/blog\/2016\/11\/28\/ocekujemo-pomoc-novootvorenom-azilu-za-pse-apeluje-olgica-lekovic%e2%80%8e\/#webpage","url":"https:\/\/www.visit-ulcinj.com\/blog\/2016\/11\/28\/ocekujemo-pomoc-novootvorenom-azilu-za-pse-apeluje-olgica-lekovic%e2%80%8e\/","name":"Ocekujemo pomoc novootvorenom azilu za pse! Apeluje Olgica Lekovi\u0107\u200e - Lajme nga Ulqini","isPartOf":{"@id":"https:\/\/www.visit-ulcinj.com\/blog\/#website"},"primaryImageOfPage":{"@id":"https:\/\/www.visit-ulcinj.com\/blog\/2016\/11\/28\/ocekujemo-pomoc-novootvorenom-azilu-za-pse-apeluje-olgica-lekovic%e2%80%8e\/#primaryimage"},"datePublished":"2016-11-28T16:49:55+00:00","dateModified":"2016-11-28T16:53:20+00:00","author":{"@id":"https:\/\/www.visit-ulcinj.com\/blog\/#\/schema\/person\/dcab619c614d3038751c63bc2aadc06d"},"description":"Zamolnica ili APEL za pomo\u0107 novootvorenom azilu za pse! Ta\u010dno je da postoji posebna grupa, ali ona ima za tre\u0107inu manje \u010dlanova, pa zato i pi\u0161em ovdje,","breadcrumb":{"@id":"https:\/\/www.visit-ulcinj.com\/blog\/2016\/11\/28\/ocekujemo-pomoc-novootvorenom-azilu-za-pse-apeluje-olgica-lekovic%e2%80%8e\/#breadcrumb"},"inLanguage":"en-US","potentialAction":[{"@type":"ReadAction","target":["https:\/\/www.visit-ulcinj.com\/blog\/2016\/11\/28\/ocekujemo-pomoc-novootvorenom-azilu-za-pse-apeluje-olgica-lekovic%e2%80%8e\/"]}]},{"@type":"BreadcrumbList","@id":"https:\/\/www.visit-ulcinj.com\/blog\/2016\/11\/28\/ocekujemo-pomoc-novootvorenom-azilu-za-pse-apeluje-olgica-lekovic%e2%80%8e\/#breadcrumb","itemListElement":[{"@type":"ListItem","position":1,"name":"Ocekujemo pomoc novootvorenom azilu za pse! Apeluje Olgica Lekovi\u0107\u200e"}]},{"@type":"Person","@id":"https:\/\/www.visit-ulcinj.com\/blog\/#\/schema\/person\/dcab619c614d3038751c63bc2aadc06d","name":"ulqini","sameAs":["http:\/\/www.visit-ulcinj.com"],"url":"https:\/\/www.visit-ulcinj.com\/blog\/author\/admin\/"}]}},"jetpack_featured_media_url":"","jetpack_sharing_enabled":true,"jetpack_shortlink":"https:\/\/wp.me\/pe6lTn-qmp","_links":{"self":[{"href":"https:\/\/www.visit-ulcinj.com\/blog\/wp-json\/wp\/v2\/posts\/101333"}],"collection":[{"href":"https:\/\/www.visit-ulcinj.com\/blog\/wp-json\/wp\/v2\/posts"}],"about":[{"href":"https:\/\/www.visit-ulcinj.com\/blog\/wp-json\/wp\/v2\/types\/post"}],"author":[{"embeddable":true,"href":"https:\/\/www.visit-ulcinj.com\/blog\/wp-json\/wp\/v2\/users\/1"}],"replies":[{"embeddable":true,"href":"https:\/\/www.visit-ulcinj.com\/blog\/wp-json\/wp\/v2\/comments?post=101333"}],"version-history":[{"count":3,"href":"https:\/\/www.visit-ulcinj.com\/blog\/wp-json\/wp\/v2\/posts\/101333\/revisions"}],"predecessor-version":[{"id":101337,"href":"https:\/\/www.visit-ulcinj.com\/blog\/wp-json\/wp\/v2\/posts\/101333\/revisions\/101337"}],"wp:attachment":[{"href":"https:\/\/www.visit-ulcinj.com\/blog\/wp-json\/wp\/v2\/media?parent=101333"}],"wp:term":[{"taxonomy":"category","embeddable":true,"href":"https:\/\/www.visit-ulcinj.com\/blog\/wp-json\/wp\/v2\/categories?post=101333"},{"taxonomy":"post_tag","embeddable":true,"href":"https:\/\/www.visit-ulcinj.com\/blog\/wp-json\/wp\/v2\/tags?post=101333"}],"curies":[{"name":"wp","href":"https:\/\/api.w.org\/{rel}","templated":true}]}}