{"id":101350,"date":"2016-11-28T19:02:22","date_gmt":"2016-11-28T18:02:22","guid":{"rendered":"http:\/\/www.visit-ulcinj.com\/blog\/?p=101350"},"modified":"2016-11-29T22:40:14","modified_gmt":"2016-11-29T21:40:14","slug":"zyrtarizohet-ministria-per-te-drejtat-e-njeriut-dhe-pakicave-nga-mehmet-zenka","status":"publish","type":"post","link":"https:\/\/www.visit-ulcinj.com\/blog\/2016\/11\/28\/zyrtarizohet-ministria-per-te-drejtat-e-njeriut-dhe-pakicave-nga-mehmet-zenka\/","title":{"rendered":"Zyrtarizohet Ministria p\u00ebr t\u00eb Drejtat e Njeriut dhe Pakicave nga Mehmet Zenka &#8211; Video"},"content":{"rendered":"<p><strong><a href=\"http:\/\/www.visit-ulcinj.com\/blog\/wp-content\/uploads\/2016\/11\/Ministria-p\u00ebr-t\u00eb-Drejtat-e-Njeriut-dhe-Pakicave-nga-Mehmet-Zenka.jpg\"><img loading=\"lazy\" class=\"alignleft wp-image-101351\" src=\"http:\/\/www.visit-ulcinj.com\/blog\/wp-content\/uploads\/2016\/11\/Ministria-p\u00ebr-t\u00eb-Drejtat-e-Njeriut-dhe-Pakicave-nga-Mehmet-Zenka.jpg\" alt=\"Ministria p\u00ebr t\u00eb Drejtat e Njeriut dhe Pakicave nga Mehmet Zenka\" width=\"508\" height=\"323\" srcset=\"https:\/\/www.visit-ulcinj.com\/blog\/wp-content\/uploads\/2016\/11\/Ministria-p\u00ebr-t\u00eb-Drejtat-e-Njeriut-dhe-Pakicave-nga-Mehmet-Zenka.jpg 508w, https:\/\/www.visit-ulcinj.com\/blog\/wp-content\/uploads\/2016\/11\/Ministria-p\u00ebr-t\u00eb-Drejtat-e-Njeriut-dhe-Pakicave-nga-Mehmet-Zenka-300x191.jpg 300w\" sizes=\"(max-width: 508px) 100vw, 508px\" \/><\/a>Parlamenti i Malit t\u00eb Zi ka miratuar sot propozimin e kryeministrit\u00a0 Dushko Markoviq p\u00ebr riorganizimin e Qeveris\u00eb,\u00a0q\u00eb n\u00ebnkupton ndarjen e Ministris\u00eb\u00a0p\u00ebr t\u00eb Drejtat e Njeriut dhe Pakicave. <\/strong><\/p>\n<p>N\u00eb baz\u00eb t\u00eb marr\u00ebveshjes s\u00eb koalicionit,\u00a0posti i ministrit i takon UDSH-s\u00eb.<\/p>\n<p>N\u00eb opinion \u00ebsht\u00eb lakuar emri i kryetarit t\u00eb UDSH-s\u00eb, Mehmet Zenka.<\/p>\n<p>Sipas gazet\u00ebs Vijesti, n\u00eb kabinetin e kryeministrit Markoviq do t\u00eb jet\u00eb edhe nj\u00ebri nga lider\u00ebt e koalicionit \u201cShqiptar\u00ebt t\u00eb vendosur\u201d, Mehmet Zenka, lider i Unionit Demokratik t\u00eb Shqiptar\u00ebve \/UDSH\/, do t\u00eb k\u00ebt\u00eb post edhe n\u00eb p\u00ebrb\u00ebrjen e re t\u00eb qeveris\u00eb s\u00eb ardhshme malazeze. Ai\u00a0 \u00ebsht\u00eb i vetmi shqiptar n\u00eb qeverin\u00eb malazeze, edhe pse shqiptar\u00ebt k\u00ebrkojn\u00eb vazhdimisht pjes\u00ebmarrje m\u00eb t\u00eb madhe, s\u00eb paku sipas proporcionit t\u00eb tyre n\u00eb shkall\u00eb vendi.<\/p>\n<p><a href=\"http:\/\/www.visit-ulcinj.com\/blog\/wp-content\/uploads\/2016\/11\/Ministria-p\u00ebr-t\u00eb-Drejtat-e-Njeriut-dhe-Pakicave-nga-Mehmet-Zenka-1.png\"><img loading=\"lazy\" class=\"alignleft wp-image-101353\" src=\"http:\/\/www.visit-ulcinj.com\/blog\/wp-content\/uploads\/2016\/11\/Ministria-p\u00ebr-t\u00eb-Drejtat-e-Njeriut-dhe-Pakicave-nga-Mehmet-Zenka-1.png\" alt=\"Ministria p\u00ebr t\u00eb Drejtat e Njeriut dhe Pakicave nga Mehmet Zenka-1\" width=\"508\" height=\"243\" srcset=\"https:\/\/www.visit-ulcinj.com\/blog\/wp-content\/uploads\/2016\/11\/Ministria-p\u00ebr-t\u00eb-Drejtat-e-Njeriut-dhe-Pakicave-nga-Mehmet-Zenka-1.png 702w, https:\/\/www.visit-ulcinj.com\/blog\/wp-content\/uploads\/2016\/11\/Ministria-p\u00ebr-t\u00eb-Drejtat-e-Njeriut-dhe-Pakicave-nga-Mehmet-Zenka-1-300x144.png 300w\" sizes=\"(max-width: 508px) 100vw, 508px\" \/><\/a><\/p>\n<p>UDSH q\u00eb n\u00eb vitin 1997 kur p\u00ebrkrahu PDS-n\u00eb e Milo Gjukanoviq-it, udh\u00ebheq me Ministrin\u00eb p\u00ebr t\u00eb Drejtat e Njeriut dhe Pakicave e kan\u00eb drejtuar edhe pes\u00eb funksionar\u00eb tjer\u00eb t\u00eb Unionit Demokratik t\u00eb Shqiptar\u00ebve: Ferhat Dinosha, Luigj Jun\u00e7aj, Gzim Hajdinaga, Fuad Nimani dhe Hamdi Hasani.<\/p>\n<!--YouTube Error: bad URL entered-->\n","protected":false},"excerpt":{"rendered":"<p>Parlamenti i Malit t\u00eb Zi ka miratuar sot propozimin e kryeministrit\u00a0 Dushko Markoviq p\u00ebr riorganizimin e Qeveris\u00eb,\u00a0q\u00eb n\u00ebnkupton ndarjen e Ministris\u00eb\u00a0p\u00ebr t\u00eb Drejtat e Njeriut dhe Pakicave. N\u00eb baz\u00eb t\u00eb marr\u00ebveshjes s\u00eb koalicionit,\u00a0posti i ministrit i takon UDSH-s\u00eb. N\u00eb opinion \u00ebsht\u00eb lakuar emri i kryetarit t\u00eb UDSH-s\u00eb, Mehmet Zenka. Sipas gazet\u00ebs Vijesti, n\u00eb kabinetin e [&hellip;]<\/p>\n","protected":false},"author":1,"featured_media":0,"comment_status":"closed","ping_status":"closed","sticky":false,"template":"","format":"standard","meta":{"spay_email":"","jetpack_publicize_message":"","jetpack_is_tweetstorm":false,"jetpack_publicize_feature_enabled":true},"categories":[1,11],"tags":[],"jetpack_publicize_connections":[],"yoast_head":"<!-- This site is optimized with the Yoast SEO plugin v19.1 - https:\/\/yoast.com\/wordpress\/plugins\/seo\/ -->\n<title>Zyrtarizohet Ministria p\u00ebr t\u00eb Drejtat e Njeriut dhe Pakicave nga Mehmet Zenka - Video - Lajme nga Ulqini<\/title>\n<meta name=\"description\" content=\"Parlamenti i Malit t\u00eb Zi ka miratuar sot propozimin e kryeministrit\u00a0 Dushko Markoviq p\u00ebr riorganizimin e Qeveris\u00eb,\u00a0q\u00eb n\u00ebnkupton ndarjen e Ministris\u00eb\u00a0p\u00ebr\" \/>\n<meta name=\"robots\" content=\"index, follow, max-snippet:-1, max-image-preview:large, max-video-preview:-1\" \/>\n<link rel=\"canonical\" href=\"https:\/\/www.visit-ulcinj.com\/blog\/2016\/11\/28\/zyrtarizohet-ministria-per-te-drejtat-e-njeriut-dhe-pakicave-nga-mehmet-zenka\/\" \/>\n<meta property=\"og:locale\" content=\"en_US\" \/>\n<meta property=\"og:type\" content=\"article\" \/>\n<meta property=\"og:title\" content=\"Zyrtarizohet Ministria p\u00ebr t\u00eb Drejtat e Njeriut dhe Pakicave nga Mehmet Zenka - Video - Lajme nga Ulqini\" \/>\n<meta property=\"og:description\" content=\"Parlamenti i Malit t\u00eb Zi ka miratuar sot propozimin e kryeministrit\u00a0 Dushko Markoviq p\u00ebr riorganizimin e Qeveris\u00eb,\u00a0q\u00eb n\u00ebnkupton ndarjen e Ministris\u00eb\u00a0p\u00ebr\" \/>\n<meta property=\"og:url\" content=\"https:\/\/www.visit-ulcinj.com\/blog\/2016\/11\/28\/zyrtarizohet-ministria-per-te-drejtat-e-njeriut-dhe-pakicave-nga-mehmet-zenka\/\" \/>\n<meta property=\"og:site_name\" content=\"Lajme nga Ulqini\" \/>\n<meta property=\"article:published_time\" content=\"2016-11-28T18:02:22+00:00\" \/>\n<meta property=\"article:modified_time\" content=\"2016-11-29T21:40:14+00:00\" \/>\n<meta name=\"twitter:label1\" content=\"Written by\" \/>\n\t<meta name=\"twitter:data1\" content=\"ulqini\" \/>\n\t<meta name=\"twitter:label2\" content=\"Est. reading time\" \/>\n\t<meta name=\"twitter:data2\" content=\"1 minute\" \/>\n<script type=\"application\/ld+json\" class=\"yoast-schema-graph\">{\"@context\":\"https:\/\/schema.org\",\"@graph\":[{\"@type\":\"WebSite\",\"@id\":\"https:\/\/www.visit-ulcinj.com\/blog\/#website\",\"url\":\"https:\/\/www.visit-ulcinj.com\/blog\/\",\"name\":\"Lajme nga Ulqini\",\"description\":\"Lajme,Vijesti,Ulqini,Ulqin,Crna Gora,Mali i Zi\",\"potentialAction\":[{\"@type\":\"SearchAction\",\"target\":{\"@type\":\"EntryPoint\",\"urlTemplate\":\"https:\/\/www.visit-ulcinj.com\/blog\/?s={search_term_string}\"},\"query-input\":\"required name=search_term_string\"}],\"inLanguage\":\"en-US\"},{\"@type\":\"WebPage\",\"@id\":\"https:\/\/www.visit-ulcinj.com\/blog\/2016\/11\/28\/zyrtarizohet-ministria-per-te-drejtat-e-njeriut-dhe-pakicave-nga-mehmet-zenka\/#webpage\",\"url\":\"https:\/\/www.visit-ulcinj.com\/blog\/2016\/11\/28\/zyrtarizohet-ministria-per-te-drejtat-e-njeriut-dhe-pakicave-nga-mehmet-zenka\/\",\"name\":\"Zyrtarizohet Ministria p\u00ebr t\u00eb Drejtat e Njeriut dhe Pakicave nga Mehmet Zenka - Video - Lajme nga Ulqini\",\"isPartOf\":{\"@id\":\"https:\/\/www.visit-ulcinj.com\/blog\/#website\"},\"datePublished\":\"2016-11-28T18:02:22+00:00\",\"dateModified\":\"2016-11-29T21:40:14+00:00\",\"author\":{\"@id\":\"https:\/\/www.visit-ulcinj.com\/blog\/#\/schema\/person\/dcab619c614d3038751c63bc2aadc06d\"},\"description\":\"Parlamenti i Malit t\u00eb Zi ka miratuar sot propozimin e kryeministrit\u00a0 Dushko Markoviq p\u00ebr riorganizimin e Qeveris\u00eb,\u00a0q\u00eb n\u00ebnkupton ndarjen e Ministris\u00eb\u00a0p\u00ebr\",\"breadcrumb\":{\"@id\":\"https:\/\/www.visit-ulcinj.com\/blog\/2016\/11\/28\/zyrtarizohet-ministria-per-te-drejtat-e-njeriut-dhe-pakicave-nga-mehmet-zenka\/#breadcrumb\"},\"inLanguage\":\"en-US\",\"potentialAction\":[{\"@type\":\"ReadAction\",\"target\":[\"https:\/\/www.visit-ulcinj.com\/blog\/2016\/11\/28\/zyrtarizohet-ministria-per-te-drejtat-e-njeriut-dhe-pakicave-nga-mehmet-zenka\/\"]}]},{\"@type\":\"BreadcrumbList\",\"@id\":\"https:\/\/www.visit-ulcinj.com\/blog\/2016\/11\/28\/zyrtarizohet-ministria-per-te-drejtat-e-njeriut-dhe-pakicave-nga-mehmet-zenka\/#breadcrumb\",\"itemListElement\":[{\"@type\":\"ListItem\",\"position\":1,\"name\":\"Zyrtarizohet Ministria p\u00ebr t\u00eb Drejtat e Njeriut dhe Pakicave nga Mehmet Zenka &#8211; Video\"}]},{\"@type\":\"Person\",\"@id\":\"https:\/\/www.visit-ulcinj.com\/blog\/#\/schema\/person\/dcab619c614d3038751c63bc2aadc06d\",\"name\":\"ulqini\",\"sameAs\":[\"http:\/\/www.visit-ulcinj.com\"],\"url\":\"https:\/\/www.visit-ulcinj.com\/blog\/author\/admin\/\"}]}<\/script>\n<!-- \/ Yoast SEO plugin. -->","yoast_head_json":{"title":"Zyrtarizohet Ministria p\u00ebr t\u00eb Drejtat e Njeriut dhe Pakicave nga Mehmet Zenka - Video - Lajme nga Ulqini","description":"Parlamenti i Malit t\u00eb Zi ka miratuar sot propozimin e kryeministrit\u00a0 Dushko Markoviq p\u00ebr riorganizimin e Qeveris\u00eb,\u00a0q\u00eb n\u00ebnkupton ndarjen e Ministris\u00eb\u00a0p\u00ebr","robots":{"index":"index","follow":"follow","max-snippet":"max-snippet:-1","max-image-preview":"max-image-preview:large","max-video-preview":"max-video-preview:-1"},"canonical":"https:\/\/www.visit-ulcinj.com\/blog\/2016\/11\/28\/zyrtarizohet-ministria-per-te-drejtat-e-njeriut-dhe-pakicave-nga-mehmet-zenka\/","og_locale":"en_US","og_type":"article","og_title":"Zyrtarizohet Ministria p\u00ebr t\u00eb Drejtat e Njeriut dhe Pakicave nga Mehmet Zenka - Video - Lajme nga Ulqini","og_description":"Parlamenti i Malit t\u00eb Zi ka miratuar sot propozimin e kryeministrit\u00a0 Dushko Markoviq p\u00ebr riorganizimin e Qeveris\u00eb,\u00a0q\u00eb n\u00ebnkupton ndarjen e Ministris\u00eb\u00a0p\u00ebr","og_url":"https:\/\/www.visit-ulcinj.com\/blog\/2016\/11\/28\/zyrtarizohet-ministria-per-te-drejtat-e-njeriut-dhe-pakicave-nga-mehmet-zenka\/","og_site_name":"Lajme nga Ulqini","article_published_time":"2016-11-28T18:02:22+00:00","article_modified_time":"2016-11-29T21:40:14+00:00","twitter_misc":{"Written by":"ulqini","Est. reading time":"1 minute"},"schema":{"@context":"https:\/\/schema.org","@graph":[{"@type":"WebSite","@id":"https:\/\/www.visit-ulcinj.com\/blog\/#website","url":"https:\/\/www.visit-ulcinj.com\/blog\/","name":"Lajme nga Ulqini","description":"Lajme,Vijesti,Ulqini,Ulqin,Crna Gora,Mali i Zi","potentialAction":[{"@type":"SearchAction","target":{"@type":"EntryPoint","urlTemplate":"https:\/\/www.visit-ulcinj.com\/blog\/?s={search_term_string}"},"query-input":"required name=search_term_string"}],"inLanguage":"en-US"},{"@type":"WebPage","@id":"https:\/\/www.visit-ulcinj.com\/blog\/2016\/11\/28\/zyrtarizohet-ministria-per-te-drejtat-e-njeriut-dhe-pakicave-nga-mehmet-zenka\/#webpage","url":"https:\/\/www.visit-ulcinj.com\/blog\/2016\/11\/28\/zyrtarizohet-ministria-per-te-drejtat-e-njeriut-dhe-pakicave-nga-mehmet-zenka\/","name":"Zyrtarizohet Ministria p\u00ebr t\u00eb Drejtat e Njeriut dhe Pakicave nga Mehmet Zenka - Video - Lajme nga Ulqini","isPartOf":{"@id":"https:\/\/www.visit-ulcinj.com\/blog\/#website"},"datePublished":"2016-11-28T18:02:22+00:00","dateModified":"2016-11-29T21:40:14+00:00","author":{"@id":"https:\/\/www.visit-ulcinj.com\/blog\/#\/schema\/person\/dcab619c614d3038751c63bc2aadc06d"},"description":"Parlamenti i Malit t\u00eb Zi ka miratuar sot propozimin e kryeministrit\u00a0 Dushko Markoviq p\u00ebr riorganizimin e Qeveris\u00eb,\u00a0q\u00eb n\u00ebnkupton ndarjen e Ministris\u00eb\u00a0p\u00ebr","breadcrumb":{"@id":"https:\/\/www.visit-ulcinj.com\/blog\/2016\/11\/28\/zyrtarizohet-ministria-per-te-drejtat-e-njeriut-dhe-pakicave-nga-mehmet-zenka\/#breadcrumb"},"inLanguage":"en-US","potentialAction":[{"@type":"ReadAction","target":["https:\/\/www.visit-ulcinj.com\/blog\/2016\/11\/28\/zyrtarizohet-ministria-per-te-drejtat-e-njeriut-dhe-pakicave-nga-mehmet-zenka\/"]}]},{"@type":"BreadcrumbList","@id":"https:\/\/www.visit-ulcinj.com\/blog\/2016\/11\/28\/zyrtarizohet-ministria-per-te-drejtat-e-njeriut-dhe-pakicave-nga-mehmet-zenka\/#breadcrumb","itemListElement":[{"@type":"ListItem","position":1,"name":"Zyrtarizohet Ministria p\u00ebr t\u00eb Drejtat e Njeriut dhe Pakicave nga Mehmet Zenka &#8211; Video"}]},{"@type":"Person","@id":"https:\/\/www.visit-ulcinj.com\/blog\/#\/schema\/person\/dcab619c614d3038751c63bc2aadc06d","name":"ulqini","sameAs":["http:\/\/www.visit-ulcinj.com"],"url":"https:\/\/www.visit-ulcinj.com\/blog\/author\/admin\/"}]}},"jetpack_featured_media_url":"","jetpack_sharing_enabled":true,"jetpack_shortlink":"https:\/\/wp.me\/pe6lTn-qmG","_links":{"self":[{"href":"https:\/\/www.visit-ulcinj.com\/blog\/wp-json\/wp\/v2\/posts\/101350"}],"collection":[{"href":"https:\/\/www.visit-ulcinj.com\/blog\/wp-json\/wp\/v2\/posts"}],"about":[{"href":"https:\/\/www.visit-ulcinj.com\/blog\/wp-json\/wp\/v2\/types\/post"}],"author":[{"embeddable":true,"href":"https:\/\/www.visit-ulcinj.com\/blog\/wp-json\/wp\/v2\/users\/1"}],"replies":[{"embeddable":true,"href":"https:\/\/www.visit-ulcinj.com\/blog\/wp-json\/wp\/v2\/comments?post=101350"}],"version-history":[{"count":5,"href":"https:\/\/www.visit-ulcinj.com\/blog\/wp-json\/wp\/v2\/posts\/101350\/revisions"}],"predecessor-version":[{"id":101357,"href":"https:\/\/www.visit-ulcinj.com\/blog\/wp-json\/wp\/v2\/posts\/101350\/revisions\/101357"}],"wp:attachment":[{"href":"https:\/\/www.visit-ulcinj.com\/blog\/wp-json\/wp\/v2\/media?parent=101350"}],"wp:term":[{"taxonomy":"category","embeddable":true,"href":"https:\/\/www.visit-ulcinj.com\/blog\/wp-json\/wp\/v2\/categories?post=101350"},{"taxonomy":"post_tag","embeddable":true,"href":"https:\/\/www.visit-ulcinj.com\/blog\/wp-json\/wp\/v2\/tags?post=101350"}],"curies":[{"name":"wp","href":"https:\/\/api.w.org\/{rel}","templated":true}]}}