{"id":101359,"date":"2016-11-29T16:25:12","date_gmt":"2016-11-29T15:25:12","guid":{"rendered":"http:\/\/www.visit-ulcinj.com\/blog\/?p=101359"},"modified":"2016-11-29T16:25:12","modified_gmt":"2016-11-29T15:25:12","slug":"%e2%80%8bzgjidhet-qeveria-e-re-e-malit-te-zi-betohen-ministrat","status":"publish","type":"post","link":"https:\/\/www.visit-ulcinj.com\/blog\/2016\/11\/29\/%e2%80%8bzgjidhet-qeveria-e-re-e-malit-te-zi-betohen-ministrat\/","title":{"rendered":"\u200bZgjidhet Qeveria e re e Malit t\u00eb Zi, betohen ministrat"},"content":{"rendered":"<h4><a href=\"http:\/\/www.visit-ulcinj.com\/blog\/wp-content\/uploads\/2016\/11\/zgjidhet-Qeveria-e-re-e-Malit-t\u00eb-Zi-.jpg\"><img loading=\"lazy\" class=\"alignleft wp-image-101363\" src=\"http:\/\/www.visit-ulcinj.com\/blog\/wp-content\/uploads\/2016\/11\/zgjidhet-Qeveria-e-re-e-Malit-t\u00eb-Zi-.jpg\" alt=\"zgjidhet Qeveria e re e Malit t\u00eb Zi-\" width=\"508\" height=\"319\" srcset=\"https:\/\/www.visit-ulcinj.com\/blog\/wp-content\/uploads\/2016\/11\/zgjidhet-Qeveria-e-re-e-Malit-t\u00eb-Zi-.jpg 721w, https:\/\/www.visit-ulcinj.com\/blog\/wp-content\/uploads\/2016\/11\/zgjidhet-Qeveria-e-re-e-Malit-t\u00eb-Zi--300x188.jpg 300w\" sizes=\"(max-width: 508px) 100vw, 508px\" \/><\/a>Dje Kuvendi i Malit t\u00eb Zi konfirmoi me 41 vota, nga 81 deputet\u00eb, Dushko Markoviqin kryeminist\u00ebr t\u00eb ri t\u00eb k\u00ebtij vendi. Markoviqin e mb\u00ebshtet\u00ebn deputet\u00ebt e DPS-it, SD-s\u00eb, BS-s\u00eb dhe Koalicioni i shqiptar\u00ebve \u201cShqiptar\u00ebt vendosm\u00ebrisht\u201d. Vet\u00eb Markoviqi raportohet t\u00eb mos jet\u00eb deklaruar.<\/h4>\n<p>N\u00eb qeverin\u00eb q\u00eb do ta drejtoj\u00eb Markoviq kan\u00eb mbetur vet\u00ebm dy ministra nga Qeveria e Gjukanoviq, nd\u00ebrkaq n\u00eb t\u00eb nuk \u00ebsht\u00eb p\u00ebrfshir\u00eb asnj\u00eb serb, nd\u00ebrsa nj\u00eb shqiptar vazhdon t\u00eb jet\u00eb n\u00eb krye t\u00eb Ministris\u00eb p\u00ebr t\u00eb Drejtat Njer\u00ebzore dhe t\u00eb Pakicave, transmeton Koha.net.<\/p>\n<p><a href=\"http:\/\/www.visit-ulcinj.com\/blog\/wp-content\/uploads\/2016\/11\/Ministria-p\u00ebr-t\u00eb-Drejtat-e-Njeriut-dhe-Pakicave-nga-Mehmet-Zenka.jpg\"><img loading=\"lazy\" class=\"alignleft wp-image-101351 size-full\" src=\"http:\/\/www.visit-ulcinj.com\/blog\/wp-content\/uploads\/2016\/11\/Ministria-p\u00ebr-t\u00eb-Drejtat-e-Njeriut-dhe-Pakicave-nga-Mehmet-Zenka.jpg\" alt=\"Ministria p\u00ebr t\u00eb Drejtat e Njeriut dhe Pakicave nga Mehmet Zenka\" width=\"508\" height=\"323\" srcset=\"https:\/\/www.visit-ulcinj.com\/blog\/wp-content\/uploads\/2016\/11\/Ministria-p\u00ebr-t\u00eb-Drejtat-e-Njeriut-dhe-Pakicave-nga-Mehmet-Zenka.jpg 508w, https:\/\/www.visit-ulcinj.com\/blog\/wp-content\/uploads\/2016\/11\/Ministria-p\u00ebr-t\u00eb-Drejtat-e-Njeriut-dhe-Pakicave-nga-Mehmet-Zenka-300x191.jpg 300w\" sizes=\"(max-width: 508px) 100vw, 508px\" \/><\/a><\/p>\n<p>Minist\u00ebr i Mbrojtjes \u00ebsht\u00eb zgjedhur Predrag Boshkoviq, ministri i deritash\u00ebm i Arsimit, ndihm\u00ebsministra e deritashme e Ekonomis\u00eb, Dragica Sekuliq \u00ebsht\u00eb b\u00ebr\u00eb ministre e k\u00ebtij resori, Darko Radunoviq minist\u00ebr i Financave, minist\u00ebr i Zhvillimit t\u00eb Q\u00ebndruesh\u00ebm dhe Tuirizmit \u00ebsht\u00eb zgjedhur Pavle Radulloviq, minist\u00ebr i Pun\u00ebve t\u00eb Brendshme \u2013 Mevludin Nuhoxhiq, Minist\u00ebr i Administrat\u00ebs Publike t\u00eb Nd\u00ebrmarrjeve \u2013 Suzana Pribilloviq, e Shkenc\u00ebs dr. Sanja Damjanoviq, minist\u00ebr i Pun\u00ebve t\u00eb Jashtme \u00ebsht\u00eb zgjedhur Srgjan Darmanoviq, ish-ambasador i Malit t\u00eb Zi n\u00eb SHBA, nd\u00ebrsa Aleksandar Pejoviq \u00ebsht\u00eb zgjedhur minist\u00ebr p\u00ebr \u00c7\u00ebshtje Europiane. Minist\u00ebr i Sportit \u00ebsht\u00eb zgjedhur vaterpolisti Nikolla Jankoviq, nd\u00ebrsa i Kultur\u00ebs Janko Lumoviq. Minist\u00ebr i Bujq\u00ebsis\u00eb \u00ebsht\u00eb zgjedhur Millutin Simoviq, nj\u00ebher\u00ebsh edhe z\u00ebvend\u00ebskryeminist\u00ebr, sikurse edhe Zoran Pazhina, q\u00eb ruan edhe postin e ministrit t\u00eb Drejt\u00ebsis\u00eb, z\u00ebvend\u00ebskryeminist\u00ebr tjet\u00ebr p\u00ebr Zhvillim Rajonal \u00ebsht\u00eb zgjedhur Rafet Husoviq, e ministresh pa portofol mbetet Marija Vu\u00e7inoviq, minist\u00ebr i ri i Arsimit \u00ebsht\u00eb zgjedhur Damir Sheoviq, kurse i Sh\u00ebndet\u00ebsis\u00eb Kenan Hrapoviq, minist\u00ebr i Transportit \u00ebsht\u00eb zgjedhedhur Osman Nurkoviq, i Pun\u00ebs dhe i Kujdesit Social Kemal Purishiq.<\/p>\n<div class=\"td-a-rec td-a-rec-id-content_inline  \">\u00a0<a href=\"http:\/\/www.visit-ulcinj.com\/blog\/wp-content\/uploads\/2016\/11\/Ministria-p\u00ebr-t\u00eb-Drejtat-e-Njeriut-dhe-Pakicave-nga-Mehmet-Zenka-1.png\"><img loading=\"lazy\" class=\"alignleft wp-image-101353\" src=\"http:\/\/www.visit-ulcinj.com\/blog\/wp-content\/uploads\/2016\/11\/Ministria-p\u00ebr-t\u00eb-Drejtat-e-Njeriut-dhe-Pakicave-nga-Mehmet-Zenka-1.png\" alt=\"Ministria p\u00ebr t\u00eb Drejtat e Njeriut dhe Pakicave nga Mehmet Zenka-1\" width=\"508\" height=\"243\" srcset=\"https:\/\/www.visit-ulcinj.com\/blog\/wp-content\/uploads\/2016\/11\/Ministria-p\u00ebr-t\u00eb-Drejtat-e-Njeriut-dhe-Pakicave-nga-Mehmet-Zenka-1.png 702w, https:\/\/www.visit-ulcinj.com\/blog\/wp-content\/uploads\/2016\/11\/Ministria-p\u00ebr-t\u00eb-Drejtat-e-Njeriut-dhe-Pakicave-nga-Mehmet-Zenka-1-300x144.png 300w\" sizes=\"(max-width: 508px) 100vw, 508px\" \/><\/a><\/div>\n<p>Minist\u00ebr p\u00ebr t\u00eb Drejtat e Njer\u00ebzore dhe t\u00eb Pakicave \u00ebsht\u00eb zgjedhur Mehmet Zenka nga Koalicioni i shqiptar\u00ebve \u201cShqiptar\u00ebt Vendosm\u00ebrisht\u201d.<\/p>\n<p>N\u00eb kabinetin e ri qeveritar kan\u00eb mbetur vet\u00ebm dy nga ministrat e qeveris\u00eb q\u00eb drejtohej nga Millo Gjukanoviq \u2013 Zoran Pazhin dhe Predrag Boshkoviq.<\/p>\n<p>N\u00eb Qeverin\u00eb e Markoviqit nuk ka asnj\u00eb p\u00ebrfaq\u00ebsues t\u00eb serb\u00ebve. Markoviq munges\u00ebn e serb\u00ebve e ka arsyetuar me rrethanat politike, por \u00ebsht\u00eb treguar i gatsh\u00ebm t\u00eb b\u00ebj\u00eb vend n\u00eb qeveri p\u00ebr ata q\u00eb jan\u00eb t\u00eb gatsh\u00ebm p\u00ebr bashk\u00ebpunim.<\/p>\n<div class=\"td-a-rec td-a-rec-id-content_bottom  \"><\/div>\n","protected":false},"excerpt":{"rendered":"<p>Dje Kuvendi i Malit t\u00eb Zi konfirmoi me 41 vota, nga 81 deputet\u00eb, Dushko Markoviqin kryeminist\u00ebr t\u00eb ri t\u00eb k\u00ebtij vendi. Markoviqin e mb\u00ebshtet\u00ebn deputet\u00ebt e DPS-it, SD-s\u00eb, BS-s\u00eb dhe Koalicioni i shqiptar\u00ebve \u201cShqiptar\u00ebt vendosm\u00ebrisht\u201d. Vet\u00eb Markoviqi raportohet t\u00eb mos jet\u00eb deklaruar. N\u00eb qeverin\u00eb q\u00eb do ta drejtoj\u00eb Markoviq kan\u00eb mbetur vet\u00ebm dy ministra nga [&hellip;]<\/p>\n","protected":false},"author":1,"featured_media":0,"comment_status":"closed","ping_status":"closed","sticky":false,"template":"","format":"standard","meta":{"spay_email":"","jetpack_publicize_message":"","jetpack_is_tweetstorm":false,"jetpack_publicize_feature_enabled":true},"categories":[6],"tags":[],"jetpack_publicize_connections":[],"yoast_head":"<!-- This site is optimized with the Yoast SEO plugin v19.1 - https:\/\/yoast.com\/wordpress\/plugins\/seo\/ -->\n<title>\u200bZgjidhet Qeveria e re e Malit t\u00eb Zi, betohen ministrat - Lajme nga Ulqini<\/title>\n<meta name=\"description\" content=\"Dje Kuvendi i Malit t\u00eb Zi konfirmoi me 41 vota, nga 81 deputet\u00eb, Dushko Markoviqin kryeminist\u00ebr t\u00eb ri t\u00eb k\u00ebtij vendi. Markoviqin e mb\u00ebshtet\u00ebn deputet\u00ebt e\" \/>\n<meta name=\"robots\" content=\"index, follow, max-snippet:-1, max-image-preview:large, max-video-preview:-1\" \/>\n<link rel=\"canonical\" href=\"https:\/\/www.visit-ulcinj.com\/blog\/2016\/11\/29\/\u200bzgjidhet-qeveria-e-re-e-malit-te-zi-betohen-ministrat\/\" \/>\n<meta property=\"og:locale\" content=\"en_US\" \/>\n<meta property=\"og:type\" content=\"article\" \/>\n<meta property=\"og:title\" content=\"\u200bZgjidhet Qeveria e re e Malit t\u00eb Zi, betohen ministrat - Lajme nga Ulqini\" \/>\n<meta property=\"og:description\" content=\"Dje Kuvendi i Malit t\u00eb Zi konfirmoi me 41 vota, nga 81 deputet\u00eb, Dushko Markoviqin kryeminist\u00ebr t\u00eb ri t\u00eb k\u00ebtij vendi. Markoviqin e mb\u00ebshtet\u00ebn deputet\u00ebt e\" \/>\n<meta property=\"og:url\" content=\"https:\/\/www.visit-ulcinj.com\/blog\/2016\/11\/29\/\u200bzgjidhet-qeveria-e-re-e-malit-te-zi-betohen-ministrat\/\" \/>\n<meta property=\"og:site_name\" content=\"Lajme nga Ulqini\" \/>\n<meta property=\"article:published_time\" content=\"2016-11-29T15:25:12+00:00\" \/>\n<meta name=\"twitter:label1\" content=\"Written by\" \/>\n\t<meta name=\"twitter:data1\" content=\"ulqini\" \/>\n\t<meta name=\"twitter:label2\" content=\"Est. reading time\" \/>\n\t<meta name=\"twitter:data2\" content=\"2 minutes\" \/>\n<script type=\"application\/ld+json\" class=\"yoast-schema-graph\">{\"@context\":\"https:\/\/schema.org\",\"@graph\":[{\"@type\":\"WebSite\",\"@id\":\"https:\/\/www.visit-ulcinj.com\/blog\/#website\",\"url\":\"https:\/\/www.visit-ulcinj.com\/blog\/\",\"name\":\"Lajme nga Ulqini\",\"description\":\"Lajme,Vijesti,Ulqini,Ulqin,Crna Gora,Mali i Zi\",\"potentialAction\":[{\"@type\":\"SearchAction\",\"target\":{\"@type\":\"EntryPoint\",\"urlTemplate\":\"https:\/\/www.visit-ulcinj.com\/blog\/?s={search_term_string}\"},\"query-input\":\"required name=search_term_string\"}],\"inLanguage\":\"en-US\"},{\"@type\":\"WebPage\",\"@id\":\"https:\/\/www.visit-ulcinj.com\/blog\/2016\/11\/29\/%e2%80%8bzgjidhet-qeveria-e-re-e-malit-te-zi-betohen-ministrat\/#webpage\",\"url\":\"https:\/\/www.visit-ulcinj.com\/blog\/2016\/11\/29\/%e2%80%8bzgjidhet-qeveria-e-re-e-malit-te-zi-betohen-ministrat\/\",\"name\":\"\u200bZgjidhet Qeveria e re e Malit t\u00eb Zi, betohen ministrat - Lajme nga Ulqini\",\"isPartOf\":{\"@id\":\"https:\/\/www.visit-ulcinj.com\/blog\/#website\"},\"datePublished\":\"2016-11-29T15:25:12+00:00\",\"dateModified\":\"2016-11-29T15:25:12+00:00\",\"author\":{\"@id\":\"https:\/\/www.visit-ulcinj.com\/blog\/#\/schema\/person\/dcab619c614d3038751c63bc2aadc06d\"},\"description\":\"Dje Kuvendi i Malit t\u00eb Zi konfirmoi me 41 vota, nga 81 deputet\u00eb, Dushko Markoviqin kryeminist\u00ebr t\u00eb ri t\u00eb k\u00ebtij vendi. Markoviqin e mb\u00ebshtet\u00ebn deputet\u00ebt e\",\"breadcrumb\":{\"@id\":\"https:\/\/www.visit-ulcinj.com\/blog\/2016\/11\/29\/%e2%80%8bzgjidhet-qeveria-e-re-e-malit-te-zi-betohen-ministrat\/#breadcrumb\"},\"inLanguage\":\"en-US\",\"potentialAction\":[{\"@type\":\"ReadAction\",\"target\":[\"https:\/\/www.visit-ulcinj.com\/blog\/2016\/11\/29\/%e2%80%8bzgjidhet-qeveria-e-re-e-malit-te-zi-betohen-ministrat\/\"]}]},{\"@type\":\"BreadcrumbList\",\"@id\":\"https:\/\/www.visit-ulcinj.com\/blog\/2016\/11\/29\/%e2%80%8bzgjidhet-qeveria-e-re-e-malit-te-zi-betohen-ministrat\/#breadcrumb\",\"itemListElement\":[{\"@type\":\"ListItem\",\"position\":1,\"name\":\"\u200bZgjidhet Qeveria e re e Malit t\u00eb Zi, betohen ministrat\"}]},{\"@type\":\"Person\",\"@id\":\"https:\/\/www.visit-ulcinj.com\/blog\/#\/schema\/person\/dcab619c614d3038751c63bc2aadc06d\",\"name\":\"ulqini\",\"sameAs\":[\"http:\/\/www.visit-ulcinj.com\"],\"url\":\"https:\/\/www.visit-ulcinj.com\/blog\/author\/admin\/\"}]}<\/script>\n<!-- \/ Yoast SEO plugin. -->","yoast_head_json":{"title":"\u200bZgjidhet Qeveria e re e Malit t\u00eb Zi, betohen ministrat - Lajme nga Ulqini","description":"Dje Kuvendi i Malit t\u00eb Zi konfirmoi me 41 vota, nga 81 deputet\u00eb, Dushko Markoviqin kryeminist\u00ebr t\u00eb ri t\u00eb k\u00ebtij vendi. Markoviqin e mb\u00ebshtet\u00ebn deputet\u00ebt e","robots":{"index":"index","follow":"follow","max-snippet":"max-snippet:-1","max-image-preview":"max-image-preview:large","max-video-preview":"max-video-preview:-1"},"canonical":"https:\/\/www.visit-ulcinj.com\/blog\/2016\/11\/29\/\u200bzgjidhet-qeveria-e-re-e-malit-te-zi-betohen-ministrat\/","og_locale":"en_US","og_type":"article","og_title":"\u200bZgjidhet Qeveria e re e Malit t\u00eb Zi, betohen ministrat - Lajme nga Ulqini","og_description":"Dje Kuvendi i Malit t\u00eb Zi konfirmoi me 41 vota, nga 81 deputet\u00eb, Dushko Markoviqin kryeminist\u00ebr t\u00eb ri t\u00eb k\u00ebtij vendi. Markoviqin e mb\u00ebshtet\u00ebn deputet\u00ebt e","og_url":"https:\/\/www.visit-ulcinj.com\/blog\/2016\/11\/29\/\u200bzgjidhet-qeveria-e-re-e-malit-te-zi-betohen-ministrat\/","og_site_name":"Lajme nga Ulqini","article_published_time":"2016-11-29T15:25:12+00:00","twitter_misc":{"Written by":"ulqini","Est. reading time":"2 minutes"},"schema":{"@context":"https:\/\/schema.org","@graph":[{"@type":"WebSite","@id":"https:\/\/www.visit-ulcinj.com\/blog\/#website","url":"https:\/\/www.visit-ulcinj.com\/blog\/","name":"Lajme nga Ulqini","description":"Lajme,Vijesti,Ulqini,Ulqin,Crna Gora,Mali i Zi","potentialAction":[{"@type":"SearchAction","target":{"@type":"EntryPoint","urlTemplate":"https:\/\/www.visit-ulcinj.com\/blog\/?s={search_term_string}"},"query-input":"required name=search_term_string"}],"inLanguage":"en-US"},{"@type":"WebPage","@id":"https:\/\/www.visit-ulcinj.com\/blog\/2016\/11\/29\/%e2%80%8bzgjidhet-qeveria-e-re-e-malit-te-zi-betohen-ministrat\/#webpage","url":"https:\/\/www.visit-ulcinj.com\/blog\/2016\/11\/29\/%e2%80%8bzgjidhet-qeveria-e-re-e-malit-te-zi-betohen-ministrat\/","name":"\u200bZgjidhet Qeveria e re e Malit t\u00eb Zi, betohen ministrat - Lajme nga Ulqini","isPartOf":{"@id":"https:\/\/www.visit-ulcinj.com\/blog\/#website"},"datePublished":"2016-11-29T15:25:12+00:00","dateModified":"2016-11-29T15:25:12+00:00","author":{"@id":"https:\/\/www.visit-ulcinj.com\/blog\/#\/schema\/person\/dcab619c614d3038751c63bc2aadc06d"},"description":"Dje Kuvendi i Malit t\u00eb Zi konfirmoi me 41 vota, nga 81 deputet\u00eb, Dushko Markoviqin kryeminist\u00ebr t\u00eb ri t\u00eb k\u00ebtij vendi. Markoviqin e mb\u00ebshtet\u00ebn deputet\u00ebt e","breadcrumb":{"@id":"https:\/\/www.visit-ulcinj.com\/blog\/2016\/11\/29\/%e2%80%8bzgjidhet-qeveria-e-re-e-malit-te-zi-betohen-ministrat\/#breadcrumb"},"inLanguage":"en-US","potentialAction":[{"@type":"ReadAction","target":["https:\/\/www.visit-ulcinj.com\/blog\/2016\/11\/29\/%e2%80%8bzgjidhet-qeveria-e-re-e-malit-te-zi-betohen-ministrat\/"]}]},{"@type":"BreadcrumbList","@id":"https:\/\/www.visit-ulcinj.com\/blog\/2016\/11\/29\/%e2%80%8bzgjidhet-qeveria-e-re-e-malit-te-zi-betohen-ministrat\/#breadcrumb","itemListElement":[{"@type":"ListItem","position":1,"name":"\u200bZgjidhet Qeveria e re e Malit t\u00eb Zi, betohen ministrat"}]},{"@type":"Person","@id":"https:\/\/www.visit-ulcinj.com\/blog\/#\/schema\/person\/dcab619c614d3038751c63bc2aadc06d","name":"ulqini","sameAs":["http:\/\/www.visit-ulcinj.com"],"url":"https:\/\/www.visit-ulcinj.com\/blog\/author\/admin\/"}]}},"jetpack_featured_media_url":"","jetpack_sharing_enabled":true,"jetpack_shortlink":"https:\/\/wp.me\/pe6lTn-qmP","_links":{"self":[{"href":"https:\/\/www.visit-ulcinj.com\/blog\/wp-json\/wp\/v2\/posts\/101359"}],"collection":[{"href":"https:\/\/www.visit-ulcinj.com\/blog\/wp-json\/wp\/v2\/posts"}],"about":[{"href":"https:\/\/www.visit-ulcinj.com\/blog\/wp-json\/wp\/v2\/types\/post"}],"author":[{"embeddable":true,"href":"https:\/\/www.visit-ulcinj.com\/blog\/wp-json\/wp\/v2\/users\/1"}],"replies":[{"embeddable":true,"href":"https:\/\/www.visit-ulcinj.com\/blog\/wp-json\/wp\/v2\/comments?post=101359"}],"version-history":[{"count":1,"href":"https:\/\/www.visit-ulcinj.com\/blog\/wp-json\/wp\/v2\/posts\/101359\/revisions"}],"predecessor-version":[{"id":101364,"href":"https:\/\/www.visit-ulcinj.com\/blog\/wp-json\/wp\/v2\/posts\/101359\/revisions\/101364"}],"wp:attachment":[{"href":"https:\/\/www.visit-ulcinj.com\/blog\/wp-json\/wp\/v2\/media?parent=101359"}],"wp:term":[{"taxonomy":"category","embeddable":true,"href":"https:\/\/www.visit-ulcinj.com\/blog\/wp-json\/wp\/v2\/categories?post=101359"},{"taxonomy":"post_tag","embeddable":true,"href":"https:\/\/www.visit-ulcinj.com\/blog\/wp-json\/wp\/v2\/tags?post=101359"}],"curies":[{"name":"wp","href":"https:\/\/api.w.org\/{rel}","templated":true}]}}