{"id":101371,"date":"2016-11-29T17:31:58","date_gmt":"2016-11-29T16:31:58","guid":{"rendered":"http:\/\/www.visit-ulcinj.com\/blog\/?p=101371"},"modified":"2016-11-29T17:31:58","modified_gmt":"2016-11-29T16:31:58","slug":"nika-duke-e-pritur-kiametin","status":"publish","type":"post","link":"https:\/\/www.visit-ulcinj.com\/blog\/2016\/11\/29\/nika-duke-e-pritur-kiametin\/","title":{"rendered":"Nika: Duke  e pritur kiametin&#8230;?!"},"content":{"rendered":"<p><strong>Shkruan Muhamet\u00a0 \u00a0Nika<\/strong><\/p>\n<p><strong><em>Politikani shqiptar Mehmet Zenka nga Ulqini nderohet me titullin \u201cMisionar Paqeje \u201c e tash edhe minist\u00ebr&#8230;.?!<\/em><\/strong><strong><em> Ja pra q\u00eb nuk e kan\u00eb\u00a0 th\u00ebn\u00eb kot: dikush kalin me kapistall dikush fatin p\u00ebr minist\u00ebr- \u00a0nuk dihet se ku e fiton njeriu&#8230;.?!<\/em><\/strong><strong><em> Paj edhe Filipi di di\u00e7ka\u2026?!<\/em><\/strong><\/p>\n<p><strong><em>Aferim edhe\u00a0 tjer\u00ebve p\u00ebr largpam\u00ebsi q\u00eb shihen\u00a0 n\u00eb ceremoni \u2026?!!<\/em><\/strong><\/p>\n<p><strong><em>E k\u00ebta q\u00eb\u00a0 u mungon largpam\u00ebsia\u00a0\u00a0 :\u00a0 le t\u00eb presin, kan\u00eb nge\u00a0 zgjedhjet vin\u00eb prap\u00eb \u201d?!! \u00a0LE T\u00cb AGJEROJN\u00cb&#8230;?!!<\/em><\/strong><\/p>\n<p><strong><em>Shtat\u00a0 mij\u00eb vet\u00eb nuk kan\u00eb dal\u00eb hi\u00e7 n\u00eb zgjedhje n\u00eb Ulqin dhe s\u2019 prish pun\u00eb.., nuk u b\u00eb nami- QAMETI ?!<\/em><\/strong><\/p>\n<p><strong><em>Don\u00eb \u00a0shok\u00ebt \u201c n\u00eb \u00a0agj\u00ebrim \u201d ,\u00a0 le ta mbajn\u00eb, \u00a0ve\u00e7 inshalla dalin prej agj\u00ebrimit p\u00ebr Bajram T\u00eb Madh- zgjedhje lokale q\u00eb bien \u00a0p\u00ebr 8 muaj&#8230;?!!<\/em><\/strong><\/p>\n<p><strong><em><u>Edhe pse mua\u00a0 p\u00ebr momentin nuk m\u00eb pyet kush \u201c\u00a0 Kur bjen Bajrami&#8230;\u201d?!<\/u><\/em><\/strong><strong><em> po shtoj:<\/em><\/strong><\/p>\n<p><em>Transmetohet se si nj\u00eb her\u00eb nj\u00eb beduin i shkret\u00ebtir\u00ebs arabike \u00a0pasi kish udh\u00ebtuar \u00a0\u00a0p\u00ebr \u00a0te i pari i shtetit dhe \u00a0fes\u00eb e \u00a0pat pyetur \u00a0at\u00eb\u00a0 p\u00ebr shqet\u00ebsimin e vet,\u00a0\u00a0 se\u00a0 \u00a0kur do ndodh\u00eb\u00a0 kiameti&#8230; ?!<\/em><\/p>\n<p><em>Profeti a.s. iu p\u00ebrgjigj shkurt &#8211; parafrazoj: \u00a0Prite at\u00eb kur pun\u00ebve \u00a0t\u00eb shtetit dhe me p\u00ebrgjegj\u00ebsi tu dalin zot t\u00eb pa aft\u00ebt( t\u00eb pa shkoll\u00eb) dhe t\u00eb pandershmit&#8230;.?!<\/em><\/p>\n<p>K\u00ebto ishin mendimet e para q\u00eb m\u00eb erdh\u00ebn n\u00eb kok\u00eb kur shfletova gazet\u00ebn Dan,\u00a0 n\u00eb t\u00eb cil\u00ebn p\u00ebr ministrin e porsa zgjedhur \u00a0Mehmet Zenka thuheshin fjal\u00ebt:\u201d <strong>Filip Vujanoviqi- amnistoi(fali) liderin e\u00a0 UDSH-s\u00eb p\u00ebr shk\u00ebmbim zjarri n\u00eb t\u00eb cilin nj\u00eb person ishte l\u00ebnduar. Zenka\u00a0 ishte i p\u00ebrfshir\u00eb edhe \u00a0n\u00eb nj\u00eb incident n\u00eb seanc\u00ebn e Parlamentit t\u00eb Ulqinit, nd\u00ebrsa\u00a0 n\u00eb vitin 2011 u rrah nga nj\u00eb grup i qytetar\u00ebve t\u00eb Kosov\u00ebs&#8230;\u201d<\/strong> , kaq dhe mendoj se mjafton p\u00ebr t\u00eb kuptuar shqet\u00ebsimin tim rreth \u00a0\u00a0shenjave t\u00eb \u00a0kiametit &#8230;?!!<\/p>\n<p>Por si d\u00ebshmitar i asaj kur\u00a0 n\u00eb gazet\u00eb thuhej \u00a0\u00a0\u00a0\u00a0q\u00eb\u00a0 :\u00a0 \u201c&#8230; sesioni i KK\u00a0 Ulqin , mbajtur n\u00eb\u00a0 mes\u00a0 t\u00eb vitit 2012 mbeti\u00a0 n\u00ebn hijen e nj\u00eb incidenti t\u00eb r\u00ebnd\u00eb, ku k\u00ebshilltari i UDSH-s\u00eb\u00a0 Mehmet\u00a0 Zenka , e shtyri\u00a0 shefin e\u00a0 siguris\u00eb Izet Drag\u00ebn&#8230;\u201d?! Kemi p\u00ebr t\u00eb shtuar , se \u00a0kjo ngjau gjat\u00eb sulmit t\u00eb\u00a0 Zenk\u00ebs, \u00a0mbi\u00a0 k\u00ebshilltarin Genc Nimanbegu dhe replikave\u00a0 t\u00eb \u00a0m\u00eb hershme\u00a0 tep\u00ebr t\u00eb ashpra e \u00a0t\u00eb nd\u00ebrsjella\u00a0 ,\u00a0 nd\u00ebrsa\u00a0 nuk munguan as ata t\u00eb tipit q\u00eb Zenka \u00a0i tha <em>Gencit( pa me nder\u00eb e me than\u00eb para jush?! :<\/em> Fel\u00eb e \u00a0byth shkymun&#8230;, bashk\u00eb me tjer\u00ebt \u00a0e Udsh-s\u00eb, t\u00eb cil\u00ebt i drejtoheshin Gencit , me fjal\u00ebt: q\u00eb nuk ke kryer as shkoll\u00eb (fakultet) dhe b\u00ebn p\u00ebr deputet, nd\u00ebrsa ky mbrohej me fjal\u00ebt : \u201c &#8230;mir\u00eb un\u00eb q\u00eb jam pa diplom\u00eb.., por mua s\u00eb paku , \u00a0m\u00eb mbajn\u00eb mend koleg\u00ebt q\u00eb isha n\u00eb fakultet&#8230;, por k\u00ebta t\u00eb tuajt( UDSH) nuk i ma kush mend fare as t\u00eb ken\u00eb qen\u00eb student\u00eb..?! E sot kan\u00eb diploma&#8230;??!!!<\/p>\n<p>Nd\u00ebrsa s\u00eb fundmi , po thuaj sa \u00a0nuk e p\u00ebsoj fare \u00a0kot \u00a0nga Zenka edhe\u00a0 k\u00ebshilltari \u2013 poeti Hajredin Kova\u00e7i,\u00a0 prania e t\u00eb cilit si i p\u00ebrndjekuri i par\u00eb politik \u00a0nga \u00a0Ulqin dhe pjes\u00ebmarr\u00ebs n\u00eb\u00a0 demonstrata t\u00eb 81-shit( ku pati rastin t\u00eb d\u00ebshmohej edhe M. Zenka , si brucosh i juridikut&#8230;, \u00a0shohim se at\u00eb edhe pa folur fare\u00a0 prania e \u00a0Kova\u00e7it e \u201c iritonte \u201c&#8230;?! \u00a0Mbase \u00a0\u201c si patriot\u201d q\u00eb Zenka \u00a0ish.., \u00a0por jo q\u00eb at\u00eb her\u00eb \u00a0\u00a0n\u00eb aspektin q\u00eb \u00a0shkruan Dan, pam\u00eb t\u2019i \u00a0thoshte \u00a0Dinit: \u201c Shoi \u00a0bythes aty more Hajrudin Kova\u00e7i se nuk \u00a0t\u00eb dvet\u00a0 ty kush &#8230;\u201d ?!!<\/p>\n<p>Edhe pse\u00a0 Dini, \u00a0n\u00eb m\u00ebnyr\u00ebn m\u00eb t\u00eb kulturuar i thoshte duke arsyetuar nga vendi me fjal\u00ebt : \u201c t\u00eb \u00ebsht\u00eb dukur ty more Met se un\u00eb nuk\u00a0 fola gj\u00eb&#8230;\u201d?!!<\/p>\n<p>&nbsp;<\/p>\n<p><strong>Vazhdon:<\/strong><\/p>\n<p><strong>\u00a0Dallimi i Dinosh\u00ebs\u00a0 dhe Mehmet Zenk\u00ebs si minist\u00ebr i pakicave<\/strong><\/p>\n<p>&nbsp;<\/p>\n","protected":false},"excerpt":{"rendered":"<p>Shkruan Muhamet\u00a0 \u00a0Nika Politikani shqiptar Mehmet Zenka nga Ulqini nderohet me titullin \u201cMisionar Paqeje \u201c e tash edhe minist\u00ebr&#8230;.?! Ja pra q\u00eb nuk e kan\u00eb\u00a0 th\u00ebn\u00eb kot: dikush kalin me kapistall dikush fatin p\u00ebr minist\u00ebr- \u00a0nuk dihet se ku e fiton njeriu&#8230;.?! Paj edhe Filipi di di\u00e7ka\u2026?! Aferim edhe\u00a0 tjer\u00ebve p\u00ebr largpam\u00ebsi q\u00eb shihen\u00a0 n\u00eb [&hellip;]<\/p>\n","protected":false},"author":1,"featured_media":0,"comment_status":"closed","ping_status":"closed","sticky":false,"template":"","format":"standard","meta":{"spay_email":"","jetpack_publicize_message":"","jetpack_is_tweetstorm":false,"jetpack_publicize_feature_enabled":true},"categories":[8],"tags":[],"jetpack_publicize_connections":[],"yoast_head":"<!-- This site is optimized with the Yoast SEO plugin v19.1 - https:\/\/yoast.com\/wordpress\/plugins\/seo\/ -->\n<title>Nika: Duke e pritur kiametin...?! - Lajme nga Ulqini<\/title>\n<meta name=\"description\" content=\"Shkruan Muhamet\u00a0 \u00a0Nika Politikani shqiptar Mehmet Zenka nga Ulqini nderohet me titullin \u201cMisionar Paqeje \u201c e tash edhe minist\u00ebr....?! Ja pra q\u00eb nuk e\" \/>\n<meta name=\"robots\" content=\"index, follow, max-snippet:-1, max-image-preview:large, max-video-preview:-1\" \/>\n<link rel=\"canonical\" href=\"https:\/\/www.visit-ulcinj.com\/blog\/2016\/11\/29\/nika-duke-e-pritur-kiametin\/\" \/>\n<meta property=\"og:locale\" content=\"en_US\" \/>\n<meta property=\"og:type\" content=\"article\" \/>\n<meta property=\"og:title\" content=\"Nika: Duke e pritur kiametin...?! - Lajme nga Ulqini\" \/>\n<meta property=\"og:description\" content=\"Shkruan Muhamet\u00a0 \u00a0Nika Politikani shqiptar Mehmet Zenka nga Ulqini nderohet me titullin \u201cMisionar Paqeje \u201c e tash edhe minist\u00ebr....?! Ja pra q\u00eb nuk e\" \/>\n<meta property=\"og:url\" content=\"https:\/\/www.visit-ulcinj.com\/blog\/2016\/11\/29\/nika-duke-e-pritur-kiametin\/\" \/>\n<meta property=\"og:site_name\" content=\"Lajme nga Ulqini\" \/>\n<meta property=\"article:published_time\" content=\"2016-11-29T16:31:58+00:00\" \/>\n<meta name=\"twitter:label1\" content=\"Written by\" \/>\n\t<meta name=\"twitter:data1\" content=\"ulqini\" \/>\n\t<meta name=\"twitter:label2\" content=\"Est. reading time\" \/>\n\t<meta name=\"twitter:data2\" content=\"3 minutes\" \/>\n<script type=\"application\/ld+json\" class=\"yoast-schema-graph\">{\"@context\":\"https:\/\/schema.org\",\"@graph\":[{\"@type\":\"WebSite\",\"@id\":\"https:\/\/www.visit-ulcinj.com\/blog\/#website\",\"url\":\"https:\/\/www.visit-ulcinj.com\/blog\/\",\"name\":\"Lajme nga Ulqini\",\"description\":\"Lajme,Vijesti,Ulqini,Ulqin,Crna Gora,Mali i Zi\",\"potentialAction\":[{\"@type\":\"SearchAction\",\"target\":{\"@type\":\"EntryPoint\",\"urlTemplate\":\"https:\/\/www.visit-ulcinj.com\/blog\/?s={search_term_string}\"},\"query-input\":\"required name=search_term_string\"}],\"inLanguage\":\"en-US\"},{\"@type\":\"WebPage\",\"@id\":\"https:\/\/www.visit-ulcinj.com\/blog\/2016\/11\/29\/nika-duke-e-pritur-kiametin\/#webpage\",\"url\":\"https:\/\/www.visit-ulcinj.com\/blog\/2016\/11\/29\/nika-duke-e-pritur-kiametin\/\",\"name\":\"Nika: Duke e pritur kiametin...?! - Lajme nga Ulqini\",\"isPartOf\":{\"@id\":\"https:\/\/www.visit-ulcinj.com\/blog\/#website\"},\"datePublished\":\"2016-11-29T16:31:58+00:00\",\"dateModified\":\"2016-11-29T16:31:58+00:00\",\"author\":{\"@id\":\"https:\/\/www.visit-ulcinj.com\/blog\/#\/schema\/person\/dcab619c614d3038751c63bc2aadc06d\"},\"description\":\"Shkruan Muhamet\u00a0 \u00a0Nika Politikani shqiptar Mehmet Zenka nga Ulqini nderohet me titullin \u201cMisionar Paqeje \u201c e tash edhe minist\u00ebr....?! Ja pra q\u00eb nuk e\",\"breadcrumb\":{\"@id\":\"https:\/\/www.visit-ulcinj.com\/blog\/2016\/11\/29\/nika-duke-e-pritur-kiametin\/#breadcrumb\"},\"inLanguage\":\"en-US\",\"potentialAction\":[{\"@type\":\"ReadAction\",\"target\":[\"https:\/\/www.visit-ulcinj.com\/blog\/2016\/11\/29\/nika-duke-e-pritur-kiametin\/\"]}]},{\"@type\":\"BreadcrumbList\",\"@id\":\"https:\/\/www.visit-ulcinj.com\/blog\/2016\/11\/29\/nika-duke-e-pritur-kiametin\/#breadcrumb\",\"itemListElement\":[{\"@type\":\"ListItem\",\"position\":1,\"name\":\"Nika: Duke e pritur kiametin&#8230;?!\"}]},{\"@type\":\"Person\",\"@id\":\"https:\/\/www.visit-ulcinj.com\/blog\/#\/schema\/person\/dcab619c614d3038751c63bc2aadc06d\",\"name\":\"ulqini\",\"sameAs\":[\"http:\/\/www.visit-ulcinj.com\"],\"url\":\"https:\/\/www.visit-ulcinj.com\/blog\/author\/admin\/\"}]}<\/script>\n<!-- \/ Yoast SEO plugin. -->","yoast_head_json":{"title":"Nika: Duke e pritur kiametin...?! - Lajme nga Ulqini","description":"Shkruan Muhamet\u00a0 \u00a0Nika Politikani shqiptar Mehmet Zenka nga Ulqini nderohet me titullin \u201cMisionar Paqeje \u201c e tash edhe minist\u00ebr....?! Ja pra q\u00eb nuk e","robots":{"index":"index","follow":"follow","max-snippet":"max-snippet:-1","max-image-preview":"max-image-preview:large","max-video-preview":"max-video-preview:-1"},"canonical":"https:\/\/www.visit-ulcinj.com\/blog\/2016\/11\/29\/nika-duke-e-pritur-kiametin\/","og_locale":"en_US","og_type":"article","og_title":"Nika: Duke e pritur kiametin...?! - Lajme nga Ulqini","og_description":"Shkruan Muhamet\u00a0 \u00a0Nika Politikani shqiptar Mehmet Zenka nga Ulqini nderohet me titullin \u201cMisionar Paqeje \u201c e tash edhe minist\u00ebr....?! Ja pra q\u00eb nuk e","og_url":"https:\/\/www.visit-ulcinj.com\/blog\/2016\/11\/29\/nika-duke-e-pritur-kiametin\/","og_site_name":"Lajme nga Ulqini","article_published_time":"2016-11-29T16:31:58+00:00","twitter_misc":{"Written by":"ulqini","Est. reading time":"3 minutes"},"schema":{"@context":"https:\/\/schema.org","@graph":[{"@type":"WebSite","@id":"https:\/\/www.visit-ulcinj.com\/blog\/#website","url":"https:\/\/www.visit-ulcinj.com\/blog\/","name":"Lajme nga Ulqini","description":"Lajme,Vijesti,Ulqini,Ulqin,Crna Gora,Mali i Zi","potentialAction":[{"@type":"SearchAction","target":{"@type":"EntryPoint","urlTemplate":"https:\/\/www.visit-ulcinj.com\/blog\/?s={search_term_string}"},"query-input":"required name=search_term_string"}],"inLanguage":"en-US"},{"@type":"WebPage","@id":"https:\/\/www.visit-ulcinj.com\/blog\/2016\/11\/29\/nika-duke-e-pritur-kiametin\/#webpage","url":"https:\/\/www.visit-ulcinj.com\/blog\/2016\/11\/29\/nika-duke-e-pritur-kiametin\/","name":"Nika: Duke e pritur kiametin...?! - Lajme nga Ulqini","isPartOf":{"@id":"https:\/\/www.visit-ulcinj.com\/blog\/#website"},"datePublished":"2016-11-29T16:31:58+00:00","dateModified":"2016-11-29T16:31:58+00:00","author":{"@id":"https:\/\/www.visit-ulcinj.com\/blog\/#\/schema\/person\/dcab619c614d3038751c63bc2aadc06d"},"description":"Shkruan Muhamet\u00a0 \u00a0Nika Politikani shqiptar Mehmet Zenka nga Ulqini nderohet me titullin \u201cMisionar Paqeje \u201c e tash edhe minist\u00ebr....?! Ja pra q\u00eb nuk e","breadcrumb":{"@id":"https:\/\/www.visit-ulcinj.com\/blog\/2016\/11\/29\/nika-duke-e-pritur-kiametin\/#breadcrumb"},"inLanguage":"en-US","potentialAction":[{"@type":"ReadAction","target":["https:\/\/www.visit-ulcinj.com\/blog\/2016\/11\/29\/nika-duke-e-pritur-kiametin\/"]}]},{"@type":"BreadcrumbList","@id":"https:\/\/www.visit-ulcinj.com\/blog\/2016\/11\/29\/nika-duke-e-pritur-kiametin\/#breadcrumb","itemListElement":[{"@type":"ListItem","position":1,"name":"Nika: Duke e pritur kiametin&#8230;?!"}]},{"@type":"Person","@id":"https:\/\/www.visit-ulcinj.com\/blog\/#\/schema\/person\/dcab619c614d3038751c63bc2aadc06d","name":"ulqini","sameAs":["http:\/\/www.visit-ulcinj.com"],"url":"https:\/\/www.visit-ulcinj.com\/blog\/author\/admin\/"}]}},"jetpack_featured_media_url":"","jetpack_sharing_enabled":true,"jetpack_shortlink":"https:\/\/wp.me\/pe6lTn-qn1","_links":{"self":[{"href":"https:\/\/www.visit-ulcinj.com\/blog\/wp-json\/wp\/v2\/posts\/101371"}],"collection":[{"href":"https:\/\/www.visit-ulcinj.com\/blog\/wp-json\/wp\/v2\/posts"}],"about":[{"href":"https:\/\/www.visit-ulcinj.com\/blog\/wp-json\/wp\/v2\/types\/post"}],"author":[{"embeddable":true,"href":"https:\/\/www.visit-ulcinj.com\/blog\/wp-json\/wp\/v2\/users\/1"}],"replies":[{"embeddable":true,"href":"https:\/\/www.visit-ulcinj.com\/blog\/wp-json\/wp\/v2\/comments?post=101371"}],"version-history":[{"count":1,"href":"https:\/\/www.visit-ulcinj.com\/blog\/wp-json\/wp\/v2\/posts\/101371\/revisions"}],"predecessor-version":[{"id":101372,"href":"https:\/\/www.visit-ulcinj.com\/blog\/wp-json\/wp\/v2\/posts\/101371\/revisions\/101372"}],"wp:attachment":[{"href":"https:\/\/www.visit-ulcinj.com\/blog\/wp-json\/wp\/v2\/media?parent=101371"}],"wp:term":[{"taxonomy":"category","embeddable":true,"href":"https:\/\/www.visit-ulcinj.com\/blog\/wp-json\/wp\/v2\/categories?post=101371"},{"taxonomy":"post_tag","embeddable":true,"href":"https:\/\/www.visit-ulcinj.com\/blog\/wp-json\/wp\/v2\/tags?post=101371"}],"curies":[{"name":"wp","href":"https:\/\/api.w.org\/{rel}","templated":true}]}}