{"id":101373,"date":"2016-11-29T17:47:05","date_gmt":"2016-11-29T16:47:05","guid":{"rendered":"http:\/\/www.visit-ulcinj.com\/blog\/?p=101373"},"modified":"2016-11-29T17:47:05","modified_gmt":"2016-11-29T16:47:05","slug":"abazovic-vlada-nelegitimna-poziv-ocekivan","status":"publish","type":"post","link":"https:\/\/www.visit-ulcinj.com\/blog\/2016\/11\/29\/abazovic-vlada-nelegitimna-poziv-ocekivan\/","title":{"rendered":"Abazovic: &#8220;Vlada nelegitimna, poziv o\u010dekivan&#8221;"},"content":{"rendered":"<p><strong><a href=\"http:\/\/www.visit-ulcinj.com\/blog\/wp-content\/uploads\/2016\/11\/Dritan-Abazoviq-1.jpg\"><img loading=\"lazy\" class=\"alignleft wp-image-101374\" src=\"http:\/\/www.visit-ulcinj.com\/blog\/wp-content\/uploads\/2016\/11\/Dritan-Abazoviq-1.jpg\" alt=\"Dritan-Abazoviq\" width=\"508\" height=\"313\" srcset=\"https:\/\/www.visit-ulcinj.com\/blog\/wp-content\/uploads\/2016\/11\/Dritan-Abazoviq-1.jpg 900w, https:\/\/www.visit-ulcinj.com\/blog\/wp-content\/uploads\/2016\/11\/Dritan-Abazoviq-1-300x185.jpg 300w, https:\/\/www.visit-ulcinj.com\/blog\/wp-content\/uploads\/2016\/11\/Dritan-Abazoviq-1-768x473.jpg 768w\" sizes=\"(max-width: 508px) 100vw, 508px\" \/><\/a>Poziv Du\u0161ka Markovi\u0107a opozicionim partijama da budu dio Vlade je o\u010dekivan, jer je premijer svjestan da se radi o nelegitimnoj Vladi koja nije proiza\u0161la iz slobodne volje gra\u0111ana, kazao je funkcioner Gra\u0111anskog pokreta URA, Dritan Abazovi\u0107.<\/strong><\/p>\n<p>Markovi\u0107 je poru\u010dio da vrata Vlade ostaju otvorena za predstavnike opozicije, posebno iz stranaka koje su u\u010destvovale u radu Vlade izbornog povjerenja.<\/p>\n<p>Abazovi\u0107 je agenciji MINA rekao da je Markovi\u0107, kao i svi ljudi u Demokratskoj partiji socijalista (DPS), svjestan da je nova Vlada nelegitimna jer je proiza\u0161la iz mahinacija i zloupotreba, a ne iz slobodne volje gra\u0111ana.<\/p>\n<p>&#8220;Sada su se na\u0161li u problemu i \u017eele da tu svoju namaknutu ve\u0107inu na neki na\u010din kompenzuju sa podr\u0161kom koja bi stigla iz nekog opozicionog subjekta\u201c, smatra Abazovi\u0107.<\/p>\n<p>On je poru\u010dio da \u0107e opozicija biti dio vlasti, ali u toj vlasti ne\u0107e biti mjesta za DPS koji je, kako je naveo, arhitekta svih izbornih zloupotreba i moralne devastacije crnogorskog dru\u0161tva.<\/p>\n<p>Abazovi\u0107 je kazao da ga raduje \u0161to u novoj Vladi ne\u0107e biti dosada\u0161njeg premijera Mila \u0110ukanovi\u0107a i troje ministara \u2013 Branimira Gvozdenovi\u0107a, Petra Ivanovi\u0107a i Vujice Lazovi\u0107a. \u201eMislim da je isklju\u010divanje takvih osoba dobar potez za Crnu Goru\u201c.<\/p>\n<p>On je rekao da ga raduje i to \u0161to su se u novu Vladu uklju\u010dili i neki ljudi koji su svoje znanje sticali na presti\u017enim me\u0111unarodnim univerzitetima, kao \u0161to je nova ministarka nauke Sanja Damjanovi\u0107.<\/p>\n<p>&#8220;Ali mi je jako \u017eao \u0161to \u0107e biti potro\u0161eni u jednoj politi\u010dkoj ideji \u010dije je vrijeme zaista pro\u0161lo\u201c, dodao je Abazovi\u0107.<\/p>\n<p>Prema njegovim rije\u010dima, nebitno je da li \u0107e nova Vlada trajati \u0161est mjeseci, godinu ili dvije.<\/p>\n<p>&#8220;Ona ne mo\u017ee da pokrene Crnu Goru u pravom smjeru, ne mo\u017ee da da dinamiku dru\u0161tvenim i ekonomskim promjenama koje su potrebne, s obzirom na to da \u0107e ostati Vlada koja \u0161titi privatnu dr\u017eavu i one kojima dr\u017eava slu\u017ei samo kao poligon za ostvarivanje privatnih interesa\u201c, naveo je Abazovi\u0107.<\/p>\n<p>Kako je kazao, u ovom trenutku je najva\u017enije to da se politi\u010dka kriza u dr\u017eavi produbljuje, a da \u0107e ekonomska naro\u010dito biti izra\u017eena u narednoj godini.<\/p>\n<p>&#8220;Svjestan je toga i novi premijer koji je vrlo skromnog ekonomskog znanja. Vjerovatno je i to jo\u0161 jedan razlog \u0161to ve\u0107 od sada poku\u0161ava da involvira \u0161to ve\u0107i broj subjekata, kao odbranu sopstvenog politi\u010dkog projekta, ali mislim da \u0107e to ostati pusta \u017eelja\u201c, dodao je Abazovi\u0107.<\/p>\n<p>Izvor: RTCG<\/p>\n<p>&nbsp;<\/p>\n","protected":false},"excerpt":{"rendered":"<p>Poziv Du\u0161ka Markovi\u0107a opozicionim partijama da budu dio Vlade je o\u010dekivan, jer je premijer svjestan da se radi o nelegitimnoj Vladi koja nije proiza\u0161la iz slobodne volje gra\u0111ana, kazao je funkcioner Gra\u0111anskog pokreta URA, Dritan Abazovi\u0107. Markovi\u0107 je poru\u010dio da vrata Vlade ostaju otvorena za predstavnike opozicije, posebno iz stranaka koje su u\u010destvovale u radu [&hellip;]<\/p>\n","protected":false},"author":1,"featured_media":0,"comment_status":"closed","ping_status":"closed","sticky":false,"template":"","format":"standard","meta":{"spay_email":"","jetpack_publicize_message":"","jetpack_is_tweetstorm":false,"jetpack_publicize_feature_enabled":true},"categories":[8337],"tags":[],"jetpack_publicize_connections":[],"yoast_head":"<!-- This site is optimized with the Yoast SEO plugin v19.1 - https:\/\/yoast.com\/wordpress\/plugins\/seo\/ -->\n<title>Abazovic: &quot;Vlada nelegitimna, poziv o\u010dekivan&quot; - Lajme nga Ulqini<\/title>\n<meta name=\"description\" content=\"Poziv Du\u0161ka Markovi\u0107a opozicionim partijama da budu dio Vlade je o\u010dekivan, jer je premijer svjestan da se radi o nelegitimnoj Vladi koja nije proiza\u0161la iz\" \/>\n<meta name=\"robots\" content=\"index, follow, max-snippet:-1, max-image-preview:large, max-video-preview:-1\" \/>\n<link rel=\"canonical\" href=\"https:\/\/www.visit-ulcinj.com\/blog\/2016\/11\/29\/abazovic-vlada-nelegitimna-poziv-ocekivan\/\" \/>\n<meta property=\"og:locale\" content=\"en_US\" \/>\n<meta property=\"og:type\" content=\"article\" \/>\n<meta property=\"og:title\" content=\"Abazovic: &quot;Vlada nelegitimna, poziv o\u010dekivan&quot; - Lajme nga Ulqini\" \/>\n<meta property=\"og:description\" content=\"Poziv Du\u0161ka Markovi\u0107a opozicionim partijama da budu dio Vlade je o\u010dekivan, jer je premijer svjestan da se radi o nelegitimnoj Vladi koja nije proiza\u0161la iz\" \/>\n<meta property=\"og:url\" content=\"https:\/\/www.visit-ulcinj.com\/blog\/2016\/11\/29\/abazovic-vlada-nelegitimna-poziv-ocekivan\/\" \/>\n<meta property=\"og:site_name\" content=\"Lajme nga Ulqini\" \/>\n<meta property=\"article:published_time\" content=\"2016-11-29T16:47:05+00:00\" \/>\n<meta property=\"og:image\" content=\"http:\/\/www.visit-ulcinj.com\/blog\/wp-content\/uploads\/2016\/11\/Dritan-Abazoviq-1.jpg\" \/>\n<meta name=\"twitter:label1\" content=\"Written by\" \/>\n\t<meta name=\"twitter:data1\" content=\"ulqini\" \/>\n\t<meta name=\"twitter:label2\" content=\"Est. reading time\" \/>\n\t<meta name=\"twitter:data2\" content=\"2 minutes\" \/>\n<script type=\"application\/ld+json\" class=\"yoast-schema-graph\">{\"@context\":\"https:\/\/schema.org\",\"@graph\":[{\"@type\":\"WebSite\",\"@id\":\"https:\/\/www.visit-ulcinj.com\/blog\/#website\",\"url\":\"https:\/\/www.visit-ulcinj.com\/blog\/\",\"name\":\"Lajme nga Ulqini\",\"description\":\"Lajme,Vijesti,Ulqini,Ulqin,Crna Gora,Mali i Zi\",\"potentialAction\":[{\"@type\":\"SearchAction\",\"target\":{\"@type\":\"EntryPoint\",\"urlTemplate\":\"https:\/\/www.visit-ulcinj.com\/blog\/?s={search_term_string}\"},\"query-input\":\"required name=search_term_string\"}],\"inLanguage\":\"en-US\"},{\"@type\":\"ImageObject\",\"inLanguage\":\"en-US\",\"@id\":\"https:\/\/www.visit-ulcinj.com\/blog\/2016\/11\/29\/abazovic-vlada-nelegitimna-poziv-ocekivan\/#primaryimage\",\"url\":\"https:\/\/www.visit-ulcinj.com\/blog\/wp-content\/uploads\/2016\/11\/Dritan-Abazoviq-1.jpg\",\"contentUrl\":\"https:\/\/www.visit-ulcinj.com\/blog\/wp-content\/uploads\/2016\/11\/Dritan-Abazoviq-1.jpg\",\"width\":900,\"height\":554},{\"@type\":\"WebPage\",\"@id\":\"https:\/\/www.visit-ulcinj.com\/blog\/2016\/11\/29\/abazovic-vlada-nelegitimna-poziv-ocekivan\/#webpage\",\"url\":\"https:\/\/www.visit-ulcinj.com\/blog\/2016\/11\/29\/abazovic-vlada-nelegitimna-poziv-ocekivan\/\",\"name\":\"Abazovic: \\\"Vlada nelegitimna, poziv o\u010dekivan\\\" - Lajme nga Ulqini\",\"isPartOf\":{\"@id\":\"https:\/\/www.visit-ulcinj.com\/blog\/#website\"},\"primaryImageOfPage\":{\"@id\":\"https:\/\/www.visit-ulcinj.com\/blog\/2016\/11\/29\/abazovic-vlada-nelegitimna-poziv-ocekivan\/#primaryimage\"},\"datePublished\":\"2016-11-29T16:47:05+00:00\",\"dateModified\":\"2016-11-29T16:47:05+00:00\",\"author\":{\"@id\":\"https:\/\/www.visit-ulcinj.com\/blog\/#\/schema\/person\/dcab619c614d3038751c63bc2aadc06d\"},\"description\":\"Poziv Du\u0161ka Markovi\u0107a opozicionim partijama da budu dio Vlade je o\u010dekivan, jer je premijer svjestan da se radi o nelegitimnoj Vladi koja nije proiza\u0161la iz\",\"breadcrumb\":{\"@id\":\"https:\/\/www.visit-ulcinj.com\/blog\/2016\/11\/29\/abazovic-vlada-nelegitimna-poziv-ocekivan\/#breadcrumb\"},\"inLanguage\":\"en-US\",\"potentialAction\":[{\"@type\":\"ReadAction\",\"target\":[\"https:\/\/www.visit-ulcinj.com\/blog\/2016\/11\/29\/abazovic-vlada-nelegitimna-poziv-ocekivan\/\"]}]},{\"@type\":\"BreadcrumbList\",\"@id\":\"https:\/\/www.visit-ulcinj.com\/blog\/2016\/11\/29\/abazovic-vlada-nelegitimna-poziv-ocekivan\/#breadcrumb\",\"itemListElement\":[{\"@type\":\"ListItem\",\"position\":1,\"name\":\"Abazovic: &#8220;Vlada nelegitimna, poziv o\u010dekivan&#8221;\"}]},{\"@type\":\"Person\",\"@id\":\"https:\/\/www.visit-ulcinj.com\/blog\/#\/schema\/person\/dcab619c614d3038751c63bc2aadc06d\",\"name\":\"ulqini\",\"sameAs\":[\"http:\/\/www.visit-ulcinj.com\"],\"url\":\"https:\/\/www.visit-ulcinj.com\/blog\/author\/admin\/\"}]}<\/script>\n<!-- \/ Yoast SEO plugin. -->","yoast_head_json":{"title":"Abazovic: \"Vlada nelegitimna, poziv o\u010dekivan\" - Lajme nga Ulqini","description":"Poziv Du\u0161ka Markovi\u0107a opozicionim partijama da budu dio Vlade je o\u010dekivan, jer je premijer svjestan da se radi o nelegitimnoj Vladi koja nije proiza\u0161la iz","robots":{"index":"index","follow":"follow","max-snippet":"max-snippet:-1","max-image-preview":"max-image-preview:large","max-video-preview":"max-video-preview:-1"},"canonical":"https:\/\/www.visit-ulcinj.com\/blog\/2016\/11\/29\/abazovic-vlada-nelegitimna-poziv-ocekivan\/","og_locale":"en_US","og_type":"article","og_title":"Abazovic: \"Vlada nelegitimna, poziv o\u010dekivan\" - Lajme nga Ulqini","og_description":"Poziv Du\u0161ka Markovi\u0107a opozicionim partijama da budu dio Vlade je o\u010dekivan, jer je premijer svjestan da se radi o nelegitimnoj Vladi koja nije proiza\u0161la iz","og_url":"https:\/\/www.visit-ulcinj.com\/blog\/2016\/11\/29\/abazovic-vlada-nelegitimna-poziv-ocekivan\/","og_site_name":"Lajme nga Ulqini","article_published_time":"2016-11-29T16:47:05+00:00","og_image":[{"url":"http:\/\/www.visit-ulcinj.com\/blog\/wp-content\/uploads\/2016\/11\/Dritan-Abazoviq-1.jpg"}],"twitter_misc":{"Written by":"ulqini","Est. reading time":"2 minutes"},"schema":{"@context":"https:\/\/schema.org","@graph":[{"@type":"WebSite","@id":"https:\/\/www.visit-ulcinj.com\/blog\/#website","url":"https:\/\/www.visit-ulcinj.com\/blog\/","name":"Lajme nga Ulqini","description":"Lajme,Vijesti,Ulqini,Ulqin,Crna Gora,Mali i Zi","potentialAction":[{"@type":"SearchAction","target":{"@type":"EntryPoint","urlTemplate":"https:\/\/www.visit-ulcinj.com\/blog\/?s={search_term_string}"},"query-input":"required name=search_term_string"}],"inLanguage":"en-US"},{"@type":"ImageObject","inLanguage":"en-US","@id":"https:\/\/www.visit-ulcinj.com\/blog\/2016\/11\/29\/abazovic-vlada-nelegitimna-poziv-ocekivan\/#primaryimage","url":"https:\/\/www.visit-ulcinj.com\/blog\/wp-content\/uploads\/2016\/11\/Dritan-Abazoviq-1.jpg","contentUrl":"https:\/\/www.visit-ulcinj.com\/blog\/wp-content\/uploads\/2016\/11\/Dritan-Abazoviq-1.jpg","width":900,"height":554},{"@type":"WebPage","@id":"https:\/\/www.visit-ulcinj.com\/blog\/2016\/11\/29\/abazovic-vlada-nelegitimna-poziv-ocekivan\/#webpage","url":"https:\/\/www.visit-ulcinj.com\/blog\/2016\/11\/29\/abazovic-vlada-nelegitimna-poziv-ocekivan\/","name":"Abazovic: \"Vlada nelegitimna, poziv o\u010dekivan\" - Lajme nga Ulqini","isPartOf":{"@id":"https:\/\/www.visit-ulcinj.com\/blog\/#website"},"primaryImageOfPage":{"@id":"https:\/\/www.visit-ulcinj.com\/blog\/2016\/11\/29\/abazovic-vlada-nelegitimna-poziv-ocekivan\/#primaryimage"},"datePublished":"2016-11-29T16:47:05+00:00","dateModified":"2016-11-29T16:47:05+00:00","author":{"@id":"https:\/\/www.visit-ulcinj.com\/blog\/#\/schema\/person\/dcab619c614d3038751c63bc2aadc06d"},"description":"Poziv Du\u0161ka Markovi\u0107a opozicionim partijama da budu dio Vlade je o\u010dekivan, jer je premijer svjestan da se radi o nelegitimnoj Vladi koja nije proiza\u0161la iz","breadcrumb":{"@id":"https:\/\/www.visit-ulcinj.com\/blog\/2016\/11\/29\/abazovic-vlada-nelegitimna-poziv-ocekivan\/#breadcrumb"},"inLanguage":"en-US","potentialAction":[{"@type":"ReadAction","target":["https:\/\/www.visit-ulcinj.com\/blog\/2016\/11\/29\/abazovic-vlada-nelegitimna-poziv-ocekivan\/"]}]},{"@type":"BreadcrumbList","@id":"https:\/\/www.visit-ulcinj.com\/blog\/2016\/11\/29\/abazovic-vlada-nelegitimna-poziv-ocekivan\/#breadcrumb","itemListElement":[{"@type":"ListItem","position":1,"name":"Abazovic: &#8220;Vlada nelegitimna, poziv o\u010dekivan&#8221;"}]},{"@type":"Person","@id":"https:\/\/www.visit-ulcinj.com\/blog\/#\/schema\/person\/dcab619c614d3038751c63bc2aadc06d","name":"ulqini","sameAs":["http:\/\/www.visit-ulcinj.com"],"url":"https:\/\/www.visit-ulcinj.com\/blog\/author\/admin\/"}]}},"jetpack_featured_media_url":"","jetpack_sharing_enabled":true,"jetpack_shortlink":"https:\/\/wp.me\/pe6lTn-qn3","_links":{"self":[{"href":"https:\/\/www.visit-ulcinj.com\/blog\/wp-json\/wp\/v2\/posts\/101373"}],"collection":[{"href":"https:\/\/www.visit-ulcinj.com\/blog\/wp-json\/wp\/v2\/posts"}],"about":[{"href":"https:\/\/www.visit-ulcinj.com\/blog\/wp-json\/wp\/v2\/types\/post"}],"author":[{"embeddable":true,"href":"https:\/\/www.visit-ulcinj.com\/blog\/wp-json\/wp\/v2\/users\/1"}],"replies":[{"embeddable":true,"href":"https:\/\/www.visit-ulcinj.com\/blog\/wp-json\/wp\/v2\/comments?post=101373"}],"version-history":[{"count":1,"href":"https:\/\/www.visit-ulcinj.com\/blog\/wp-json\/wp\/v2\/posts\/101373\/revisions"}],"predecessor-version":[{"id":101375,"href":"https:\/\/www.visit-ulcinj.com\/blog\/wp-json\/wp\/v2\/posts\/101373\/revisions\/101375"}],"wp:attachment":[{"href":"https:\/\/www.visit-ulcinj.com\/blog\/wp-json\/wp\/v2\/media?parent=101373"}],"wp:term":[{"taxonomy":"category","embeddable":true,"href":"https:\/\/www.visit-ulcinj.com\/blog\/wp-json\/wp\/v2\/categories?post=101373"},{"taxonomy":"post_tag","embeddable":true,"href":"https:\/\/www.visit-ulcinj.com\/blog\/wp-json\/wp\/v2\/tags?post=101373"}],"curies":[{"name":"wp","href":"https:\/\/api.w.org\/{rel}","templated":true}]}}