{"id":101378,"date":"2016-11-29T19:10:40","date_gmt":"2016-11-29T18:10:40","guid":{"rendered":"http:\/\/www.visit-ulcinj.com\/blog\/?p=101378"},"modified":"2016-11-29T19:10:40","modified_gmt":"2016-11-29T18:10:40","slug":"ulcinj-sjednica-o-solani-zakazana-za-cetvrtak","status":"publish","type":"post","link":"https:\/\/www.visit-ulcinj.com\/blog\/2016\/11\/29\/ulcinj-sjednica-o-solani-zakazana-za-cetvrtak\/","title":{"rendered":"Ulcinj: Sjednica o Solani zakazana za \u010detvrtak"},"content":{"rendered":"<h5 class=\"intro\"><a href=\"http:\/\/www.visit-ulcinj.com\/blog\/wp-content\/uploads\/2013\/05\/ulcinjska-solana.jpg\"><img loading=\"lazy\" class=\"alignleft wp-image-71246\" src=\"http:\/\/www.visit-ulcinj.com\/blog\/wp-content\/uploads\/2013\/05\/ulcinjska-solana.jpg\" alt=\"ulcinjska solana\" width=\"508\" height=\"338\" srcset=\"https:\/\/www.visit-ulcinj.com\/blog\/wp-content\/uploads\/2013\/05\/ulcinjska-solana.jpg 720w, https:\/\/www.visit-ulcinj.com\/blog\/wp-content\/uploads\/2013\/05\/ulcinjska-solana-300x199.jpg 300w\" sizes=\"(max-width: 508px) 100vw, 508px\" \/><\/a>Sjednica Savjetodavnog tijela za Solanu \u201cBajo Sekuli\u0107\u201d bi\u0107e odr\u017eana u \u010detvrtak u Upravnoj zgradi kompanije u Ulcinju.<\/h5>\n<div class=\"articleText\">\n<p>Na sjednici \u0107e biti prezentovan, izme\u0111u ostalog, Izvje\u0161taj o radu Nacionalnih parkova za Solanu od pro\u0161logodi\u0161njeg do avgusta ove godine i Plan upravljanja Solanom od avgusta do istog mjeseca naredne godine.<\/p>\n<p>\u201cNa sjednici \u0107e se prezentovati i aktivnosti Ministarstva odr\u017eivog razvoja i turizma u vezi sa za\u0161titom i unaprije\u0111enjem biodiverziteta ovog podru\u010dja\u201d, navodi se u saop\u0161tenju.<\/p>\n<p>Medijima \u0107e se nakon odr\u017eavanja sjednice obratiti direktor NPCG, Azra Vukovi\u0107, dr\u017eavni sekretar Ministarstva odr\u017eivog razvoja i turizma, Daliborka Pejovi\u0107 i \u010dlanovi Savjetodavnog tijela za Solanu.<\/p>\n<p>\u010clanovi Savjetodavnog tijela za Solanu su predstavnik Ministarstva, NPCG, Agencije za za\u0161titu \u017eivotne sredine Op\u0161tine Ulcinj, Turisti\u010dke organizacije Ulcinj, nevladinih organizacija Zeleni korak i Dru\u0161tvo Dr. Martin Schneider-Jacoby.<\/p>\n<p>Kodex.me<\/p>\n<\/div>\n","protected":false},"excerpt":{"rendered":"<p>Sjednica Savjetodavnog tijela za Solanu \u201cBajo Sekuli\u0107\u201d bi\u0107e odr\u017eana u \u010detvrtak u Upravnoj zgradi kompanije u Ulcinju. Na sjednici \u0107e biti prezentovan, izme\u0111u ostalog, Izvje\u0161taj o radu Nacionalnih parkova za Solanu od pro\u0161logodi\u0161njeg do avgusta ove godine i Plan upravljanja Solanom od avgusta do istog mjeseca naredne godine. \u201cNa sjednici \u0107e se prezentovati i aktivnosti [&hellip;]<\/p>\n","protected":false},"author":1,"featured_media":0,"comment_status":"closed","ping_status":"closed","sticky":false,"template":"","format":"standard","meta":{"spay_email":"","jetpack_publicize_message":"","jetpack_is_tweetstorm":false,"jetpack_publicize_feature_enabled":true},"categories":[8337],"tags":[],"jetpack_publicize_connections":[],"yoast_head":"<!-- This site is optimized with the Yoast SEO plugin v19.1 - https:\/\/yoast.com\/wordpress\/plugins\/seo\/ -->\n<title>Ulcinj: Sjednica o Solani zakazana za \u010detvrtak - Lajme nga Ulqini<\/title>\n<meta name=\"description\" content=\"Sjednica Savjetodavnog tijela za Solanu \u201cBajo Sekuli\u0107\u201d bi\u0107e odr\u017eana u \u010detvrtak u Upravnoj zgradi kompanije u Ulcinju. Na sjednici \u0107e biti prezentovan,\" \/>\n<meta name=\"robots\" content=\"index, follow, max-snippet:-1, max-image-preview:large, max-video-preview:-1\" \/>\n<link rel=\"canonical\" href=\"https:\/\/www.visit-ulcinj.com\/blog\/2016\/11\/29\/ulcinj-sjednica-o-solani-zakazana-za-cetvrtak\/\" \/>\n<meta property=\"og:locale\" content=\"en_US\" \/>\n<meta property=\"og:type\" content=\"article\" \/>\n<meta property=\"og:title\" content=\"Ulcinj: Sjednica o Solani zakazana za \u010detvrtak - Lajme nga Ulqini\" \/>\n<meta property=\"og:description\" content=\"Sjednica Savjetodavnog tijela za Solanu \u201cBajo Sekuli\u0107\u201d bi\u0107e odr\u017eana u \u010detvrtak u Upravnoj zgradi kompanije u Ulcinju. Na sjednici \u0107e biti prezentovan,\" \/>\n<meta property=\"og:url\" content=\"https:\/\/www.visit-ulcinj.com\/blog\/2016\/11\/29\/ulcinj-sjednica-o-solani-zakazana-za-cetvrtak\/\" \/>\n<meta property=\"og:site_name\" content=\"Lajme nga Ulqini\" \/>\n<meta property=\"article:published_time\" content=\"2016-11-29T18:10:40+00:00\" \/>\n<meta property=\"og:image\" content=\"http:\/\/www.visit-ulcinj.com\/blog\/wp-content\/uploads\/2013\/05\/ulcinjska-solana.jpg\" \/>\n<meta name=\"twitter:label1\" content=\"Written by\" \/>\n\t<meta name=\"twitter:data1\" content=\"ulqini\" \/>\n\t<meta name=\"twitter:label2\" content=\"Est. reading time\" \/>\n\t<meta name=\"twitter:data2\" content=\"1 minute\" \/>\n<script type=\"application\/ld+json\" class=\"yoast-schema-graph\">{\"@context\":\"https:\/\/schema.org\",\"@graph\":[{\"@type\":\"WebSite\",\"@id\":\"https:\/\/www.visit-ulcinj.com\/blog\/#website\",\"url\":\"https:\/\/www.visit-ulcinj.com\/blog\/\",\"name\":\"Lajme nga Ulqini\",\"description\":\"Lajme,Vijesti,Ulqini,Ulqin,Crna Gora,Mali i Zi\",\"potentialAction\":[{\"@type\":\"SearchAction\",\"target\":{\"@type\":\"EntryPoint\",\"urlTemplate\":\"https:\/\/www.visit-ulcinj.com\/blog\/?s={search_term_string}\"},\"query-input\":\"required name=search_term_string\"}],\"inLanguage\":\"en-US\"},{\"@type\":\"ImageObject\",\"inLanguage\":\"en-US\",\"@id\":\"https:\/\/www.visit-ulcinj.com\/blog\/2016\/11\/29\/ulcinj-sjednica-o-solani-zakazana-za-cetvrtak\/#primaryimage\",\"url\":\"https:\/\/www.visit-ulcinj.com\/blog\/wp-content\/uploads\/2013\/05\/ulcinjska-solana.jpg\",\"contentUrl\":\"https:\/\/www.visit-ulcinj.com\/blog\/wp-content\/uploads\/2013\/05\/ulcinjska-solana.jpg\",\"width\":720,\"height\":479},{\"@type\":\"WebPage\",\"@id\":\"https:\/\/www.visit-ulcinj.com\/blog\/2016\/11\/29\/ulcinj-sjednica-o-solani-zakazana-za-cetvrtak\/#webpage\",\"url\":\"https:\/\/www.visit-ulcinj.com\/blog\/2016\/11\/29\/ulcinj-sjednica-o-solani-zakazana-za-cetvrtak\/\",\"name\":\"Ulcinj: Sjednica o Solani zakazana za \u010detvrtak - Lajme nga Ulqini\",\"isPartOf\":{\"@id\":\"https:\/\/www.visit-ulcinj.com\/blog\/#website\"},\"primaryImageOfPage\":{\"@id\":\"https:\/\/www.visit-ulcinj.com\/blog\/2016\/11\/29\/ulcinj-sjednica-o-solani-zakazana-za-cetvrtak\/#primaryimage\"},\"datePublished\":\"2016-11-29T18:10:40+00:00\",\"dateModified\":\"2016-11-29T18:10:40+00:00\",\"author\":{\"@id\":\"https:\/\/www.visit-ulcinj.com\/blog\/#\/schema\/person\/dcab619c614d3038751c63bc2aadc06d\"},\"description\":\"Sjednica Savjetodavnog tijela za Solanu \u201cBajo Sekuli\u0107\u201d bi\u0107e odr\u017eana u \u010detvrtak u Upravnoj zgradi kompanije u Ulcinju. Na sjednici \u0107e biti prezentovan,\",\"breadcrumb\":{\"@id\":\"https:\/\/www.visit-ulcinj.com\/blog\/2016\/11\/29\/ulcinj-sjednica-o-solani-zakazana-za-cetvrtak\/#breadcrumb\"},\"inLanguage\":\"en-US\",\"potentialAction\":[{\"@type\":\"ReadAction\",\"target\":[\"https:\/\/www.visit-ulcinj.com\/blog\/2016\/11\/29\/ulcinj-sjednica-o-solani-zakazana-za-cetvrtak\/\"]}]},{\"@type\":\"BreadcrumbList\",\"@id\":\"https:\/\/www.visit-ulcinj.com\/blog\/2016\/11\/29\/ulcinj-sjednica-o-solani-zakazana-za-cetvrtak\/#breadcrumb\",\"itemListElement\":[{\"@type\":\"ListItem\",\"position\":1,\"name\":\"Ulcinj: Sjednica o Solani zakazana za \u010detvrtak\"}]},{\"@type\":\"Person\",\"@id\":\"https:\/\/www.visit-ulcinj.com\/blog\/#\/schema\/person\/dcab619c614d3038751c63bc2aadc06d\",\"name\":\"ulqini\",\"sameAs\":[\"http:\/\/www.visit-ulcinj.com\"],\"url\":\"https:\/\/www.visit-ulcinj.com\/blog\/author\/admin\/\"}]}<\/script>\n<!-- \/ Yoast SEO plugin. -->","yoast_head_json":{"title":"Ulcinj: Sjednica o Solani zakazana za \u010detvrtak - Lajme nga Ulqini","description":"Sjednica Savjetodavnog tijela za Solanu \u201cBajo Sekuli\u0107\u201d bi\u0107e odr\u017eana u \u010detvrtak u Upravnoj zgradi kompanije u Ulcinju. Na sjednici \u0107e biti prezentovan,","robots":{"index":"index","follow":"follow","max-snippet":"max-snippet:-1","max-image-preview":"max-image-preview:large","max-video-preview":"max-video-preview:-1"},"canonical":"https:\/\/www.visit-ulcinj.com\/blog\/2016\/11\/29\/ulcinj-sjednica-o-solani-zakazana-za-cetvrtak\/","og_locale":"en_US","og_type":"article","og_title":"Ulcinj: Sjednica o Solani zakazana za \u010detvrtak - Lajme nga Ulqini","og_description":"Sjednica Savjetodavnog tijela za Solanu \u201cBajo Sekuli\u0107\u201d bi\u0107e odr\u017eana u \u010detvrtak u Upravnoj zgradi kompanije u Ulcinju. Na sjednici \u0107e biti prezentovan,","og_url":"https:\/\/www.visit-ulcinj.com\/blog\/2016\/11\/29\/ulcinj-sjednica-o-solani-zakazana-za-cetvrtak\/","og_site_name":"Lajme nga Ulqini","article_published_time":"2016-11-29T18:10:40+00:00","og_image":[{"url":"http:\/\/www.visit-ulcinj.com\/blog\/wp-content\/uploads\/2013\/05\/ulcinjska-solana.jpg"}],"twitter_misc":{"Written by":"ulqini","Est. reading time":"1 minute"},"schema":{"@context":"https:\/\/schema.org","@graph":[{"@type":"WebSite","@id":"https:\/\/www.visit-ulcinj.com\/blog\/#website","url":"https:\/\/www.visit-ulcinj.com\/blog\/","name":"Lajme nga Ulqini","description":"Lajme,Vijesti,Ulqini,Ulqin,Crna Gora,Mali i Zi","potentialAction":[{"@type":"SearchAction","target":{"@type":"EntryPoint","urlTemplate":"https:\/\/www.visit-ulcinj.com\/blog\/?s={search_term_string}"},"query-input":"required name=search_term_string"}],"inLanguage":"en-US"},{"@type":"ImageObject","inLanguage":"en-US","@id":"https:\/\/www.visit-ulcinj.com\/blog\/2016\/11\/29\/ulcinj-sjednica-o-solani-zakazana-za-cetvrtak\/#primaryimage","url":"https:\/\/www.visit-ulcinj.com\/blog\/wp-content\/uploads\/2013\/05\/ulcinjska-solana.jpg","contentUrl":"https:\/\/www.visit-ulcinj.com\/blog\/wp-content\/uploads\/2013\/05\/ulcinjska-solana.jpg","width":720,"height":479},{"@type":"WebPage","@id":"https:\/\/www.visit-ulcinj.com\/blog\/2016\/11\/29\/ulcinj-sjednica-o-solani-zakazana-za-cetvrtak\/#webpage","url":"https:\/\/www.visit-ulcinj.com\/blog\/2016\/11\/29\/ulcinj-sjednica-o-solani-zakazana-za-cetvrtak\/","name":"Ulcinj: Sjednica o Solani zakazana za \u010detvrtak - Lajme nga Ulqini","isPartOf":{"@id":"https:\/\/www.visit-ulcinj.com\/blog\/#website"},"primaryImageOfPage":{"@id":"https:\/\/www.visit-ulcinj.com\/blog\/2016\/11\/29\/ulcinj-sjednica-o-solani-zakazana-za-cetvrtak\/#primaryimage"},"datePublished":"2016-11-29T18:10:40+00:00","dateModified":"2016-11-29T18:10:40+00:00","author":{"@id":"https:\/\/www.visit-ulcinj.com\/blog\/#\/schema\/person\/dcab619c614d3038751c63bc2aadc06d"},"description":"Sjednica Savjetodavnog tijela za Solanu \u201cBajo Sekuli\u0107\u201d bi\u0107e odr\u017eana u \u010detvrtak u Upravnoj zgradi kompanije u Ulcinju. Na sjednici \u0107e biti prezentovan,","breadcrumb":{"@id":"https:\/\/www.visit-ulcinj.com\/blog\/2016\/11\/29\/ulcinj-sjednica-o-solani-zakazana-za-cetvrtak\/#breadcrumb"},"inLanguage":"en-US","potentialAction":[{"@type":"ReadAction","target":["https:\/\/www.visit-ulcinj.com\/blog\/2016\/11\/29\/ulcinj-sjednica-o-solani-zakazana-za-cetvrtak\/"]}]},{"@type":"BreadcrumbList","@id":"https:\/\/www.visit-ulcinj.com\/blog\/2016\/11\/29\/ulcinj-sjednica-o-solani-zakazana-za-cetvrtak\/#breadcrumb","itemListElement":[{"@type":"ListItem","position":1,"name":"Ulcinj: Sjednica o Solani zakazana za \u010detvrtak"}]},{"@type":"Person","@id":"https:\/\/www.visit-ulcinj.com\/blog\/#\/schema\/person\/dcab619c614d3038751c63bc2aadc06d","name":"ulqini","sameAs":["http:\/\/www.visit-ulcinj.com"],"url":"https:\/\/www.visit-ulcinj.com\/blog\/author\/admin\/"}]}},"jetpack_featured_media_url":"","jetpack_sharing_enabled":true,"jetpack_shortlink":"https:\/\/wp.me\/pe6lTn-qn8","_links":{"self":[{"href":"https:\/\/www.visit-ulcinj.com\/blog\/wp-json\/wp\/v2\/posts\/101378"}],"collection":[{"href":"https:\/\/www.visit-ulcinj.com\/blog\/wp-json\/wp\/v2\/posts"}],"about":[{"href":"https:\/\/www.visit-ulcinj.com\/blog\/wp-json\/wp\/v2\/types\/post"}],"author":[{"embeddable":true,"href":"https:\/\/www.visit-ulcinj.com\/blog\/wp-json\/wp\/v2\/users\/1"}],"replies":[{"embeddable":true,"href":"https:\/\/www.visit-ulcinj.com\/blog\/wp-json\/wp\/v2\/comments?post=101378"}],"version-history":[{"count":1,"href":"https:\/\/www.visit-ulcinj.com\/blog\/wp-json\/wp\/v2\/posts\/101378\/revisions"}],"predecessor-version":[{"id":101379,"href":"https:\/\/www.visit-ulcinj.com\/blog\/wp-json\/wp\/v2\/posts\/101378\/revisions\/101379"}],"wp:attachment":[{"href":"https:\/\/www.visit-ulcinj.com\/blog\/wp-json\/wp\/v2\/media?parent=101378"}],"wp:term":[{"taxonomy":"category","embeddable":true,"href":"https:\/\/www.visit-ulcinj.com\/blog\/wp-json\/wp\/v2\/categories?post=101378"},{"taxonomy":"post_tag","embeddable":true,"href":"https:\/\/www.visit-ulcinj.com\/blog\/wp-json\/wp\/v2\/tags?post=101378"}],"curies":[{"name":"wp","href":"https:\/\/api.w.org\/{rel}","templated":true}]}}