{"id":101384,"date":"2016-11-30T15:07:43","date_gmt":"2016-11-30T14:07:43","guid":{"rendered":"http:\/\/www.visit-ulcinj.com\/blog\/?p=101384"},"modified":"2016-11-30T23:46:12","modified_gmt":"2016-11-30T22:46:12","slug":"nika-mjer-selman-nenes-ke-te-qaje-pare-prijesit-ne-krye-popullin-e-marre","status":"publish","type":"post","link":"https:\/\/www.visit-ulcinj.com\/blog\/2016\/11\/30\/nika-mjer-selman-nenes-ke-te-qaje-pare-prijesit-ne-krye-popullin-e-marre\/","title":{"rendered":"Nika: Mjer Selman i n\u00ebn\u00ebs ke t\u00eb qaj\u00eb m\u00eb par\u00eb; A prij\u00ebsit n\u00eb krye a popullin e marr\u00eb &#8230;?!!"},"content":{"rendered":"<p><strong><em><a href=\"http:\/\/www.visit-ulcinj.com\/blog\/wp-content\/uploads\/2014\/11\/Muhamet-Nika.jpg\"><img loading=\"lazy\" class=\"alignleft wp-image-86143 size-medium\" src=\"http:\/\/www.visit-ulcinj.com\/blog\/wp-content\/uploads\/2014\/11\/Muhamet-Nika-240x300.jpg\" alt=\"Muhamet Nika, Sudski tuma\u010d- P\u00ebrkthyes gjyq\u00ebsor \u201c MUHAMET NIKA \u201d Ulcinj- Ulqin Adresa: zgrada SO ULCINJ- nd\u00ebrtesa e KK Ulqin Telefon-i: 068 264 122 Email-i : muhamet-nika@hotmail.com Albanski jezik- prof. Albanskog jezika Gjuh\u00eb shqipe- prof. I gjuh\u00ebs shqipe\" width=\"240\" height=\"300\" srcset=\"https:\/\/www.visit-ulcinj.com\/blog\/wp-content\/uploads\/2014\/11\/Muhamet-Nika-240x300.jpg 240w, https:\/\/www.visit-ulcinj.com\/blog\/wp-content\/uploads\/2014\/11\/Muhamet-Nika.jpg 256w\" sizes=\"(max-width: 240px) 100vw, 240px\" \/><\/a>1.<\/em><\/strong><\/p>\n<p><strong><em>( mos ma shihni p\u00ebr t\u00eb madhe \u00a0e kam me t\u00eb d\u00ebgjuar nga Edi&#8230;)<\/em><\/strong><\/p>\n<p>Edhe\u00a0 p\u00ebr mua \u00a0po duket vlen ai konstatimi i nj\u00ebrit q\u00eb tha \u00a0\u00a0\u201c \u00ebsht\u00eb \u00a0p\u00ebr\u00a0 tu\u00a0 habitur\u00a0 , se si arrin konspiracioni serbo-sllav t\u00eb manipuloj\u00a0 ME T\u00cb GJITH\u00cb..,si me pushtetar\u00ebt q\u00eb mor\u00ebn pushtetin\u2026,si me m\u00ebrgimtar\u00ebt..\u201d&#8230;?!<\/p>\n<p>Mbase un\u00eb edhe \u00a0nuk jam mir\u00eb&#8230;, por\u00a0 po shoh se si q\u00eb n\u00eb hapin e par\u00eb \u00a0t\u00eb integrimeve evropiane, vazhdojn\u00eb t\u00eb jen\u00eb n\u00eb veprim\u00a0 do forca t\u00eb n\u00ebndheshme\u00a0 q\u00eb v\u00ebrsul\u00ebn p\u00ebr t\u00eb penguar e krijuar nj\u00eb atmosfer\u00eb pasigurie\u00a0 t\u00eb \u00a0terri informativ\u00a0 n\u00eb \u00e7do drejtim t\u00eb jet\u00ebs. K\u00ebshtu vlen edhe rreth kapitujve t\u00eb hapur\u00a0 t\u00eb procesit t\u00eb p\u00ebrmendur t\u00eb integrimeve evropiane-\u00a0 O Zot\u00a0 \u00e7\u2019po ndodh\u00eb me ne&#8230;?!<\/p>\n<p>Sa nuhasim nj\u00eb lajm t\u00eb mir\u00eb \u00a0n\u00eb emancipim nacional n\u00eb raport me qeveri, pason tjetri i keq , duke hedhur dyshimin edhe n\u00eb \u00a0sinqeritetin e t\u00eb parit?!<\/p>\n<p><strong><em>Cili ishte lajmi i mir\u00eb dhe lajmi i keq.<\/em><\/strong><\/p>\n<p>M\u00ebsuam \u00a0pak\u00eb m\u00eb\u00a0 par\u00eb , se \u00a0si n\u00eb baz\u00eb t\u00eb\u00a0 nj\u00eb marr\u00ebveshjeje \u00a0t\u00eb arritur n\u00eb mes\u00a0 t\u00eb\u00a0 \u201cShqiptar\u00ebve t\u00eb vendosur\u201d dhe qeveris\u00eb edhe drejtori i shkoll\u00ebs s\u00eb Kat\u00ebrtkoll\u00ebs\u00a0 do jet\u00eb nga partit\u00eb nacionale , kurse ky aktuali i DPS-s\u00eb do transferohet n\u00eb nj\u00eb vend tjet\u00ebr..?!<\/p>\n<p>Mir\u00eb do thoni ju , e un\u00eb mendoj\u00a0 krejt ndryshe . M\u00eb i miri ishte ai i m\u00ebhershmi i DPS-s\u00eb , i cili mesataren e nx\u00ebn\u00ebsve nuk e kishte t\u00eb mjaftueshme \u00a0k\u00ebshtu si sot \u00a0q\u00eb na la ky \u00a0q\u00eb shkoi dhe \u00a0mund t\u00eb na l\u00ebr\u00eb edhe ky q\u00eb do\u00a0 vij .<\/p>\n<p>P\u00ebr mua si prind dihet \u00a0se kjo \u00a0\u00ebsht\u00eb tmerr ?!!<\/p>\n<p><strong><em>E tashti t\u00eb shohim lajmin e keq.<\/em><\/strong><\/p>\n<p>intelektuali<strong><em>&#8211; PO DUKET I VETMI-\u00a0 Ali Salaj\u00a0 <\/em><\/strong>, \u00a0t\u00ebrheq v\u00ebrejtjen n\u00eb shkrimin e vet se pengesa n\u00eb kapitujt e hapur\u00a0\u00a0\u00a0 p\u00ebr\u00a0\u00a0 integrime \u00a0\u00a0t\u00eb \u00a0Malit \u00a0t\u00eb Zi nuk ka dhe se\u00a0 u b\u00ebn\u00eb shpejt \u00a0e shpejt t\u00eb realizueshme\u00a0 para evropian\u00ebve\u00a0 duke shtuar edhe k\u00ebt\u00eb: \u201cK\u00ebshtu, fjala vjen, Kapitulli 26 \u2013 Arsimi dhe Kultura, pasi q\u00eb iu b\u00eb skriningu apo ekzaminimi, ose si\u00e7 njihet ndryshe \u201ckontrolli sistematik\u201d, u hap m\u00eb 15 prill 2015 dhe u mbyll po at\u00eb dit\u00eb. Nd\u00ebrkoh\u00eb, \u00ebsht\u00eb m\u00eb se e ditur q\u00eb arsimi n\u00eb gjuh\u00ebn shqipe n\u00eb Mal t\u00eb Zi p\u00ebrballet me probleme t\u00eb shumta. Edhe me k\u00ebt\u00eb rast p\u00ebrfaq\u00ebsuesit politik\u00eb t\u00eb shqiptar\u00ebve u vonuan dhe gjat\u00eb ekzaminimit nuk paraqiten v\u00ebrejtje dhe nuk lobuan q\u00eb \u00e7\u00ebshtjet e arsimit shqip t\u00eb rishikohen dhe mund\u00ebsisht kapitulli n\u00eb fjal\u00eb t\u00eb mbetet i hapur deri n\u00eb realizimin e objektivit.\u201d Etj.etj\u2026, vazhdon Salaj\u201d<\/p>\n<p>Dhe tashti po m\u00eb mundon shejtani: A mos kemi t\u00eb b\u00ebjm\u00eb k\u00ebtu me ndonj\u00eb pazar politik funksionesh , sipas parimit , nuk po ankohemi n\u00eb kapitujt e hapur para bot\u00ebs , n\u00ebse na e l\u00ebshoni ne k\u00ebt\u00eb post&#8230;?!<\/p>\n<p><em>Po ku jan\u00eb more aman , t\u00eb gjith\u00eb ata e k\u00ebta&#8230; , q\u00eb b\u00ebn\u00eb <\/em>studime e tryeza t\u00eb rrumbullak\u00ebta\u00a0 p\u00ebr arsim dhe botuan libra e kumtesa\u00a0 duke zhvatur para e dollar deri n\u00eb Amerik\u00eb, qoft\u00eb para partive , qoft\u00eb para shoqatave jo qeveritare e komb\u00ebtare?!<\/p>\n<p>Tashti , pasi e d\u00ebgjuam k\u00ebt\u00eb, them t\u00eb v\u00ebrtet\u00ebn edhe kam filluar t\u00eb dyshoj&#8230;?!<\/p>\n<p>Fatkeq\u00ebsisht jam i detyruar t\u00eb them, p\u00ebr mua ,lirisht dhe mjerisht\u00a0\u00a0 ( pa\u00e7in drit\u00eb dhe rahmet,tan\u00eb sa jan\u00eb krye p\u00ebr em\u00ebr sepse shihet se\u00a0 kan\u00eb bllokuar n\u00eb proces-\u00a0 tok\u00eb s\u00eb bashku q\u00eb do t\u00eb na kushtoj\u00eb \u00a0nes\u00ebr kur t\u00eb gdhijm\u00eb n\u00eb familjen evropiane.<\/p>\n<p>&nbsp;<\/p>\n<p><strong>Vazhdon:<\/strong>\u00a0 <strong>Si do gdhijm\u00eb nes\u00ebr n\u00eb Evrop\u00eb, pa v\u00ebrejtje n\u00eb kapitujt e hapur&#8230;.?!!<\/strong><\/p>\n","protected":false},"excerpt":{"rendered":"<p>1. ( mos ma shihni p\u00ebr t\u00eb madhe \u00a0e kam me t\u00eb d\u00ebgjuar nga Edi&#8230;) Edhe\u00a0 p\u00ebr mua \u00a0po duket vlen ai konstatimi i nj\u00ebrit q\u00eb tha \u00a0\u00a0\u201c \u00ebsht\u00eb \u00a0p\u00ebr\u00a0 tu\u00a0 habitur\u00a0 , se si arrin konspiracioni serbo-sllav t\u00eb manipuloj\u00a0 ME T\u00cb GJITH\u00cb..,si me pushtetar\u00ebt q\u00eb mor\u00ebn pushtetin\u2026,si me m\u00ebrgimtar\u00ebt..\u201d&#8230;?! Mbase un\u00eb edhe \u00a0nuk jam [&hellip;]<\/p>\n","protected":false},"author":1,"featured_media":0,"comment_status":"closed","ping_status":"closed","sticky":false,"template":"","format":"standard","meta":{"spay_email":"","jetpack_publicize_message":"","jetpack_is_tweetstorm":false,"jetpack_publicize_feature_enabled":true},"categories":[1,14249],"tags":[],"jetpack_publicize_connections":[],"yoast_head":"<!-- This site is optimized with the Yoast SEO plugin v19.1 - https:\/\/yoast.com\/wordpress\/plugins\/seo\/ -->\n<title>Nika: Mjer Selman i n\u00ebn\u00ebs ke t\u00eb qaj\u00eb m\u00eb par\u00eb; A prij\u00ebsit n\u00eb krye a popullin e marr\u00eb ...?!! - Lajme nga Ulqini<\/title>\n<meta name=\"description\" content=\"1. ( mos ma shihni p\u00ebr t\u00eb madhe \u00a0e kam me t\u00eb d\u00ebgjuar nga Edi...) Edhe\u00a0 p\u00ebr mua \u00a0po duket vlen ai konstatimi i nj\u00ebrit q\u00eb tha \u00a0\u00a0\u201c \u00ebsht\u00eb \u00a0p\u00ebr\u00a0 tu\u00a0 habitur\u00a0 ,\" \/>\n<meta name=\"robots\" content=\"index, follow, max-snippet:-1, max-image-preview:large, max-video-preview:-1\" \/>\n<link rel=\"canonical\" href=\"https:\/\/www.visit-ulcinj.com\/blog\/2016\/11\/30\/nika-mjer-selman-nenes-ke-te-qaje-pare-prijesit-ne-krye-popullin-e-marre\/\" \/>\n<meta property=\"og:locale\" content=\"en_US\" \/>\n<meta property=\"og:type\" content=\"article\" \/>\n<meta property=\"og:title\" content=\"Nika: Mjer Selman i n\u00ebn\u00ebs ke t\u00eb qaj\u00eb m\u00eb par\u00eb; A prij\u00ebsit n\u00eb krye a popullin e marr\u00eb ...?!! - Lajme nga Ulqini\" \/>\n<meta property=\"og:description\" content=\"1. ( mos ma shihni p\u00ebr t\u00eb madhe \u00a0e kam me t\u00eb d\u00ebgjuar nga Edi...) Edhe\u00a0 p\u00ebr mua \u00a0po duket vlen ai konstatimi i nj\u00ebrit q\u00eb tha \u00a0\u00a0\u201c \u00ebsht\u00eb \u00a0p\u00ebr\u00a0 tu\u00a0 habitur\u00a0 ,\" \/>\n<meta property=\"og:url\" content=\"https:\/\/www.visit-ulcinj.com\/blog\/2016\/11\/30\/nika-mjer-selman-nenes-ke-te-qaje-pare-prijesit-ne-krye-popullin-e-marre\/\" \/>\n<meta property=\"og:site_name\" content=\"Lajme nga Ulqini\" \/>\n<meta property=\"article:published_time\" content=\"2016-11-30T14:07:43+00:00\" \/>\n<meta property=\"article:modified_time\" content=\"2016-11-30T22:46:12+00:00\" \/>\n<meta property=\"og:image\" content=\"http:\/\/www.visit-ulcinj.com\/blog\/wp-content\/uploads\/2014\/11\/Muhamet-Nika-240x300.jpg\" \/>\n<meta name=\"twitter:label1\" content=\"Written by\" \/>\n\t<meta name=\"twitter:data1\" content=\"ulqini\" \/>\n\t<meta name=\"twitter:label2\" content=\"Est. reading time\" \/>\n\t<meta name=\"twitter:data2\" content=\"3 minutes\" \/>\n<script type=\"application\/ld+json\" class=\"yoast-schema-graph\">{\"@context\":\"https:\/\/schema.org\",\"@graph\":[{\"@type\":\"WebSite\",\"@id\":\"https:\/\/www.visit-ulcinj.com\/blog\/#website\",\"url\":\"https:\/\/www.visit-ulcinj.com\/blog\/\",\"name\":\"Lajme nga Ulqini\",\"description\":\"Lajme,Vijesti,Ulqini,Ulqin,Crna Gora,Mali i Zi\",\"potentialAction\":[{\"@type\":\"SearchAction\",\"target\":{\"@type\":\"EntryPoint\",\"urlTemplate\":\"https:\/\/www.visit-ulcinj.com\/blog\/?s={search_term_string}\"},\"query-input\":\"required name=search_term_string\"}],\"inLanguage\":\"en-US\"},{\"@type\":\"ImageObject\",\"inLanguage\":\"en-US\",\"@id\":\"https:\/\/www.visit-ulcinj.com\/blog\/2016\/11\/30\/nika-mjer-selman-nenes-ke-te-qaje-pare-prijesit-ne-krye-popullin-e-marre\/#primaryimage\",\"url\":\"https:\/\/www.visit-ulcinj.com\/blog\/wp-content\/uploads\/2014\/11\/Muhamet-Nika.jpg\",\"contentUrl\":\"https:\/\/www.visit-ulcinj.com\/blog\/wp-content\/uploads\/2014\/11\/Muhamet-Nika.jpg\",\"width\":256,\"height\":319},{\"@type\":\"WebPage\",\"@id\":\"https:\/\/www.visit-ulcinj.com\/blog\/2016\/11\/30\/nika-mjer-selman-nenes-ke-te-qaje-pare-prijesit-ne-krye-popullin-e-marre\/#webpage\",\"url\":\"https:\/\/www.visit-ulcinj.com\/blog\/2016\/11\/30\/nika-mjer-selman-nenes-ke-te-qaje-pare-prijesit-ne-krye-popullin-e-marre\/\",\"name\":\"Nika: Mjer Selman i n\u00ebn\u00ebs ke t\u00eb qaj\u00eb m\u00eb par\u00eb; A prij\u00ebsit n\u00eb krye a popullin e marr\u00eb ...?!! - Lajme nga Ulqini\",\"isPartOf\":{\"@id\":\"https:\/\/www.visit-ulcinj.com\/blog\/#website\"},\"primaryImageOfPage\":{\"@id\":\"https:\/\/www.visit-ulcinj.com\/blog\/2016\/11\/30\/nika-mjer-selman-nenes-ke-te-qaje-pare-prijesit-ne-krye-popullin-e-marre\/#primaryimage\"},\"datePublished\":\"2016-11-30T14:07:43+00:00\",\"dateModified\":\"2016-11-30T22:46:12+00:00\",\"author\":{\"@id\":\"https:\/\/www.visit-ulcinj.com\/blog\/#\/schema\/person\/dcab619c614d3038751c63bc2aadc06d\"},\"description\":\"1. ( mos ma shihni p\u00ebr t\u00eb madhe \u00a0e kam me t\u00eb d\u00ebgjuar nga Edi...) Edhe\u00a0 p\u00ebr mua \u00a0po duket vlen ai konstatimi i nj\u00ebrit q\u00eb tha \u00a0\u00a0\u201c \u00ebsht\u00eb \u00a0p\u00ebr\u00a0 tu\u00a0 habitur\u00a0 ,\",\"breadcrumb\":{\"@id\":\"https:\/\/www.visit-ulcinj.com\/blog\/2016\/11\/30\/nika-mjer-selman-nenes-ke-te-qaje-pare-prijesit-ne-krye-popullin-e-marre\/#breadcrumb\"},\"inLanguage\":\"en-US\",\"potentialAction\":[{\"@type\":\"ReadAction\",\"target\":[\"https:\/\/www.visit-ulcinj.com\/blog\/2016\/11\/30\/nika-mjer-selman-nenes-ke-te-qaje-pare-prijesit-ne-krye-popullin-e-marre\/\"]}]},{\"@type\":\"BreadcrumbList\",\"@id\":\"https:\/\/www.visit-ulcinj.com\/blog\/2016\/11\/30\/nika-mjer-selman-nenes-ke-te-qaje-pare-prijesit-ne-krye-popullin-e-marre\/#breadcrumb\",\"itemListElement\":[{\"@type\":\"ListItem\",\"position\":1,\"name\":\"Nika: Mjer Selman i n\u00ebn\u00ebs ke t\u00eb qaj\u00eb m\u00eb par\u00eb; A prij\u00ebsit n\u00eb krye a popullin e marr\u00eb &#8230;?!!\"}]},{\"@type\":\"Person\",\"@id\":\"https:\/\/www.visit-ulcinj.com\/blog\/#\/schema\/person\/dcab619c614d3038751c63bc2aadc06d\",\"name\":\"ulqini\",\"sameAs\":[\"http:\/\/www.visit-ulcinj.com\"],\"url\":\"https:\/\/www.visit-ulcinj.com\/blog\/author\/admin\/\"}]}<\/script>\n<!-- \/ Yoast SEO plugin. -->","yoast_head_json":{"title":"Nika: Mjer Selman i n\u00ebn\u00ebs ke t\u00eb qaj\u00eb m\u00eb par\u00eb; A prij\u00ebsit n\u00eb krye a popullin e marr\u00eb ...?!! - Lajme nga Ulqini","description":"1. ( mos ma shihni p\u00ebr t\u00eb madhe \u00a0e kam me t\u00eb d\u00ebgjuar nga Edi...) Edhe\u00a0 p\u00ebr mua \u00a0po duket vlen ai konstatimi i nj\u00ebrit q\u00eb tha \u00a0\u00a0\u201c \u00ebsht\u00eb \u00a0p\u00ebr\u00a0 tu\u00a0 habitur\u00a0 ,","robots":{"index":"index","follow":"follow","max-snippet":"max-snippet:-1","max-image-preview":"max-image-preview:large","max-video-preview":"max-video-preview:-1"},"canonical":"https:\/\/www.visit-ulcinj.com\/blog\/2016\/11\/30\/nika-mjer-selman-nenes-ke-te-qaje-pare-prijesit-ne-krye-popullin-e-marre\/","og_locale":"en_US","og_type":"article","og_title":"Nika: Mjer Selman i n\u00ebn\u00ebs ke t\u00eb qaj\u00eb m\u00eb par\u00eb; A prij\u00ebsit n\u00eb krye a popullin e marr\u00eb ...?!! - Lajme nga Ulqini","og_description":"1. ( mos ma shihni p\u00ebr t\u00eb madhe \u00a0e kam me t\u00eb d\u00ebgjuar nga Edi...) Edhe\u00a0 p\u00ebr mua \u00a0po duket vlen ai konstatimi i nj\u00ebrit q\u00eb tha \u00a0\u00a0\u201c \u00ebsht\u00eb \u00a0p\u00ebr\u00a0 tu\u00a0 habitur\u00a0 ,","og_url":"https:\/\/www.visit-ulcinj.com\/blog\/2016\/11\/30\/nika-mjer-selman-nenes-ke-te-qaje-pare-prijesit-ne-krye-popullin-e-marre\/","og_site_name":"Lajme nga Ulqini","article_published_time":"2016-11-30T14:07:43+00:00","article_modified_time":"2016-11-30T22:46:12+00:00","og_image":[{"url":"http:\/\/www.visit-ulcinj.com\/blog\/wp-content\/uploads\/2014\/11\/Muhamet-Nika-240x300.jpg"}],"twitter_misc":{"Written by":"ulqini","Est. reading time":"3 minutes"},"schema":{"@context":"https:\/\/schema.org","@graph":[{"@type":"WebSite","@id":"https:\/\/www.visit-ulcinj.com\/blog\/#website","url":"https:\/\/www.visit-ulcinj.com\/blog\/","name":"Lajme nga Ulqini","description":"Lajme,Vijesti,Ulqini,Ulqin,Crna Gora,Mali i Zi","potentialAction":[{"@type":"SearchAction","target":{"@type":"EntryPoint","urlTemplate":"https:\/\/www.visit-ulcinj.com\/blog\/?s={search_term_string}"},"query-input":"required name=search_term_string"}],"inLanguage":"en-US"},{"@type":"ImageObject","inLanguage":"en-US","@id":"https:\/\/www.visit-ulcinj.com\/blog\/2016\/11\/30\/nika-mjer-selman-nenes-ke-te-qaje-pare-prijesit-ne-krye-popullin-e-marre\/#primaryimage","url":"https:\/\/www.visit-ulcinj.com\/blog\/wp-content\/uploads\/2014\/11\/Muhamet-Nika.jpg","contentUrl":"https:\/\/www.visit-ulcinj.com\/blog\/wp-content\/uploads\/2014\/11\/Muhamet-Nika.jpg","width":256,"height":319},{"@type":"WebPage","@id":"https:\/\/www.visit-ulcinj.com\/blog\/2016\/11\/30\/nika-mjer-selman-nenes-ke-te-qaje-pare-prijesit-ne-krye-popullin-e-marre\/#webpage","url":"https:\/\/www.visit-ulcinj.com\/blog\/2016\/11\/30\/nika-mjer-selman-nenes-ke-te-qaje-pare-prijesit-ne-krye-popullin-e-marre\/","name":"Nika: Mjer Selman i n\u00ebn\u00ebs ke t\u00eb qaj\u00eb m\u00eb par\u00eb; A prij\u00ebsit n\u00eb krye a popullin e marr\u00eb ...?!! - Lajme nga Ulqini","isPartOf":{"@id":"https:\/\/www.visit-ulcinj.com\/blog\/#website"},"primaryImageOfPage":{"@id":"https:\/\/www.visit-ulcinj.com\/blog\/2016\/11\/30\/nika-mjer-selman-nenes-ke-te-qaje-pare-prijesit-ne-krye-popullin-e-marre\/#primaryimage"},"datePublished":"2016-11-30T14:07:43+00:00","dateModified":"2016-11-30T22:46:12+00:00","author":{"@id":"https:\/\/www.visit-ulcinj.com\/blog\/#\/schema\/person\/dcab619c614d3038751c63bc2aadc06d"},"description":"1. ( mos ma shihni p\u00ebr t\u00eb madhe \u00a0e kam me t\u00eb d\u00ebgjuar nga Edi...) Edhe\u00a0 p\u00ebr mua \u00a0po duket vlen ai konstatimi i nj\u00ebrit q\u00eb tha \u00a0\u00a0\u201c \u00ebsht\u00eb \u00a0p\u00ebr\u00a0 tu\u00a0 habitur\u00a0 ,","breadcrumb":{"@id":"https:\/\/www.visit-ulcinj.com\/blog\/2016\/11\/30\/nika-mjer-selman-nenes-ke-te-qaje-pare-prijesit-ne-krye-popullin-e-marre\/#breadcrumb"},"inLanguage":"en-US","potentialAction":[{"@type":"ReadAction","target":["https:\/\/www.visit-ulcinj.com\/blog\/2016\/11\/30\/nika-mjer-selman-nenes-ke-te-qaje-pare-prijesit-ne-krye-popullin-e-marre\/"]}]},{"@type":"BreadcrumbList","@id":"https:\/\/www.visit-ulcinj.com\/blog\/2016\/11\/30\/nika-mjer-selman-nenes-ke-te-qaje-pare-prijesit-ne-krye-popullin-e-marre\/#breadcrumb","itemListElement":[{"@type":"ListItem","position":1,"name":"Nika: Mjer Selman i n\u00ebn\u00ebs ke t\u00eb qaj\u00eb m\u00eb par\u00eb; A prij\u00ebsit n\u00eb krye a popullin e marr\u00eb &#8230;?!!"}]},{"@type":"Person","@id":"https:\/\/www.visit-ulcinj.com\/blog\/#\/schema\/person\/dcab619c614d3038751c63bc2aadc06d","name":"ulqini","sameAs":["http:\/\/www.visit-ulcinj.com"],"url":"https:\/\/www.visit-ulcinj.com\/blog\/author\/admin\/"}]}},"jetpack_featured_media_url":"","jetpack_sharing_enabled":true,"jetpack_shortlink":"https:\/\/wp.me\/pe6lTn-qne","_links":{"self":[{"href":"https:\/\/www.visit-ulcinj.com\/blog\/wp-json\/wp\/v2\/posts\/101384"}],"collection":[{"href":"https:\/\/www.visit-ulcinj.com\/blog\/wp-json\/wp\/v2\/posts"}],"about":[{"href":"https:\/\/www.visit-ulcinj.com\/blog\/wp-json\/wp\/v2\/types\/post"}],"author":[{"embeddable":true,"href":"https:\/\/www.visit-ulcinj.com\/blog\/wp-json\/wp\/v2\/users\/1"}],"replies":[{"embeddable":true,"href":"https:\/\/www.visit-ulcinj.com\/blog\/wp-json\/wp\/v2\/comments?post=101384"}],"version-history":[{"count":1,"href":"https:\/\/www.visit-ulcinj.com\/blog\/wp-json\/wp\/v2\/posts\/101384\/revisions"}],"predecessor-version":[{"id":101385,"href":"https:\/\/www.visit-ulcinj.com\/blog\/wp-json\/wp\/v2\/posts\/101384\/revisions\/101385"}],"wp:attachment":[{"href":"https:\/\/www.visit-ulcinj.com\/blog\/wp-json\/wp\/v2\/media?parent=101384"}],"wp:term":[{"taxonomy":"category","embeddable":true,"href":"https:\/\/www.visit-ulcinj.com\/blog\/wp-json\/wp\/v2\/categories?post=101384"},{"taxonomy":"post_tag","embeddable":true,"href":"https:\/\/www.visit-ulcinj.com\/blog\/wp-json\/wp\/v2\/tags?post=101384"}],"curies":[{"name":"wp","href":"https:\/\/api.w.org\/{rel}","templated":true}]}}