{"id":101386,"date":"2016-11-30T18:44:17","date_gmt":"2016-11-30T17:44:17","guid":{"rendered":"http:\/\/www.visit-ulcinj.com\/blog\/?p=101386"},"modified":"2016-11-30T18:44:17","modified_gmt":"2016-11-30T17:44:17","slug":"ahmeti-serbise-po-dhemb-shume-unioni-bashkive-shqiptare","status":"publish","type":"post","link":"https:\/\/www.visit-ulcinj.com\/blog\/2016\/11\/30\/ahmeti-serbise-po-dhemb-shume-unioni-bashkive-shqiptare\/","title":{"rendered":"Ahmeti: Serbis\u00eb po i dhemb shum\u00eb Unioni i Bashkive Shqiptare"},"content":{"rendered":"<p><a href=\"http:\/\/www.visit-ulcinj.com\/blog\/wp-content\/uploads\/2016\/11\/Veliaj-me-kryetaret-e-bashkive-shqitpare-te-rajonit-Nazif-Cungu-3-1.jpg\"><img loading=\"lazy\" class=\"alignleft wp-image-101268\" src=\"http:\/\/www.visit-ulcinj.com\/blog\/wp-content\/uploads\/2016\/11\/Veliaj-me-kryetaret-e-bashkive-shqitpare-te-rajonit-Nazif-Cungu-3-1.jpg\" alt=\"Veliaj-me-kryetaret-e-bashkive-shqitpare-te-rajonit-Nazif-Cungu-3\" width=\"508\" height=\"271\" srcset=\"https:\/\/www.visit-ulcinj.com\/blog\/wp-content\/uploads\/2016\/11\/Veliaj-me-kryetaret-e-bashkive-shqitpare-te-rajonit-Nazif-Cungu-3-1.jpg 750w, https:\/\/www.visit-ulcinj.com\/blog\/wp-content\/uploads\/2016\/11\/Veliaj-me-kryetaret-e-bashkive-shqitpare-te-rajonit-Nazif-Cungu-3-1-300x160.jpg 300w\" sizes=\"(max-width: 508px) 100vw, 508px\" \/><\/a>Loj\u00eb p\u00ebr f\u00ebmij\u00eb t\u00eb vegj\u00ebl dhe p\u00ebrrall\u00eb joserioze e ka quajtur kryeministri i Serbis\u00eb, Aleksandar Vu\u00e7iq Unionin e Bashkive Shqiptare q\u00eb u formua k\u00ebt\u00eb t\u00eb h\u00ebn\u00eb n\u00eb Tiran\u00eb, fillimisht me Bashkin\u00eb e Tiran\u00ebs, Prishtin\u00ebs, Tetov\u00ebs, Ulqinit dhe Preshev\u00ebs.<\/p>\n<p>Mir\u00ebpo, vet\u00eb reagimin e tij i pari i Prishtin\u00ebs Shpend Ahmeti, i cili ishte nj\u00ebri prej n\u00ebnshkruesve t\u00eb k\u00ebtij memorandumi e sheh si t\u00eb atill\u00eb q\u00eb e d\u00ebshmon t\u00eb kund\u00ebrt\u00ebn e asaj \u00e7ka Vu\u00e7iq deklaroi.<\/p>\n<p>\u201cReagimet q\u00eb erdh\u00ebn nga Kuvendi, Presidenti dhe Kryeministri i Serbis\u00eb d\u00ebshmojn\u00eb se kjo nuk \u00ebsht\u00eb \u2018loj\u00eb f\u00ebmij\u00ebsh\u2019, por \u00ebsht\u00eb platform\u00eb serioze e zhvillimit t\u00eb hap\u00ebsir\u00ebs shqiptare n\u00eb rajon\u201d, tha Ahmeti p\u00ebr gazetametro.net<\/p>\n<p>P\u00ebr Ahmetin k\u00ebto reagime jan\u00eb t\u00eb shfrenuara, por edhe t\u00eb pakuptueshme.<\/p>\n<p>\u201cNuk e kuptoj aspak reagimin e shfrenuar t\u00eb autoriteteve n\u00eb Serbi karshi nj\u00eb diskutimi e bashk\u00ebpunimi t\u00eb sinqert\u00eb nd\u00ebrshqiptar. Ne p\u00ebr synim kemi rritjen e mir\u00ebqenies dhe zhvillimit t\u00eb komunave shqiptare n\u00eb regjion dhe kjo nism\u00eb nuk duhet t\u2019i pengoj\u00eb askujt. N\u00eb qoft\u00eb se dikujt i pengon mir\u00ebqenia e shqiptar\u00ebve dhe zhvillimi jon\u00eb, at\u00ebher\u00eb \u00ebsht\u00eb problem i tyre e jo i komunave tona\u201d, theksoi kryetari i Prishtin\u00ebs.<\/p>\n<p>Ahmeti ka treguar m\u00eb shum\u00eb edhe se \u00e7ka paraqet ky bashk\u00ebpunim.<\/p>\n<p>\u201cN\u00eb fundjav\u00ebn para Dit\u00ebs s\u00eb Flamurit, mbajt\u00ebm takimin e par\u00eb t\u00eb Unionit t\u00eb Bashkive Shqiptare, ku vendos\u00ebm q\u00eb t\u00eb krijojm\u00eb nj\u00eb platform\u00eb bashk\u00ebpunimi q\u00eb do t\u2019iu lejoj\u00eb bashkive tona t\u00eb intensifikojn\u00eb shk\u00ebmbimin e p\u00ebrvojave dhe ekspertiz\u00ebs n\u00eb fushat e urbanistik\u00ebs, inovacionit, mjedisit, kultur\u00ebs dhe formave t\u00eb reja t\u00eb financimit\u201d, tha Ahmeti.<\/p>\n<p>E po ashtu tregoi edhe se si do funksionoj\u00eb ky bashk\u00ebpunim n\u00eb fushat e planifikuara.<\/p>\n<p>\u201cNe do t\u00eb ngrem\u00eb nj\u00eb Grup t\u00eb P\u00ebrhersh\u00ebm Koordinator q\u00eb ka p\u00ebr detyr\u00eb t\u00eb nd\u00ebrmjet\u00ebsoj\u00eb n\u00eb m\u00ebnyr\u00eb t\u00eb pand\u00ebrprer\u00eb komunikimin dhe bashk\u00ebpunimin konkret mes bashkive tona p\u00ebr t\u00eb gjitha fushat e parashikuara n\u00eb memorandumin apo \u00e7do fush\u00eb tjet\u00ebr me interes. E brenda k\u00ebtij Unioni, do t\u00eb shtohen edhe bashkit\u00eb edhe temat\u201d, tha tutje kryetari i Prishtin\u00ebs.<\/p>\n","protected":false},"excerpt":{"rendered":"<p>Loj\u00eb p\u00ebr f\u00ebmij\u00eb t\u00eb vegj\u00ebl dhe p\u00ebrrall\u00eb joserioze e ka quajtur kryeministri i Serbis\u00eb, Aleksandar Vu\u00e7iq Unionin e Bashkive Shqiptare q\u00eb u formua k\u00ebt\u00eb t\u00eb h\u00ebn\u00eb n\u00eb Tiran\u00eb, fillimisht me Bashkin\u00eb e Tiran\u00ebs, Prishtin\u00ebs, Tetov\u00ebs, Ulqinit dhe Preshev\u00ebs. Mir\u00ebpo, vet\u00eb reagimin e tij i pari i Prishtin\u00ebs Shpend Ahmeti, i cili ishte nj\u00ebri prej n\u00ebnshkruesve [&hellip;]<\/p>\n","protected":false},"author":1,"featured_media":0,"comment_status":"closed","ping_status":"closed","sticky":false,"template":"","format":"standard","meta":{"spay_email":"","jetpack_publicize_message":"","jetpack_is_tweetstorm":false,"jetpack_publicize_feature_enabled":true},"categories":[6950],"tags":[],"jetpack_publicize_connections":[],"yoast_head":"<!-- This site is optimized with the Yoast SEO plugin v19.1 - https:\/\/yoast.com\/wordpress\/plugins\/seo\/ -->\n<title>Ahmeti: Serbis\u00eb po i dhemb shum\u00eb Unioni i Bashkive Shqiptare - Lajme nga Ulqini<\/title>\n<meta name=\"description\" content=\"Loj\u00eb p\u00ebr f\u00ebmij\u00eb t\u00eb vegj\u00ebl dhe p\u00ebrrall\u00eb joserioze e ka quajtur kryeministri i Serbis\u00eb, Aleksandar Vu\u00e7iq Unionin e Bashkive Shqiptare q\u00eb u formua k\u00ebt\u00eb t\u00eb\" \/>\n<meta name=\"robots\" content=\"index, follow, max-snippet:-1, max-image-preview:large, max-video-preview:-1\" \/>\n<link rel=\"canonical\" href=\"https:\/\/www.visit-ulcinj.com\/blog\/2016\/11\/30\/ahmeti-serbise-po-dhemb-shume-unioni-bashkive-shqiptare\/\" \/>\n<meta property=\"og:locale\" content=\"en_US\" \/>\n<meta property=\"og:type\" content=\"article\" \/>\n<meta property=\"og:title\" content=\"Ahmeti: Serbis\u00eb po i dhemb shum\u00eb Unioni i Bashkive Shqiptare - Lajme nga Ulqini\" \/>\n<meta property=\"og:description\" content=\"Loj\u00eb p\u00ebr f\u00ebmij\u00eb t\u00eb vegj\u00ebl dhe p\u00ebrrall\u00eb joserioze e ka quajtur kryeministri i Serbis\u00eb, Aleksandar Vu\u00e7iq Unionin e Bashkive Shqiptare q\u00eb u formua k\u00ebt\u00eb t\u00eb\" \/>\n<meta property=\"og:url\" content=\"https:\/\/www.visit-ulcinj.com\/blog\/2016\/11\/30\/ahmeti-serbise-po-dhemb-shume-unioni-bashkive-shqiptare\/\" \/>\n<meta property=\"og:site_name\" content=\"Lajme nga Ulqini\" \/>\n<meta property=\"article:published_time\" content=\"2016-11-30T17:44:17+00:00\" \/>\n<meta property=\"og:image\" content=\"http:\/\/www.visit-ulcinj.com\/blog\/wp-content\/uploads\/2016\/11\/Veliaj-me-kryetaret-e-bashkive-shqitpare-te-rajonit-Nazif-Cungu-3-1.jpg\" \/>\n<meta name=\"twitter:label1\" content=\"Written by\" \/>\n\t<meta name=\"twitter:data1\" content=\"ulqini\" \/>\n\t<meta name=\"twitter:label2\" content=\"Est. reading time\" \/>\n\t<meta name=\"twitter:data2\" content=\"2 minutes\" \/>\n<script type=\"application\/ld+json\" class=\"yoast-schema-graph\">{\"@context\":\"https:\/\/schema.org\",\"@graph\":[{\"@type\":\"WebSite\",\"@id\":\"https:\/\/www.visit-ulcinj.com\/blog\/#website\",\"url\":\"https:\/\/www.visit-ulcinj.com\/blog\/\",\"name\":\"Lajme nga Ulqini\",\"description\":\"Lajme,Vijesti,Ulqini,Ulqin,Crna Gora,Mali i Zi\",\"potentialAction\":[{\"@type\":\"SearchAction\",\"target\":{\"@type\":\"EntryPoint\",\"urlTemplate\":\"https:\/\/www.visit-ulcinj.com\/blog\/?s={search_term_string}\"},\"query-input\":\"required name=search_term_string\"}],\"inLanguage\":\"en-US\"},{\"@type\":\"ImageObject\",\"inLanguage\":\"en-US\",\"@id\":\"https:\/\/www.visit-ulcinj.com\/blog\/2016\/11\/30\/ahmeti-serbise-po-dhemb-shume-unioni-bashkive-shqiptare\/#primaryimage\",\"url\":\"https:\/\/www.visit-ulcinj.com\/blog\/wp-content\/uploads\/2016\/11\/Veliaj-me-kryetaret-e-bashkive-shqitpare-te-rajonit-Nazif-Cungu-3-1.jpg\",\"contentUrl\":\"https:\/\/www.visit-ulcinj.com\/blog\/wp-content\/uploads\/2016\/11\/Veliaj-me-kryetaret-e-bashkive-shqitpare-te-rajonit-Nazif-Cungu-3-1.jpg\",\"width\":750,\"height\":400},{\"@type\":\"WebPage\",\"@id\":\"https:\/\/www.visit-ulcinj.com\/blog\/2016\/11\/30\/ahmeti-serbise-po-dhemb-shume-unioni-bashkive-shqiptare\/#webpage\",\"url\":\"https:\/\/www.visit-ulcinj.com\/blog\/2016\/11\/30\/ahmeti-serbise-po-dhemb-shume-unioni-bashkive-shqiptare\/\",\"name\":\"Ahmeti: Serbis\u00eb po i dhemb shum\u00eb Unioni i Bashkive Shqiptare - Lajme nga Ulqini\",\"isPartOf\":{\"@id\":\"https:\/\/www.visit-ulcinj.com\/blog\/#website\"},\"primaryImageOfPage\":{\"@id\":\"https:\/\/www.visit-ulcinj.com\/blog\/2016\/11\/30\/ahmeti-serbise-po-dhemb-shume-unioni-bashkive-shqiptare\/#primaryimage\"},\"datePublished\":\"2016-11-30T17:44:17+00:00\",\"dateModified\":\"2016-11-30T17:44:17+00:00\",\"author\":{\"@id\":\"https:\/\/www.visit-ulcinj.com\/blog\/#\/schema\/person\/dcab619c614d3038751c63bc2aadc06d\"},\"description\":\"Loj\u00eb p\u00ebr f\u00ebmij\u00eb t\u00eb vegj\u00ebl dhe p\u00ebrrall\u00eb joserioze e ka quajtur kryeministri i Serbis\u00eb, Aleksandar Vu\u00e7iq Unionin e Bashkive Shqiptare q\u00eb u formua k\u00ebt\u00eb t\u00eb\",\"breadcrumb\":{\"@id\":\"https:\/\/www.visit-ulcinj.com\/blog\/2016\/11\/30\/ahmeti-serbise-po-dhemb-shume-unioni-bashkive-shqiptare\/#breadcrumb\"},\"inLanguage\":\"en-US\",\"potentialAction\":[{\"@type\":\"ReadAction\",\"target\":[\"https:\/\/www.visit-ulcinj.com\/blog\/2016\/11\/30\/ahmeti-serbise-po-dhemb-shume-unioni-bashkive-shqiptare\/\"]}]},{\"@type\":\"BreadcrumbList\",\"@id\":\"https:\/\/www.visit-ulcinj.com\/blog\/2016\/11\/30\/ahmeti-serbise-po-dhemb-shume-unioni-bashkive-shqiptare\/#breadcrumb\",\"itemListElement\":[{\"@type\":\"ListItem\",\"position\":1,\"name\":\"Ahmeti: Serbis\u00eb po i dhemb shum\u00eb Unioni i Bashkive Shqiptare\"}]},{\"@type\":\"Person\",\"@id\":\"https:\/\/www.visit-ulcinj.com\/blog\/#\/schema\/person\/dcab619c614d3038751c63bc2aadc06d\",\"name\":\"ulqini\",\"sameAs\":[\"http:\/\/www.visit-ulcinj.com\"],\"url\":\"https:\/\/www.visit-ulcinj.com\/blog\/author\/admin\/\"}]}<\/script>\n<!-- \/ Yoast SEO plugin. -->","yoast_head_json":{"title":"Ahmeti: Serbis\u00eb po i dhemb shum\u00eb Unioni i Bashkive Shqiptare - Lajme nga Ulqini","description":"Loj\u00eb p\u00ebr f\u00ebmij\u00eb t\u00eb vegj\u00ebl dhe p\u00ebrrall\u00eb joserioze e ka quajtur kryeministri i Serbis\u00eb, Aleksandar Vu\u00e7iq Unionin e Bashkive Shqiptare q\u00eb u formua k\u00ebt\u00eb t\u00eb","robots":{"index":"index","follow":"follow","max-snippet":"max-snippet:-1","max-image-preview":"max-image-preview:large","max-video-preview":"max-video-preview:-1"},"canonical":"https:\/\/www.visit-ulcinj.com\/blog\/2016\/11\/30\/ahmeti-serbise-po-dhemb-shume-unioni-bashkive-shqiptare\/","og_locale":"en_US","og_type":"article","og_title":"Ahmeti: Serbis\u00eb po i dhemb shum\u00eb Unioni i Bashkive Shqiptare - Lajme nga Ulqini","og_description":"Loj\u00eb p\u00ebr f\u00ebmij\u00eb t\u00eb vegj\u00ebl dhe p\u00ebrrall\u00eb joserioze e ka quajtur kryeministri i Serbis\u00eb, Aleksandar Vu\u00e7iq Unionin e Bashkive Shqiptare q\u00eb u formua k\u00ebt\u00eb t\u00eb","og_url":"https:\/\/www.visit-ulcinj.com\/blog\/2016\/11\/30\/ahmeti-serbise-po-dhemb-shume-unioni-bashkive-shqiptare\/","og_site_name":"Lajme nga Ulqini","article_published_time":"2016-11-30T17:44:17+00:00","og_image":[{"url":"http:\/\/www.visit-ulcinj.com\/blog\/wp-content\/uploads\/2016\/11\/Veliaj-me-kryetaret-e-bashkive-shqitpare-te-rajonit-Nazif-Cungu-3-1.jpg"}],"twitter_misc":{"Written by":"ulqini","Est. reading time":"2 minutes"},"schema":{"@context":"https:\/\/schema.org","@graph":[{"@type":"WebSite","@id":"https:\/\/www.visit-ulcinj.com\/blog\/#website","url":"https:\/\/www.visit-ulcinj.com\/blog\/","name":"Lajme nga Ulqini","description":"Lajme,Vijesti,Ulqini,Ulqin,Crna Gora,Mali i Zi","potentialAction":[{"@type":"SearchAction","target":{"@type":"EntryPoint","urlTemplate":"https:\/\/www.visit-ulcinj.com\/blog\/?s={search_term_string}"},"query-input":"required name=search_term_string"}],"inLanguage":"en-US"},{"@type":"ImageObject","inLanguage":"en-US","@id":"https:\/\/www.visit-ulcinj.com\/blog\/2016\/11\/30\/ahmeti-serbise-po-dhemb-shume-unioni-bashkive-shqiptare\/#primaryimage","url":"https:\/\/www.visit-ulcinj.com\/blog\/wp-content\/uploads\/2016\/11\/Veliaj-me-kryetaret-e-bashkive-shqitpare-te-rajonit-Nazif-Cungu-3-1.jpg","contentUrl":"https:\/\/www.visit-ulcinj.com\/blog\/wp-content\/uploads\/2016\/11\/Veliaj-me-kryetaret-e-bashkive-shqitpare-te-rajonit-Nazif-Cungu-3-1.jpg","width":750,"height":400},{"@type":"WebPage","@id":"https:\/\/www.visit-ulcinj.com\/blog\/2016\/11\/30\/ahmeti-serbise-po-dhemb-shume-unioni-bashkive-shqiptare\/#webpage","url":"https:\/\/www.visit-ulcinj.com\/blog\/2016\/11\/30\/ahmeti-serbise-po-dhemb-shume-unioni-bashkive-shqiptare\/","name":"Ahmeti: Serbis\u00eb po i dhemb shum\u00eb Unioni i Bashkive Shqiptare - Lajme nga Ulqini","isPartOf":{"@id":"https:\/\/www.visit-ulcinj.com\/blog\/#website"},"primaryImageOfPage":{"@id":"https:\/\/www.visit-ulcinj.com\/blog\/2016\/11\/30\/ahmeti-serbise-po-dhemb-shume-unioni-bashkive-shqiptare\/#primaryimage"},"datePublished":"2016-11-30T17:44:17+00:00","dateModified":"2016-11-30T17:44:17+00:00","author":{"@id":"https:\/\/www.visit-ulcinj.com\/blog\/#\/schema\/person\/dcab619c614d3038751c63bc2aadc06d"},"description":"Loj\u00eb p\u00ebr f\u00ebmij\u00eb t\u00eb vegj\u00ebl dhe p\u00ebrrall\u00eb joserioze e ka quajtur kryeministri i Serbis\u00eb, Aleksandar Vu\u00e7iq Unionin e Bashkive Shqiptare q\u00eb u formua k\u00ebt\u00eb t\u00eb","breadcrumb":{"@id":"https:\/\/www.visit-ulcinj.com\/blog\/2016\/11\/30\/ahmeti-serbise-po-dhemb-shume-unioni-bashkive-shqiptare\/#breadcrumb"},"inLanguage":"en-US","potentialAction":[{"@type":"ReadAction","target":["https:\/\/www.visit-ulcinj.com\/blog\/2016\/11\/30\/ahmeti-serbise-po-dhemb-shume-unioni-bashkive-shqiptare\/"]}]},{"@type":"BreadcrumbList","@id":"https:\/\/www.visit-ulcinj.com\/blog\/2016\/11\/30\/ahmeti-serbise-po-dhemb-shume-unioni-bashkive-shqiptare\/#breadcrumb","itemListElement":[{"@type":"ListItem","position":1,"name":"Ahmeti: Serbis\u00eb po i dhemb shum\u00eb Unioni i Bashkive Shqiptare"}]},{"@type":"Person","@id":"https:\/\/www.visit-ulcinj.com\/blog\/#\/schema\/person\/dcab619c614d3038751c63bc2aadc06d","name":"ulqini","sameAs":["http:\/\/www.visit-ulcinj.com"],"url":"https:\/\/www.visit-ulcinj.com\/blog\/author\/admin\/"}]}},"jetpack_featured_media_url":"","jetpack_sharing_enabled":true,"jetpack_shortlink":"https:\/\/wp.me\/pe6lTn-qng","_links":{"self":[{"href":"https:\/\/www.visit-ulcinj.com\/blog\/wp-json\/wp\/v2\/posts\/101386"}],"collection":[{"href":"https:\/\/www.visit-ulcinj.com\/blog\/wp-json\/wp\/v2\/posts"}],"about":[{"href":"https:\/\/www.visit-ulcinj.com\/blog\/wp-json\/wp\/v2\/types\/post"}],"author":[{"embeddable":true,"href":"https:\/\/www.visit-ulcinj.com\/blog\/wp-json\/wp\/v2\/users\/1"}],"replies":[{"embeddable":true,"href":"https:\/\/www.visit-ulcinj.com\/blog\/wp-json\/wp\/v2\/comments?post=101386"}],"version-history":[{"count":1,"href":"https:\/\/www.visit-ulcinj.com\/blog\/wp-json\/wp\/v2\/posts\/101386\/revisions"}],"predecessor-version":[{"id":101387,"href":"https:\/\/www.visit-ulcinj.com\/blog\/wp-json\/wp\/v2\/posts\/101386\/revisions\/101387"}],"wp:attachment":[{"href":"https:\/\/www.visit-ulcinj.com\/blog\/wp-json\/wp\/v2\/media?parent=101386"}],"wp:term":[{"taxonomy":"category","embeddable":true,"href":"https:\/\/www.visit-ulcinj.com\/blog\/wp-json\/wp\/v2\/categories?post=101386"},{"taxonomy":"post_tag","embeddable":true,"href":"https:\/\/www.visit-ulcinj.com\/blog\/wp-json\/wp\/v2\/tags?post=101386"}],"curies":[{"name":"wp","href":"https:\/\/api.w.org\/{rel}","templated":true}]}}