{"id":101388,"date":"2016-11-30T18:58:06","date_gmt":"2016-11-30T17:58:06","guid":{"rendered":"http:\/\/www.visit-ulcinj.com\/blog\/?p=101388"},"modified":"2016-11-30T18:58:06","modified_gmt":"2016-11-30T17:58:06","slug":"cungu-unioni-ure-lidhese-mes-shteteve","status":"publish","type":"post","link":"https:\/\/www.visit-ulcinj.com\/blog\/2016\/11\/30\/cungu-unioni-ure-lidhese-mes-shteteve\/","title":{"rendered":"Cungu: Unioni ur\u00eb lidh\u00ebse mes shteteve"},"content":{"rendered":"<p><strong><a href=\"http:\/\/www.visit-ulcinj.com\/blog\/wp-content\/uploads\/2016\/11\/Veliaj-Nazif-Cungu-Tirana.jpg\"><img loading=\"lazy\" class=\"alignleft wp-image-101269\" src=\"http:\/\/www.visit-ulcinj.com\/blog\/wp-content\/uploads\/2016\/11\/Veliaj-Nazif-Cungu-Tirana.jpg\" alt=\"Veliaj-Nazif-Cungu-Tirana\" width=\"508\" height=\"271\" srcset=\"https:\/\/www.visit-ulcinj.com\/blog\/wp-content\/uploads\/2016\/11\/Veliaj-Nazif-Cungu-Tirana.jpg 750w, https:\/\/www.visit-ulcinj.com\/blog\/wp-content\/uploads\/2016\/11\/Veliaj-Nazif-Cungu-Tirana-300x160.jpg 300w\" sizes=\"(max-width: 508px) 100vw, 508px\" \/><\/a>Unioni i Komunave Shqiptare n\u00eb Ballkan synon t\u00eb zgjerohet<\/strong><\/p>\n<p>Me q\u00ebllim t\u00eb krijimit t\u00eb mekanizmave t\u00eb bashk\u00ebpunimit, n\u00eb Tiran\u00eb \u00ebsht\u00eb krijuar Unioni i Komunave Shqiptare, q\u00eb p\u00ebrfshin komunat kryesore q\u00eb drejtohen nga shqiptar\u00ebt n\u00eb vendet e rajonit. Me synimin p\u00ebr t\u2019u zgjeruar tutje, ky union ka filluar me Bashkin\u00eb e Tiran\u00ebs, Komun\u00ebn e Prishtin\u00ebs, at\u00eb t\u00eb Tetov\u00ebs, pastaj Ulqinit dhe Preshev\u00ebs.<\/p>\n<div class=\"row\"><\/div>\n<div class=\"row\">\n<div class=\"col-md-16 col-sm-24 article-body\">\n<div class=\"clearfix\">Drejtuesit e k\u00ebtyre komunave tashm\u00eb kan\u00eb n\u00ebnshkruar nj\u00eb platform\u00eb bashk\u00ebpunimi n\u00eb fusha si urbanistika, mjedisi, arti dhe inovacioni.<\/div>\n<div class=\"row article-area\">\n<div class=\"col-md-23\">\n<p>Kryetari i Komun\u00ebs s\u00eb Prishtin\u00ebs, Shpend Ahmeti, tha se ideja p\u00ebr k\u00ebt\u00eb Union \u00ebsht\u00eb q\u00eb komunat shqiptare n\u00eb rajon t\u00eb bashk\u00ebpunojn\u00eb me nj\u00ebra tjetr\u00ebn dhe t\u00eb shk\u00ebmbehen p\u00ebrvojat.<\/p>\n<p>\u201cIdeja \u00ebsht\u00eb q\u00eb t\u00eb kemi nj\u00eb forum diskutimesh, shk\u00ebmbime t\u00eb p\u00ebrvojave dhe me nj\u00eb sekretariat t\u00eb p\u00ebrhersh\u00ebm, ku ne do t\u00eb mund t\u2019i ndajm\u00eb t\u00eb mirat, e pse jo edhe t\u00eb m\u00ebsojm\u00eb nga gabimet. \u00cbsht\u00eb v\u00ebn\u00eb p\u00ebr her\u00eb t\u00eb par\u00eb nj\u00eb komunikim i drejtp\u00ebrdrejt\u00eb i komunave shqiptare t\u00eb t\u00eb gjith\u00eb rajonit\u201d, ka shpjeguar Ahmeti.<\/p>\n<p>Edhe kryetari i Bashkis\u00eb s\u00eb Tiran\u00ebs, Erion Veliaj, \u00a0tha se Unioni \u00ebsht\u00eb nj\u00eb platform\u00eb p\u00ebr t\u00eb m\u00ebsuar nga njeri tjetri. Sipas tij, me krijimin e k\u00ebtij unioni, nuk ka arsye t\u00eb shqet\u00ebsohet askush.<\/p>\n<p id=\"ax677\" class=\"onview-load\" data-mid=\"288869\" data-all=\"true\">\u201c\u00cbsht\u00eb nj\u00eb platform\u00eb praktike p\u00ebr t\u00eb m\u00ebsuar nga eksperiencat e nj\u00ebri tjetrit dhe sigurisht q\u00eb ne do ta zgjerojm\u00eb iniciativ\u00ebn edhe me bashkit\u00eb dhe komunat tjera. Ky \u00ebsht\u00eb vet\u00ebm nj\u00eb grup nism\u00ebtar p\u00ebr t\u00eb m\u00ebsuar. \u00c7do gj\u00eb ka qen\u00eb transparente n\u00eb media dhe nuk besoj q\u00eb po t\u00eb kishim nj\u00eb agjend\u00eb t\u00eb fshehur do ta kishim b\u00ebr\u00eb kaq publike\u201d.<\/p>\n<p>\u201cBesoj se k\u00ebtu jo vet\u00ebm q\u00eb nuk duhet shqet\u00ebsuar, por duhet inkurajuar q\u00eb t\u00eb gjitha bashkit\u00eb e rajonit t\u00eb fillojn\u00eb dhe t\u00eb organizohen n\u00eb forume ku t\u00eb m\u00ebsojn\u00eb m\u00eb shum\u00eb se si menaxhohet m\u00eb mir\u00eb qyteti\u201d, tha Veliaj.<\/p>\n<p>Nd\u00ebrkoh\u00eb, Shpend Ahmeti ka shpjeguar se hapi i radh\u00ebs \u00ebsht\u00eb formimi i nj\u00eb sekretariati i cili do t\u00eb merret me takimet dhe caktimin e temave t\u00eb diskutimit t\u00eb komunave. Ai tha se p\u00ebr funksionimin e Unionit, t\u00eb gjitha komunat do t\u00eb kontribuojn\u00eb me nj\u00eb fond p\u00ebr funksionimin e tij.<\/p>\n<p>\u201cDo t\u00eb mundohemi q\u00eb rrjetin ta zgjerojm\u00eb edhe te komunat e tjera q\u00eb kan\u00eb interesim t\u00eb b\u00ebhen an\u00ebtare dhe t\u00eb bashk\u00ebpunojn\u00eb dhe kontribuojn\u00eb n\u00eb ket\u00eb drejtim\u201d, tha Ahmeti.<\/p>\n<p id=\"ax641\" class=\"onview-load\" data-mid=\"288869\" data-all=\"true\">Kurse, Nazif Cungu, kryetar i Komun\u00ebs s\u00eb Ulqinit, tha se Unioni do t\u00eb ndihmoj\u00eb n\u00eb nj\u00eb bashk\u00ebpunim edhe m\u00eb t\u00eb madh t\u00eb komunave shqiptare n\u00eb rajon dhe, si\u00e7 theksoi ai, kjo ndihm\u00eb do t\u00eb jet\u00eb n\u00eb risit\u00eb e urbanizmit e \u00e7\u00ebshtjeve t\u00eb ngjashme.<\/p>\n<p>\u201cDo t\u00eb jet\u00eb nj\u00eb eksperienc\u00eb shum\u00eb e mir\u00eb p\u00ebr t\u00eb gjith\u00eb ne si kryetar\u00eb t\u00eb komunave dhe besoj se kjo do t\u00eb jap edhe rezultate. K\u00ebshtu, n\u00eb ket\u00eb form\u00eb, ne mund t\u00eb forcojm\u00eb edhe urat lidh\u00ebse mes shteteve dhe ka qen\u00eb e panevojshme q\u00eb kjo \u00e7\u00ebshtje t\u00eb politizohet, pasi q\u00eb aty nuk ka vend p\u00ebr politik\u00eb\u201d, tha Cungu.<\/p>\n<p>Kryeministri i Serbis\u00eb, Aleksandar Vu\u00e7iq, formimin e k\u00ebtij Unioni e ka quajtur loj\u00eb p\u00ebr f\u00ebmij\u00eb t\u00eb vegj\u00ebl dhe p\u00ebrrall\u00eb joserioze.<\/p>\n<p>Megjithat\u00eb, ai ka th\u00ebn\u00eb se ky veprim nuk u kontribuon marr\u00ebdh\u00ebnieve t\u00eb mira n\u00eb Ballkanin Per\u00ebndimor, ndon\u00ebse, si\u00e7 ka th\u00ebn\u00eb ai, nuk duhet shqet\u00ebsuar shum\u00eb p\u00ebr k\u00ebt\u00eb.<\/p>\n<p id=\"ax82\" class=\"onview-load\" data-mid=\"288869\" data-all=\"true\">\u201cKan\u00eb luajtur f\u00ebmij\u00ebt dhe po mendojn\u00eb se duhet t\u00eb b\u00ebjn\u00eb di\u00e7ka t\u00eb till\u00eb, q\u00eb t\u00eb thon\u00eb se jan\u00eb shum\u00eb t\u00eb rreziksh\u00ebm. Jan\u00eb shum\u00eb t\u00eb rreziksh\u00ebm sa q\u00eb aktrojn\u00eb para votuesve t\u00eb tyre. Ja, un\u00eb po ju pyes, \u00e7far\u00eb ka ndryshuar nga dje? Shkoni sot n\u00eb Preshev\u00eb dhe m\u00eb thoni se \u00e7ka ka ndryshuar. Se mos e kan\u00eb ndar\u00eb nj\u00eb pjes\u00eb t\u00eb Serbis\u00eb ose di\u00e7ka t\u00eb till\u00eb? \u2013 Nuk do ta thosha k\u00ebt\u00eb. K\u00ebshtu q\u00eb, le t\u00eb luajn\u00eb f\u00ebmij\u00ebt. Nuk jam brengosur shum\u00eb. Por, q\u00eb kjo \u00ebsht\u00eb e rrezikshme n\u00eb kuptimin politik dhe at\u00eb psikologjik, nuk ka dyshim se \u00ebsht\u00eb\u201d, ka th\u00ebn\u00eb Vu\u00e7iq.<\/p>\n<p>T\u00eb dy, edhe kryetari i bashkis\u00eb s\u00eb Tiran\u00ebs, Erion Veliaj dhe kryetari i Komun\u00ebs s\u00eb Prishtin\u00ebs, Shpend Ahmeti, nuk kan\u00eb dashur q\u00eb t\u2019i japin v\u00ebmendje reagimeve nga qarqet dhe kreu politik n\u00eb Beograd, por kan\u00eb deklaruar se jan\u00eb reagime t\u00eb tepruara.<\/p>\n<p>Ahmeti thot\u00eb se Unioni do t\u00eb mundohet q\u00eb t\u2019i ndihmoj\u00eb qytetar\u00ebt n\u00eb vendet p\u00ebrkat\u00ebse.<\/p>\n<p>\u201cJan\u00eb reagime t\u00eb tepruara p\u00ebr nj\u00eb diskutim brenda shqiptar. Atyre po ju pengon vet fakti q\u00eb ne po diskutojm\u00eb\u201d, tha Ahmeti.<\/p>\n<p id=\"ax420\" class=\"onview-load\" data-mid=\"288869\" data-all=\"true\">Kurse kryebashkiaku i Tiran\u00ebs, Erion Veliaj, tha se \u00ebsht\u00eb pun\u00eb e tyre, duke komentuar ata q\u00eb b\u00ebjn\u00eb reagime.<\/p>\n<p>\u201cKam p\u00ebrshtypjen q\u00eb \u00ebsht\u00eb \u00e7\u00ebshtje fokusi, un\u00eb jam shum\u00eb i fokusuar t\u00eb menaxhoj kryeqytetin e shqiptar\u00ebve dhe nuk kam koh\u00eb p\u00ebr reagime\u201d, ka th\u00ebn\u00eb Veliaj.<\/p>\n<p>Unioni i Komunave Shqiptare n\u00eb rajon paraqet nj\u00eb lidhje t\u00eb par\u00eb t\u00eb k\u00ebtij lloji q\u00eb kan\u00eb nd\u00ebrmarr\u00eb autoritetet lokale nga Kosova, Shqip\u00ebria, Maqedonia, Mali e Zi dhe Lugina e Preshev\u00ebs. \/rel\/<\/p>\n<\/div>\n<\/div>\n<\/div>\n<\/div>\n","protected":false},"excerpt":{"rendered":"<p>Unioni i Komunave Shqiptare n\u00eb Ballkan synon t\u00eb zgjerohet Me q\u00ebllim t\u00eb krijimit t\u00eb mekanizmave t\u00eb bashk\u00ebpunimit, n\u00eb Tiran\u00eb \u00ebsht\u00eb krijuar Unioni i Komunave Shqiptare, q\u00eb p\u00ebrfshin komunat kryesore q\u00eb drejtohen nga shqiptar\u00ebt n\u00eb vendet e rajonit. Me synimin p\u00ebr t\u2019u zgjeruar tutje, ky union ka filluar me Bashkin\u00eb e Tiran\u00ebs, Komun\u00ebn e Prishtin\u00ebs, at\u00eb [&hellip;]<\/p>\n","protected":false},"author":1,"featured_media":0,"comment_status":"closed","ping_status":"closed","sticky":false,"template":"","format":"standard","meta":{"spay_email":"","jetpack_publicize_message":"","jetpack_is_tweetstorm":false,"jetpack_publicize_feature_enabled":true},"categories":[13],"tags":[],"jetpack_publicize_connections":[],"yoast_head":"<!-- This site is optimized with the Yoast SEO plugin v19.1 - https:\/\/yoast.com\/wordpress\/plugins\/seo\/ -->\n<title>Cungu: Unioni ur\u00eb lidh\u00ebse mes shteteve - Lajme nga Ulqini<\/title>\n<meta name=\"description\" content=\"Unioni i Komunave Shqiptare n\u00eb Ballkan synon t\u00eb zgjerohet Me q\u00ebllim t\u00eb krijimit t\u00eb mekanizmave t\u00eb bashk\u00ebpunimit, n\u00eb Tiran\u00eb \u00ebsht\u00eb krijuar Unioni i Komunave\" \/>\n<meta name=\"robots\" content=\"index, follow, max-snippet:-1, max-image-preview:large, max-video-preview:-1\" \/>\n<link rel=\"canonical\" href=\"https:\/\/www.visit-ulcinj.com\/blog\/2016\/11\/30\/cungu-unioni-ure-lidhese-mes-shteteve\/\" \/>\n<meta property=\"og:locale\" content=\"en_US\" \/>\n<meta property=\"og:type\" content=\"article\" \/>\n<meta property=\"og:title\" content=\"Cungu: Unioni ur\u00eb lidh\u00ebse mes shteteve - Lajme nga Ulqini\" \/>\n<meta property=\"og:description\" content=\"Unioni i Komunave Shqiptare n\u00eb Ballkan synon t\u00eb zgjerohet Me q\u00ebllim t\u00eb krijimit t\u00eb mekanizmave t\u00eb bashk\u00ebpunimit, n\u00eb Tiran\u00eb \u00ebsht\u00eb krijuar Unioni i Komunave\" \/>\n<meta property=\"og:url\" content=\"https:\/\/www.visit-ulcinj.com\/blog\/2016\/11\/30\/cungu-unioni-ure-lidhese-mes-shteteve\/\" \/>\n<meta property=\"og:site_name\" content=\"Lajme nga Ulqini\" \/>\n<meta property=\"article:published_time\" content=\"2016-11-30T17:58:06+00:00\" \/>\n<meta property=\"og:image\" content=\"http:\/\/www.visit-ulcinj.com\/blog\/wp-content\/uploads\/2016\/11\/Veliaj-Nazif-Cungu-Tirana.jpg\" \/>\n<meta name=\"twitter:label1\" content=\"Written by\" \/>\n\t<meta name=\"twitter:data1\" content=\"ulqini\" \/>\n\t<meta name=\"twitter:label2\" content=\"Est. reading time\" \/>\n\t<meta name=\"twitter:data2\" content=\"4 minutes\" \/>\n<script type=\"application\/ld+json\" class=\"yoast-schema-graph\">{\"@context\":\"https:\/\/schema.org\",\"@graph\":[{\"@type\":\"WebSite\",\"@id\":\"https:\/\/www.visit-ulcinj.com\/blog\/#website\",\"url\":\"https:\/\/www.visit-ulcinj.com\/blog\/\",\"name\":\"Lajme nga Ulqini\",\"description\":\"Lajme,Vijesti,Ulqini,Ulqin,Crna Gora,Mali i Zi\",\"potentialAction\":[{\"@type\":\"SearchAction\",\"target\":{\"@type\":\"EntryPoint\",\"urlTemplate\":\"https:\/\/www.visit-ulcinj.com\/blog\/?s={search_term_string}\"},\"query-input\":\"required name=search_term_string\"}],\"inLanguage\":\"en-US\"},{\"@type\":\"ImageObject\",\"inLanguage\":\"en-US\",\"@id\":\"https:\/\/www.visit-ulcinj.com\/blog\/2016\/11\/30\/cungu-unioni-ure-lidhese-mes-shteteve\/#primaryimage\",\"url\":\"https:\/\/www.visit-ulcinj.com\/blog\/wp-content\/uploads\/2016\/11\/Veliaj-Nazif-Cungu-Tirana.jpg\",\"contentUrl\":\"https:\/\/www.visit-ulcinj.com\/blog\/wp-content\/uploads\/2016\/11\/Veliaj-Nazif-Cungu-Tirana.jpg\",\"width\":750,\"height\":400},{\"@type\":\"WebPage\",\"@id\":\"https:\/\/www.visit-ulcinj.com\/blog\/2016\/11\/30\/cungu-unioni-ure-lidhese-mes-shteteve\/#webpage\",\"url\":\"https:\/\/www.visit-ulcinj.com\/blog\/2016\/11\/30\/cungu-unioni-ure-lidhese-mes-shteteve\/\",\"name\":\"Cungu: Unioni ur\u00eb lidh\u00ebse mes shteteve - Lajme nga Ulqini\",\"isPartOf\":{\"@id\":\"https:\/\/www.visit-ulcinj.com\/blog\/#website\"},\"primaryImageOfPage\":{\"@id\":\"https:\/\/www.visit-ulcinj.com\/blog\/2016\/11\/30\/cungu-unioni-ure-lidhese-mes-shteteve\/#primaryimage\"},\"datePublished\":\"2016-11-30T17:58:06+00:00\",\"dateModified\":\"2016-11-30T17:58:06+00:00\",\"author\":{\"@id\":\"https:\/\/www.visit-ulcinj.com\/blog\/#\/schema\/person\/dcab619c614d3038751c63bc2aadc06d\"},\"description\":\"Unioni i Komunave Shqiptare n\u00eb Ballkan synon t\u00eb zgjerohet Me q\u00ebllim t\u00eb krijimit t\u00eb mekanizmave t\u00eb bashk\u00ebpunimit, n\u00eb Tiran\u00eb \u00ebsht\u00eb krijuar Unioni i Komunave\",\"breadcrumb\":{\"@id\":\"https:\/\/www.visit-ulcinj.com\/blog\/2016\/11\/30\/cungu-unioni-ure-lidhese-mes-shteteve\/#breadcrumb\"},\"inLanguage\":\"en-US\",\"potentialAction\":[{\"@type\":\"ReadAction\",\"target\":[\"https:\/\/www.visit-ulcinj.com\/blog\/2016\/11\/30\/cungu-unioni-ure-lidhese-mes-shteteve\/\"]}]},{\"@type\":\"BreadcrumbList\",\"@id\":\"https:\/\/www.visit-ulcinj.com\/blog\/2016\/11\/30\/cungu-unioni-ure-lidhese-mes-shteteve\/#breadcrumb\",\"itemListElement\":[{\"@type\":\"ListItem\",\"position\":1,\"name\":\"Cungu: Unioni ur\u00eb lidh\u00ebse mes shteteve\"}]},{\"@type\":\"Person\",\"@id\":\"https:\/\/www.visit-ulcinj.com\/blog\/#\/schema\/person\/dcab619c614d3038751c63bc2aadc06d\",\"name\":\"ulqini\",\"sameAs\":[\"http:\/\/www.visit-ulcinj.com\"],\"url\":\"https:\/\/www.visit-ulcinj.com\/blog\/author\/admin\/\"}]}<\/script>\n<!-- \/ Yoast SEO plugin. -->","yoast_head_json":{"title":"Cungu: Unioni ur\u00eb lidh\u00ebse mes shteteve - Lajme nga Ulqini","description":"Unioni i Komunave Shqiptare n\u00eb Ballkan synon t\u00eb zgjerohet Me q\u00ebllim t\u00eb krijimit t\u00eb mekanizmave t\u00eb bashk\u00ebpunimit, n\u00eb Tiran\u00eb \u00ebsht\u00eb krijuar Unioni i Komunave","robots":{"index":"index","follow":"follow","max-snippet":"max-snippet:-1","max-image-preview":"max-image-preview:large","max-video-preview":"max-video-preview:-1"},"canonical":"https:\/\/www.visit-ulcinj.com\/blog\/2016\/11\/30\/cungu-unioni-ure-lidhese-mes-shteteve\/","og_locale":"en_US","og_type":"article","og_title":"Cungu: Unioni ur\u00eb lidh\u00ebse mes shteteve - Lajme nga Ulqini","og_description":"Unioni i Komunave Shqiptare n\u00eb Ballkan synon t\u00eb zgjerohet Me q\u00ebllim t\u00eb krijimit t\u00eb mekanizmave t\u00eb bashk\u00ebpunimit, n\u00eb Tiran\u00eb \u00ebsht\u00eb krijuar Unioni i Komunave","og_url":"https:\/\/www.visit-ulcinj.com\/blog\/2016\/11\/30\/cungu-unioni-ure-lidhese-mes-shteteve\/","og_site_name":"Lajme nga Ulqini","article_published_time":"2016-11-30T17:58:06+00:00","og_image":[{"url":"http:\/\/www.visit-ulcinj.com\/blog\/wp-content\/uploads\/2016\/11\/Veliaj-Nazif-Cungu-Tirana.jpg"}],"twitter_misc":{"Written by":"ulqini","Est. reading time":"4 minutes"},"schema":{"@context":"https:\/\/schema.org","@graph":[{"@type":"WebSite","@id":"https:\/\/www.visit-ulcinj.com\/blog\/#website","url":"https:\/\/www.visit-ulcinj.com\/blog\/","name":"Lajme nga Ulqini","description":"Lajme,Vijesti,Ulqini,Ulqin,Crna Gora,Mali i Zi","potentialAction":[{"@type":"SearchAction","target":{"@type":"EntryPoint","urlTemplate":"https:\/\/www.visit-ulcinj.com\/blog\/?s={search_term_string}"},"query-input":"required name=search_term_string"}],"inLanguage":"en-US"},{"@type":"ImageObject","inLanguage":"en-US","@id":"https:\/\/www.visit-ulcinj.com\/blog\/2016\/11\/30\/cungu-unioni-ure-lidhese-mes-shteteve\/#primaryimage","url":"https:\/\/www.visit-ulcinj.com\/blog\/wp-content\/uploads\/2016\/11\/Veliaj-Nazif-Cungu-Tirana.jpg","contentUrl":"https:\/\/www.visit-ulcinj.com\/blog\/wp-content\/uploads\/2016\/11\/Veliaj-Nazif-Cungu-Tirana.jpg","width":750,"height":400},{"@type":"WebPage","@id":"https:\/\/www.visit-ulcinj.com\/blog\/2016\/11\/30\/cungu-unioni-ure-lidhese-mes-shteteve\/#webpage","url":"https:\/\/www.visit-ulcinj.com\/blog\/2016\/11\/30\/cungu-unioni-ure-lidhese-mes-shteteve\/","name":"Cungu: Unioni ur\u00eb lidh\u00ebse mes shteteve - Lajme nga Ulqini","isPartOf":{"@id":"https:\/\/www.visit-ulcinj.com\/blog\/#website"},"primaryImageOfPage":{"@id":"https:\/\/www.visit-ulcinj.com\/blog\/2016\/11\/30\/cungu-unioni-ure-lidhese-mes-shteteve\/#primaryimage"},"datePublished":"2016-11-30T17:58:06+00:00","dateModified":"2016-11-30T17:58:06+00:00","author":{"@id":"https:\/\/www.visit-ulcinj.com\/blog\/#\/schema\/person\/dcab619c614d3038751c63bc2aadc06d"},"description":"Unioni i Komunave Shqiptare n\u00eb Ballkan synon t\u00eb zgjerohet Me q\u00ebllim t\u00eb krijimit t\u00eb mekanizmave t\u00eb bashk\u00ebpunimit, n\u00eb Tiran\u00eb \u00ebsht\u00eb krijuar Unioni i Komunave","breadcrumb":{"@id":"https:\/\/www.visit-ulcinj.com\/blog\/2016\/11\/30\/cungu-unioni-ure-lidhese-mes-shteteve\/#breadcrumb"},"inLanguage":"en-US","potentialAction":[{"@type":"ReadAction","target":["https:\/\/www.visit-ulcinj.com\/blog\/2016\/11\/30\/cungu-unioni-ure-lidhese-mes-shteteve\/"]}]},{"@type":"BreadcrumbList","@id":"https:\/\/www.visit-ulcinj.com\/blog\/2016\/11\/30\/cungu-unioni-ure-lidhese-mes-shteteve\/#breadcrumb","itemListElement":[{"@type":"ListItem","position":1,"name":"Cungu: Unioni ur\u00eb lidh\u00ebse mes shteteve"}]},{"@type":"Person","@id":"https:\/\/www.visit-ulcinj.com\/blog\/#\/schema\/person\/dcab619c614d3038751c63bc2aadc06d","name":"ulqini","sameAs":["http:\/\/www.visit-ulcinj.com"],"url":"https:\/\/www.visit-ulcinj.com\/blog\/author\/admin\/"}]}},"jetpack_featured_media_url":"","jetpack_sharing_enabled":true,"jetpack_shortlink":"https:\/\/wp.me\/pe6lTn-qni","_links":{"self":[{"href":"https:\/\/www.visit-ulcinj.com\/blog\/wp-json\/wp\/v2\/posts\/101388"}],"collection":[{"href":"https:\/\/www.visit-ulcinj.com\/blog\/wp-json\/wp\/v2\/posts"}],"about":[{"href":"https:\/\/www.visit-ulcinj.com\/blog\/wp-json\/wp\/v2\/types\/post"}],"author":[{"embeddable":true,"href":"https:\/\/www.visit-ulcinj.com\/blog\/wp-json\/wp\/v2\/users\/1"}],"replies":[{"embeddable":true,"href":"https:\/\/www.visit-ulcinj.com\/blog\/wp-json\/wp\/v2\/comments?post=101388"}],"version-history":[{"count":1,"href":"https:\/\/www.visit-ulcinj.com\/blog\/wp-json\/wp\/v2\/posts\/101388\/revisions"}],"predecessor-version":[{"id":101389,"href":"https:\/\/www.visit-ulcinj.com\/blog\/wp-json\/wp\/v2\/posts\/101388\/revisions\/101389"}],"wp:attachment":[{"href":"https:\/\/www.visit-ulcinj.com\/blog\/wp-json\/wp\/v2\/media?parent=101388"}],"wp:term":[{"taxonomy":"category","embeddable":true,"href":"https:\/\/www.visit-ulcinj.com\/blog\/wp-json\/wp\/v2\/categories?post=101388"},{"taxonomy":"post_tag","embeddable":true,"href":"https:\/\/www.visit-ulcinj.com\/blog\/wp-json\/wp\/v2\/tags?post=101388"}],"curies":[{"name":"wp","href":"https:\/\/api.w.org\/{rel}","templated":true}]}}