{"id":101393,"date":"2016-11-30T23:44:52","date_gmt":"2016-11-30T22:44:52","guid":{"rendered":"http:\/\/www.visit-ulcinj.com\/blog\/?p=101393"},"modified":"2016-12-01T21:55:01","modified_gmt":"2016-12-01T20:55:01","slug":"u-perurua-libri-zena-pomorca-shkrimtarit-asllan-bisha","status":"publish","type":"post","link":"https:\/\/www.visit-ulcinj.com\/blog\/2016\/11\/30\/u-perurua-libri-zena-pomorca-shkrimtarit-asllan-bisha\/","title":{"rendered":"U p\u00ebrurua libri \u201c\u017dena pomorca\u201d i shkrimtarit Asllan Bisha"},"content":{"rendered":"<p><a href=\"http:\/\/www.visit-ulcinj.com\/blog\/wp-content\/uploads\/2016\/11\/Zena-pomorca-i-shkrimtarit-Asllan-Bisha-Ulqin.jpg\"><img loading=\"lazy\" class=\"alignleft wp-image-101394\" src=\"http:\/\/www.visit-ulcinj.com\/blog\/wp-content\/uploads\/2016\/11\/Zena-pomorca-i-shkrimtarit-Asllan-Bisha-Ulqin.jpg\" alt=\"Zena pomorca i shkrimtarit Asllan Bisha-Ulqin\" width=\"508\" height=\"286\" srcset=\"https:\/\/www.visit-ulcinj.com\/blog\/wp-content\/uploads\/2016\/11\/Zena-pomorca-i-shkrimtarit-Asllan-Bisha-Ulqin.jpg 1099w, https:\/\/www.visit-ulcinj.com\/blog\/wp-content\/uploads\/2016\/11\/Zena-pomorca-i-shkrimtarit-Asllan-Bisha-Ulqin-300x169.jpg 300w, https:\/\/www.visit-ulcinj.com\/blog\/wp-content\/uploads\/2016\/11\/Zena-pomorca-i-shkrimtarit-Asllan-Bisha-Ulqin-768x432.jpg 768w, https:\/\/www.visit-ulcinj.com\/blog\/wp-content\/uploads\/2016\/11\/Zena-pomorca-i-shkrimtarit-Asllan-Bisha-Ulqin-1024x576.jpg 1024w\" sizes=\"(max-width: 508px) 100vw, 508px\" \/><\/a>N\u00eb Shkoll\u00ebn fillore \u201cBoshko Strugar\u201d sot (t\u00eb m\u00ebrkur\u00ebn) u p\u00ebrurua libri \u201c\u017dena pomorca\u201c i shkrimtarit Asllan Bisha, i botuar pak koh\u00eb m\u00eb par\u00eb nga Shoqata e Artist\u00ebve dhe Intelektual\u00ebve \u201eArt Club\u201c.<\/p>\n<p>Vet\u00eb shkrimtari ka zgjedhur p\u00ebr t\u00eb b\u00ebr\u00eb p\u00ebrurimin e k\u00ebtij libri n\u00eb shkoll\u00ebn ku ka punuar si m\u00ebsimdh\u00ebn\u00ebs pjes\u00ebn m\u00eb t\u00eb madhe t\u00eb jet\u00ebs s\u00eb tij.<\/p>\n<p>P\u00ebrurimi \u00ebsht\u00eb konceptuar si nj\u00eb takim i nx\u00ebn\u00ebsve me shkrimtarin. Nj\u00eb paraqitje t\u00eb shkurt\u00ebr mbi veprimtarin\u00eb e Bish\u00ebs e ka b\u00ebr\u00eb m\u00ebsimdh\u00ebn\u00ebsja e gjuh\u00ebs malazeze, Lisenka Marseniq, nd\u00ebrsa m\u00eb pas nx\u00ebn\u00ebset Tea Paviqeviq dhe Lisa Nimanbegu kan\u00eb lexuar n\u00eb gjuh\u00ebn shqipe dhe gjuh\u00ebn malazeze fragmente nga libri \u201eNusja e detarit\u201c (\u201e\u017dena pomorca\u201c).<\/p>\n<p>N\u00eb vazhdim autori Asllan Bisha \u00ebsht\u00eb p\u00ebrgjigjur n\u00eb pyetjet e shumta t\u00eb nx\u00ebn\u00ebsve, t\u00eb cil\u00ebt kan\u00eb shfaqur interesim p\u00ebr krijimtarin\u00eb e tij.<\/p>\n<p>N\u00eb em\u00ebr t\u00eb Shoqat\u00ebs s\u00eb Artist\u00ebve dhe Intelektual\u00ebve \u201cArt Club\u201d, nx\u00ebn\u00ebsit dhe m\u00ebsimdh\u00ebn\u00ebsit e pranish\u00ebm i ka p\u00ebrsh\u00ebndetur kryetari i saj, Ismet Kallaba.<\/p>\n<p>Me k\u00ebt\u00eb rast, SHAI \u201cArt Club\u201d i dhuroi nj\u00eb kontigjent t\u00eb librave nga koleksioni i botimeve t\u00eb saj Shkoll\u00ebs fillore \u201cBoshko Strugar\u201d n\u00eb Ulqin, si pjes\u00eb e aksionit p\u00ebr pasurimin e fondit t\u00eb bibliotekave t\u00eb shkollave n\u00eb gjuh\u00ebn shqipe n\u00eb Mal t\u00eb Zi.<\/p>\n<p>P\u00ebrurimi i librit u organizua nga SHAI \u201cArt Club\u201d n\u00eb bashk\u00ebpunim me Shkoll\u00ebn fillore \u201cBoshko Strugar\u201d, gjegj\u00ebsisht seksionet letrare t\u00eb k\u00ebsaj shkolle, t\u00eb udh\u00ebhequra nga m\u00ebsimdh\u00ebn\u00ebset Aishe Resulbegu dhe Lisenka Marseniq.<\/p>\n<p>&nbsp;<\/p>\n<p>&nbsp;<\/p>\n<p><em>\u00a0\u00a0\u00a0 Ulqin, m\u00eb 30. 11. 2016<\/em> \u00a0\u00a0\u00a0\u00a0\u00a0\u00a0\u00a0\u00a0\u00a0\u00a0\u00a0\u00a0\u00a0\u00a0\u00a0\u00a0\u00a0\u00a0\u00a0\u00a0\u00a0\u00a0\u00a0\u00a0\u00a0\u00a0\u00a0\u00a0\u00a0\u00a0\u00a0\u00a0\u00a0\u00a0\u00a0\u00a0\u00a0\u00a0\u00a0\u00a0\u00a0\u00a0\u00a0\u00a0\u00a0\u00a0\u00a0\u00a0\u00a0\u00a0\u00a0\u00a0\u00a0\u00a0\u00a0\u00a0\u00a0\u00a0\u00a0\u00a0\u00a0\u00a0\u00a0 \u00a0\u00a0\u00a0\u00a0\u00a0\u00a0<strong>SHAI \u201cArt Club\u201d <\/strong><\/p>\n","protected":false},"excerpt":{"rendered":"<p>N\u00eb Shkoll\u00ebn fillore \u201cBoshko Strugar\u201d sot (t\u00eb m\u00ebrkur\u00ebn) u p\u00ebrurua libri \u201c\u017dena pomorca\u201c i shkrimtarit Asllan Bisha, i botuar pak koh\u00eb m\u00eb par\u00eb nga Shoqata e Artist\u00ebve dhe Intelektual\u00ebve \u201eArt Club\u201c. Vet\u00eb shkrimtari ka zgjedhur p\u00ebr t\u00eb b\u00ebr\u00eb p\u00ebrurimin e k\u00ebtij libri n\u00eb shkoll\u00ebn ku ka punuar si m\u00ebsimdh\u00ebn\u00ebs pjes\u00ebn m\u00eb t\u00eb madhe t\u00eb jet\u00ebs [&hellip;]<\/p>\n","protected":false},"author":1,"featured_media":0,"comment_status":"closed","ping_status":"closed","sticky":false,"template":"","format":"standard","meta":{"spay_email":"","jetpack_publicize_message":"","jetpack_is_tweetstorm":false,"jetpack_publicize_feature_enabled":true},"categories":[1,6950],"tags":[],"jetpack_publicize_connections":[],"yoast_head":"<!-- This site is optimized with the Yoast SEO plugin v19.1 - https:\/\/yoast.com\/wordpress\/plugins\/seo\/ -->\n<title>U p\u00ebrurua libri \u201c\u017dena pomorca\u201d i shkrimtarit Asllan Bisha - Lajme nga Ulqini<\/title>\n<meta name=\"description\" content=\"N\u00eb Shkoll\u00ebn fillore \u201cBoshko Strugar\u201d sot (t\u00eb m\u00ebrkur\u00ebn) u p\u00ebrurua libri \u201c\u017dena pomorca\u201c i shkrimtarit Asllan Bisha, i botuar pak koh\u00eb m\u00eb par\u00eb nga Shoqata e\" \/>\n<meta name=\"robots\" content=\"index, follow, max-snippet:-1, max-image-preview:large, max-video-preview:-1\" \/>\n<link rel=\"canonical\" href=\"https:\/\/www.visit-ulcinj.com\/blog\/2016\/11\/30\/u-perurua-libri-zena-pomorca-shkrimtarit-asllan-bisha\/\" \/>\n<meta property=\"og:locale\" content=\"en_US\" \/>\n<meta property=\"og:type\" content=\"article\" \/>\n<meta property=\"og:title\" content=\"U p\u00ebrurua libri \u201c\u017dena pomorca\u201d i shkrimtarit Asllan Bisha - Lajme nga Ulqini\" \/>\n<meta property=\"og:description\" content=\"N\u00eb Shkoll\u00ebn fillore \u201cBoshko Strugar\u201d sot (t\u00eb m\u00ebrkur\u00ebn) u p\u00ebrurua libri \u201c\u017dena pomorca\u201c i shkrimtarit Asllan Bisha, i botuar pak koh\u00eb m\u00eb par\u00eb nga Shoqata e\" \/>\n<meta property=\"og:url\" content=\"https:\/\/www.visit-ulcinj.com\/blog\/2016\/11\/30\/u-perurua-libri-zena-pomorca-shkrimtarit-asllan-bisha\/\" \/>\n<meta property=\"og:site_name\" content=\"Lajme nga Ulqini\" \/>\n<meta property=\"article:published_time\" content=\"2016-11-30T22:44:52+00:00\" \/>\n<meta property=\"article:modified_time\" content=\"2016-12-01T20:55:01+00:00\" \/>\n<meta property=\"og:image\" content=\"http:\/\/www.visit-ulcinj.com\/blog\/wp-content\/uploads\/2016\/11\/Zena-pomorca-i-shkrimtarit-Asllan-Bisha-Ulqin.jpg\" \/>\n<meta name=\"twitter:label1\" content=\"Written by\" \/>\n\t<meta name=\"twitter:data1\" content=\"ulqini\" \/>\n\t<meta name=\"twitter:label2\" content=\"Est. reading time\" \/>\n\t<meta name=\"twitter:data2\" content=\"1 minute\" \/>\n<script type=\"application\/ld+json\" class=\"yoast-schema-graph\">{\"@context\":\"https:\/\/schema.org\",\"@graph\":[{\"@type\":\"WebSite\",\"@id\":\"https:\/\/www.visit-ulcinj.com\/blog\/#website\",\"url\":\"https:\/\/www.visit-ulcinj.com\/blog\/\",\"name\":\"Lajme nga Ulqini\",\"description\":\"Lajme,Vijesti,Ulqini,Ulqin,Crna Gora,Mali i Zi\",\"potentialAction\":[{\"@type\":\"SearchAction\",\"target\":{\"@type\":\"EntryPoint\",\"urlTemplate\":\"https:\/\/www.visit-ulcinj.com\/blog\/?s={search_term_string}\"},\"query-input\":\"required name=search_term_string\"}],\"inLanguage\":\"en-US\"},{\"@type\":\"ImageObject\",\"inLanguage\":\"en-US\",\"@id\":\"https:\/\/www.visit-ulcinj.com\/blog\/2016\/11\/30\/u-perurua-libri-zena-pomorca-shkrimtarit-asllan-bisha\/#primaryimage\",\"url\":\"https:\/\/www.visit-ulcinj.com\/blog\/wp-content\/uploads\/2016\/11\/Zena-pomorca-i-shkrimtarit-Asllan-Bisha-Ulqin.jpg\",\"contentUrl\":\"https:\/\/www.visit-ulcinj.com\/blog\/wp-content\/uploads\/2016\/11\/Zena-pomorca-i-shkrimtarit-Asllan-Bisha-Ulqin.jpg\",\"width\":1099,\"height\":618},{\"@type\":\"WebPage\",\"@id\":\"https:\/\/www.visit-ulcinj.com\/blog\/2016\/11\/30\/u-perurua-libri-zena-pomorca-shkrimtarit-asllan-bisha\/#webpage\",\"url\":\"https:\/\/www.visit-ulcinj.com\/blog\/2016\/11\/30\/u-perurua-libri-zena-pomorca-shkrimtarit-asllan-bisha\/\",\"name\":\"U p\u00ebrurua libri \u201c\u017dena pomorca\u201d i shkrimtarit Asllan Bisha - Lajme nga Ulqini\",\"isPartOf\":{\"@id\":\"https:\/\/www.visit-ulcinj.com\/blog\/#website\"},\"primaryImageOfPage\":{\"@id\":\"https:\/\/www.visit-ulcinj.com\/blog\/2016\/11\/30\/u-perurua-libri-zena-pomorca-shkrimtarit-asllan-bisha\/#primaryimage\"},\"datePublished\":\"2016-11-30T22:44:52+00:00\",\"dateModified\":\"2016-12-01T20:55:01+00:00\",\"author\":{\"@id\":\"https:\/\/www.visit-ulcinj.com\/blog\/#\/schema\/person\/dcab619c614d3038751c63bc2aadc06d\"},\"description\":\"N\u00eb Shkoll\u00ebn fillore \u201cBoshko Strugar\u201d sot (t\u00eb m\u00ebrkur\u00ebn) u p\u00ebrurua libri \u201c\u017dena pomorca\u201c i shkrimtarit Asllan Bisha, i botuar pak koh\u00eb m\u00eb par\u00eb nga Shoqata e\",\"breadcrumb\":{\"@id\":\"https:\/\/www.visit-ulcinj.com\/blog\/2016\/11\/30\/u-perurua-libri-zena-pomorca-shkrimtarit-asllan-bisha\/#breadcrumb\"},\"inLanguage\":\"en-US\",\"potentialAction\":[{\"@type\":\"ReadAction\",\"target\":[\"https:\/\/www.visit-ulcinj.com\/blog\/2016\/11\/30\/u-perurua-libri-zena-pomorca-shkrimtarit-asllan-bisha\/\"]}]},{\"@type\":\"BreadcrumbList\",\"@id\":\"https:\/\/www.visit-ulcinj.com\/blog\/2016\/11\/30\/u-perurua-libri-zena-pomorca-shkrimtarit-asllan-bisha\/#breadcrumb\",\"itemListElement\":[{\"@type\":\"ListItem\",\"position\":1,\"name\":\"U p\u00ebrurua libri \u201c\u017dena pomorca\u201d i shkrimtarit Asllan Bisha\"}]},{\"@type\":\"Person\",\"@id\":\"https:\/\/www.visit-ulcinj.com\/blog\/#\/schema\/person\/dcab619c614d3038751c63bc2aadc06d\",\"name\":\"ulqini\",\"sameAs\":[\"http:\/\/www.visit-ulcinj.com\"],\"url\":\"https:\/\/www.visit-ulcinj.com\/blog\/author\/admin\/\"}]}<\/script>\n<!-- \/ Yoast SEO plugin. -->","yoast_head_json":{"title":"U p\u00ebrurua libri \u201c\u017dena pomorca\u201d i shkrimtarit Asllan Bisha - Lajme nga Ulqini","description":"N\u00eb Shkoll\u00ebn fillore \u201cBoshko Strugar\u201d sot (t\u00eb m\u00ebrkur\u00ebn) u p\u00ebrurua libri \u201c\u017dena pomorca\u201c i shkrimtarit Asllan Bisha, i botuar pak koh\u00eb m\u00eb par\u00eb nga Shoqata e","robots":{"index":"index","follow":"follow","max-snippet":"max-snippet:-1","max-image-preview":"max-image-preview:large","max-video-preview":"max-video-preview:-1"},"canonical":"https:\/\/www.visit-ulcinj.com\/blog\/2016\/11\/30\/u-perurua-libri-zena-pomorca-shkrimtarit-asllan-bisha\/","og_locale":"en_US","og_type":"article","og_title":"U p\u00ebrurua libri \u201c\u017dena pomorca\u201d i shkrimtarit Asllan Bisha - Lajme nga Ulqini","og_description":"N\u00eb Shkoll\u00ebn fillore \u201cBoshko Strugar\u201d sot (t\u00eb m\u00ebrkur\u00ebn) u p\u00ebrurua libri \u201c\u017dena pomorca\u201c i shkrimtarit Asllan Bisha, i botuar pak koh\u00eb m\u00eb par\u00eb nga Shoqata e","og_url":"https:\/\/www.visit-ulcinj.com\/blog\/2016\/11\/30\/u-perurua-libri-zena-pomorca-shkrimtarit-asllan-bisha\/","og_site_name":"Lajme nga Ulqini","article_published_time":"2016-11-30T22:44:52+00:00","article_modified_time":"2016-12-01T20:55:01+00:00","og_image":[{"url":"http:\/\/www.visit-ulcinj.com\/blog\/wp-content\/uploads\/2016\/11\/Zena-pomorca-i-shkrimtarit-Asllan-Bisha-Ulqin.jpg"}],"twitter_misc":{"Written by":"ulqini","Est. reading time":"1 minute"},"schema":{"@context":"https:\/\/schema.org","@graph":[{"@type":"WebSite","@id":"https:\/\/www.visit-ulcinj.com\/blog\/#website","url":"https:\/\/www.visit-ulcinj.com\/blog\/","name":"Lajme nga Ulqini","description":"Lajme,Vijesti,Ulqini,Ulqin,Crna Gora,Mali i Zi","potentialAction":[{"@type":"SearchAction","target":{"@type":"EntryPoint","urlTemplate":"https:\/\/www.visit-ulcinj.com\/blog\/?s={search_term_string}"},"query-input":"required name=search_term_string"}],"inLanguage":"en-US"},{"@type":"ImageObject","inLanguage":"en-US","@id":"https:\/\/www.visit-ulcinj.com\/blog\/2016\/11\/30\/u-perurua-libri-zena-pomorca-shkrimtarit-asllan-bisha\/#primaryimage","url":"https:\/\/www.visit-ulcinj.com\/blog\/wp-content\/uploads\/2016\/11\/Zena-pomorca-i-shkrimtarit-Asllan-Bisha-Ulqin.jpg","contentUrl":"https:\/\/www.visit-ulcinj.com\/blog\/wp-content\/uploads\/2016\/11\/Zena-pomorca-i-shkrimtarit-Asllan-Bisha-Ulqin.jpg","width":1099,"height":618},{"@type":"WebPage","@id":"https:\/\/www.visit-ulcinj.com\/blog\/2016\/11\/30\/u-perurua-libri-zena-pomorca-shkrimtarit-asllan-bisha\/#webpage","url":"https:\/\/www.visit-ulcinj.com\/blog\/2016\/11\/30\/u-perurua-libri-zena-pomorca-shkrimtarit-asllan-bisha\/","name":"U p\u00ebrurua libri \u201c\u017dena pomorca\u201d i shkrimtarit Asllan Bisha - Lajme nga Ulqini","isPartOf":{"@id":"https:\/\/www.visit-ulcinj.com\/blog\/#website"},"primaryImageOfPage":{"@id":"https:\/\/www.visit-ulcinj.com\/blog\/2016\/11\/30\/u-perurua-libri-zena-pomorca-shkrimtarit-asllan-bisha\/#primaryimage"},"datePublished":"2016-11-30T22:44:52+00:00","dateModified":"2016-12-01T20:55:01+00:00","author":{"@id":"https:\/\/www.visit-ulcinj.com\/blog\/#\/schema\/person\/dcab619c614d3038751c63bc2aadc06d"},"description":"N\u00eb Shkoll\u00ebn fillore \u201cBoshko Strugar\u201d sot (t\u00eb m\u00ebrkur\u00ebn) u p\u00ebrurua libri \u201c\u017dena pomorca\u201c i shkrimtarit Asllan Bisha, i botuar pak koh\u00eb m\u00eb par\u00eb nga Shoqata e","breadcrumb":{"@id":"https:\/\/www.visit-ulcinj.com\/blog\/2016\/11\/30\/u-perurua-libri-zena-pomorca-shkrimtarit-asllan-bisha\/#breadcrumb"},"inLanguage":"en-US","potentialAction":[{"@type":"ReadAction","target":["https:\/\/www.visit-ulcinj.com\/blog\/2016\/11\/30\/u-perurua-libri-zena-pomorca-shkrimtarit-asllan-bisha\/"]}]},{"@type":"BreadcrumbList","@id":"https:\/\/www.visit-ulcinj.com\/blog\/2016\/11\/30\/u-perurua-libri-zena-pomorca-shkrimtarit-asllan-bisha\/#breadcrumb","itemListElement":[{"@type":"ListItem","position":1,"name":"U p\u00ebrurua libri \u201c\u017dena pomorca\u201d i shkrimtarit Asllan Bisha"}]},{"@type":"Person","@id":"https:\/\/www.visit-ulcinj.com\/blog\/#\/schema\/person\/dcab619c614d3038751c63bc2aadc06d","name":"ulqini","sameAs":["http:\/\/www.visit-ulcinj.com"],"url":"https:\/\/www.visit-ulcinj.com\/blog\/author\/admin\/"}]}},"jetpack_featured_media_url":"","jetpack_sharing_enabled":true,"jetpack_shortlink":"https:\/\/wp.me\/pe6lTn-qnn","_links":{"self":[{"href":"https:\/\/www.visit-ulcinj.com\/blog\/wp-json\/wp\/v2\/posts\/101393"}],"collection":[{"href":"https:\/\/www.visit-ulcinj.com\/blog\/wp-json\/wp\/v2\/posts"}],"about":[{"href":"https:\/\/www.visit-ulcinj.com\/blog\/wp-json\/wp\/v2\/types\/post"}],"author":[{"embeddable":true,"href":"https:\/\/www.visit-ulcinj.com\/blog\/wp-json\/wp\/v2\/users\/1"}],"replies":[{"embeddable":true,"href":"https:\/\/www.visit-ulcinj.com\/blog\/wp-json\/wp\/v2\/comments?post=101393"}],"version-history":[{"count":1,"href":"https:\/\/www.visit-ulcinj.com\/blog\/wp-json\/wp\/v2\/posts\/101393\/revisions"}],"predecessor-version":[{"id":101395,"href":"https:\/\/www.visit-ulcinj.com\/blog\/wp-json\/wp\/v2\/posts\/101393\/revisions\/101395"}],"wp:attachment":[{"href":"https:\/\/www.visit-ulcinj.com\/blog\/wp-json\/wp\/v2\/media?parent=101393"}],"wp:term":[{"taxonomy":"category","embeddable":true,"href":"https:\/\/www.visit-ulcinj.com\/blog\/wp-json\/wp\/v2\/categories?post=101393"},{"taxonomy":"post_tag","embeddable":true,"href":"https:\/\/www.visit-ulcinj.com\/blog\/wp-json\/wp\/v2\/tags?post=101393"}],"curies":[{"name":"wp","href":"https:\/\/api.w.org\/{rel}","templated":true}]}}