{"id":101399,"date":"2016-12-01T15:58:53","date_gmt":"2016-12-01T14:58:53","guid":{"rendered":"http:\/\/www.visit-ulcinj.com\/blog\/?p=101399"},"modified":"2016-12-01T15:58:53","modified_gmt":"2016-12-01T14:58:53","slug":"albanske-stranke-vjeruju-da-ce-zastiti-valdanos-solanu","status":"publish","type":"post","link":"https:\/\/www.visit-ulcinj.com\/blog\/2016\/12\/01\/albanske-stranke-vjeruju-da-ce-zastiti-valdanos-solanu\/","title":{"rendered":"Albanske stranke vjeruju da \u0107e za\u0161titi Valdanos i Solanu"},"content":{"rendered":"<div class=\"wysiwyg\">\n<p><a href=\"http:\/\/www.visit-ulcinj.com\/blog\/wp-content\/uploads\/2016\/12\/Duishko-markoviq-Nimanbegu.jpg\"><img loading=\"lazy\" class=\"alignleft wp-image-101400\" src=\"http:\/\/www.visit-ulcinj.com\/blog\/wp-content\/uploads\/2016\/12\/Duishko-markoviq-Nimanbegu.jpg\" alt=\"Duishko-markoviq-Nimanbegu\" width=\"508\" height=\"358\" srcset=\"https:\/\/www.visit-ulcinj.com\/blog\/wp-content\/uploads\/2016\/12\/Duishko-markoviq-Nimanbegu.jpg 566w, https:\/\/www.visit-ulcinj.com\/blog\/wp-content\/uploads\/2016\/12\/Duishko-markoviq-Nimanbegu-300x211.jpg 300w\" sizes=\"(max-width: 508px) 100vw, 508px\" \/><\/a>Mogu li albanske manjinske stranke koji u\u010destvuju u novoj Vladi Crne Gore za\u0161titi Valdanos i Solanu &#8211; pitanje je koje se name\u0107e nakon \u0161to je objelodanjeno da je to bio jedan od uslova za njihov ulazak u Vladu.<\/p>\n<p>Iako su na izborima 16. oktobra albanske manjinske liste osvojile mandat manje nego na parlamentarnim izborima 2012. godine, ponovo su u <strong><a class=\"underline\" href=\"http:\/\/www.slobodnaevropa.org\/a\/28146242.html\" target=\"_blank\">koalicionoj Vladi<\/a><\/strong> sa Demokratskom partijom socijalista (DPS).<\/p>\n<p>Osim jednog ministarstva, od DPS su dobili i pozitivan odgovor na nekoliko zahtjeva, me\u0111u kojima su javnosti posebno zanimljivi oni koji se odnose na pitanja statusa uvale Valdanos i ulcinjske Solane.<\/p>\n<p>\u0160ta je dogovoreno, da li su i koji zahtjevi oro\u010deni i \u0161ta \u0107e se dogoditi ako sporazum ne bude ispo\u0161tovan?<\/p>\n<p>Nakon oktobarskih izbora pojedini analiti\u010dari ocijenili su da je upravo DPS uspjela da u\u0111e u bira\u010dko tijelo albanskih partija \u0161to je, kako smatraju, dovelo do epiloga da umjesto dva, u novom sazivu albanske partije imaju samo jedno poslani\u010dko mjesto.<\/p>\n<p>Taj politi\u010dki gubitak, me\u0111utim \u010dini se da su uspjeli da nadoknade u pregovorima o novoj Vladi u kojima im je uspjelo da od DPS dobiju zeleno svijetlo na gotovo sve zahtjeve od kojih se klju\u010dni, izme\u0111u ostalog odnose na osnivanje op\u0161tine Tuzi, vra\u0107anje oduzete imovine u Valdanosu kao i za\u0161tite Solane od <strong><a class=\"underline\" href=\"http:\/\/www.slobodnaevropa.org\/a\/27534300.html\" target=\"_blank\">gradnje smje\u0161tajnih i stambenih kapaciteta.<\/a><\/strong><\/p>\n<p><em>\u201eDakle radi se <strong><a class=\"underline\" href=\"http:\/\/www.slobodnaevropa.org\/a\/27765599.html\" target=\"_blank\">o za\u0161titi Solane<\/a><\/strong> kao jednog vrlo vrijednog prostora, za\u0161titi Valdanosa i usvajanju posebnog urbanisti\u010dkog plana za op\u0161tinu Ulcinj po kojem \u0107e zna\u010di biti obezbije\u0111ena zabrana ovakve gradnje. \u0160to se rokova ti\u010de, neke stvari se moraju raditi u kontinuitetu i stalno, no postoje i dati rokovi kao \u0161to je slu\u010daj za Valdanos gdje smo tra\u017eili zabranu gradnje i povla\u010denje linije morskog dobra i vra\u0107anje maslinjaka vlasnicima i \u0161to smo oro\u010dili na kraj maja, po\u010detak juna naredne godine\u201c<\/em>, ka\u017ee za Radio Slobodna Evropa predsjednik \u201cForce\u201d <strong>Nazif Cungu<\/strong>.<\/p>\n<p>Za potpis na koalicioni sporazum sa Demokratskom partijom socijalista konsultovali su se sa, kako isti\u010du, me\u0111unarodnim adresama ali nijesu tra\u017eili neke posebne savjete i garancije.<\/p>\n<p>Kako ka\u017ee Cungu, ovoga puta vjeruju da \u0107e njihovi zahtjevi biti ispunjeni:<\/p>\n<p><em>\u201eZa neke posebne me\u0111unarodne konsultacije nije ni bilo potrebe budu\u0107i da mi vidimo spremnost kod DPS da se ispo\u0161tuju ove ta\u010dke koje smo mi ve\u0107 du\u017ee vremena tra\u017eili. Mislim da smo na dobrom putu da ovoga puta to realizujemo.\u201c<\/em><\/p>\n<p>Potpredsjednik Force <strong>Genci Nimanbegu<\/strong> je uo\u010di izbora izjavio da \u0107e koalicija \u201cAlbanci odlu\u010dno\u201d biti dio Vlade \u201csamo ako me\u0111unarodna zajednica bude posrednik u zaklju\u010divanju koalicionog sporazuma\u201d.<\/p>\n<p>Takav zahtjev do\u0161ao je nakon prethodnih iskustava kada su albanske partije za u\u010de\u0161\u0107e u ranijim vladama tra\u017eile ispunjenje gotovo istih zahtjeva, \u0161to se, me\u0111utim do danas nije dogodilo.<\/p>\n<p><img class=\" enhanced\" src=\"http:\/\/gdb.rferl.org\/AE4F215F-477F-475A-89D7-9ED28FD56332_w610_r1_s.jpg\" alt=\"Ako bude izgovora i nepo\u0161tovanja sporazuma mi smo spremni da otka\u017eemo podr\u0161ku ovoj vladi: Genci Nimanbegu\" \/><\/p>\n<p class=\"caption\">Ako bude izgovora i nepo\u0161tovanja sporazuma mi smo spremni da otka\u017eemo podr\u0161ku ovoj vladi: Genci Nimanbegu<\/p>\n<p>Ako DPS sada ne ispuni obe\u0107ano, dalji potezi liste &#8220;Albanci odlu\u010dno&#8221; bi\u0107e vrlo jasni, ka\u017ee nam Genci Nimanbegu:<\/p>\n<p><em>\u201eMi imamo jasan stav da se koalicioni sporazum mora redovno vremenski analizirati, njegovo ispunjavanje i sli\u010dno. Ako bude izgovora i nepo\u0161tovanja sporazuma mi smo spremni da otka\u017eemo podr\u0161ku ovoj vladi<\/em>.\u201c<\/p>\n<p>Zanimljivo je da je DPS sada pristala na zahtjeve albanskih partija o zabrani gradnje na Valdanosu i Solani iako je svih ovih godina insistirala na valorizaciji tih podru\u010dja kroz gradnju luksuznih turisti\u010dkih kompleksa i apartmanskih naselja.<\/p>\n<p>Za <strong>Dritana Abazovi\u0107a <\/strong>iz Gra\u0111anskog pokreta URA to je pokazatelj da je DPS politi\u010dki o\u010dajna i pristaje na sve da bi sa\u010duvala poljuljanu vlast.<\/p>\n<p>Abazovi\u0107 sumnja da \u0107e se DPS dr\u017eati do kraja onoga \u0161to je dogovoreno sa albanskim partijama:<\/p>\n<p><em>\u201eJasno je da kada je DPS u pitanju ne mo\u017eemo da govorimo o politi\u010dkom subjektu koji dr\u017ei rije\u010d, koji je principijelan i koji stoji na svojim na\u010delima. Oni su u prethodnih 27 godina pro\u0161li brojne kameleonske transformacije i ne bi me \u010dudilo da sada , iako su zagovarali gradnju i na Valdanosu i na Solani, od toga odustanu zbog krajnje li\u010dnih interesa, makar u ovom trenutku kada osje\u0107aju da su koliko toliko ugro\u017eeni.\u201c<\/em><\/p>\n<p>Novinar iz Ulcinja <strong>Mustafa Cank<\/strong>a podsje\u0107a da su albanske partije ostvarile lo\u0161 rezultat na minulim izborima i dodaje da je sporazum o koalicionoj vlasti sa DPS samo na\u010din da njihovi predstavnici odr\u017ee postoje\u0107e funkcije u toj op\u0161tini.<\/p>\n<p>Niko od njih, ka\u017ee Canka ne vjeruje da \u0107e dogovoreni sporazum biti i realizovan:<\/p>\n<p><img class=\" enhanced\" src=\"http:\/\/gdb.rferl.org\/AD2250F9-1C9C-46DE-83EB-04F75B992DEE_w610_r1_s.jpg\" alt=\"Isti zahtjevi kao i 2015. godine: Mustafa Canka\" \/><\/p>\n<p class=\"caption\">Isti zahtjevi kao i 2015. godine: Mustafa Canka<\/p>\n<p><em>\u201eTako oslabljeni imali su oslabljenu pregovara\u010dku poziciju za pregovore, a uz to ih DPS dr\u017ei na vlasti u Ulcinju i to je \u010delnicima koalicije &#8216;Albanci odlu\u010dno&#8217; va\u017enije od funkcija na dr\u017eavnom nivou. Indikativno je svakako da se niti jedan zarez iz sporazuma koji je 2015. godine sa DPS potpisala tada\u0161nja Forca nije realizovao. Rije\u010d je o istim zahtjevima sa, i tada kao i sada, jasno istaknutim rokovima. Uvjeren sam da i oni koji su potpisali ove sporazume ne vjeruju da \u0107e se oni realizovati, imaju\u0107i u vidu dosada\u0161nja iskustva sa takvim sporazumima jo\u0161 od 1997. godine.\u201c<\/em><\/p>\n<p>Podsjetimo, koalicija &#8220;Albanci odlu\u010dno&#8221; u novoj Vladi premijera <strong>Du\u0161ka Markovi\u0107a<\/strong> dobila je funkciju ministra za ljudska i manjinska prava, koju \u0107e u narednom \u010detvorogodi\u0161njem periodu obavljati jedan od lidera te koalicije <strong>Mehmet Zenka<\/strong>.<\/p>\n<h4><a href=\"http:\/\/www.slobodnaevropa.org\/author\/17637.html\">Predrag Tomovi\u0107<\/a><\/h4>\n<p class=\"copyright\"><strong>Izvor: Radio Free Europe \/ Radio Liberty \u00a9 2016 RFE\/RL, Inc.<\/strong><\/p>\n<\/div>\n","protected":false},"excerpt":{"rendered":"<p>Mogu li albanske manjinske stranke koji u\u010destvuju u novoj Vladi Crne Gore za\u0161titi Valdanos i Solanu &#8211; pitanje je koje se name\u0107e nakon \u0161to je objelodanjeno da je to bio jedan od uslova za njihov ulazak u Vladu. Iako su na izborima 16. oktobra albanske manjinske liste osvojile mandat manje nego na parlamentarnim izborima 2012. [&hellip;]<\/p>\n","protected":false},"author":1,"featured_media":0,"comment_status":"closed","ping_status":"closed","sticky":false,"template":"","format":"standard","meta":{"spay_email":"","jetpack_publicize_message":"","jetpack_is_tweetstorm":false,"jetpack_publicize_feature_enabled":true},"categories":[8337],"tags":[],"jetpack_publicize_connections":[],"yoast_head":"<!-- This site is optimized with the Yoast SEO plugin v19.1 - https:\/\/yoast.com\/wordpress\/plugins\/seo\/ -->\n<title>Albanske stranke vjeruju da \u0107e za\u0161titi Valdanos i Solanu - Lajme nga Ulqini<\/title>\n<meta name=\"description\" content=\"Mogu li albanske manjinske stranke koji u\u010destvuju u novoj Vladi Crne Gore za\u0161titi Valdanos i Solanu - pitanje je koje se name\u0107e nakon \u0161to je objelodanjeno\" \/>\n<meta name=\"robots\" content=\"index, follow, max-snippet:-1, max-image-preview:large, max-video-preview:-1\" \/>\n<link rel=\"canonical\" href=\"https:\/\/www.visit-ulcinj.com\/blog\/2016\/12\/01\/albanske-stranke-vjeruju-da-ce-zastiti-valdanos-solanu\/\" \/>\n<meta property=\"og:locale\" content=\"en_US\" \/>\n<meta property=\"og:type\" content=\"article\" \/>\n<meta property=\"og:title\" content=\"Albanske stranke vjeruju da \u0107e za\u0161titi Valdanos i Solanu - Lajme nga Ulqini\" \/>\n<meta property=\"og:description\" content=\"Mogu li albanske manjinske stranke koji u\u010destvuju u novoj Vladi Crne Gore za\u0161titi Valdanos i Solanu - pitanje je koje se name\u0107e nakon \u0161to je objelodanjeno\" \/>\n<meta property=\"og:url\" content=\"https:\/\/www.visit-ulcinj.com\/blog\/2016\/12\/01\/albanske-stranke-vjeruju-da-ce-zastiti-valdanos-solanu\/\" \/>\n<meta property=\"og:site_name\" content=\"Lajme nga Ulqini\" \/>\n<meta property=\"article:published_time\" content=\"2016-12-01T14:58:53+00:00\" \/>\n<meta property=\"og:image\" content=\"http:\/\/www.visit-ulcinj.com\/blog\/wp-content\/uploads\/2016\/12\/Duishko-markoviq-Nimanbegu.jpg\" \/>\n<meta name=\"twitter:label1\" content=\"Written by\" \/>\n\t<meta name=\"twitter:data1\" content=\"ulqini\" \/>\n\t<meta name=\"twitter:label2\" content=\"Est. reading time\" \/>\n\t<meta name=\"twitter:data2\" content=\"5 minutes\" \/>\n<script type=\"application\/ld+json\" class=\"yoast-schema-graph\">{\"@context\":\"https:\/\/schema.org\",\"@graph\":[{\"@type\":\"WebSite\",\"@id\":\"https:\/\/www.visit-ulcinj.com\/blog\/#website\",\"url\":\"https:\/\/www.visit-ulcinj.com\/blog\/\",\"name\":\"Lajme nga Ulqini\",\"description\":\"Lajme,Vijesti,Ulqini,Ulqin,Crna Gora,Mali i Zi\",\"potentialAction\":[{\"@type\":\"SearchAction\",\"target\":{\"@type\":\"EntryPoint\",\"urlTemplate\":\"https:\/\/www.visit-ulcinj.com\/blog\/?s={search_term_string}\"},\"query-input\":\"required name=search_term_string\"}],\"inLanguage\":\"en-US\"},{\"@type\":\"ImageObject\",\"inLanguage\":\"en-US\",\"@id\":\"https:\/\/www.visit-ulcinj.com\/blog\/2016\/12\/01\/albanske-stranke-vjeruju-da-ce-zastiti-valdanos-solanu\/#primaryimage\",\"url\":\"https:\/\/www.visit-ulcinj.com\/blog\/wp-content\/uploads\/2016\/12\/Duishko-markoviq-Nimanbegu.jpg\",\"contentUrl\":\"https:\/\/www.visit-ulcinj.com\/blog\/wp-content\/uploads\/2016\/12\/Duishko-markoviq-Nimanbegu.jpg\",\"width\":566,\"height\":399},{\"@type\":\"WebPage\",\"@id\":\"https:\/\/www.visit-ulcinj.com\/blog\/2016\/12\/01\/albanske-stranke-vjeruju-da-ce-zastiti-valdanos-solanu\/#webpage\",\"url\":\"https:\/\/www.visit-ulcinj.com\/blog\/2016\/12\/01\/albanske-stranke-vjeruju-da-ce-zastiti-valdanos-solanu\/\",\"name\":\"Albanske stranke vjeruju da \u0107e za\u0161titi Valdanos i Solanu - Lajme nga Ulqini\",\"isPartOf\":{\"@id\":\"https:\/\/www.visit-ulcinj.com\/blog\/#website\"},\"primaryImageOfPage\":{\"@id\":\"https:\/\/www.visit-ulcinj.com\/blog\/2016\/12\/01\/albanske-stranke-vjeruju-da-ce-zastiti-valdanos-solanu\/#primaryimage\"},\"datePublished\":\"2016-12-01T14:58:53+00:00\",\"dateModified\":\"2016-12-01T14:58:53+00:00\",\"author\":{\"@id\":\"https:\/\/www.visit-ulcinj.com\/blog\/#\/schema\/person\/dcab619c614d3038751c63bc2aadc06d\"},\"description\":\"Mogu li albanske manjinske stranke koji u\u010destvuju u novoj Vladi Crne Gore za\u0161titi Valdanos i Solanu - pitanje je koje se name\u0107e nakon \u0161to je objelodanjeno\",\"breadcrumb\":{\"@id\":\"https:\/\/www.visit-ulcinj.com\/blog\/2016\/12\/01\/albanske-stranke-vjeruju-da-ce-zastiti-valdanos-solanu\/#breadcrumb\"},\"inLanguage\":\"en-US\",\"potentialAction\":[{\"@type\":\"ReadAction\",\"target\":[\"https:\/\/www.visit-ulcinj.com\/blog\/2016\/12\/01\/albanske-stranke-vjeruju-da-ce-zastiti-valdanos-solanu\/\"]}]},{\"@type\":\"BreadcrumbList\",\"@id\":\"https:\/\/www.visit-ulcinj.com\/blog\/2016\/12\/01\/albanske-stranke-vjeruju-da-ce-zastiti-valdanos-solanu\/#breadcrumb\",\"itemListElement\":[{\"@type\":\"ListItem\",\"position\":1,\"name\":\"Albanske stranke vjeruju da \u0107e za\u0161titi Valdanos i Solanu\"}]},{\"@type\":\"Person\",\"@id\":\"https:\/\/www.visit-ulcinj.com\/blog\/#\/schema\/person\/dcab619c614d3038751c63bc2aadc06d\",\"name\":\"ulqini\",\"sameAs\":[\"http:\/\/www.visit-ulcinj.com\"],\"url\":\"https:\/\/www.visit-ulcinj.com\/blog\/author\/admin\/\"}]}<\/script>\n<!-- \/ Yoast SEO plugin. -->","yoast_head_json":{"title":"Albanske stranke vjeruju da \u0107e za\u0161titi Valdanos i Solanu - Lajme nga Ulqini","description":"Mogu li albanske manjinske stranke koji u\u010destvuju u novoj Vladi Crne Gore za\u0161titi Valdanos i Solanu - pitanje je koje se name\u0107e nakon \u0161to je objelodanjeno","robots":{"index":"index","follow":"follow","max-snippet":"max-snippet:-1","max-image-preview":"max-image-preview:large","max-video-preview":"max-video-preview:-1"},"canonical":"https:\/\/www.visit-ulcinj.com\/blog\/2016\/12\/01\/albanske-stranke-vjeruju-da-ce-zastiti-valdanos-solanu\/","og_locale":"en_US","og_type":"article","og_title":"Albanske stranke vjeruju da \u0107e za\u0161titi Valdanos i Solanu - Lajme nga Ulqini","og_description":"Mogu li albanske manjinske stranke koji u\u010destvuju u novoj Vladi Crne Gore za\u0161titi Valdanos i Solanu - pitanje je koje se name\u0107e nakon \u0161to je objelodanjeno","og_url":"https:\/\/www.visit-ulcinj.com\/blog\/2016\/12\/01\/albanske-stranke-vjeruju-da-ce-zastiti-valdanos-solanu\/","og_site_name":"Lajme nga Ulqini","article_published_time":"2016-12-01T14:58:53+00:00","og_image":[{"url":"http:\/\/www.visit-ulcinj.com\/blog\/wp-content\/uploads\/2016\/12\/Duishko-markoviq-Nimanbegu.jpg"}],"twitter_misc":{"Written by":"ulqini","Est. reading time":"5 minutes"},"schema":{"@context":"https:\/\/schema.org","@graph":[{"@type":"WebSite","@id":"https:\/\/www.visit-ulcinj.com\/blog\/#website","url":"https:\/\/www.visit-ulcinj.com\/blog\/","name":"Lajme nga Ulqini","description":"Lajme,Vijesti,Ulqini,Ulqin,Crna Gora,Mali i Zi","potentialAction":[{"@type":"SearchAction","target":{"@type":"EntryPoint","urlTemplate":"https:\/\/www.visit-ulcinj.com\/blog\/?s={search_term_string}"},"query-input":"required name=search_term_string"}],"inLanguage":"en-US"},{"@type":"ImageObject","inLanguage":"en-US","@id":"https:\/\/www.visit-ulcinj.com\/blog\/2016\/12\/01\/albanske-stranke-vjeruju-da-ce-zastiti-valdanos-solanu\/#primaryimage","url":"https:\/\/www.visit-ulcinj.com\/blog\/wp-content\/uploads\/2016\/12\/Duishko-markoviq-Nimanbegu.jpg","contentUrl":"https:\/\/www.visit-ulcinj.com\/blog\/wp-content\/uploads\/2016\/12\/Duishko-markoviq-Nimanbegu.jpg","width":566,"height":399},{"@type":"WebPage","@id":"https:\/\/www.visit-ulcinj.com\/blog\/2016\/12\/01\/albanske-stranke-vjeruju-da-ce-zastiti-valdanos-solanu\/#webpage","url":"https:\/\/www.visit-ulcinj.com\/blog\/2016\/12\/01\/albanske-stranke-vjeruju-da-ce-zastiti-valdanos-solanu\/","name":"Albanske stranke vjeruju da \u0107e za\u0161titi Valdanos i Solanu - Lajme nga Ulqini","isPartOf":{"@id":"https:\/\/www.visit-ulcinj.com\/blog\/#website"},"primaryImageOfPage":{"@id":"https:\/\/www.visit-ulcinj.com\/blog\/2016\/12\/01\/albanske-stranke-vjeruju-da-ce-zastiti-valdanos-solanu\/#primaryimage"},"datePublished":"2016-12-01T14:58:53+00:00","dateModified":"2016-12-01T14:58:53+00:00","author":{"@id":"https:\/\/www.visit-ulcinj.com\/blog\/#\/schema\/person\/dcab619c614d3038751c63bc2aadc06d"},"description":"Mogu li albanske manjinske stranke koji u\u010destvuju u novoj Vladi Crne Gore za\u0161titi Valdanos i Solanu - pitanje je koje se name\u0107e nakon \u0161to je objelodanjeno","breadcrumb":{"@id":"https:\/\/www.visit-ulcinj.com\/blog\/2016\/12\/01\/albanske-stranke-vjeruju-da-ce-zastiti-valdanos-solanu\/#breadcrumb"},"inLanguage":"en-US","potentialAction":[{"@type":"ReadAction","target":["https:\/\/www.visit-ulcinj.com\/blog\/2016\/12\/01\/albanske-stranke-vjeruju-da-ce-zastiti-valdanos-solanu\/"]}]},{"@type":"BreadcrumbList","@id":"https:\/\/www.visit-ulcinj.com\/blog\/2016\/12\/01\/albanske-stranke-vjeruju-da-ce-zastiti-valdanos-solanu\/#breadcrumb","itemListElement":[{"@type":"ListItem","position":1,"name":"Albanske stranke vjeruju da \u0107e za\u0161titi Valdanos i Solanu"}]},{"@type":"Person","@id":"https:\/\/www.visit-ulcinj.com\/blog\/#\/schema\/person\/dcab619c614d3038751c63bc2aadc06d","name":"ulqini","sameAs":["http:\/\/www.visit-ulcinj.com"],"url":"https:\/\/www.visit-ulcinj.com\/blog\/author\/admin\/"}]}},"jetpack_featured_media_url":"","jetpack_sharing_enabled":true,"jetpack_shortlink":"https:\/\/wp.me\/pe6lTn-qnt","_links":{"self":[{"href":"https:\/\/www.visit-ulcinj.com\/blog\/wp-json\/wp\/v2\/posts\/101399"}],"collection":[{"href":"https:\/\/www.visit-ulcinj.com\/blog\/wp-json\/wp\/v2\/posts"}],"about":[{"href":"https:\/\/www.visit-ulcinj.com\/blog\/wp-json\/wp\/v2\/types\/post"}],"author":[{"embeddable":true,"href":"https:\/\/www.visit-ulcinj.com\/blog\/wp-json\/wp\/v2\/users\/1"}],"replies":[{"embeddable":true,"href":"https:\/\/www.visit-ulcinj.com\/blog\/wp-json\/wp\/v2\/comments?post=101399"}],"version-history":[{"count":1,"href":"https:\/\/www.visit-ulcinj.com\/blog\/wp-json\/wp\/v2\/posts\/101399\/revisions"}],"predecessor-version":[{"id":101401,"href":"https:\/\/www.visit-ulcinj.com\/blog\/wp-json\/wp\/v2\/posts\/101399\/revisions\/101401"}],"wp:attachment":[{"href":"https:\/\/www.visit-ulcinj.com\/blog\/wp-json\/wp\/v2\/media?parent=101399"}],"wp:term":[{"taxonomy":"category","embeddable":true,"href":"https:\/\/www.visit-ulcinj.com\/blog\/wp-json\/wp\/v2\/categories?post=101399"},{"taxonomy":"post_tag","embeddable":true,"href":"https:\/\/www.visit-ulcinj.com\/blog\/wp-json\/wp\/v2\/tags?post=101399"}],"curies":[{"name":"wp","href":"https:\/\/api.w.org\/{rel}","templated":true}]}}