{"id":101408,"date":"2016-12-01T21:58:37","date_gmt":"2016-12-01T20:58:37","guid":{"rendered":"http:\/\/www.visit-ulcinj.com\/blog\/?p=101408"},"modified":"2016-12-07T20:02:54","modified_gmt":"2016-12-07T19:02:54","slug":"ojq-teatri-teuta-te-kete-perkrahjen-e-perhershme-te-komunes","status":"publish","type":"post","link":"https:\/\/www.visit-ulcinj.com\/blog\/2016\/12\/01\/ojq-teatri-teuta-te-kete-perkrahjen-e-perhershme-te-komunes\/","title":{"rendered":"OJQ \u201cTeatri Teuta\u201d do t\u00eb ket\u00eb  p\u00ebrkrahjen e p\u00ebrhershme  t\u00eb komun\u00ebs &#8211; Video"},"content":{"rendered":"<p><strong><a href=\"http:\/\/www.visit-ulcinj.com\/blog\/wp-content\/uploads\/2016\/12\/Themelohet-Teatri-Teuta-Ulqin-1.jpg\"><img loading=\"lazy\" class=\"alignleft wp-image-101404\" src=\"http:\/\/www.visit-ulcinj.com\/blog\/wp-content\/uploads\/2016\/12\/Themelohet-Teatri-Teuta-Ulqin-1.jpg\" alt=\"Themelohet -Teatri -Teuta-Ulqin-1\" width=\"508\" height=\"339\" srcset=\"https:\/\/www.visit-ulcinj.com\/blog\/wp-content\/uploads\/2016\/12\/Themelohet-Teatri-Teuta-Ulqin-1.jpg 926w, https:\/\/www.visit-ulcinj.com\/blog\/wp-content\/uploads\/2016\/12\/Themelohet-Teatri-Teuta-Ulqin-1-300x200.jpg 300w, https:\/\/www.visit-ulcinj.com\/blog\/wp-content\/uploads\/2016\/12\/Themelohet-Teatri-Teuta-Ulqin-1-768x513.jpg 768w\" sizes=\"(max-width: 508px) 100vw, 508px\" \/><\/a>Nazif Cungu: Teatri Teuta do t<\/strong><strong>\u00eb ket\u00eb\u00a0 p\u00ebrkrahjen e p\u00ebrhershme\u00a0 t\u00eb komun\u00ebs <\/strong><\/p>\n<p>P\u00ebrfaq\u00ebsuesit e OJQ ,,Teatri Teuta,,\u00a0 u takuan me kryetarin Nazif Cungu t\u00eb cilin e njoftuan me synimet dhe \u00a0aktivitetet\u00a0 q\u00eb\u00a0 parashohin t\u00eb zhvillojn\u00eb.<\/p>\n<p>Munib Abazi,Drejtor\u00a0 i Shoqat\u00ebs tha se\u00a0 ne d\u00ebshirojm\u00eb t\u00eb\u00a0 ringjallim jet\u00ebn\u00a0 teatrale n\u00eb Ulqin,\u00a0 t\u00eb realizojm\u00eb\u00a0 projekte konkrete\u00a0 dhe t\u00eb kemi\u00a0\u00a0 bashk\u00ebpunim institucional.<\/p>\n<p>Ai ,tha se n\u00eb dit\u00ebt n\u00eb vijim do t\u00eb\u00a0 shpallet audicioni\u00a0 p\u00ebr pranimin e nx\u00ebn\u00ebsve n\u00eb seksionin e dram\u00ebs dhe se drejt\u00eb p\u00ebrfundimit \u00ebsht\u00eb\u00a0 teksti dramatik\u00a0 q\u00eb do t\u00eb vihet n\u00eb sken\u00eb nga aktor\u00ebt e teatrit t\u00eb porsaformuar.<\/p>\n<p>Nga ana tjet\u00ebr Kryetari Nazif Cungu, p\u00ebrg\u00ebzoi t\u00eb pranishmit p\u00ebr nism\u00ebn\u00a0 dhe premtoi p\u00ebrkrahjen e p\u00ebrhershme t\u00eb komun\u00ebs. Ai insistoi q\u00eb OJQ,,Teatri Teuta,, sa m\u00eb par\u00eb\u00a0 t\u00eb\u00a0 p\u00ebrgatis\u00eb programin\u00a0 e aktiviteteve me q\u00ebllim q\u00eb ai t\u00eb z\u00ebr\u00eb vend n\u00eb kalendarin e aktiviteteve kulturore q\u00eb po hartohet nga\u00a0 komuna.<\/p>\n<p>Cungu foli\u00a0 p\u00ebr takimet q\u00eb ka pasur n\u00eb\u00a0 Tiran\u00eb me pjes\u00ebmarr\u00ebsit e Unionit i Komunave Shqiptare dhe gadishm\u00ebrin\u00eb e tyre p\u00ebr bashk\u00ebpunim n\u00eb fush\u00ebn e kultur\u00ebs.<\/p>\n<p>N\u00eb takim u ishte i pranish\u00ebm dhe Drejtori i Qendr\u00ebs\u00a0 p\u00ebr kultur\u00eb u prek\u00ebn dhe\u00a0 c\u00ebshtje t\u00eb tjera q\u00eb kan\u00eb t\u00eb b\u00ebjn\u00eb me kultur\u00ebn \u00a0sic \u00a0ishte ajo p\u00ebr nj\u00eb p\u00ebrmbajtje\u00a0 tjet\u00ebr t\u00eb sken\u00ebs verore, shfryt\u00ebzimin\u00a0 e\u00a0 potencialit t\u00eb trash\u00ebgimis\u00eb kulturore me theks t\u00eb vecant\u00eb t\u00eb\u00a0 kalas\u00eb n\u00eb Ulqin\u00a0 dhe Shasin\u00a0 mesjetar , organizimin\u00a0 e ,,Dit\u00ebve t\u00eb Servantesit,, dhe c\u00ebshtje t\u00eb tjera . Pal\u00ebt n\u00eb fund n\u00ebnshkruan dhe\u00a0 marr\u00ebveshtjen e bashk\u00ebpunimit.<\/p>\n<p><iframe loading=\"lazy\" frameborder=\"0\" width=\"508\" height=\"340\" src=\"\/\/www.dailymotion.com\/embed\/video\/x548uns?autoPlay=1\" allowfullscreen><\/iframe><\/p>\n\n\t\t<style type=\"text\/css\">\n\t\t\t#gallery-1 {\n\t\t\t\tmargin: auto;\n\t\t\t}\n\t\t\t#gallery-1 .gallery-item {\n\t\t\t\tfloat: left;\n\t\t\t\tmargin-top: 10px;\n\t\t\t\ttext-align: center;\n\t\t\t\twidth: 33%;\n\t\t\t}\n\t\t\t#gallery-1 img {\n\t\t\t\tborder: 2px solid #cfcfcf;\n\t\t\t}\n\t\t\t#gallery-1 .gallery-caption {\n\t\t\t\tmargin-left: 0;\n\t\t\t}\n\t\t\t\/* see gallery_shortcode() in wp-includes\/media.php *\/\n\t\t<\/style>\n\t\t<div id='gallery-1' class='gallery galleryid-101408 gallery-columns-3 gallery-size-thumbnail'><dl class='gallery-item'>\n\t\t\t<dt class='gallery-icon landscape'>\n\t\t\t\t<a href='https:\/\/www.visit-ulcinj.com\/blog\/2016\/12\/01\/ojq-teatri-teuta-te-kete-perkrahjen-e-perhershme-te-komunes\/themelohet-teatri-teuta-ulqin-2-2\/'><img width=\"150\" height=\"150\" src=\"https:\/\/www.visit-ulcinj.com\/blog\/wp-content\/uploads\/2016\/12\/Themelohet-Teatri-Teuta-Ulqin-2-1-150x150.jpg\" class=\"attachment-thumbnail size-thumbnail\" alt=\"\" loading=\"lazy\" \/><\/a>\n\t\t\t<\/dt><\/dl><dl class='gallery-item'>\n\t\t\t<dt class='gallery-icon landscape'>\n\t\t\t\t<a href='https:\/\/www.visit-ulcinj.com\/blog\/2016\/12\/01\/ojq-teatri-teuta-te-kete-perkrahjen-e-perhershme-te-komunes\/themelohet-teatri-teuta-ulqin-3\/'><img width=\"150\" height=\"150\" src=\"https:\/\/www.visit-ulcinj.com\/blog\/wp-content\/uploads\/2016\/12\/Themelohet-Teatri-Teuta-Ulqin-3-150x150.jpg\" class=\"attachment-thumbnail size-thumbnail\" alt=\"\" loading=\"lazy\" \/><\/a>\n\t\t\t<\/dt><\/dl><dl class='gallery-item'>\n\t\t\t<dt class='gallery-icon landscape'>\n\t\t\t\t<a href='https:\/\/www.visit-ulcinj.com\/blog\/2016\/12\/01\/ojq-teatri-teuta-te-kete-perkrahjen-e-perhershme-te-komunes\/themelohet-teatri-teuta-ulqin-4\/'><img width=\"150\" height=\"150\" src=\"https:\/\/www.visit-ulcinj.com\/blog\/wp-content\/uploads\/2016\/12\/Themelohet-Teatri-Teuta-Ulqin-4-150x150.jpg\" class=\"attachment-thumbnail size-thumbnail\" alt=\"\" loading=\"lazy\" \/><\/a>\n\t\t\t<\/dt><\/dl><br style=\"clear: both\" \/>\n\t\t<\/div>\n\n","protected":false},"excerpt":{"rendered":"<p>Nazif Cungu: Teatri Teuta do t\u00eb ket\u00eb\u00a0 p\u00ebrkrahjen e p\u00ebrhershme\u00a0 t\u00eb komun\u00ebs P\u00ebrfaq\u00ebsuesit e OJQ ,,Teatri Teuta,,\u00a0 u takuan me kryetarin Nazif Cungu t\u00eb cilin e njoftuan me synimet dhe \u00a0aktivitetet\u00a0 q\u00eb\u00a0 parashohin t\u00eb zhvillojn\u00eb. Munib Abazi,Drejtor\u00a0 i Shoqat\u00ebs tha se\u00a0 ne d\u00ebshirojm\u00eb t\u00eb\u00a0 ringjallim jet\u00ebn\u00a0 teatrale n\u00eb Ulqin,\u00a0 t\u00eb realizojm\u00eb\u00a0 projekte konkrete\u00a0 dhe t\u00eb [&hellip;]<\/p>\n","protected":false},"author":1,"featured_media":0,"comment_status":"closed","ping_status":"closed","sticky":false,"template":"","format":"standard","meta":{"spay_email":"","jetpack_publicize_message":"","jetpack_is_tweetstorm":false,"jetpack_publicize_feature_enabled":true},"categories":[6950],"tags":[],"jetpack_publicize_connections":[],"yoast_head":"<!-- This site is optimized with the Yoast SEO plugin v19.1 - https:\/\/yoast.com\/wordpress\/plugins\/seo\/ -->\n<title>OJQ \u201cTeatri Teuta\u201d do t\u00eb ket\u00eb p\u00ebrkrahjen e p\u00ebrhershme t\u00eb komun\u00ebs - Video - Lajme nga Ulqini<\/title>\n<meta name=\"description\" content=\"Nazif Cungu: Teatri Teuta do t\u00eb ket\u00eb\u00a0 p\u00ebrkrahjen e p\u00ebrhershme\u00a0 t\u00eb komun\u00ebs P\u00ebrfaq\u00ebsuesit e OJQ ,,Teatri Teuta,,\u00a0 u takuan me kryetarin Nazif Cungu t\u00eb cilin\" \/>\n<meta name=\"robots\" content=\"index, follow, max-snippet:-1, max-image-preview:large, max-video-preview:-1\" \/>\n<link rel=\"canonical\" href=\"https:\/\/www.visit-ulcinj.com\/blog\/2016\/12\/01\/ojq-teatri-teuta-te-kete-perkrahjen-e-perhershme-te-komunes\/\" \/>\n<meta property=\"og:locale\" content=\"en_US\" \/>\n<meta property=\"og:type\" content=\"article\" \/>\n<meta property=\"og:title\" content=\"OJQ \u201cTeatri Teuta\u201d do t\u00eb ket\u00eb p\u00ebrkrahjen e p\u00ebrhershme t\u00eb komun\u00ebs - Video - Lajme nga Ulqini\" \/>\n<meta property=\"og:description\" content=\"Nazif Cungu: Teatri Teuta do t\u00eb ket\u00eb\u00a0 p\u00ebrkrahjen e p\u00ebrhershme\u00a0 t\u00eb komun\u00ebs P\u00ebrfaq\u00ebsuesit e OJQ ,,Teatri Teuta,,\u00a0 u takuan me kryetarin Nazif Cungu t\u00eb cilin\" \/>\n<meta property=\"og:url\" content=\"https:\/\/www.visit-ulcinj.com\/blog\/2016\/12\/01\/ojq-teatri-teuta-te-kete-perkrahjen-e-perhershme-te-komunes\/\" \/>\n<meta property=\"og:site_name\" content=\"Lajme nga Ulqini\" \/>\n<meta property=\"article:published_time\" content=\"2016-12-01T20:58:37+00:00\" \/>\n<meta property=\"article:modified_time\" content=\"2016-12-07T19:02:54+00:00\" \/>\n<meta property=\"og:image\" content=\"https:\/\/www.visit-ulcinj.com\/blog\/wp-content\/uploads\/2016\/12\/Themelohet-Teatri-Teuta-Ulqin-2-1-150x150.jpg\" \/>\n<meta name=\"twitter:label1\" content=\"Written by\" \/>\n\t<meta name=\"twitter:data1\" content=\"ulqini\" \/>\n\t<meta name=\"twitter:label2\" content=\"Est. reading time\" \/>\n\t<meta name=\"twitter:data2\" content=\"1 minute\" \/>\n<script type=\"application\/ld+json\" class=\"yoast-schema-graph\">{\"@context\":\"https:\/\/schema.org\",\"@graph\":[{\"@type\":\"WebSite\",\"@id\":\"https:\/\/www.visit-ulcinj.com\/blog\/#website\",\"url\":\"https:\/\/www.visit-ulcinj.com\/blog\/\",\"name\":\"Lajme nga Ulqini\",\"description\":\"Lajme,Vijesti,Ulqini,Ulqin,Crna Gora,Mali i Zi\",\"potentialAction\":[{\"@type\":\"SearchAction\",\"target\":{\"@type\":\"EntryPoint\",\"urlTemplate\":\"https:\/\/www.visit-ulcinj.com\/blog\/?s={search_term_string}\"},\"query-input\":\"required name=search_term_string\"}],\"inLanguage\":\"en-US\"},{\"@type\":\"ImageObject\",\"inLanguage\":\"en-US\",\"@id\":\"https:\/\/www.visit-ulcinj.com\/blog\/2016\/12\/01\/ojq-teatri-teuta-te-kete-perkrahjen-e-perhershme-te-komunes\/#primaryimage\",\"url\":\"https:\/\/www.visit-ulcinj.com\/blog\/wp-content\/uploads\/2016\/12\/Themelohet-Teatri-Teuta-Ulqin-1.jpg\",\"contentUrl\":\"https:\/\/www.visit-ulcinj.com\/blog\/wp-content\/uploads\/2016\/12\/Themelohet-Teatri-Teuta-Ulqin-1.jpg\",\"width\":926,\"height\":618},{\"@type\":\"WebPage\",\"@id\":\"https:\/\/www.visit-ulcinj.com\/blog\/2016\/12\/01\/ojq-teatri-teuta-te-kete-perkrahjen-e-perhershme-te-komunes\/#webpage\",\"url\":\"https:\/\/www.visit-ulcinj.com\/blog\/2016\/12\/01\/ojq-teatri-teuta-te-kete-perkrahjen-e-perhershme-te-komunes\/\",\"name\":\"OJQ \u201cTeatri Teuta\u201d do t\u00eb ket\u00eb p\u00ebrkrahjen e p\u00ebrhershme t\u00eb komun\u00ebs - Video - Lajme nga Ulqini\",\"isPartOf\":{\"@id\":\"https:\/\/www.visit-ulcinj.com\/blog\/#website\"},\"primaryImageOfPage\":{\"@id\":\"https:\/\/www.visit-ulcinj.com\/blog\/2016\/12\/01\/ojq-teatri-teuta-te-kete-perkrahjen-e-perhershme-te-komunes\/#primaryimage\"},\"datePublished\":\"2016-12-01T20:58:37+00:00\",\"dateModified\":\"2016-12-07T19:02:54+00:00\",\"author\":{\"@id\":\"https:\/\/www.visit-ulcinj.com\/blog\/#\/schema\/person\/dcab619c614d3038751c63bc2aadc06d\"},\"description\":\"Nazif Cungu: Teatri Teuta do t\u00eb ket\u00eb\u00a0 p\u00ebrkrahjen e p\u00ebrhershme\u00a0 t\u00eb komun\u00ebs P\u00ebrfaq\u00ebsuesit e OJQ ,,Teatri Teuta,,\u00a0 u takuan me kryetarin Nazif Cungu t\u00eb cilin\",\"breadcrumb\":{\"@id\":\"https:\/\/www.visit-ulcinj.com\/blog\/2016\/12\/01\/ojq-teatri-teuta-te-kete-perkrahjen-e-perhershme-te-komunes\/#breadcrumb\"},\"inLanguage\":\"en-US\",\"potentialAction\":[{\"@type\":\"ReadAction\",\"target\":[\"https:\/\/www.visit-ulcinj.com\/blog\/2016\/12\/01\/ojq-teatri-teuta-te-kete-perkrahjen-e-perhershme-te-komunes\/\"]}]},{\"@type\":\"BreadcrumbList\",\"@id\":\"https:\/\/www.visit-ulcinj.com\/blog\/2016\/12\/01\/ojq-teatri-teuta-te-kete-perkrahjen-e-perhershme-te-komunes\/#breadcrumb\",\"itemListElement\":[{\"@type\":\"ListItem\",\"position\":1,\"name\":\"OJQ \u201cTeatri Teuta\u201d do t\u00eb ket\u00eb p\u00ebrkrahjen e p\u00ebrhershme t\u00eb komun\u00ebs &#8211; Video\"}]},{\"@type\":\"Person\",\"@id\":\"https:\/\/www.visit-ulcinj.com\/blog\/#\/schema\/person\/dcab619c614d3038751c63bc2aadc06d\",\"name\":\"ulqini\",\"sameAs\":[\"http:\/\/www.visit-ulcinj.com\"],\"url\":\"https:\/\/www.visit-ulcinj.com\/blog\/author\/admin\/\"}]}<\/script>\n<!-- \/ Yoast SEO plugin. -->","yoast_head_json":{"title":"OJQ \u201cTeatri Teuta\u201d do t\u00eb ket\u00eb p\u00ebrkrahjen e p\u00ebrhershme t\u00eb komun\u00ebs - Video - Lajme nga Ulqini","description":"Nazif Cungu: Teatri Teuta do t\u00eb ket\u00eb\u00a0 p\u00ebrkrahjen e p\u00ebrhershme\u00a0 t\u00eb komun\u00ebs P\u00ebrfaq\u00ebsuesit e OJQ ,,Teatri Teuta,,\u00a0 u takuan me kryetarin Nazif Cungu t\u00eb cilin","robots":{"index":"index","follow":"follow","max-snippet":"max-snippet:-1","max-image-preview":"max-image-preview:large","max-video-preview":"max-video-preview:-1"},"canonical":"https:\/\/www.visit-ulcinj.com\/blog\/2016\/12\/01\/ojq-teatri-teuta-te-kete-perkrahjen-e-perhershme-te-komunes\/","og_locale":"en_US","og_type":"article","og_title":"OJQ \u201cTeatri Teuta\u201d do t\u00eb ket\u00eb p\u00ebrkrahjen e p\u00ebrhershme t\u00eb komun\u00ebs - Video - Lajme nga Ulqini","og_description":"Nazif Cungu: Teatri Teuta do t\u00eb ket\u00eb\u00a0 p\u00ebrkrahjen e p\u00ebrhershme\u00a0 t\u00eb komun\u00ebs P\u00ebrfaq\u00ebsuesit e OJQ ,,Teatri Teuta,,\u00a0 u takuan me kryetarin Nazif Cungu t\u00eb cilin","og_url":"https:\/\/www.visit-ulcinj.com\/blog\/2016\/12\/01\/ojq-teatri-teuta-te-kete-perkrahjen-e-perhershme-te-komunes\/","og_site_name":"Lajme nga Ulqini","article_published_time":"2016-12-01T20:58:37+00:00","article_modified_time":"2016-12-07T19:02:54+00:00","og_image":[{"url":"https:\/\/www.visit-ulcinj.com\/blog\/wp-content\/uploads\/2016\/12\/Themelohet-Teatri-Teuta-Ulqin-2-1-150x150.jpg"}],"twitter_misc":{"Written by":"ulqini","Est. reading time":"1 minute"},"schema":{"@context":"https:\/\/schema.org","@graph":[{"@type":"WebSite","@id":"https:\/\/www.visit-ulcinj.com\/blog\/#website","url":"https:\/\/www.visit-ulcinj.com\/blog\/","name":"Lajme nga Ulqini","description":"Lajme,Vijesti,Ulqini,Ulqin,Crna Gora,Mali i Zi","potentialAction":[{"@type":"SearchAction","target":{"@type":"EntryPoint","urlTemplate":"https:\/\/www.visit-ulcinj.com\/blog\/?s={search_term_string}"},"query-input":"required name=search_term_string"}],"inLanguage":"en-US"},{"@type":"ImageObject","inLanguage":"en-US","@id":"https:\/\/www.visit-ulcinj.com\/blog\/2016\/12\/01\/ojq-teatri-teuta-te-kete-perkrahjen-e-perhershme-te-komunes\/#primaryimage","url":"https:\/\/www.visit-ulcinj.com\/blog\/wp-content\/uploads\/2016\/12\/Themelohet-Teatri-Teuta-Ulqin-1.jpg","contentUrl":"https:\/\/www.visit-ulcinj.com\/blog\/wp-content\/uploads\/2016\/12\/Themelohet-Teatri-Teuta-Ulqin-1.jpg","width":926,"height":618},{"@type":"WebPage","@id":"https:\/\/www.visit-ulcinj.com\/blog\/2016\/12\/01\/ojq-teatri-teuta-te-kete-perkrahjen-e-perhershme-te-komunes\/#webpage","url":"https:\/\/www.visit-ulcinj.com\/blog\/2016\/12\/01\/ojq-teatri-teuta-te-kete-perkrahjen-e-perhershme-te-komunes\/","name":"OJQ \u201cTeatri Teuta\u201d do t\u00eb ket\u00eb p\u00ebrkrahjen e p\u00ebrhershme t\u00eb komun\u00ebs - Video - Lajme nga Ulqini","isPartOf":{"@id":"https:\/\/www.visit-ulcinj.com\/blog\/#website"},"primaryImageOfPage":{"@id":"https:\/\/www.visit-ulcinj.com\/blog\/2016\/12\/01\/ojq-teatri-teuta-te-kete-perkrahjen-e-perhershme-te-komunes\/#primaryimage"},"datePublished":"2016-12-01T20:58:37+00:00","dateModified":"2016-12-07T19:02:54+00:00","author":{"@id":"https:\/\/www.visit-ulcinj.com\/blog\/#\/schema\/person\/dcab619c614d3038751c63bc2aadc06d"},"description":"Nazif Cungu: Teatri Teuta do t\u00eb ket\u00eb\u00a0 p\u00ebrkrahjen e p\u00ebrhershme\u00a0 t\u00eb komun\u00ebs P\u00ebrfaq\u00ebsuesit e OJQ ,,Teatri Teuta,,\u00a0 u takuan me kryetarin Nazif Cungu t\u00eb cilin","breadcrumb":{"@id":"https:\/\/www.visit-ulcinj.com\/blog\/2016\/12\/01\/ojq-teatri-teuta-te-kete-perkrahjen-e-perhershme-te-komunes\/#breadcrumb"},"inLanguage":"en-US","potentialAction":[{"@type":"ReadAction","target":["https:\/\/www.visit-ulcinj.com\/blog\/2016\/12\/01\/ojq-teatri-teuta-te-kete-perkrahjen-e-perhershme-te-komunes\/"]}]},{"@type":"BreadcrumbList","@id":"https:\/\/www.visit-ulcinj.com\/blog\/2016\/12\/01\/ojq-teatri-teuta-te-kete-perkrahjen-e-perhershme-te-komunes\/#breadcrumb","itemListElement":[{"@type":"ListItem","position":1,"name":"OJQ \u201cTeatri Teuta\u201d do t\u00eb ket\u00eb p\u00ebrkrahjen e p\u00ebrhershme t\u00eb komun\u00ebs &#8211; Video"}]},{"@type":"Person","@id":"https:\/\/www.visit-ulcinj.com\/blog\/#\/schema\/person\/dcab619c614d3038751c63bc2aadc06d","name":"ulqini","sameAs":["http:\/\/www.visit-ulcinj.com"],"url":"https:\/\/www.visit-ulcinj.com\/blog\/author\/admin\/"}]}},"jetpack_featured_media_url":"","jetpack_sharing_enabled":true,"jetpack_shortlink":"https:\/\/wp.me\/pe6lTn-qnC","_links":{"self":[{"href":"https:\/\/www.visit-ulcinj.com\/blog\/wp-json\/wp\/v2\/posts\/101408"}],"collection":[{"href":"https:\/\/www.visit-ulcinj.com\/blog\/wp-json\/wp\/v2\/posts"}],"about":[{"href":"https:\/\/www.visit-ulcinj.com\/blog\/wp-json\/wp\/v2\/types\/post"}],"author":[{"embeddable":true,"href":"https:\/\/www.visit-ulcinj.com\/blog\/wp-json\/wp\/v2\/users\/1"}],"replies":[{"embeddable":true,"href":"https:\/\/www.visit-ulcinj.com\/blog\/wp-json\/wp\/v2\/comments?post=101408"}],"version-history":[{"count":3,"href":"https:\/\/www.visit-ulcinj.com\/blog\/wp-json\/wp\/v2\/posts\/101408\/revisions"}],"predecessor-version":[{"id":101524,"href":"https:\/\/www.visit-ulcinj.com\/blog\/wp-json\/wp\/v2\/posts\/101408\/revisions\/101524"}],"wp:attachment":[{"href":"https:\/\/www.visit-ulcinj.com\/blog\/wp-json\/wp\/v2\/media?parent=101408"}],"wp:term":[{"taxonomy":"category","embeddable":true,"href":"https:\/\/www.visit-ulcinj.com\/blog\/wp-json\/wp\/v2\/categories?post=101408"},{"taxonomy":"post_tag","embeddable":true,"href":"https:\/\/www.visit-ulcinj.com\/blog\/wp-json\/wp\/v2\/tags?post=101408"}],"curies":[{"name":"wp","href":"https:\/\/api.w.org\/{rel}","templated":true}]}}