{"id":101413,"date":"2016-12-01T22:20:24","date_gmt":"2016-12-01T21:20:24","guid":{"rendered":"http:\/\/www.visit-ulcinj.com\/blog\/?p=101413"},"modified":"2016-12-01T22:20:44","modified_gmt":"2016-12-01T21:20:44","slug":"mali-zi-sjell-oferten-turistike-dimerore-dhe-te-vitit-te-ri-ne-tirane","status":"publish","type":"post","link":"https:\/\/www.visit-ulcinj.com\/blog\/2016\/12\/01\/mali-zi-sjell-oferten-turistike-dimerore-dhe-te-vitit-te-ri-ne-tirane\/","title":{"rendered":"Mali i Zi sjell ofert\u00ebn turistike dim\u00ebrore dhe t\u00eb Vitit t\u00eb Ri n\u00eb Tiran\u00eb"},"content":{"rendered":"<p><strong><a href=\"http:\/\/www.visit-ulcinj.com\/blog\/wp-content\/uploads\/2016\/12\/Oferta-turistike-e-Malit-te-zi-1.jpg\"><img loading=\"lazy\" class=\"alignleft wp-image-101414\" src=\"http:\/\/www.visit-ulcinj.com\/blog\/wp-content\/uploads\/2016\/12\/Oferta-turistike-e-Malit-te-zi-1.jpg\" alt=\"Oferta turistike e Malit te zi-1\" width=\"508\" height=\"337\" srcset=\"https:\/\/www.visit-ulcinj.com\/blog\/wp-content\/uploads\/2016\/12\/Oferta-turistike-e-Malit-te-zi-1.jpg 470w, https:\/\/www.visit-ulcinj.com\/blog\/wp-content\/uploads\/2016\/12\/Oferta-turistike-e-Malit-te-zi-1-300x199.jpg 300w\" sizes=\"(max-width: 508px) 100vw, 508px\" \/><\/a>Organizata turistike komb\u00ebtare malazeze, n\u00eb bashk\u00ebpunim me Ambasad\u00ebn e Malit t\u00eb Zi organizuan t\u00eb h\u00ebn\u00ebn n\u00eb Tiran\u00eb nj\u00eb takim promocional t\u00eb ofert\u00ebs turistike dim\u00ebrore n\u00ebn moton \u201cDielli, d\u00ebbora dhe deti\u201d. Ambasadori i Malit t\u00eb Zi n\u00eb Tiran\u00eb, Dusan Mrdovic u shpreh se Mali i Zi do t\u00eb ofroj\u00eb paketa t\u00eb lira turistike p\u00ebr qytetar\u00ebt shqiptar\u00eb. Ai vler\u00ebsoi se marr\u00ebdh\u00ebniet e mira q\u00eb ekzistojn\u00eb mes dy vendeve tona jan\u00eb nj\u00eb shtys\u00eb m\u00eb tej p\u00ebr t\u00ebrheqjen e qytetar\u00ebve shqiptar\u00eb drejt bjeshk\u00ebve malazeze<\/strong><\/p>\n<p>&nbsp;<\/p>\n<p>Tregu turistik shqiptar po ndeshet me konkurrenc\u00ebn e fqinj\u00ebve, q\u00eb ofrojn\u00eb \u00e7mime m\u00eb t\u00eb ulta. Organizata turistike komb\u00ebtare malazeze, n\u00eb bashk\u00ebpunim me Ambasad\u00ebn e Malit t\u00eb Zi organizuan t\u00eb h\u00ebn\u00ebn n\u00eb Tiran\u00eb nj\u00eb takim promocional t\u00eb ofert\u00ebs turistike dim\u00ebrore n\u00ebn moton \u201cDielli, d\u00ebbora dhe deti\u201d. Ambasadori i Malit t\u00eb Zi n\u00eb Tiran\u00eb, Dusan Mrdovic u shpreh se Mali i Zi do t\u00eb ofroj\u00eb paketa t\u00eb lira turistike p\u00ebr qytetar\u00ebt shqiptar\u00eb.<\/p>\n<p>Ai vler\u00ebsoi se marr\u00ebdh\u00ebniet e mira q\u00eb ekzistojn\u00eb mes dy vendeve tona jan\u00eb nj\u00eb shtys\u00eb m\u00eb tej p\u00ebr t\u00ebrheqjen e qytetar\u00ebve shqiptar\u00eb drejt bjeshk\u00ebve malazeze. \u00cbsht\u00eb inkurajues numri i turist\u00ebve shqiptar q\u00eb pushojn\u00eb n\u00eb Mal t\u00eb Zi, tha ambasadori Mrdovic, nd\u00ebrsa shtoi se nevojitet nj\u00eb lidhje m\u00eb e mir\u00eb infrastrukturore mes dy vendeve, \u00e7\u2019ka do t\u00eb rriste l\u00ebvizjet mes qytetar\u00ebve t\u00eb dy vendeve. Ai b\u00ebri t\u00eb ditur se po punohet n\u00eb k\u00ebt\u00eb drejtim p\u00ebr vendosjen e lidhjeve liqenore e detare , konkretisht duke lidhur Tivarit me Shkodr\u00ebn e Budv\u00ebn me Durr\u00ebsin. Gjithashtu Mrdovic, u shpreh se nj\u00eb projekt tjet\u00ebr q\u00eb do t\u00eb rris\u00eb l\u00ebvizjen e qytetar\u00ebve t\u00eb dy vendeve si dhe do t\u00eb ndikoj\u00eb n\u00eb zhvillimin e turizmit \u00ebsht\u00eb edhe vendosja e linj\u00ebs detare Budva-Sarand\u00eb. Bashk\u00ebpunimi dypal\u00ebsh, theksoi diplomati malazez do t\u00eb mb\u00ebshtetet edhe nga fondi i Bashkimit Europian, n\u00eb kuad\u00ebr t\u00eb programit p\u00ebr promovimin e forcimin e marr\u00ebdh\u00ebnieve t\u00eb mira t\u00eb fqinj\u00ebsis\u00eb dhe zhvillimit socio-ekonomik n\u00eb rajonet kufitare. Nd\u00ebr prioritetet e programit \u00ebsht\u00eb edhe nxitja e turizmit, trash\u00ebgimis\u00eb kulturore dhe natyrore. P\u00ebr sezonin e ri dim\u00ebror autoritetet malazeze nga Tirana shprehen optimiste, duke u bazuar n\u00eb gatishm\u00ebrin\u00eb e qendrave turistike bjeshkore, hotelet e reja t\u00eb konsiderueshme t\u00eb kategoris\u00eb s\u00eb lart\u00eb, hotelet e vogla t\u00eb sapo hapura, programet festive t\u00eb pasura p\u00ebrgjat\u00eb bregdetit malazez dhe rezervimet e konsiderueshme t\u00eb konfirmuara deri tani. \u201cLidhja e fuqishme e potencialeve t\u00eb veriut dhe t\u00eb jugut, bjeshk\u00ebs dhe detit, llojshm\u00ebria e theksuar e peizazhit dhe kushteve klimatike, cil\u00ebsia dhe p\u00ebrmbajtja autentike e ofert\u00ebs turistike dhe hotelerike i japin mund\u00ebsi Malit t\u00eb Zi p\u00ebr t\u00eb formuar nj\u00eb ofert\u00eb turistike komplekse p\u00ebr dimrin si n\u00eb det ashtu edhe n\u00eb bjeshk\u00eb q\u00eb mund ti p\u00ebrshtatet shijeve t\u00eb ndryshme t\u00eb turist\u00ebve bashk\u00ebkohor\u00eb t\u00eb t\u00eb gjitha moshave. T\u00eb gjitha pistat e skijimit jan\u00eb n\u00eb funksion, \u00e7mimet e sh\u00ebrbimeve kan\u00eb mbetur t\u00eb volitshme\u201d, theksoi kryetarja e Organizat\u00ebs Turistike Komb\u00ebtare t\u00eb Malit t\u00eb Zi, Ljilana Cukic.<\/p>\n<p><strong>Ofertat e sezonit turistik <\/strong><\/p>\n<p><strong>2016-2017 dhe t\u00eb vitit t\u00eb ri<\/strong><\/p>\n<p>N\u00eb sezonin e ri dim\u00ebror 2016-2017 Mali i Zi hyn me pritje optimiste t\u00eb bazuara mbi gatishm\u00ebrin\u00eb e qendrave turistike bjeshkore, hotelet e reja t\u00eb konsiderueshme t\u00eb kategoris\u00eb s\u00eb lart\u00eb, hotelet e vogla ekskluzive sapo t\u00eb hapura, programet festive t\u00eb pasura p\u00ebrgjat\u00eb bregdetit malazez dhe rezervimet e konsiderueshme t\u00eb konfirmuara deri tani. Lidhja e fuqishme e potencialeve t\u00eb veriut dhe t\u00eb jugut, bjeshk\u00ebs dhe detit, llojshm\u00ebria e theksuar e peizazhit dhe kushteve klimatike, cil\u00ebsia dhe p\u00ebrmbajtjet autentike t\u00eb ofert\u00ebs turistike dhe hotelierike i japin mund\u00ebsi Malit t\u00eb Zi p\u00ebr t\u00eb formuar nj\u00eb ofert\u00eb turistike komplekse p\u00ebr dimrin si n\u00eb det ashtu dhe n\u00eb bjeshk\u00eb q\u00eb mund t\u2019i p\u00ebrshtatet shijeve t\u00eb ndryshme t\u00eb turist\u00ebve bashk\u00ebkohore t\u00eb t\u00eb gjitha moshave. Hotelet e reja: Sheraton Kolashin, hotelet e vogla luksoze. Sezoni i ri sjell nj\u00eb cil\u00ebsi t\u00eb p\u00ebrmir\u00ebsuar t\u00eb ofert\u00ebs dhe sh\u00ebrbimit n\u00eb t\u00eb gjitha segmentet e turizmit. Starwood Hotels dhe Resorts Worldwide i hapin dy hotele n\u00eb Kolashin, dha ata Sheraton (m\u00eb 16 dhjetor) dhe The Westin Kolashin Resort. Hapja e dy brand hoteleve n\u00eb Kolashin kontribuojn\u00eb n\u00eb m\u00ebnyr\u00eb t\u00eb konsiderueshme p\u00ebrforcimit t\u00eb pozicionimit t\u00eb Malit t\u00eb Zi si nj\u00eb destinacionit turistik me cil\u00ebsi t\u00eb lart\u00eb. Niveli i till\u00eb i hoteleve i t\u00ebrheq mysafir\u00ebt q\u00eb i zgjedhin destinacionet ku ndodhen k\u00ebto hotele. Hotelet e vogla sapo t\u00eb hapura me nivel t\u00eb lart\u00eb t\u00eb sh\u00ebrbimit, si dhe oferta e pasuruar me Wellness dhe SPA p\u00ebrmbajtjet n\u00eb disa nga hotelet ekzistuese, n\u00eb m\u00ebnyre t\u00eb konsiderueshme kan\u00eb kontribuar p\u00ebrmbajtjes s\u00eb ofert\u00ebs s\u00eb akomodimit p\u00ebr k\u00ebt\u00eb sezon turistik si n\u00eb pjes\u00ebn bregdetare, ashtu dhe n\u00eb pjes\u00ebn bjeshkore t\u00eb Malit t\u00eb Zi. Turist\u00ebt nga Franca edhe k\u00ebtij viti do t\u00eb vijn\u00eb p\u00ebr skijim n\u00eb Kolashin p\u00ebrmes rezervimeve t\u00eb agjencive n\u00eb form\u00eb t\u00eb \u00e7mimeve 7-ditore n\u00eb hotelin Bianca Resort and Spa n\u00eb Kolashin. Mysafir\u00ebt nga Franca do t\u00eb vijn\u00eb me fluturim t\u00eb Montenegro Airlines nga Parisi. Montenegro Airlines \u2013 \u00e7mimet me te uleta te biletave te avionit gjate sezonit. Kompania ajrore komb\u00ebtare Montenegro Airlines me qellim t\u00eb promovimit t\u00eb Malit t\u00eb Zi si destinacionit t\u00eb d\u00ebshiruesh\u00ebm turistik ka sjell nj\u00eb s\u00ebr\u00eb t\u00eb kushteve t\u00eb volitshme p\u00ebr udh\u00ebtime nga Podgorica ose Tivati p\u00ebr bileta vajtje-ardhje me \u00e7mime t\u00eb ul\u00ebta p\u00ebr relacione drejt shum\u00eb qyteteve evropiane (Beograd, Lubjane, Rom\u00eb, Vjen\u00eb, Cyrih, Frankfurt, Paris, Mesk\u00eb) n\u00eb periudh\u00eb nga 7 n\u00ebntori i vitit 2016 deri me 25 mars 2017, me p\u00ebrjashtim t\u00eb periudh\u00ebs nga 20 dhjetori 2016 deri m\u00eb 10 janar 2017. T\u00eb gjitha pistat e skijimit jan\u00eb n\u00eb funksion, \u00e7mimet e sh\u00ebrbimeve kane mbetur t\u00eb volitshme Qendrat malazeze t\u00eb skijimit Zhablak, Kolashin, Vu\u00e7je dhe Turjak kan\u00eb formuar \u00e7mimet q\u00eb edhe k\u00ebtij viti jan\u00eb shum\u00eb t\u00eb volitshme. N\u00eb pjes\u00eb t\u00eb akomodimit si n\u00eb sfer\u00ebn private dhe at\u00eb t\u00eb hoteleve, \u00e7mimet jan\u00eb t\u00eb ndryshme dhe t\u00eb pranueshme var\u00ebsisht nga lloji dhe kategoria e akomodimit. N\u00eb Zhablak \u00e7mimi i akomodimit privat \u00ebsht\u00eb 10 euro p\u00ebr person gjat\u00eb sezonit dim\u00ebror p\u00ebrve\u00e7 p\u00ebr periudh\u00ebs s\u00eb festave t\u00eb fundvitit kur do t\u00eb jet\u00eb 15-20 euro. \u00c7mimet e akomodimit me m\u00ebngjes dhe dark\u00eb n\u00eb hotele t\u00eb Zhablakut jan\u00eb nga 27 euro (3 yje) dhe nga 44 euro (4 yje). Akomodimi n\u00eb Kolashin n\u00eb sektorin privat\u00eb do jet\u00eb 10-25 euro p\u00ebr person. \u00c7mimet e akomodimit n\u00eb hotele: N\u00eb hotele n\u00eb Kolashin akomodimi (me m\u00ebngjes dhe dark\u00eb p\u00ebr person) mund t\u00eb rezervohet me \u00e7mim prej 13 euro n\u00eb hotele me 2 yje, 23 euro n\u00eb hotele me 3 yje dhe 65 euro n\u00eb hotele me 4+yje. Fjetja me m\u00ebngjes n\u00eb Ski Qendr\u00ebn Vuj\u00e7e var\u00ebsisht nga tipi i dhom\u00ebs kushton 20-35 euro p\u00ebr person. Sa i p\u00ebrket \u00e7mimeve t\u00eb ski pass, p\u00ebr shembull, ski pass nj\u00ebditor p\u00ebr t\u00eb rriturit \u00ebsht\u00eb 15 euro n\u00eb Kolashin (Kolashin 1450) dhe n\u00eb Zhablak (Savin kuk), 10 euro n\u00eb ski qendr\u00ebn VU\u00e7je, 8 euro n\u00eb Javorovaca, 6 euro n\u00eb Turjak. Qiraja e pajisjeve \u00ebsht\u00eb nga 5 euro n\u00eb Turjak, 7-10 euro n\u00eb Zhablak, 10 euro n\u00eb Vu\u00e7je, 13 euro n\u00eb Kolashin. \u00c7mimet p\u00ebr ski pas disaditore dhe p\u00ebr grupet e organizuara jan\u00eb me zbritje t\u00eb konsiderueshme. T\u00eb gjith\u00eb teleferik\u00ebt dhe pistat n\u00eb t\u00eb gjitha vendet e skijimit n\u00eb Mal t\u00eb Zi k\u00ebtij sezoni do t\u00eb jen\u00eb n\u00eb funksion. N\u00eb vende t\u00eb skijimit do t\u00eb organizohen party ditore, promocionet dhe programet arg\u00ebtuese. P\u00ebrve\u00e7 skijimit, sajeve, bording, ecjes me pallaska d\u00ebbor\u00eb gjat\u00eb dit\u00ebs dhe nat\u00ebs, sno\u00eb- kite, n\u00eb bjeshk\u00ebt e Malit t\u00eb Zi mysafiret mund t\u00eb k\u00ebnaqen me oferta speciale t\u00eb agjencive dhe \u00e7mimet e tyre: variantet dim\u00ebrore t\u00eb kal\u00ebrimit, raftin, xhip safari, ngjitjes n\u00eb shk\u00ebmbinj natyrale dhe artificiale, vozitje me saje motorike n\u00ebp\u00ebr bjeshk\u00ebt Durmitor, Sinjajevina, Bjellasica, Komovi\u2026 dhe me forma t\u00eb tjera me ekstreme t\u00eb aktiviteteve n\u00eb bjeshk\u00eb. Etno fshatrat e shumta si\u00e7 jan\u00eb Montenegro, Jatak, Nevidio, Stavna, Izlazak, Vukovic dhe shum\u00eb t\u00eb tjera ofrojn\u00eb akomodim t\u00eb k\u00ebndsh\u00ebm dhe gjat\u00eb dimrit organizojn\u00eb edhe sh\u00ebtitjet atraktive, \u00e7mimet t\u00eb skijimit dhe ngjitjet alpiniste\u2026<strong>Dimri n\u00eb bregdet: arg\u00ebtimi me i mir\u00eb festiv n\u00eb rajon\/<\/strong>Sheshet e lashta bregdetare q\u00eb mbajn\u00eb mend shekujt, n\u00eb koh\u00ebra t\u00eb fundit mbajn\u00eb mend edhe pritjet spektakolare t\u00eb Vitit t\u00eb Ri. Nga viti n\u00eb vit numri i njer\u00ebzve qe d\u00ebshirat e veta t\u00eb Vitit t\u00eb Ri i b\u00ebjn\u00eb n\u00eb bregdetin malazez \u00ebsht\u00eb gjith\u00eb e me i madh. Programet arg\u00ebtuese dhe koncertet disaditore t\u00eb artist\u00ebve nga rajoni n\u00ebp\u00ebr sheshet e qyteteve bregdetare, atmosfera gazmore n\u00ebp\u00ebr rrug\u00ebt, lokalet, restorantet, hotelet\u2026 jan\u00eb b\u00ebr\u00eb sinonim p\u00ebr nj\u00eb arg\u00ebtim m\u00eb t\u00eb mir\u00eb festiv n\u00eb rajon dhe k\u00ebtij viti do t\u00eb sjellin mij\u00ebra mysafir\u00eb n\u00eb bregdetin ton\u00eb. T\u00eb gjith\u00eb jan\u00eb gati: Budva, Tivati, Herceg Novi, Tivari kan\u00eb punuar shum\u00eb n\u00eb lidhje me promovimin e k\u00ebtyre evenimenteve dhe t\u00eb gjith\u00eb k\u00ebtij viti i kan\u00eb programet jasht\u00ebzakonisht cil\u00ebsore, t\u00eb llojllojshme dhe dinamike si dhe parashikimet e mira p\u00ebr num\u00ebr t\u00eb madh t\u00eb vizituesve. Budva q\u00eb e mban epitetin e arg\u00ebtimit m\u00eb t\u00eb mir\u00eb n\u00eb rajon p\u00ebr nat\u00ebn e nd\u00ebrrimit t\u00eb viteve, edhe k\u00ebt\u00eb vit e arsyeton me programin n\u00ebn kalan\u00eb e vet. Me 31 dhjetor programi ia fillon me koncertin e grupit malazez \u201cPerper\u201d, pastaj koncerti i Zeljko Joksimovic. M\u00eb 1 janar gjat\u00eb dit\u00ebs do t\u00eb mbahet koncerti solemn tashm\u00eb me tradicional i band\u00ebs \u201cMediteranski revijski orkestar\u201d, kurse n\u00eb mbr\u00ebmje do t\u00eb shfaqen grupi High\u00ebay Trio, Sergej Cetkovi\u00e7, grupi Parni valjak. Me 2 janar mysafir\u00ebt do t\u2019i arg\u00ebtojn\u00eb Vanja Radovanovic, grupi Frajle, Neno Belan. Edhe n\u00eb hotele t\u00eb Budv\u00ebs si tradicionalisht organizohet nj\u00eb program i pasur p\u00ebr festat e fundvitit. N\u00eb hotel \u201cSplendid Resort&amp;SPA\u201d mysafir\u00ebt do t\u2019i arg\u00ebtojn\u00eb Hari Mata Hari, Jelena Tomasevic, Haris Dzinovic, si dhe orkestra e Zuti Serhatlic, kurse n\u00eb hotelin Palas p\u00ebr atmosfer\u00eb t\u00eb mir\u00eb jan\u00eb t\u00eb detyruar Dragana Mirkovic, Sergej Cetkovic, Petar Graso, Danijela Martinovic dhe orkestri i Aca Sofronijevic. N\u00eb Tivat me 31 dhjetor n\u00eb Vit t\u00eb Ri mysafir\u00ebt do t\u00eb hyjn\u00eb me DJ Perry, Nina Petkovic dhe grupet \u201cDan poslije\u201d dhe Prljavo kazaliste. M\u00eb 1 janar koncerti n\u00eb mesdit\u00eb do ta mbaj Ana Rucner, kurse n\u00eb mbr\u00ebmje mysafir\u00ebt do t\u2019i arg\u00ebtojn\u00eb DJ Perry, Vanja Radovanovic dhe Haris Diinovie. Shoqata e sip\u00ebrmarr\u00ebsve n\u00eb kuad\u00ebr t\u00eb organizimit t\u00eb pritjes s\u00eb Vitit t\u00eb Ri n\u00eb periudh\u00eb nga data 27 dhjetor deri m\u00eb 3 janar n\u00eb sh\u00ebtitore t\u00eb qytetit Pine do t\u00eb organizoj\u00eb stendat ku do t\u00eb sh\u00ebrbehet ushqimi dhe pijet. Hotel Regent Porto Montenegro ka p\u00ebrgatitur nj\u00eb \u00e7mim special t\u00eb Vitit t\u00eb Ri me fjetje dhe dark\u00eb solemne t\u00eb Vitit t\u00eb Ri. Herceg Novi k\u00ebtij viti e ka nj\u00eb nga programet m\u00eb t\u00eb mira q\u00eb jan\u00eb organizuar deri tani p\u00ebr fest\u00eb t\u00eb Vitit t\u00eb Ri n\u00eb k\u00ebt\u00eb qytet. Qytetar\u00ebt dhe mysafir\u00ebt e k\u00ebtij qyteti me 30 dhjetor ia fillojn\u00eb me festim n\u00eb sheshin e Nikola Durkovic ku n\u00eb ora 21:00 do t\u00eb shfaqen grupet Toe dhe Tropico band. Pritja e Vitit t\u00eb Ri me 31 dhjetor \u00ebsht\u00eb organizuar n\u00eb shesh edhe p\u00ebr t\u00eb vegjlit \u2013 Viti i Ri i f\u00ebmij\u00ebve (n\u00eb ora 11 \u2013 14h), dhe do t\u2019i arg\u00ebtoj\u00eb Santa Panta dhe klounet. Programi do t\u00eb vazhdohet me interpretim t\u00eb Perpetumobile bend n\u00eb ora 21 h, dhe pastaj Dzenan Loncarevic. Esht\u00eb parashikuar edhe ulja e Baba Dimrit nga Kulla e Sahatit n\u00eb mesnat\u00eb. M\u00eb 1 janar 2017, nga ora 21h n\u00eb shesh do t\u00eb jan\u00eb koncertet e St.Luis band dhe Lexington band. Pritja solemne e Vitit t\u00eb Ri organizohen edhe n\u00eb hotelin Palmon bay si dhe n\u00eb Kafenen e Qytetit, si dhe n\u00eb shum\u00eb lokale n\u00eb Skver. Tivar k\u00ebtij viti p\u00ebr mysafir\u00ebt e vet e ka p\u00ebrgatitur nj\u00eb program t\u00eb paharruesh\u00ebm p\u00ebr festat e fundvitit. Happening i Vitit t\u00eb Ri n\u00eb Tivar mbahet nga 26 dhjetori deri me 2 janar. \u00c7do dit\u00eb do t\u00eb jet\u00eb Bazari i Vitit t\u00eb Ri nga ora 16 deri n\u00eb ora 22h, DJ party nga 16h deri n\u00eb 19h, dhe koncertet nga 19h deri n\u00eb 22h. M\u00eb 26 dhjetor do t\u00eb shfaqen SHKA \u201cJedinstvo\u201d, Klapa \u201cJedinstvo\u201d, Etno grupi \u201cZora\u201d, Etno grupi \u201cLuca\u201d, Pljevaljski tamburasi. M\u00eb 27 dhjetor SHKA \u201cRumija\u201d, Haris Babajic, Ema Civovic, Ibrahim Mckie. M\u00eb 28 dhjetor mysafir\u00ebt do t\u2019i argetojn\u00eb SHKA \u201cSv. Jovan Vladimir\u201d, Tata Mata band, Grim band, m\u00eb 29 dhjetor Habanera, Darko Martinovic, \u201cPadrino band\u201d, nd\u00ebrsa p\u00ebr dat\u00ebn 30 dhjetor jan\u00eb parashikuar koncertet e Rajko Jolicic, Nemanja Bogicevic, Andrea Demirovic, grupit \u00cbho See. M\u00eb dat\u00eb 31 dhjetor n\u00eb ora 13h vog\u00eblush\u00ebt do t\u00eb arg\u00ebtohen me Santa Panta. Mysafiret e Tivarit Vitin e Ri do ta presin me grupin Katapult dhe me Severina, kurse me 1 janar do t\u00eb jen\u00eb aty Akademia dhe Bajaga. Edhe kryeqyteti Podgorica k\u00ebt\u00eb vit e p\u00ebrgatit programin e pasur. M\u00eb 31 dhjetor do t\u00eb organizohet koncerti i Vitit t\u00eb Ri p\u00ebr f\u00ebmij\u00ebt dhe programi arg\u00ebtues, kurse n\u00eb mbr\u00ebmje koncerti i Knez dhe Zoran Kalezic, si dhe interpretuesve malazez. M\u00eb 1 janar do t\u00eb mbahet koncerti i grupit Miligram dhe muzikant\u00ebve malazeze. Nga 19 dhjetor deri m\u00eb 31 dhjetor do t\u00eb organizohet Bazari i Vitit t\u00eb Ri n\u00eb Sheshin e Pavar\u00ebsis\u00eb. N\u00eb hotelin Hilton Podgorica Crna Gora me 31 dhjetor dhe me 1 janar mysafir\u00ebt do t\u2019i arg\u00ebtojn\u00eb Lepa Lukic, Mogul Bend dhe Bane Nedovic me bande. N\u00eb Verde complex me 31 dhjetor do t\u00eb jen\u00eb Marija Serifovic dhe Danijel Alibabic, kurse m\u00eb 1 janar Zeljko Joksimovic dhe Danijel Alibabic. Hotelet e shumta organizojn\u00eb programet spektakolare p\u00ebr festen e fundvitit. Ne hotel Bianca Resort and Spa gjat\u00eb festave t\u00eb fundvitit do t\u00eb jen\u00eb arg\u00ebtues Bane Mojicevic, Vanja Mijatovic dhe Rada Saric. N\u00eb hotelin Onogost ne Niksic nat\u00ebn e Vitit t\u00eb Ri do t\u00eb interpretojn\u00eb Goca Trzan, Dejan Raicevic, kurse me 1 janar Marija Serifovic dhe Teska industria, me 2 janar Aco Pejovic dhe Senkina djeca. \u00c7mimet e akomodimit ne hotele ne bregdet gjate festave var\u00ebsisht nga kategoria dhe \u00a0standardi do te jene nga 16 euro (2*), 20 euro (3*), nga 25 dhe me shume (4*+) \u2013 (p\u00ebr person). \u00c7mimet ne akomodimin privat do te jene nga 5 deri ne 30 euro ne dhoma, dhe nga 20 euro ne apartamente. <strong>Mina Hysa<\/strong><\/p>\n<p><strong>Gazeta 55<\/strong><\/p>\n<p><a href=\"http:\/\/www.visit-ulcinj.com\/blog\/wp-content\/uploads\/2016\/12\/Oferta-turistike-e-Malit-te-zi.jpg\"><img loading=\"lazy\" class=\"alignleft wp-image-101415\" src=\"http:\/\/www.visit-ulcinj.com\/blog\/wp-content\/uploads\/2016\/12\/Oferta-turistike-e-Malit-te-zi.jpg\" alt=\"Oferta turistike e Malit te zi\" width=\"508\" height=\"286\" srcset=\"https:\/\/www.visit-ulcinj.com\/blog\/wp-content\/uploads\/2016\/12\/Oferta-turistike-e-Malit-te-zi.jpg 620w, https:\/\/www.visit-ulcinj.com\/blog\/wp-content\/uploads\/2016\/12\/Oferta-turistike-e-Malit-te-zi-300x169.jpg 300w\" sizes=\"(max-width: 508px) 100vw, 508px\" \/><\/a><\/p>\n","protected":false},"excerpt":{"rendered":"<p>Organizata turistike komb\u00ebtare malazeze, n\u00eb bashk\u00ebpunim me Ambasad\u00ebn e Malit t\u00eb Zi organizuan t\u00eb h\u00ebn\u00ebn n\u00eb Tiran\u00eb nj\u00eb takim promocional t\u00eb ofert\u00ebs turistike dim\u00ebrore n\u00ebn moton \u201cDielli, d\u00ebbora dhe deti\u201d. Ambasadori i Malit t\u00eb Zi n\u00eb Tiran\u00eb, Dusan Mrdovic u shpreh se Mali i Zi do t\u00eb ofroj\u00eb paketa t\u00eb lira turistike p\u00ebr qytetar\u00ebt shqiptar\u00eb. [&hellip;]<\/p>\n","protected":false},"author":1,"featured_media":0,"comment_status":"closed","ping_status":"closed","sticky":false,"template":"","format":"standard","meta":{"spay_email":"","jetpack_publicize_message":"","jetpack_is_tweetstorm":false,"jetpack_publicize_feature_enabled":true},"categories":[15],"tags":[],"jetpack_publicize_connections":[],"yoast_head":"<!-- This site is optimized with the Yoast SEO plugin v19.1 - https:\/\/yoast.com\/wordpress\/plugins\/seo\/ -->\n<title>Mali i Zi sjell ofert\u00ebn turistike dim\u00ebrore dhe t\u00eb Vitit t\u00eb Ri n\u00eb Tiran\u00eb - Lajme nga Ulqini<\/title>\n<meta name=\"description\" content=\"Organizata turistike komb\u00ebtare malazeze, n\u00eb bashk\u00ebpunim me Ambasad\u00ebn e Malit t\u00eb Zi organizuan t\u00eb h\u00ebn\u00ebn n\u00eb Tiran\u00eb nj\u00eb takim promocional t\u00eb ofert\u00ebs\" \/>\n<meta name=\"robots\" content=\"index, follow, max-snippet:-1, max-image-preview:large, max-video-preview:-1\" \/>\n<link rel=\"canonical\" href=\"https:\/\/www.visit-ulcinj.com\/blog\/2016\/12\/01\/mali-zi-sjell-oferten-turistike-dimerore-dhe-te-vitit-te-ri-ne-tirane\/\" \/>\n<meta property=\"og:locale\" content=\"en_US\" \/>\n<meta property=\"og:type\" content=\"article\" \/>\n<meta property=\"og:title\" content=\"Mali i Zi sjell ofert\u00ebn turistike dim\u00ebrore dhe t\u00eb Vitit t\u00eb Ri n\u00eb Tiran\u00eb - Lajme nga Ulqini\" \/>\n<meta property=\"og:description\" content=\"Organizata turistike komb\u00ebtare malazeze, n\u00eb bashk\u00ebpunim me Ambasad\u00ebn e Malit t\u00eb Zi organizuan t\u00eb h\u00ebn\u00ebn n\u00eb Tiran\u00eb nj\u00eb takim promocional t\u00eb ofert\u00ebs\" \/>\n<meta property=\"og:url\" content=\"https:\/\/www.visit-ulcinj.com\/blog\/2016\/12\/01\/mali-zi-sjell-oferten-turistike-dimerore-dhe-te-vitit-te-ri-ne-tirane\/\" \/>\n<meta property=\"og:site_name\" content=\"Lajme nga Ulqini\" \/>\n<meta property=\"article:published_time\" content=\"2016-12-01T21:20:24+00:00\" \/>\n<meta property=\"article:modified_time\" content=\"2016-12-01T21:20:44+00:00\" \/>\n<meta property=\"og:image\" content=\"http:\/\/www.visit-ulcinj.com\/blog\/wp-content\/uploads\/2016\/12\/Oferta-turistike-e-Malit-te-zi-1.jpg\" \/>\n<meta name=\"twitter:label1\" content=\"Written by\" \/>\n\t<meta name=\"twitter:data1\" content=\"ulqini\" \/>\n\t<meta name=\"twitter:label2\" content=\"Est. reading time\" \/>\n\t<meta name=\"twitter:data2\" content=\"12 minutes\" \/>\n<script type=\"application\/ld+json\" class=\"yoast-schema-graph\">{\"@context\":\"https:\/\/schema.org\",\"@graph\":[{\"@type\":\"WebSite\",\"@id\":\"https:\/\/www.visit-ulcinj.com\/blog\/#website\",\"url\":\"https:\/\/www.visit-ulcinj.com\/blog\/\",\"name\":\"Lajme nga Ulqini\",\"description\":\"Lajme,Vijesti,Ulqini,Ulqin,Crna Gora,Mali i Zi\",\"potentialAction\":[{\"@type\":\"SearchAction\",\"target\":{\"@type\":\"EntryPoint\",\"urlTemplate\":\"https:\/\/www.visit-ulcinj.com\/blog\/?s={search_term_string}\"},\"query-input\":\"required name=search_term_string\"}],\"inLanguage\":\"en-US\"},{\"@type\":\"ImageObject\",\"inLanguage\":\"en-US\",\"@id\":\"https:\/\/www.visit-ulcinj.com\/blog\/2016\/12\/01\/mali-zi-sjell-oferten-turistike-dimerore-dhe-te-vitit-te-ri-ne-tirane\/#primaryimage\",\"url\":\"https:\/\/www.visit-ulcinj.com\/blog\/wp-content\/uploads\/2016\/12\/Oferta-turistike-e-Malit-te-zi-1.jpg\",\"contentUrl\":\"https:\/\/www.visit-ulcinj.com\/blog\/wp-content\/uploads\/2016\/12\/Oferta-turistike-e-Malit-te-zi-1.jpg\",\"width\":470,\"height\":312},{\"@type\":\"WebPage\",\"@id\":\"https:\/\/www.visit-ulcinj.com\/blog\/2016\/12\/01\/mali-zi-sjell-oferten-turistike-dimerore-dhe-te-vitit-te-ri-ne-tirane\/#webpage\",\"url\":\"https:\/\/www.visit-ulcinj.com\/blog\/2016\/12\/01\/mali-zi-sjell-oferten-turistike-dimerore-dhe-te-vitit-te-ri-ne-tirane\/\",\"name\":\"Mali i Zi sjell ofert\u00ebn turistike dim\u00ebrore dhe t\u00eb Vitit t\u00eb Ri n\u00eb Tiran\u00eb - Lajme nga Ulqini\",\"isPartOf\":{\"@id\":\"https:\/\/www.visit-ulcinj.com\/blog\/#website\"},\"primaryImageOfPage\":{\"@id\":\"https:\/\/www.visit-ulcinj.com\/blog\/2016\/12\/01\/mali-zi-sjell-oferten-turistike-dimerore-dhe-te-vitit-te-ri-ne-tirane\/#primaryimage\"},\"datePublished\":\"2016-12-01T21:20:24+00:00\",\"dateModified\":\"2016-12-01T21:20:44+00:00\",\"author\":{\"@id\":\"https:\/\/www.visit-ulcinj.com\/blog\/#\/schema\/person\/dcab619c614d3038751c63bc2aadc06d\"},\"description\":\"Organizata turistike komb\u00ebtare malazeze, n\u00eb bashk\u00ebpunim me Ambasad\u00ebn e Malit t\u00eb Zi organizuan t\u00eb h\u00ebn\u00ebn n\u00eb Tiran\u00eb nj\u00eb takim promocional t\u00eb ofert\u00ebs\",\"breadcrumb\":{\"@id\":\"https:\/\/www.visit-ulcinj.com\/blog\/2016\/12\/01\/mali-zi-sjell-oferten-turistike-dimerore-dhe-te-vitit-te-ri-ne-tirane\/#breadcrumb\"},\"inLanguage\":\"en-US\",\"potentialAction\":[{\"@type\":\"ReadAction\",\"target\":[\"https:\/\/www.visit-ulcinj.com\/blog\/2016\/12\/01\/mali-zi-sjell-oferten-turistike-dimerore-dhe-te-vitit-te-ri-ne-tirane\/\"]}]},{\"@type\":\"BreadcrumbList\",\"@id\":\"https:\/\/www.visit-ulcinj.com\/blog\/2016\/12\/01\/mali-zi-sjell-oferten-turistike-dimerore-dhe-te-vitit-te-ri-ne-tirane\/#breadcrumb\",\"itemListElement\":[{\"@type\":\"ListItem\",\"position\":1,\"name\":\"Mali i Zi sjell ofert\u00ebn turistike dim\u00ebrore dhe t\u00eb Vitit t\u00eb Ri n\u00eb Tiran\u00eb\"}]},{\"@type\":\"Person\",\"@id\":\"https:\/\/www.visit-ulcinj.com\/blog\/#\/schema\/person\/dcab619c614d3038751c63bc2aadc06d\",\"name\":\"ulqini\",\"sameAs\":[\"http:\/\/www.visit-ulcinj.com\"],\"url\":\"https:\/\/www.visit-ulcinj.com\/blog\/author\/admin\/\"}]}<\/script>\n<!-- \/ Yoast SEO plugin. -->","yoast_head_json":{"title":"Mali i Zi sjell ofert\u00ebn turistike dim\u00ebrore dhe t\u00eb Vitit t\u00eb Ri n\u00eb Tiran\u00eb - Lajme nga Ulqini","description":"Organizata turistike komb\u00ebtare malazeze, n\u00eb bashk\u00ebpunim me Ambasad\u00ebn e Malit t\u00eb Zi organizuan t\u00eb h\u00ebn\u00ebn n\u00eb Tiran\u00eb nj\u00eb takim promocional t\u00eb ofert\u00ebs","robots":{"index":"index","follow":"follow","max-snippet":"max-snippet:-1","max-image-preview":"max-image-preview:large","max-video-preview":"max-video-preview:-1"},"canonical":"https:\/\/www.visit-ulcinj.com\/blog\/2016\/12\/01\/mali-zi-sjell-oferten-turistike-dimerore-dhe-te-vitit-te-ri-ne-tirane\/","og_locale":"en_US","og_type":"article","og_title":"Mali i Zi sjell ofert\u00ebn turistike dim\u00ebrore dhe t\u00eb Vitit t\u00eb Ri n\u00eb Tiran\u00eb - Lajme nga Ulqini","og_description":"Organizata turistike komb\u00ebtare malazeze, n\u00eb bashk\u00ebpunim me Ambasad\u00ebn e Malit t\u00eb Zi organizuan t\u00eb h\u00ebn\u00ebn n\u00eb Tiran\u00eb nj\u00eb takim promocional t\u00eb ofert\u00ebs","og_url":"https:\/\/www.visit-ulcinj.com\/blog\/2016\/12\/01\/mali-zi-sjell-oferten-turistike-dimerore-dhe-te-vitit-te-ri-ne-tirane\/","og_site_name":"Lajme nga Ulqini","article_published_time":"2016-12-01T21:20:24+00:00","article_modified_time":"2016-12-01T21:20:44+00:00","og_image":[{"url":"http:\/\/www.visit-ulcinj.com\/blog\/wp-content\/uploads\/2016\/12\/Oferta-turistike-e-Malit-te-zi-1.jpg"}],"twitter_misc":{"Written by":"ulqini","Est. reading time":"12 minutes"},"schema":{"@context":"https:\/\/schema.org","@graph":[{"@type":"WebSite","@id":"https:\/\/www.visit-ulcinj.com\/blog\/#website","url":"https:\/\/www.visit-ulcinj.com\/blog\/","name":"Lajme nga Ulqini","description":"Lajme,Vijesti,Ulqini,Ulqin,Crna Gora,Mali i Zi","potentialAction":[{"@type":"SearchAction","target":{"@type":"EntryPoint","urlTemplate":"https:\/\/www.visit-ulcinj.com\/blog\/?s={search_term_string}"},"query-input":"required name=search_term_string"}],"inLanguage":"en-US"},{"@type":"ImageObject","inLanguage":"en-US","@id":"https:\/\/www.visit-ulcinj.com\/blog\/2016\/12\/01\/mali-zi-sjell-oferten-turistike-dimerore-dhe-te-vitit-te-ri-ne-tirane\/#primaryimage","url":"https:\/\/www.visit-ulcinj.com\/blog\/wp-content\/uploads\/2016\/12\/Oferta-turistike-e-Malit-te-zi-1.jpg","contentUrl":"https:\/\/www.visit-ulcinj.com\/blog\/wp-content\/uploads\/2016\/12\/Oferta-turistike-e-Malit-te-zi-1.jpg","width":470,"height":312},{"@type":"WebPage","@id":"https:\/\/www.visit-ulcinj.com\/blog\/2016\/12\/01\/mali-zi-sjell-oferten-turistike-dimerore-dhe-te-vitit-te-ri-ne-tirane\/#webpage","url":"https:\/\/www.visit-ulcinj.com\/blog\/2016\/12\/01\/mali-zi-sjell-oferten-turistike-dimerore-dhe-te-vitit-te-ri-ne-tirane\/","name":"Mali i Zi sjell ofert\u00ebn turistike dim\u00ebrore dhe t\u00eb Vitit t\u00eb Ri n\u00eb Tiran\u00eb - Lajme nga Ulqini","isPartOf":{"@id":"https:\/\/www.visit-ulcinj.com\/blog\/#website"},"primaryImageOfPage":{"@id":"https:\/\/www.visit-ulcinj.com\/blog\/2016\/12\/01\/mali-zi-sjell-oferten-turistike-dimerore-dhe-te-vitit-te-ri-ne-tirane\/#primaryimage"},"datePublished":"2016-12-01T21:20:24+00:00","dateModified":"2016-12-01T21:20:44+00:00","author":{"@id":"https:\/\/www.visit-ulcinj.com\/blog\/#\/schema\/person\/dcab619c614d3038751c63bc2aadc06d"},"description":"Organizata turistike komb\u00ebtare malazeze, n\u00eb bashk\u00ebpunim me Ambasad\u00ebn e Malit t\u00eb Zi organizuan t\u00eb h\u00ebn\u00ebn n\u00eb Tiran\u00eb nj\u00eb takim promocional t\u00eb ofert\u00ebs","breadcrumb":{"@id":"https:\/\/www.visit-ulcinj.com\/blog\/2016\/12\/01\/mali-zi-sjell-oferten-turistike-dimerore-dhe-te-vitit-te-ri-ne-tirane\/#breadcrumb"},"inLanguage":"en-US","potentialAction":[{"@type":"ReadAction","target":["https:\/\/www.visit-ulcinj.com\/blog\/2016\/12\/01\/mali-zi-sjell-oferten-turistike-dimerore-dhe-te-vitit-te-ri-ne-tirane\/"]}]},{"@type":"BreadcrumbList","@id":"https:\/\/www.visit-ulcinj.com\/blog\/2016\/12\/01\/mali-zi-sjell-oferten-turistike-dimerore-dhe-te-vitit-te-ri-ne-tirane\/#breadcrumb","itemListElement":[{"@type":"ListItem","position":1,"name":"Mali i Zi sjell ofert\u00ebn turistike dim\u00ebrore dhe t\u00eb Vitit t\u00eb Ri n\u00eb Tiran\u00eb"}]},{"@type":"Person","@id":"https:\/\/www.visit-ulcinj.com\/blog\/#\/schema\/person\/dcab619c614d3038751c63bc2aadc06d","name":"ulqini","sameAs":["http:\/\/www.visit-ulcinj.com"],"url":"https:\/\/www.visit-ulcinj.com\/blog\/author\/admin\/"}]}},"jetpack_featured_media_url":"","jetpack_sharing_enabled":true,"jetpack_shortlink":"https:\/\/wp.me\/pe6lTn-qnH","_links":{"self":[{"href":"https:\/\/www.visit-ulcinj.com\/blog\/wp-json\/wp\/v2\/posts\/101413"}],"collection":[{"href":"https:\/\/www.visit-ulcinj.com\/blog\/wp-json\/wp\/v2\/posts"}],"about":[{"href":"https:\/\/www.visit-ulcinj.com\/blog\/wp-json\/wp\/v2\/types\/post"}],"author":[{"embeddable":true,"href":"https:\/\/www.visit-ulcinj.com\/blog\/wp-json\/wp\/v2\/users\/1"}],"replies":[{"embeddable":true,"href":"https:\/\/www.visit-ulcinj.com\/blog\/wp-json\/wp\/v2\/comments?post=101413"}],"version-history":[{"count":1,"href":"https:\/\/www.visit-ulcinj.com\/blog\/wp-json\/wp\/v2\/posts\/101413\/revisions"}],"predecessor-version":[{"id":101416,"href":"https:\/\/www.visit-ulcinj.com\/blog\/wp-json\/wp\/v2\/posts\/101413\/revisions\/101416"}],"wp:attachment":[{"href":"https:\/\/www.visit-ulcinj.com\/blog\/wp-json\/wp\/v2\/media?parent=101413"}],"wp:term":[{"taxonomy":"category","embeddable":true,"href":"https:\/\/www.visit-ulcinj.com\/blog\/wp-json\/wp\/v2\/categories?post=101413"},{"taxonomy":"post_tag","embeddable":true,"href":"https:\/\/www.visit-ulcinj.com\/blog\/wp-json\/wp\/v2\/tags?post=101413"}],"curies":[{"name":"wp","href":"https:\/\/api.w.org\/{rel}","templated":true}]}}