{"id":101420,"date":"2016-12-01T22:34:35","date_gmt":"2016-12-01T21:34:35","guid":{"rendered":"http:\/\/www.visit-ulcinj.com\/blog\/?p=101420"},"modified":"2016-12-03T10:28:41","modified_gmt":"2016-12-03T09:28:41","slug":"ponuda-za-novogodisnje-praznike-zimsku-sezonu-predstavljena-u-podgorici","status":"publish","type":"post","link":"https:\/\/www.visit-ulcinj.com\/blog\/2016\/12\/01\/ponuda-za-novogodisnje-praznike-zimsku-sezonu-predstavljena-u-podgorici\/","title":{"rendered":"Ponuda za novogodi\u0161nje praznike i zimsku sezonu predstavljena u Podgorici"},"content":{"rendered":"<p><a href=\"http:\/\/www.visit-ulcinj.com\/blog\/wp-content\/uploads\/2016\/12\/Oferta-turistike-e-Malit-te-zi-1.jpg\"><img loading=\"lazy\" class=\"alignleft wp-image-101414\" src=\"http:\/\/www.visit-ulcinj.com\/blog\/wp-content\/uploads\/2016\/12\/Oferta-turistike-e-Malit-te-zi-1.jpg\" alt=\"Oferta turistike e Malit te zi-1\" width=\"508\" height=\"337\" srcset=\"https:\/\/www.visit-ulcinj.com\/blog\/wp-content\/uploads\/2016\/12\/Oferta-turistike-e-Malit-te-zi-1.jpg 470w, https:\/\/www.visit-ulcinj.com\/blog\/wp-content\/uploads\/2016\/12\/Oferta-turistike-e-Malit-te-zi-1-300x199.jpg 300w\" sizes=\"(max-width: 508px) 100vw, 508px\" \/><\/a>Nacionalna turisti\u010dka organizacija Crne Gore u saradnji sa lokalnim turisti\u010dkim organizacijama Ulcinja, Bara, Budve, Tivta, Herceg Novog, Podgorice, \u017dabljaka i ski centrom Vu\u010dje na dana\u0161njoj pres konferenciji predstavila je ponudu za zimsku sezonu i novogodi\u0161nje praznike, kao i aktivnosti na promociji ove ponude.<\/p>\n<p>Danica Banjevi\u0107, pomo\u0107nica direktorice NTO CG informisala je prisutne da \u0107e u susret zimskoj sezoni 2016.\/2017., Nacionalna turisti\u010dka organizacija Crne Gore svoje aktivnosti usmjeriti na intenzivnoj promociji ponude novogodi\u0161njih aran\u017emana i zimskih centara na doma\u0107em i tr\u017ei\u0161tu regiona, i to prvenstveno: Srbiji, Albaniji, Hrvatskoj, Bosni i Hercegovini i Sloveniji. Promocije su zapo\u010dete nastupom na sajmu turizma u Novom Sadu koji je odr\u017ean kraj septembra, a u narednom periodu planirano je organizacija prezentacija u zemljama Regiona (Beogradu, Zagrebu, Ljubljani, Dubrovniku, Trebinju, Skadru i Tirani), putem PR aktivnosti i online promocijom putem zvani\u010dnog portala, dru\u0161tvenih mre\u017ea, putem \u201eoutdoor\u201d kampanje &#8211; postavljanjem bilborda na najfrekvetnijim lokacijama ve\u0107ih gradova u zemlji i regionu.<br \/>\nKampanja \u0107e se sprovoditi pod sloganom \u201eSunce, snijeg i more \u2013 Crna Gora\u201d a prati\u0107e ga i poseban vizuelni identitet kampanje u skladu sa kojim \u0107e biti uradjeni i promotivni materijali, bilbordi, online baneri. Banjevi\u0107 je istakla da u ovu zimsku sezonu ulazimo sa optimisti\u010dkim o\u010dekivanjima zasnovanim na spremnosti planinskih turisti\u010dkih centara, novim zna\u010dajnim hotelima visoke kategorije, bogatim prazni\u010dnim programima du\u017e crnogorskog primorja i ve\u0107 zna\u010dajnim potvr\u0111enim bukingom. Prvi brendirani hotel u Kola\u0161inu \u00abSheraton\u00bb bi\u0107e otvoren u decembru i sigurno \u0107e doprinijeti ja\u010danju pozicioniranja Crne Gore kao visokokvalitetne turisti\u010dke destinacije. Takav nivo hotela povla\u010di za sobom i goste \u010diji su odabir destinacije na kojima se ti hoteli nalaze. Prema informacijama privrede ove sezone se o\u010dekuju zna\u010dajne grupe francuskih turista koji \u0107e dolaziti na skijanje u Kola\u0161in putem agencijskog bukinga u vidu sedmodnevnih aran\u017emana u hotelu Bianca Resort and Spa u Kola\u0161inu. Crnogorski ski centri \u017dabljak, Kola\u0161in, Vu\u010dje i Turjak formirali su cijene usluga koje su i ove godine pristupa\u010dne. U dijelu smje\u0161taja i u privatnoj i hotelskoj sferi cijene su raznovrsne i prihvatljive u zavisnosti od vrste i kategorije smje\u0161taja.<\/p>\n<p>Budva, Tivat, Herceg Novi, Bar, Podgorica pripremili su kvalitetan, raznovrstan i dinami\u010dan novogodi\u0161nji program.<br \/>\nDirektorica TO \u017dabljak Vanja \u0160arovi\u0107 Krgovi\u0107 upoznala je prisutne sa ponudom \u017dabljaka tokom zimske sezone. U funkciji \u0107e biti 13 hotela, a u ponudi \u0107e pored staze za hodanje na krpljama od Savinog kuka do Crnog jezera biti i staza za nordijsko skijanje. Cijene \u0107e ove godine biti na nivou pro\u0161logodi\u0161njih a novitet u ski centru Javorova\u010da je i no\u0107no skijanje.<\/p>\n<p>Tijana Kotorac ispred Turisti\u010dke organizacije Budva obavijestila je prisutne da Budva koja nosi epitet regionalno najlu\u0111e zabave za \u201enajlu\u0111u no\u0107\u201c, i ove godine \u0107e ga opravdadati programom ispod zidina Starog grada. Nave\u010de 31. decembra program po\u010dinje nastupom crnogorske grupe \u201ePerper\u201c, nakon kojih ima koncert \u017deljko Joksimovi\u0107. Prvog januara preko dana \u0107e se odr\u017eati tradicionalni sve\u010dani koncert \u201eMediteranskog revijskog orkestra\u201c, a nave\u010de \u0107e nastupiti grupa Highway Trio, Sergej \u0106etkovi\u0107, grupa Parni valjak. Drugog januara \u0107e goste uveseljavati Vanja Radovanovi\u0107, grupa Frajle, Neno Belan. I u budvanskim hotelima je tradicionalno organizovan bogat program za novogodi\u0161nje praznike. U hotelu \u201cSplendid Resort&amp;SPA\u201d goste \u0107e zabavljati Hari Mata Hari, Jelena Toma\u0161evi\u0107, Haris D\u017einovi\u0107, kao i orkestar \u017dutog Serhatli\u0107a, a u hotelu Palas za dobru atmosferu su zadu\u017eeni Dragana Mirkovi\u0107, Sergej \u0106etkovi\u0107, Petar Gra\u0161o, Danijela Martinovi\u0107 i orkestar Ace Sofronijevi\u0107a.<\/p>\n<p>Gabrijela Glavo\u010di\u0107, direktorica Turisti\u010dke organizacije Tivta je obavijestila prisutne da \u0107e 31. decembra goste zabavljati DJ Perry, Nina Petkovi\u0107 i grupe &#8220;Dan poslije&#8221; i Prljavo kazali\u0161te. Prvog januara koncert u podne odr\u017ea\u0107e Ana Rucner, a nave\u010der \u0107e goste zabavljati DJ Perry, Vanja Radovanovi\u0107, Haris D\u017einovi\u0107. Udru\u017eenje privrednika u sklopu organizacije do\u010deka Nove godine u periodu od 27. decembra do 3. januara \u0107e na gradskoj rivi Pine postaviti prigodne monta\u017ene ku\u0107ice nu kojima \u0107e se slu\u017eiti hrana i pi\u0107e.<\/p>\n<p>Ana Djura\u0161kovi\u0107 ispred Turisti\u010dke organizacije Herceg Novog je upoznala prisutne da \u0107e ve\u0107 30. januara imati zagrijavanje za najlu\u0111u no\u0107 na Trgu Nikole \u0110urkovi\u0107a gdje \u0107e u 21h nastupiti ansambl To\u0107 i Tropico band. Do\u010dek Nove godine 31. decembar organizovan je na trgu i za najmla\u0111e &#8211; Dje\u010dija nova godina (od 11-14h), a zabavlja\u0107e ih \u0160anta Panta i klovnovi. Program \u0107e biti nastavljen sa nastupom Perpetumobile benda u 21 h, a potom D\u017eenana Lon\u010darevi\u0107a. Predvi\u0111eno je i spu\u0161tanje Djeda Mraza niz Sat kulu ta\u010dno u pono\u0107. Prvog januara nove, 2017. godine, na trgu \u0107e sa po\u010detkom od 21h nastupiti grupe St.Luis band i Lexington band. Sve\u010dani do\u010dek Nove godine bi\u0107e organizovan i u hotelu Palmon bay kao i u Gradskoj kafani, i mnogobrojnim lokalima na \u0160kveru.<\/p>\n<p>I glavni grad Podgorica ove godine priprema bogat program. Direktorica Turisti\u010dke organizacije Podgorica Tatjana Popovi\u0107 informisala je da \u0107e 31. decembra biti organizovan dje\u010diji novogodi\u0161nji koncert i zabavni program, a u ve\u010dernjim satima koncert Kneza i Zorana Kalezi\u0107a, kao i crnogorskih muzi\u010dara. 1.januara bi\u0107e odr\u017ean koncert grupe Miligram i crnogorskih muzi\u010dara. Od 19.decembra do 31.decembra bi\u0107e organizovan Novogodi\u0161nji bazar na trgu Nezavisnosti. U hotelu Hilton Podgorica Crna Gora 31. decembra i 1. januara gostova\u0107e Lepa Luki\u0107, Mogul Bend i Bane Nedovi\u0107 sa bendom. U Verde complex-u 31.decembra sve goste \u0107e zabavljati Marija \u0160erifovi\u0107 i Danijel Alibabi\u0107, a 1. januara \u017deljko Joksimovi\u0107 i Danijel Alibabi\u0107.<\/p>\n<p>Predstavnik turisti\u010dke organizacije Ulcinja Armend Milla informisao je da u Ulcinju ve\u0107 od 17.decembra biti organizovan Novogodi\u0161nji bazar.<\/p>\n<p>Sanja Mitrovi\u0107, ispred Turisti\u010dke organizacije Bara informisala je o de\u0161avanjima i ponudi barske rivijere. Turisti\u010dka organizacija Bar i Op\u0161tina Bar organizuju drugu godinu za redom, \u00abBarski novogodi\u0161nji hepening\u00bb &#8211; na trgu Vladimira i Kosare, od 26.12.2016. &#8211; 02.01.2017.godine. U programu \u0107e u\u010destvovati izvo\u0111a\u010di razli\u010ditih muzi\u010dkih \u017eanrova: etno, narodne, rep, pop i rok muzike iz Bara, Crne Gore i regiona. Pored muzi\u010dkog dijela, na trgu koji \u0107e biti oki\u0107en i ukra\u0161en, bi\u0107e postavljeni i brojni \u0161tandovi na kojima \u0107e posjetioci mo\u0107i da degustiraju i kupe barske specijalitete. Ujedno u Baru \u0107e u narednom periodu biti odr\u017eane sljede\u0107e manifestacije: Ko\u0161tanijada (19. novembra u Ostrosu), Maslinijada (26 i 27.novembar u Starom Baru), Festival vina i ukljeve (10 i 11.decembar u Virpazaru). 31.decembra goste \u0107e zabavljati Severina, a 1.januara Bajaga.<\/p>\n<p>Predstavnica ski centra Vu\u010dje Milica Abramovi\u0107 informisala je o cijenama i ponudi ovog ski centra, \u0161koli skijanja koja \u0107e i ove godine biti organizovana, ski vrti\u0107u ali i o bogatom nvogodi\u0161njem programu u hotelu Onogo\u0161t u Nik\u0161i\u0107u. Ovaj ski centar \u0107e organizovati svakodnevni autobuski prevoz iz Nik\u0161i\u0107a to ski centra, a svakog vikenda i iz Podgorice.<\/p>\n<p>Izvor: Nacionalna turisti\u010dka organizacija Crne Gore<\/p>\n","protected":false},"excerpt":{"rendered":"<p>Nacionalna turisti\u010dka organizacija Crne Gore u saradnji sa lokalnim turisti\u010dkim organizacijama Ulcinja, Bara, Budve, Tivta, Herceg Novog, Podgorice, \u017dabljaka i ski centrom Vu\u010dje na dana\u0161njoj pres konferenciji predstavila je ponudu za zimsku sezonu i novogodi\u0161nje praznike, kao i aktivnosti na promociji ove ponude. Danica Banjevi\u0107, pomo\u0107nica direktorice NTO CG informisala je prisutne da \u0107e u [&hellip;]<\/p>\n","protected":false},"author":1,"featured_media":0,"comment_status":"closed","ping_status":"closed","sticky":false,"template":"","format":"standard","meta":{"spay_email":"","jetpack_publicize_message":"","jetpack_is_tweetstorm":false,"jetpack_publicize_feature_enabled":true},"categories":[8],"tags":[],"jetpack_publicize_connections":[],"yoast_head":"<!-- This site is optimized with the Yoast SEO plugin v19.1 - https:\/\/yoast.com\/wordpress\/plugins\/seo\/ -->\n<title>Ponuda za novogodi\u0161nje praznike i zimsku sezonu predstavljena u Podgorici - Lajme nga Ulqini<\/title>\n<meta name=\"description\" content=\"Nacionalna turisti\u010dka organizacija Crne Gore u saradnji sa lokalnim turisti\u010dkim organizacijama Ulcinja, Bara, Budve, Tivta, Herceg Novog, Podgorice,\" \/>\n<meta name=\"robots\" content=\"index, follow, max-snippet:-1, max-image-preview:large, max-video-preview:-1\" \/>\n<link rel=\"canonical\" href=\"https:\/\/www.visit-ulcinj.com\/blog\/2016\/12\/01\/ponuda-za-novogodisnje-praznike-zimsku-sezonu-predstavljena-u-podgorici\/\" \/>\n<meta property=\"og:locale\" content=\"en_US\" \/>\n<meta property=\"og:type\" content=\"article\" \/>\n<meta property=\"og:title\" content=\"Ponuda za novogodi\u0161nje praznike i zimsku sezonu predstavljena u Podgorici - Lajme nga Ulqini\" \/>\n<meta property=\"og:description\" content=\"Nacionalna turisti\u010dka organizacija Crne Gore u saradnji sa lokalnim turisti\u010dkim organizacijama Ulcinja, Bara, Budve, Tivta, Herceg Novog, Podgorice,\" \/>\n<meta property=\"og:url\" content=\"https:\/\/www.visit-ulcinj.com\/blog\/2016\/12\/01\/ponuda-za-novogodisnje-praznike-zimsku-sezonu-predstavljena-u-podgorici\/\" \/>\n<meta property=\"og:site_name\" content=\"Lajme nga Ulqini\" \/>\n<meta property=\"article:published_time\" content=\"2016-12-01T21:34:35+00:00\" \/>\n<meta property=\"article:modified_time\" content=\"2016-12-03T09:28:41+00:00\" \/>\n<meta property=\"og:image\" content=\"http:\/\/www.visit-ulcinj.com\/blog\/wp-content\/uploads\/2016\/12\/Oferta-turistike-e-Malit-te-zi-1.jpg\" \/>\n<meta name=\"twitter:label1\" content=\"Written by\" \/>\n\t<meta name=\"twitter:data1\" content=\"ulqini\" \/>\n\t<meta name=\"twitter:label2\" content=\"Est. reading time\" \/>\n\t<meta name=\"twitter:data2\" content=\"6 minutes\" \/>\n<script type=\"application\/ld+json\" class=\"yoast-schema-graph\">{\"@context\":\"https:\/\/schema.org\",\"@graph\":[{\"@type\":\"WebSite\",\"@id\":\"https:\/\/www.visit-ulcinj.com\/blog\/#website\",\"url\":\"https:\/\/www.visit-ulcinj.com\/blog\/\",\"name\":\"Lajme nga Ulqini\",\"description\":\"Lajme,Vijesti,Ulqini,Ulqin,Crna Gora,Mali i Zi\",\"potentialAction\":[{\"@type\":\"SearchAction\",\"target\":{\"@type\":\"EntryPoint\",\"urlTemplate\":\"https:\/\/www.visit-ulcinj.com\/blog\/?s={search_term_string}\"},\"query-input\":\"required name=search_term_string\"}],\"inLanguage\":\"en-US\"},{\"@type\":\"ImageObject\",\"inLanguage\":\"en-US\",\"@id\":\"https:\/\/www.visit-ulcinj.com\/blog\/2016\/12\/01\/ponuda-za-novogodisnje-praznike-zimsku-sezonu-predstavljena-u-podgorici\/#primaryimage\",\"url\":\"https:\/\/www.visit-ulcinj.com\/blog\/wp-content\/uploads\/2016\/12\/Oferta-turistike-e-Malit-te-zi-1.jpg\",\"contentUrl\":\"https:\/\/www.visit-ulcinj.com\/blog\/wp-content\/uploads\/2016\/12\/Oferta-turistike-e-Malit-te-zi-1.jpg\",\"width\":470,\"height\":312},{\"@type\":\"WebPage\",\"@id\":\"https:\/\/www.visit-ulcinj.com\/blog\/2016\/12\/01\/ponuda-za-novogodisnje-praznike-zimsku-sezonu-predstavljena-u-podgorici\/#webpage\",\"url\":\"https:\/\/www.visit-ulcinj.com\/blog\/2016\/12\/01\/ponuda-za-novogodisnje-praznike-zimsku-sezonu-predstavljena-u-podgorici\/\",\"name\":\"Ponuda za novogodi\u0161nje praznike i zimsku sezonu predstavljena u Podgorici - Lajme nga Ulqini\",\"isPartOf\":{\"@id\":\"https:\/\/www.visit-ulcinj.com\/blog\/#website\"},\"primaryImageOfPage\":{\"@id\":\"https:\/\/www.visit-ulcinj.com\/blog\/2016\/12\/01\/ponuda-za-novogodisnje-praznike-zimsku-sezonu-predstavljena-u-podgorici\/#primaryimage\"},\"datePublished\":\"2016-12-01T21:34:35+00:00\",\"dateModified\":\"2016-12-03T09:28:41+00:00\",\"author\":{\"@id\":\"https:\/\/www.visit-ulcinj.com\/blog\/#\/schema\/person\/dcab619c614d3038751c63bc2aadc06d\"},\"description\":\"Nacionalna turisti\u010dka organizacija Crne Gore u saradnji sa lokalnim turisti\u010dkim organizacijama Ulcinja, Bara, Budve, Tivta, Herceg Novog, Podgorice,\",\"breadcrumb\":{\"@id\":\"https:\/\/www.visit-ulcinj.com\/blog\/2016\/12\/01\/ponuda-za-novogodisnje-praznike-zimsku-sezonu-predstavljena-u-podgorici\/#breadcrumb\"},\"inLanguage\":\"en-US\",\"potentialAction\":[{\"@type\":\"ReadAction\",\"target\":[\"https:\/\/www.visit-ulcinj.com\/blog\/2016\/12\/01\/ponuda-za-novogodisnje-praznike-zimsku-sezonu-predstavljena-u-podgorici\/\"]}]},{\"@type\":\"BreadcrumbList\",\"@id\":\"https:\/\/www.visit-ulcinj.com\/blog\/2016\/12\/01\/ponuda-za-novogodisnje-praznike-zimsku-sezonu-predstavljena-u-podgorici\/#breadcrumb\",\"itemListElement\":[{\"@type\":\"ListItem\",\"position\":1,\"name\":\"Ponuda za novogodi\u0161nje praznike i zimsku sezonu predstavljena u Podgorici\"}]},{\"@type\":\"Person\",\"@id\":\"https:\/\/www.visit-ulcinj.com\/blog\/#\/schema\/person\/dcab619c614d3038751c63bc2aadc06d\",\"name\":\"ulqini\",\"sameAs\":[\"http:\/\/www.visit-ulcinj.com\"],\"url\":\"https:\/\/www.visit-ulcinj.com\/blog\/author\/admin\/\"}]}<\/script>\n<!-- \/ Yoast SEO plugin. -->","yoast_head_json":{"title":"Ponuda za novogodi\u0161nje praznike i zimsku sezonu predstavljena u Podgorici - Lajme nga Ulqini","description":"Nacionalna turisti\u010dka organizacija Crne Gore u saradnji sa lokalnim turisti\u010dkim organizacijama Ulcinja, Bara, Budve, Tivta, Herceg Novog, Podgorice,","robots":{"index":"index","follow":"follow","max-snippet":"max-snippet:-1","max-image-preview":"max-image-preview:large","max-video-preview":"max-video-preview:-1"},"canonical":"https:\/\/www.visit-ulcinj.com\/blog\/2016\/12\/01\/ponuda-za-novogodisnje-praznike-zimsku-sezonu-predstavljena-u-podgorici\/","og_locale":"en_US","og_type":"article","og_title":"Ponuda za novogodi\u0161nje praznike i zimsku sezonu predstavljena u Podgorici - Lajme nga Ulqini","og_description":"Nacionalna turisti\u010dka organizacija Crne Gore u saradnji sa lokalnim turisti\u010dkim organizacijama Ulcinja, Bara, Budve, Tivta, Herceg Novog, Podgorice,","og_url":"https:\/\/www.visit-ulcinj.com\/blog\/2016\/12\/01\/ponuda-za-novogodisnje-praznike-zimsku-sezonu-predstavljena-u-podgorici\/","og_site_name":"Lajme nga Ulqini","article_published_time":"2016-12-01T21:34:35+00:00","article_modified_time":"2016-12-03T09:28:41+00:00","og_image":[{"url":"http:\/\/www.visit-ulcinj.com\/blog\/wp-content\/uploads\/2016\/12\/Oferta-turistike-e-Malit-te-zi-1.jpg"}],"twitter_misc":{"Written by":"ulqini","Est. reading time":"6 minutes"},"schema":{"@context":"https:\/\/schema.org","@graph":[{"@type":"WebSite","@id":"https:\/\/www.visit-ulcinj.com\/blog\/#website","url":"https:\/\/www.visit-ulcinj.com\/blog\/","name":"Lajme nga Ulqini","description":"Lajme,Vijesti,Ulqini,Ulqin,Crna Gora,Mali i Zi","potentialAction":[{"@type":"SearchAction","target":{"@type":"EntryPoint","urlTemplate":"https:\/\/www.visit-ulcinj.com\/blog\/?s={search_term_string}"},"query-input":"required name=search_term_string"}],"inLanguage":"en-US"},{"@type":"ImageObject","inLanguage":"en-US","@id":"https:\/\/www.visit-ulcinj.com\/blog\/2016\/12\/01\/ponuda-za-novogodisnje-praznike-zimsku-sezonu-predstavljena-u-podgorici\/#primaryimage","url":"https:\/\/www.visit-ulcinj.com\/blog\/wp-content\/uploads\/2016\/12\/Oferta-turistike-e-Malit-te-zi-1.jpg","contentUrl":"https:\/\/www.visit-ulcinj.com\/blog\/wp-content\/uploads\/2016\/12\/Oferta-turistike-e-Malit-te-zi-1.jpg","width":470,"height":312},{"@type":"WebPage","@id":"https:\/\/www.visit-ulcinj.com\/blog\/2016\/12\/01\/ponuda-za-novogodisnje-praznike-zimsku-sezonu-predstavljena-u-podgorici\/#webpage","url":"https:\/\/www.visit-ulcinj.com\/blog\/2016\/12\/01\/ponuda-za-novogodisnje-praznike-zimsku-sezonu-predstavljena-u-podgorici\/","name":"Ponuda za novogodi\u0161nje praznike i zimsku sezonu predstavljena u Podgorici - Lajme nga Ulqini","isPartOf":{"@id":"https:\/\/www.visit-ulcinj.com\/blog\/#website"},"primaryImageOfPage":{"@id":"https:\/\/www.visit-ulcinj.com\/blog\/2016\/12\/01\/ponuda-za-novogodisnje-praznike-zimsku-sezonu-predstavljena-u-podgorici\/#primaryimage"},"datePublished":"2016-12-01T21:34:35+00:00","dateModified":"2016-12-03T09:28:41+00:00","author":{"@id":"https:\/\/www.visit-ulcinj.com\/blog\/#\/schema\/person\/dcab619c614d3038751c63bc2aadc06d"},"description":"Nacionalna turisti\u010dka organizacija Crne Gore u saradnji sa lokalnim turisti\u010dkim organizacijama Ulcinja, Bara, Budve, Tivta, Herceg Novog, Podgorice,","breadcrumb":{"@id":"https:\/\/www.visit-ulcinj.com\/blog\/2016\/12\/01\/ponuda-za-novogodisnje-praznike-zimsku-sezonu-predstavljena-u-podgorici\/#breadcrumb"},"inLanguage":"en-US","potentialAction":[{"@type":"ReadAction","target":["https:\/\/www.visit-ulcinj.com\/blog\/2016\/12\/01\/ponuda-za-novogodisnje-praznike-zimsku-sezonu-predstavljena-u-podgorici\/"]}]},{"@type":"BreadcrumbList","@id":"https:\/\/www.visit-ulcinj.com\/blog\/2016\/12\/01\/ponuda-za-novogodisnje-praznike-zimsku-sezonu-predstavljena-u-podgorici\/#breadcrumb","itemListElement":[{"@type":"ListItem","position":1,"name":"Ponuda za novogodi\u0161nje praznike i zimsku sezonu predstavljena u Podgorici"}]},{"@type":"Person","@id":"https:\/\/www.visit-ulcinj.com\/blog\/#\/schema\/person\/dcab619c614d3038751c63bc2aadc06d","name":"ulqini","sameAs":["http:\/\/www.visit-ulcinj.com"],"url":"https:\/\/www.visit-ulcinj.com\/blog\/author\/admin\/"}]}},"jetpack_featured_media_url":"","jetpack_sharing_enabled":true,"jetpack_shortlink":"https:\/\/wp.me\/pe6lTn-qnO","_links":{"self":[{"href":"https:\/\/www.visit-ulcinj.com\/blog\/wp-json\/wp\/v2\/posts\/101420"}],"collection":[{"href":"https:\/\/www.visit-ulcinj.com\/blog\/wp-json\/wp\/v2\/posts"}],"about":[{"href":"https:\/\/www.visit-ulcinj.com\/blog\/wp-json\/wp\/v2\/types\/post"}],"author":[{"embeddable":true,"href":"https:\/\/www.visit-ulcinj.com\/blog\/wp-json\/wp\/v2\/users\/1"}],"replies":[{"embeddable":true,"href":"https:\/\/www.visit-ulcinj.com\/blog\/wp-json\/wp\/v2\/comments?post=101420"}],"version-history":[{"count":1,"href":"https:\/\/www.visit-ulcinj.com\/blog\/wp-json\/wp\/v2\/posts\/101420\/revisions"}],"predecessor-version":[{"id":101421,"href":"https:\/\/www.visit-ulcinj.com\/blog\/wp-json\/wp\/v2\/posts\/101420\/revisions\/101421"}],"wp:attachment":[{"href":"https:\/\/www.visit-ulcinj.com\/blog\/wp-json\/wp\/v2\/media?parent=101420"}],"wp:term":[{"taxonomy":"category","embeddable":true,"href":"https:\/\/www.visit-ulcinj.com\/blog\/wp-json\/wp\/v2\/categories?post=101420"},{"taxonomy":"post_tag","embeddable":true,"href":"https:\/\/www.visit-ulcinj.com\/blog\/wp-json\/wp\/v2\/tags?post=101420"}],"curies":[{"name":"wp","href":"https:\/\/api.w.org\/{rel}","templated":true}]}}