{"id":101425,"date":"2016-12-01T23:10:07","date_gmt":"2016-12-01T22:10:07","guid":{"rendered":"http:\/\/www.visit-ulcinj.com\/blog\/?p=101425"},"modified":"2016-12-01T23:10:07","modified_gmt":"2016-12-01T22:10:07","slug":"kako-gradonacelnik-crnogorskog-ulcinja-moze-da-potpise-da-je-albanska-opstina","status":"publish","type":"post","link":"https:\/\/www.visit-ulcinj.com\/blog\/2016\/12\/01\/kako-gradonacelnik-crnogorskog-ulcinja-moze-da-potpise-da-je-albanska-opstina\/","title":{"rendered":"Kako gradona\u010delnik crnogorskog Ulcinja mo\u017ee da potpi\u0161e da je to &#8220;albanska op\u0161tina&#8221;?"},"content":{"rendered":"<p><strong><a href=\"http:\/\/www.visit-ulcinj.com\/blog\/wp-content\/uploads\/2016\/11\/Veliaj-me-kryetaret-e-bashkive-shqitpare-te-rajonit-Nazif-Cungu.jpg\"><img loading=\"lazy\" class=\"alignleft wp-image-101265\" src=\"http:\/\/www.visit-ulcinj.com\/blog\/wp-content\/uploads\/2016\/11\/Veliaj-me-kryetaret-e-bashkive-shqitpare-te-rajonit-Nazif-Cungu.jpg\" alt=\"Veliaj-me-kryetaret-e-bashkive-shqitpare-te-rajonit-Nazif-Cungu\" width=\"508\" height=\"271\" srcset=\"https:\/\/www.visit-ulcinj.com\/blog\/wp-content\/uploads\/2016\/11\/Veliaj-me-kryetaret-e-bashkive-shqitpare-te-rajonit-Nazif-Cungu.jpg 750w, https:\/\/www.visit-ulcinj.com\/blog\/wp-content\/uploads\/2016\/11\/Veliaj-me-kryetaret-e-bashkive-shqitpare-te-rajonit-Nazif-Cungu-300x160.jpg 300w\" sizes=\"(max-width: 508px) 100vw, 508px\" \/><\/a>Povodom <a href=\"http:\/\/crna.gora.me\/vijesti\/balkan\/nas-ulcinj-u-uniji-albanskih-opstina-regiona\">obilje\u017eavanja nezavisnosti Albanije u Tirani je potpisan memorandum kojim je formirana \u201eUnija albanskih op\u0161tina regiona\u201c, a u tu Uniju uvr\u0161ten je i CRNOGORSKI Ulcinj<\/a>. Mnogi su se nakon \u0161to je ta infromacija objavljena zapitali \u2013 kako je mogu\u0107e da je grad koji se nalazi na jugu Crne Gore progla\u0161en za albanski? <\/strong><\/p>\n<p>CdM je kontaktirao potpisnika memoranduma, predsjednika op\u0161tine Ulcinj Nazifa Cungua, i od njega poku\u0161ao da dobije odgovor na pitanje \u201eza\u0161to je Ulcinj nazvan albanskim gradom\u201c. Konkretan odgovor nijesmo dobili ali je Cungu CdM-u kazao da je memorandum o saradnji op\u0161tina \u201epotpisan u duhu Evropske povelje o regionalnoj saradnji i da ima za cilj razmjenu iskustava i saradnju na me\u0111unarodnim projektima i inovacijijama a sve u cilju olak\u0161anja \u017eivota gra\u0111ana\u201c.<\/p>\n<p><strong>\u201eMemorandum nema politi\u010dki karakter. Op\u0161tine imaju za osnov razmjenu iskustava i saradnju u sferama urbanizma, inovacija, za\u0161tite \u017eivotne sredine, kulture i iznalazenje novih izvora finansiranja projekata od javnog zna\u010daja, sve u cilju pru\u017eanja modernih i evropskih usluga gra\u0111anima op\u0161tina u\u010desnika. Imaju\u0107i u vidu da jedinice lokalne samouprave u Crnoj Gori u ovom slu\u010daju Op\u0161tina Ulcinj, na osnovu principa solidarnosti i dobrovoljnosti ima pravo slobodnog udru\u017eivanja i slobodu saradnju sa lokalnim zajednicama i asocijacijama drugih zemalja i potpisan je navedeni Memoradnum koji je u duhu Evropske povelje o regionalnoj saradnji\u201c<\/strong>, rekao je Cungu.<\/p>\n<p><a href=\"http:\/\/www.visit-ulcinj.com\/blog\/wp-content\/uploads\/2016\/04\/Nikola-Gegaj.jpg\"><img loading=\"lazy\" class=\"alignleft wp-image-96470\" src=\"http:\/\/www.visit-ulcinj.com\/blog\/wp-content\/uploads\/2016\/04\/Nikola-Gegaj.jpg\" alt=\"Nikola Gegaj\" width=\"508\" height=\"397\" srcset=\"https:\/\/www.visit-ulcinj.com\/blog\/wp-content\/uploads\/2016\/04\/Nikola-Gegaj.jpg 445w, https:\/\/www.visit-ulcinj.com\/blog\/wp-content\/uploads\/2016\/04\/Nikola-Gegaj-300x235.jpg 300w\" sizes=\"(max-width: 508px) 100vw, 508px\" \/><\/a><\/p>\n<p><strong>Bez lo\u0161e namjere<\/strong><\/p>\n<p>Komentari\u0161u\u0107i potpisivanje ovog Memoranduma, Funkcioner DPS-a Nikola Gegaj kazao je u izjavi za CdM da prema njegovoj procjeni sporazum potpisan u Tirani ima za cilj saradnju u oblasti urbanizma, \u017eivotne sredine, turizma, kulture. Komentari\u0161u\u0107i to \u0161to je Ulcinj nazvan \u201ealbanskom op\u0161tinom\u201c Gegaj navodi:<\/p>\n<p><strong>\u201eJa vjerujem da ni gradonacelnik Tirane Erjon Veliaj nije imao lo\u0161u namjeru, ve\u0107 \u017eelju da sara\u0111uje sa gradovima gdje u ve\u0107ini \u017eive Albanci u regionu, i da zajedno do\u0111u do rje\u0161enja koje \u0107e biti u interesu i Crne Gore i Albanije koje imaju inzvaredne odnose u svim poljima\u201c<\/strong>, ocjenjuje Gegaj.<\/p>\n<p><strong>\u201eTo su samo velike gluposti. Taj projekat nema podr\u0161ku ni u samoj Albaniji a kamoli u drugim sredinama gdje \u017eive Albanci. Uostalom, ja kao pripadnik gra\u0111anske stranke sam pristalica da gradovi u regionu treba da sara\u0111uju u svim oblastima, i da ta saradnja bude u interesu svih\u201c<\/strong>, kazao je Gegaj.<\/p>\n<p><strong>Izvor: <a href=\"http:\/\/www.cdm.me\/politika\/kako-gradonacelnik-crnogorskog-ulcinja-moze-da-potpise-da-je-to-albanska-opstina\">Cafe Del Montenegro<\/a><\/strong><\/p>\n","protected":false},"excerpt":{"rendered":"<p>Povodom obilje\u017eavanja nezavisnosti Albanije u Tirani je potpisan memorandum kojim je formirana \u201eUnija albanskih op\u0161tina regiona\u201c, a u tu Uniju uvr\u0161ten je i CRNOGORSKI Ulcinj. Mnogi su se nakon \u0161to je ta infromacija objavljena zapitali \u2013 kako je mogu\u0107e da je grad koji se nalazi na jugu Crne Gore progla\u0161en za albanski? CdM je kontaktirao [&hellip;]<\/p>\n","protected":false},"author":1,"featured_media":0,"comment_status":"closed","ping_status":"closed","sticky":false,"template":"","format":"standard","meta":{"spay_email":"","jetpack_publicize_message":"","jetpack_is_tweetstorm":false,"jetpack_publicize_feature_enabled":true},"categories":[6950],"tags":[],"jetpack_publicize_connections":[],"yoast_head":"<!-- This site is optimized with the Yoast SEO plugin v19.1 - https:\/\/yoast.com\/wordpress\/plugins\/seo\/ -->\n<title>Kako gradona\u010delnik crnogorskog Ulcinja mo\u017ee da potpi\u0161e da je to &quot;albanska op\u0161tina&quot;? - Lajme nga Ulqini<\/title>\n<meta name=\"description\" content=\"Povodom obilje\u017eavanja nezavisnosti Albanije u Tirani je potpisan memorandum kojim je formirana \u201eUnija albanskih op\u0161tina regiona\u201c, a u tu Uniju uvr\u0161ten je\" \/>\n<meta name=\"robots\" content=\"index, follow, max-snippet:-1, max-image-preview:large, max-video-preview:-1\" \/>\n<link rel=\"canonical\" href=\"https:\/\/www.visit-ulcinj.com\/blog\/2016\/12\/01\/kako-gradonacelnik-crnogorskog-ulcinja-moze-da-potpise-da-je-albanska-opstina\/\" \/>\n<meta property=\"og:locale\" content=\"en_US\" \/>\n<meta property=\"og:type\" content=\"article\" \/>\n<meta property=\"og:title\" content=\"Kako gradona\u010delnik crnogorskog Ulcinja mo\u017ee da potpi\u0161e da je to &quot;albanska op\u0161tina&quot;? - Lajme nga Ulqini\" \/>\n<meta property=\"og:description\" content=\"Povodom obilje\u017eavanja nezavisnosti Albanije u Tirani je potpisan memorandum kojim je formirana \u201eUnija albanskih op\u0161tina regiona\u201c, a u tu Uniju uvr\u0161ten je\" \/>\n<meta property=\"og:url\" content=\"https:\/\/www.visit-ulcinj.com\/blog\/2016\/12\/01\/kako-gradonacelnik-crnogorskog-ulcinja-moze-da-potpise-da-je-albanska-opstina\/\" \/>\n<meta property=\"og:site_name\" content=\"Lajme nga Ulqini\" \/>\n<meta property=\"article:published_time\" content=\"2016-12-01T22:10:07+00:00\" \/>\n<meta property=\"og:image\" content=\"http:\/\/www.visit-ulcinj.com\/blog\/wp-content\/uploads\/2016\/11\/Veliaj-me-kryetaret-e-bashkive-shqitpare-te-rajonit-Nazif-Cungu.jpg\" \/>\n<meta name=\"twitter:label1\" content=\"Written by\" \/>\n\t<meta name=\"twitter:data1\" content=\"ulqini\" \/>\n\t<meta name=\"twitter:label2\" content=\"Est. reading time\" \/>\n\t<meta name=\"twitter:data2\" content=\"2 minutes\" \/>\n<script type=\"application\/ld+json\" class=\"yoast-schema-graph\">{\"@context\":\"https:\/\/schema.org\",\"@graph\":[{\"@type\":\"WebSite\",\"@id\":\"https:\/\/www.visit-ulcinj.com\/blog\/#website\",\"url\":\"https:\/\/www.visit-ulcinj.com\/blog\/\",\"name\":\"Lajme nga Ulqini\",\"description\":\"Lajme,Vijesti,Ulqini,Ulqin,Crna Gora,Mali i Zi\",\"potentialAction\":[{\"@type\":\"SearchAction\",\"target\":{\"@type\":\"EntryPoint\",\"urlTemplate\":\"https:\/\/www.visit-ulcinj.com\/blog\/?s={search_term_string}\"},\"query-input\":\"required name=search_term_string\"}],\"inLanguage\":\"en-US\"},{\"@type\":\"ImageObject\",\"inLanguage\":\"en-US\",\"@id\":\"https:\/\/www.visit-ulcinj.com\/blog\/2016\/12\/01\/kako-gradonacelnik-crnogorskog-ulcinja-moze-da-potpise-da-je-albanska-opstina\/#primaryimage\",\"url\":\"https:\/\/www.visit-ulcinj.com\/blog\/wp-content\/uploads\/2016\/11\/Veliaj-me-kryetaret-e-bashkive-shqitpare-te-rajonit-Nazif-Cungu.jpg\",\"contentUrl\":\"https:\/\/www.visit-ulcinj.com\/blog\/wp-content\/uploads\/2016\/11\/Veliaj-me-kryetaret-e-bashkive-shqitpare-te-rajonit-Nazif-Cungu.jpg\",\"width\":750,\"height\":400},{\"@type\":\"WebPage\",\"@id\":\"https:\/\/www.visit-ulcinj.com\/blog\/2016\/12\/01\/kako-gradonacelnik-crnogorskog-ulcinja-moze-da-potpise-da-je-albanska-opstina\/#webpage\",\"url\":\"https:\/\/www.visit-ulcinj.com\/blog\/2016\/12\/01\/kako-gradonacelnik-crnogorskog-ulcinja-moze-da-potpise-da-je-albanska-opstina\/\",\"name\":\"Kako gradona\u010delnik crnogorskog Ulcinja mo\u017ee da potpi\u0161e da je to \\\"albanska op\u0161tina\\\"? - Lajme nga Ulqini\",\"isPartOf\":{\"@id\":\"https:\/\/www.visit-ulcinj.com\/blog\/#website\"},\"primaryImageOfPage\":{\"@id\":\"https:\/\/www.visit-ulcinj.com\/blog\/2016\/12\/01\/kako-gradonacelnik-crnogorskog-ulcinja-moze-da-potpise-da-je-albanska-opstina\/#primaryimage\"},\"datePublished\":\"2016-12-01T22:10:07+00:00\",\"dateModified\":\"2016-12-01T22:10:07+00:00\",\"author\":{\"@id\":\"https:\/\/www.visit-ulcinj.com\/blog\/#\/schema\/person\/dcab619c614d3038751c63bc2aadc06d\"},\"description\":\"Povodom obilje\u017eavanja nezavisnosti Albanije u Tirani je potpisan memorandum kojim je formirana \u201eUnija albanskih op\u0161tina regiona\u201c, a u tu Uniju uvr\u0161ten je\",\"breadcrumb\":{\"@id\":\"https:\/\/www.visit-ulcinj.com\/blog\/2016\/12\/01\/kako-gradonacelnik-crnogorskog-ulcinja-moze-da-potpise-da-je-albanska-opstina\/#breadcrumb\"},\"inLanguage\":\"en-US\",\"potentialAction\":[{\"@type\":\"ReadAction\",\"target\":[\"https:\/\/www.visit-ulcinj.com\/blog\/2016\/12\/01\/kako-gradonacelnik-crnogorskog-ulcinja-moze-da-potpise-da-je-albanska-opstina\/\"]}]},{\"@type\":\"BreadcrumbList\",\"@id\":\"https:\/\/www.visit-ulcinj.com\/blog\/2016\/12\/01\/kako-gradonacelnik-crnogorskog-ulcinja-moze-da-potpise-da-je-albanska-opstina\/#breadcrumb\",\"itemListElement\":[{\"@type\":\"ListItem\",\"position\":1,\"name\":\"Kako gradona\u010delnik crnogorskog Ulcinja mo\u017ee da potpi\u0161e da je to &#8220;albanska op\u0161tina&#8221;?\"}]},{\"@type\":\"Person\",\"@id\":\"https:\/\/www.visit-ulcinj.com\/blog\/#\/schema\/person\/dcab619c614d3038751c63bc2aadc06d\",\"name\":\"ulqini\",\"sameAs\":[\"http:\/\/www.visit-ulcinj.com\"],\"url\":\"https:\/\/www.visit-ulcinj.com\/blog\/author\/admin\/\"}]}<\/script>\n<!-- \/ Yoast SEO plugin. -->","yoast_head_json":{"title":"Kako gradona\u010delnik crnogorskog Ulcinja mo\u017ee da potpi\u0161e da je to \"albanska op\u0161tina\"? - Lajme nga Ulqini","description":"Povodom obilje\u017eavanja nezavisnosti Albanije u Tirani je potpisan memorandum kojim je formirana \u201eUnija albanskih op\u0161tina regiona\u201c, a u tu Uniju uvr\u0161ten je","robots":{"index":"index","follow":"follow","max-snippet":"max-snippet:-1","max-image-preview":"max-image-preview:large","max-video-preview":"max-video-preview:-1"},"canonical":"https:\/\/www.visit-ulcinj.com\/blog\/2016\/12\/01\/kako-gradonacelnik-crnogorskog-ulcinja-moze-da-potpise-da-je-albanska-opstina\/","og_locale":"en_US","og_type":"article","og_title":"Kako gradona\u010delnik crnogorskog Ulcinja mo\u017ee da potpi\u0161e da je to \"albanska op\u0161tina\"? - Lajme nga Ulqini","og_description":"Povodom obilje\u017eavanja nezavisnosti Albanije u Tirani je potpisan memorandum kojim je formirana \u201eUnija albanskih op\u0161tina regiona\u201c, a u tu Uniju uvr\u0161ten je","og_url":"https:\/\/www.visit-ulcinj.com\/blog\/2016\/12\/01\/kako-gradonacelnik-crnogorskog-ulcinja-moze-da-potpise-da-je-albanska-opstina\/","og_site_name":"Lajme nga Ulqini","article_published_time":"2016-12-01T22:10:07+00:00","og_image":[{"url":"http:\/\/www.visit-ulcinj.com\/blog\/wp-content\/uploads\/2016\/11\/Veliaj-me-kryetaret-e-bashkive-shqitpare-te-rajonit-Nazif-Cungu.jpg"}],"twitter_misc":{"Written by":"ulqini","Est. reading time":"2 minutes"},"schema":{"@context":"https:\/\/schema.org","@graph":[{"@type":"WebSite","@id":"https:\/\/www.visit-ulcinj.com\/blog\/#website","url":"https:\/\/www.visit-ulcinj.com\/blog\/","name":"Lajme nga Ulqini","description":"Lajme,Vijesti,Ulqini,Ulqin,Crna Gora,Mali i Zi","potentialAction":[{"@type":"SearchAction","target":{"@type":"EntryPoint","urlTemplate":"https:\/\/www.visit-ulcinj.com\/blog\/?s={search_term_string}"},"query-input":"required name=search_term_string"}],"inLanguage":"en-US"},{"@type":"ImageObject","inLanguage":"en-US","@id":"https:\/\/www.visit-ulcinj.com\/blog\/2016\/12\/01\/kako-gradonacelnik-crnogorskog-ulcinja-moze-da-potpise-da-je-albanska-opstina\/#primaryimage","url":"https:\/\/www.visit-ulcinj.com\/blog\/wp-content\/uploads\/2016\/11\/Veliaj-me-kryetaret-e-bashkive-shqitpare-te-rajonit-Nazif-Cungu.jpg","contentUrl":"https:\/\/www.visit-ulcinj.com\/blog\/wp-content\/uploads\/2016\/11\/Veliaj-me-kryetaret-e-bashkive-shqitpare-te-rajonit-Nazif-Cungu.jpg","width":750,"height":400},{"@type":"WebPage","@id":"https:\/\/www.visit-ulcinj.com\/blog\/2016\/12\/01\/kako-gradonacelnik-crnogorskog-ulcinja-moze-da-potpise-da-je-albanska-opstina\/#webpage","url":"https:\/\/www.visit-ulcinj.com\/blog\/2016\/12\/01\/kako-gradonacelnik-crnogorskog-ulcinja-moze-da-potpise-da-je-albanska-opstina\/","name":"Kako gradona\u010delnik crnogorskog Ulcinja mo\u017ee da potpi\u0161e da je to \"albanska op\u0161tina\"? - Lajme nga Ulqini","isPartOf":{"@id":"https:\/\/www.visit-ulcinj.com\/blog\/#website"},"primaryImageOfPage":{"@id":"https:\/\/www.visit-ulcinj.com\/blog\/2016\/12\/01\/kako-gradonacelnik-crnogorskog-ulcinja-moze-da-potpise-da-je-albanska-opstina\/#primaryimage"},"datePublished":"2016-12-01T22:10:07+00:00","dateModified":"2016-12-01T22:10:07+00:00","author":{"@id":"https:\/\/www.visit-ulcinj.com\/blog\/#\/schema\/person\/dcab619c614d3038751c63bc2aadc06d"},"description":"Povodom obilje\u017eavanja nezavisnosti Albanije u Tirani je potpisan memorandum kojim je formirana \u201eUnija albanskih op\u0161tina regiona\u201c, a u tu Uniju uvr\u0161ten je","breadcrumb":{"@id":"https:\/\/www.visit-ulcinj.com\/blog\/2016\/12\/01\/kako-gradonacelnik-crnogorskog-ulcinja-moze-da-potpise-da-je-albanska-opstina\/#breadcrumb"},"inLanguage":"en-US","potentialAction":[{"@type":"ReadAction","target":["https:\/\/www.visit-ulcinj.com\/blog\/2016\/12\/01\/kako-gradonacelnik-crnogorskog-ulcinja-moze-da-potpise-da-je-albanska-opstina\/"]}]},{"@type":"BreadcrumbList","@id":"https:\/\/www.visit-ulcinj.com\/blog\/2016\/12\/01\/kako-gradonacelnik-crnogorskog-ulcinja-moze-da-potpise-da-je-albanska-opstina\/#breadcrumb","itemListElement":[{"@type":"ListItem","position":1,"name":"Kako gradona\u010delnik crnogorskog Ulcinja mo\u017ee da potpi\u0161e da je to &#8220;albanska op\u0161tina&#8221;?"}]},{"@type":"Person","@id":"https:\/\/www.visit-ulcinj.com\/blog\/#\/schema\/person\/dcab619c614d3038751c63bc2aadc06d","name":"ulqini","sameAs":["http:\/\/www.visit-ulcinj.com"],"url":"https:\/\/www.visit-ulcinj.com\/blog\/author\/admin\/"}]}},"jetpack_featured_media_url":"","jetpack_sharing_enabled":true,"jetpack_shortlink":"https:\/\/wp.me\/pe6lTn-qnT","_links":{"self":[{"href":"https:\/\/www.visit-ulcinj.com\/blog\/wp-json\/wp\/v2\/posts\/101425"}],"collection":[{"href":"https:\/\/www.visit-ulcinj.com\/blog\/wp-json\/wp\/v2\/posts"}],"about":[{"href":"https:\/\/www.visit-ulcinj.com\/blog\/wp-json\/wp\/v2\/types\/post"}],"author":[{"embeddable":true,"href":"https:\/\/www.visit-ulcinj.com\/blog\/wp-json\/wp\/v2\/users\/1"}],"replies":[{"embeddable":true,"href":"https:\/\/www.visit-ulcinj.com\/blog\/wp-json\/wp\/v2\/comments?post=101425"}],"version-history":[{"count":1,"href":"https:\/\/www.visit-ulcinj.com\/blog\/wp-json\/wp\/v2\/posts\/101425\/revisions"}],"predecessor-version":[{"id":101426,"href":"https:\/\/www.visit-ulcinj.com\/blog\/wp-json\/wp\/v2\/posts\/101425\/revisions\/101426"}],"wp:attachment":[{"href":"https:\/\/www.visit-ulcinj.com\/blog\/wp-json\/wp\/v2\/media?parent=101425"}],"wp:term":[{"taxonomy":"category","embeddable":true,"href":"https:\/\/www.visit-ulcinj.com\/blog\/wp-json\/wp\/v2\/categories?post=101425"},{"taxonomy":"post_tag","embeddable":true,"href":"https:\/\/www.visit-ulcinj.com\/blog\/wp-json\/wp\/v2\/tags?post=101425"}],"curies":[{"name":"wp","href":"https:\/\/api.w.org\/{rel}","templated":true}]}}