{"id":101427,"date":"2016-12-01T23:46:21","date_gmt":"2016-12-01T22:46:21","guid":{"rendered":"http:\/\/www.visit-ulcinj.com\/blog\/?p=101427"},"modified":"2016-12-01T23:46:21","modified_gmt":"2016-12-01T22:46:21","slug":"deljosaj-albanci-traze-tri-zagarantovana-mandata","status":"publish","type":"post","link":"https:\/\/www.visit-ulcinj.com\/blog\/2016\/12\/01\/deljosaj-albanci-traze-tri-zagarantovana-mandata\/","title":{"rendered":"\u0110eljo\u0161aj: Albanci tra\u017ee tri zagarantovana mandata"},"content":{"rendered":"<p><strong><a href=\"http:\/\/www.visit-ulcinj.com\/blog\/wp-content\/uploads\/2016\/12\/Nik-Gjeloshaj.jpg\"><img loading=\"lazy\" class=\"alignleft wp-image-101428\" src=\"http:\/\/www.visit-ulcinj.com\/blog\/wp-content\/uploads\/2016\/12\/Nik-Gjeloshaj.jpg\" alt=\"Nik Gjeloshaj\" width=\"508\" height=\"381\" srcset=\"https:\/\/www.visit-ulcinj.com\/blog\/wp-content\/uploads\/2016\/12\/Nik-Gjeloshaj.jpg 960w, https:\/\/www.visit-ulcinj.com\/blog\/wp-content\/uploads\/2016\/12\/Nik-Gjeloshaj-300x225.jpg 300w, https:\/\/www.visit-ulcinj.com\/blog\/wp-content\/uploads\/2016\/12\/Nik-Gjeloshaj-768x576.jpg 768w\" sizes=\"(max-width: 508px) 100vw, 508px\" \/><\/a>Funkcioner koalicije ,,Albanci odlu\u010dno\u201d Nik \u0110eljo\u0161aj izjavio je za Pobjedu da se zala\u017ee za izmjene izbornog zakonodavstva po kome bi bila garantovana tri mandata koje \u0107e podijeliti albanske liste koje pre\u0111u cenzus od jedan odsto. <\/strong><\/p>\n<p>\u201eNa\u0161 cilj je da glasovi koji idu albanskim partijama budu adekvatno i predstavljeni. Zakon koji je na snazi nema afirmativan karakter, osim za hrvatsku nacionalnu manjinu. Na\u0161 prioritet je da onemogu\u0107imo da u na\u0161em narodu, oni koji su najve\u0107i na\u0161i politi\u010dki protivnici na\u0111u pla\u0107enike koji \u0107e za li\u010dnu korist prosuti 500- 1000 glasova\u201d, izjavio je \u0110eljo\u0161aj za Pobjedu.<\/p>\n<div class=\"td-g-rec td-g-rec-id-content_inlineright \"><\/div>\n<p>On se zala\u017ee da se pove\u0107a cenzus od 0,7 odsto za liste koje \u0107e u\u010destvovati u podjeli mandata i da budu garantovana tri mandata koje \u0107e podijeliti albanske liste koje pre\u0111u cenzus od jedan odsto.<\/p>\n<p>Funkcioner Albanske alternative, koja zajedno sa partijama Forca i DUA \u010dine koaliciju \u201eAlbanci odlu\u010dno\u201c, smatra da bi ovo bila \u201eafirmativna akcija\u201c.<\/p>\n<p>Demokratska partija socijalista obavezala se koalicionim sporazumom sa koalicijom ,,Albanci odlu\u010dno\u201c da \u0107e inicirati izmjene izbornog zakonodavstva po kojem \u0107e Albanci dobiti zagarantovana mjesta u crnogorskom parlamentu.<\/p>\n<p><strong>Izvor: <a href=\"http:\/\/www.rtcg.me\/vijesti\/politika\/149063\/albanci-traze-tri-zagarantovana-mandata.html\">Radio Televizija Crne Gore<\/a><\/strong><\/p>\n","protected":false},"excerpt":{"rendered":"<p>Funkcioner koalicije ,,Albanci odlu\u010dno\u201d Nik \u0110eljo\u0161aj izjavio je za Pobjedu da se zala\u017ee za izmjene izbornog zakonodavstva po kome bi bila garantovana tri mandata koje \u0107e podijeliti albanske liste koje pre\u0111u cenzus od jedan odsto. \u201eNa\u0161 cilj je da glasovi koji idu albanskim partijama budu adekvatno i predstavljeni. Zakon koji je na snazi nema afirmativan [&hellip;]<\/p>\n","protected":false},"author":1,"featured_media":0,"comment_status":"closed","ping_status":"closed","sticky":false,"template":"","format":"standard","meta":{"spay_email":"","jetpack_publicize_message":"","jetpack_is_tweetstorm":false,"jetpack_publicize_feature_enabled":true},"categories":[8337],"tags":[],"jetpack_publicize_connections":[],"yoast_head":"<!-- This site is optimized with the Yoast SEO plugin v19.1 - https:\/\/yoast.com\/wordpress\/plugins\/seo\/ -->\n<title>\u0110eljo\u0161aj: Albanci tra\u017ee tri zagarantovana mandata - Lajme nga Ulqini<\/title>\n<meta name=\"description\" content=\"Funkcioner koalicije ,,Albanci odlu\u010dno\u201d Nik \u0110eljo\u0161aj izjavio je za Pobjedu da se zala\u017ee za izmjene izbornog zakonodavstva po kome bi bila garantovana tri\" \/>\n<meta name=\"robots\" content=\"index, follow, max-snippet:-1, max-image-preview:large, max-video-preview:-1\" \/>\n<link rel=\"canonical\" href=\"https:\/\/www.visit-ulcinj.com\/blog\/2016\/12\/01\/deljosaj-albanci-traze-tri-zagarantovana-mandata\/\" \/>\n<meta property=\"og:locale\" content=\"en_US\" \/>\n<meta property=\"og:type\" content=\"article\" \/>\n<meta property=\"og:title\" content=\"\u0110eljo\u0161aj: Albanci tra\u017ee tri zagarantovana mandata - Lajme nga Ulqini\" \/>\n<meta property=\"og:description\" content=\"Funkcioner koalicije ,,Albanci odlu\u010dno\u201d Nik \u0110eljo\u0161aj izjavio je za Pobjedu da se zala\u017ee za izmjene izbornog zakonodavstva po kome bi bila garantovana tri\" \/>\n<meta property=\"og:url\" content=\"https:\/\/www.visit-ulcinj.com\/blog\/2016\/12\/01\/deljosaj-albanci-traze-tri-zagarantovana-mandata\/\" \/>\n<meta property=\"og:site_name\" content=\"Lajme nga Ulqini\" \/>\n<meta property=\"article:published_time\" content=\"2016-12-01T22:46:21+00:00\" \/>\n<meta property=\"og:image\" content=\"http:\/\/www.visit-ulcinj.com\/blog\/wp-content\/uploads\/2016\/12\/Nik-Gjeloshaj.jpg\" \/>\n<meta name=\"twitter:label1\" content=\"Written by\" \/>\n\t<meta name=\"twitter:data1\" content=\"ulqini\" \/>\n\t<meta name=\"twitter:label2\" content=\"Est. reading time\" \/>\n\t<meta name=\"twitter:data2\" content=\"1 minute\" \/>\n<script type=\"application\/ld+json\" class=\"yoast-schema-graph\">{\"@context\":\"https:\/\/schema.org\",\"@graph\":[{\"@type\":\"WebSite\",\"@id\":\"https:\/\/www.visit-ulcinj.com\/blog\/#website\",\"url\":\"https:\/\/www.visit-ulcinj.com\/blog\/\",\"name\":\"Lajme nga Ulqini\",\"description\":\"Lajme,Vijesti,Ulqini,Ulqin,Crna Gora,Mali i Zi\",\"potentialAction\":[{\"@type\":\"SearchAction\",\"target\":{\"@type\":\"EntryPoint\",\"urlTemplate\":\"https:\/\/www.visit-ulcinj.com\/blog\/?s={search_term_string}\"},\"query-input\":\"required name=search_term_string\"}],\"inLanguage\":\"en-US\"},{\"@type\":\"ImageObject\",\"inLanguage\":\"en-US\",\"@id\":\"https:\/\/www.visit-ulcinj.com\/blog\/2016\/12\/01\/deljosaj-albanci-traze-tri-zagarantovana-mandata\/#primaryimage\",\"url\":\"https:\/\/www.visit-ulcinj.com\/blog\/wp-content\/uploads\/2016\/12\/Nik-Gjeloshaj.jpg\",\"contentUrl\":\"https:\/\/www.visit-ulcinj.com\/blog\/wp-content\/uploads\/2016\/12\/Nik-Gjeloshaj.jpg\",\"width\":960,\"height\":720},{\"@type\":\"WebPage\",\"@id\":\"https:\/\/www.visit-ulcinj.com\/blog\/2016\/12\/01\/deljosaj-albanci-traze-tri-zagarantovana-mandata\/#webpage\",\"url\":\"https:\/\/www.visit-ulcinj.com\/blog\/2016\/12\/01\/deljosaj-albanci-traze-tri-zagarantovana-mandata\/\",\"name\":\"\u0110eljo\u0161aj: Albanci tra\u017ee tri zagarantovana mandata - Lajme nga Ulqini\",\"isPartOf\":{\"@id\":\"https:\/\/www.visit-ulcinj.com\/blog\/#website\"},\"primaryImageOfPage\":{\"@id\":\"https:\/\/www.visit-ulcinj.com\/blog\/2016\/12\/01\/deljosaj-albanci-traze-tri-zagarantovana-mandata\/#primaryimage\"},\"datePublished\":\"2016-12-01T22:46:21+00:00\",\"dateModified\":\"2016-12-01T22:46:21+00:00\",\"author\":{\"@id\":\"https:\/\/www.visit-ulcinj.com\/blog\/#\/schema\/person\/dcab619c614d3038751c63bc2aadc06d\"},\"description\":\"Funkcioner koalicije ,,Albanci odlu\u010dno\u201d Nik \u0110eljo\u0161aj izjavio je za Pobjedu da se zala\u017ee za izmjene izbornog zakonodavstva po kome bi bila garantovana tri\",\"breadcrumb\":{\"@id\":\"https:\/\/www.visit-ulcinj.com\/blog\/2016\/12\/01\/deljosaj-albanci-traze-tri-zagarantovana-mandata\/#breadcrumb\"},\"inLanguage\":\"en-US\",\"potentialAction\":[{\"@type\":\"ReadAction\",\"target\":[\"https:\/\/www.visit-ulcinj.com\/blog\/2016\/12\/01\/deljosaj-albanci-traze-tri-zagarantovana-mandata\/\"]}]},{\"@type\":\"BreadcrumbList\",\"@id\":\"https:\/\/www.visit-ulcinj.com\/blog\/2016\/12\/01\/deljosaj-albanci-traze-tri-zagarantovana-mandata\/#breadcrumb\",\"itemListElement\":[{\"@type\":\"ListItem\",\"position\":1,\"name\":\"\u0110eljo\u0161aj: Albanci tra\u017ee tri zagarantovana mandata\"}]},{\"@type\":\"Person\",\"@id\":\"https:\/\/www.visit-ulcinj.com\/blog\/#\/schema\/person\/dcab619c614d3038751c63bc2aadc06d\",\"name\":\"ulqini\",\"sameAs\":[\"http:\/\/www.visit-ulcinj.com\"],\"url\":\"https:\/\/www.visit-ulcinj.com\/blog\/author\/admin\/\"}]}<\/script>\n<!-- \/ Yoast SEO plugin. -->","yoast_head_json":{"title":"\u0110eljo\u0161aj: Albanci tra\u017ee tri zagarantovana mandata - Lajme nga Ulqini","description":"Funkcioner koalicije ,,Albanci odlu\u010dno\u201d Nik \u0110eljo\u0161aj izjavio je za Pobjedu da se zala\u017ee za izmjene izbornog zakonodavstva po kome bi bila garantovana tri","robots":{"index":"index","follow":"follow","max-snippet":"max-snippet:-1","max-image-preview":"max-image-preview:large","max-video-preview":"max-video-preview:-1"},"canonical":"https:\/\/www.visit-ulcinj.com\/blog\/2016\/12\/01\/deljosaj-albanci-traze-tri-zagarantovana-mandata\/","og_locale":"en_US","og_type":"article","og_title":"\u0110eljo\u0161aj: Albanci tra\u017ee tri zagarantovana mandata - Lajme nga Ulqini","og_description":"Funkcioner koalicije ,,Albanci odlu\u010dno\u201d Nik \u0110eljo\u0161aj izjavio je za Pobjedu da se zala\u017ee za izmjene izbornog zakonodavstva po kome bi bila garantovana tri","og_url":"https:\/\/www.visit-ulcinj.com\/blog\/2016\/12\/01\/deljosaj-albanci-traze-tri-zagarantovana-mandata\/","og_site_name":"Lajme nga Ulqini","article_published_time":"2016-12-01T22:46:21+00:00","og_image":[{"url":"http:\/\/www.visit-ulcinj.com\/blog\/wp-content\/uploads\/2016\/12\/Nik-Gjeloshaj.jpg"}],"twitter_misc":{"Written by":"ulqini","Est. reading time":"1 minute"},"schema":{"@context":"https:\/\/schema.org","@graph":[{"@type":"WebSite","@id":"https:\/\/www.visit-ulcinj.com\/blog\/#website","url":"https:\/\/www.visit-ulcinj.com\/blog\/","name":"Lajme nga Ulqini","description":"Lajme,Vijesti,Ulqini,Ulqin,Crna Gora,Mali i Zi","potentialAction":[{"@type":"SearchAction","target":{"@type":"EntryPoint","urlTemplate":"https:\/\/www.visit-ulcinj.com\/blog\/?s={search_term_string}"},"query-input":"required name=search_term_string"}],"inLanguage":"en-US"},{"@type":"ImageObject","inLanguage":"en-US","@id":"https:\/\/www.visit-ulcinj.com\/blog\/2016\/12\/01\/deljosaj-albanci-traze-tri-zagarantovana-mandata\/#primaryimage","url":"https:\/\/www.visit-ulcinj.com\/blog\/wp-content\/uploads\/2016\/12\/Nik-Gjeloshaj.jpg","contentUrl":"https:\/\/www.visit-ulcinj.com\/blog\/wp-content\/uploads\/2016\/12\/Nik-Gjeloshaj.jpg","width":960,"height":720},{"@type":"WebPage","@id":"https:\/\/www.visit-ulcinj.com\/blog\/2016\/12\/01\/deljosaj-albanci-traze-tri-zagarantovana-mandata\/#webpage","url":"https:\/\/www.visit-ulcinj.com\/blog\/2016\/12\/01\/deljosaj-albanci-traze-tri-zagarantovana-mandata\/","name":"\u0110eljo\u0161aj: Albanci tra\u017ee tri zagarantovana mandata - Lajme nga Ulqini","isPartOf":{"@id":"https:\/\/www.visit-ulcinj.com\/blog\/#website"},"primaryImageOfPage":{"@id":"https:\/\/www.visit-ulcinj.com\/blog\/2016\/12\/01\/deljosaj-albanci-traze-tri-zagarantovana-mandata\/#primaryimage"},"datePublished":"2016-12-01T22:46:21+00:00","dateModified":"2016-12-01T22:46:21+00:00","author":{"@id":"https:\/\/www.visit-ulcinj.com\/blog\/#\/schema\/person\/dcab619c614d3038751c63bc2aadc06d"},"description":"Funkcioner koalicije ,,Albanci odlu\u010dno\u201d Nik \u0110eljo\u0161aj izjavio je za Pobjedu da se zala\u017ee za izmjene izbornog zakonodavstva po kome bi bila garantovana tri","breadcrumb":{"@id":"https:\/\/www.visit-ulcinj.com\/blog\/2016\/12\/01\/deljosaj-albanci-traze-tri-zagarantovana-mandata\/#breadcrumb"},"inLanguage":"en-US","potentialAction":[{"@type":"ReadAction","target":["https:\/\/www.visit-ulcinj.com\/blog\/2016\/12\/01\/deljosaj-albanci-traze-tri-zagarantovana-mandata\/"]}]},{"@type":"BreadcrumbList","@id":"https:\/\/www.visit-ulcinj.com\/blog\/2016\/12\/01\/deljosaj-albanci-traze-tri-zagarantovana-mandata\/#breadcrumb","itemListElement":[{"@type":"ListItem","position":1,"name":"\u0110eljo\u0161aj: Albanci tra\u017ee tri zagarantovana mandata"}]},{"@type":"Person","@id":"https:\/\/www.visit-ulcinj.com\/blog\/#\/schema\/person\/dcab619c614d3038751c63bc2aadc06d","name":"ulqini","sameAs":["http:\/\/www.visit-ulcinj.com"],"url":"https:\/\/www.visit-ulcinj.com\/blog\/author\/admin\/"}]}},"jetpack_featured_media_url":"","jetpack_sharing_enabled":true,"jetpack_shortlink":"https:\/\/wp.me\/pe6lTn-qnV","_links":{"self":[{"href":"https:\/\/www.visit-ulcinj.com\/blog\/wp-json\/wp\/v2\/posts\/101427"}],"collection":[{"href":"https:\/\/www.visit-ulcinj.com\/blog\/wp-json\/wp\/v2\/posts"}],"about":[{"href":"https:\/\/www.visit-ulcinj.com\/blog\/wp-json\/wp\/v2\/types\/post"}],"author":[{"embeddable":true,"href":"https:\/\/www.visit-ulcinj.com\/blog\/wp-json\/wp\/v2\/users\/1"}],"replies":[{"embeddable":true,"href":"https:\/\/www.visit-ulcinj.com\/blog\/wp-json\/wp\/v2\/comments?post=101427"}],"version-history":[{"count":1,"href":"https:\/\/www.visit-ulcinj.com\/blog\/wp-json\/wp\/v2\/posts\/101427\/revisions"}],"predecessor-version":[{"id":101429,"href":"https:\/\/www.visit-ulcinj.com\/blog\/wp-json\/wp\/v2\/posts\/101427\/revisions\/101429"}],"wp:attachment":[{"href":"https:\/\/www.visit-ulcinj.com\/blog\/wp-json\/wp\/v2\/media?parent=101427"}],"wp:term":[{"taxonomy":"category","embeddable":true,"href":"https:\/\/www.visit-ulcinj.com\/blog\/wp-json\/wp\/v2\/categories?post=101427"},{"taxonomy":"post_tag","embeddable":true,"href":"https:\/\/www.visit-ulcinj.com\/blog\/wp-json\/wp\/v2\/tags?post=101427"}],"curies":[{"name":"wp","href":"https:\/\/api.w.org\/{rel}","templated":true}]}}