{"id":101434,"date":"2016-12-02T08:59:18","date_gmt":"2016-12-02T07:59:18","guid":{"rendered":"http:\/\/www.visit-ulcinj.com\/blog\/?p=101434"},"modified":"2016-12-02T14:54:41","modified_gmt":"2016-12-02T13:54:41","slug":"nika-ali-salaj-ra-ne-lufte-haxhi-qamilat","status":"publish","type":"post","link":"https:\/\/www.visit-ulcinj.com\/blog\/2016\/12\/02\/nika-ali-salaj-ra-ne-lufte-haxhi-qamilat\/","title":{"rendered":"Nika: Ali Salaj ra n\u00eb luft\u00eb me Haxhi Qamilat&#8230;?!"},"content":{"rendered":"<p><strong><a href=\"http:\/\/www.visit-ulcinj.com\/blog\/wp-content\/uploads\/2012\/06\/Ali-Salaj_-Filmi-kosovar-ne-kerkim-te-identitetit.jpg\"><img loading=\"lazy\" class=\"alignleft wp-image-62006\" src=\"http:\/\/www.visit-ulcinj.com\/blog\/wp-content\/uploads\/2012\/06\/Ali-Salaj_-Filmi-kosovar-ne-kerkim-te-identitetit.jpg\" alt=\"Ali Salaj_ Filmi kosovar ne kerkim te identitetit\" width=\"508\" height=\"381\" srcset=\"https:\/\/www.visit-ulcinj.com\/blog\/wp-content\/uploads\/2012\/06\/Ali-Salaj_-Filmi-kosovar-ne-kerkim-te-identitetit.jpg 960w, https:\/\/www.visit-ulcinj.com\/blog\/wp-content\/uploads\/2012\/06\/Ali-Salaj_-Filmi-kosovar-ne-kerkim-te-identitetit-300x225.jpg 300w\" sizes=\"(max-width: 508px) 100vw, 508px\" \/><\/a>Shkruan: Muhamet Nika,<\/strong><\/p>\n<p><strong><em>Si do gdhijm\u00eb nes\u00ebr n\u00eb Evrop\u00eb, pa \u00a0v\u00ebrejtje n\u00eb kapitujt e hapur\u2026.?!!(2) <\/em><\/strong><\/p>\n<p>Kur lexova edhe m\u00eb tej \u00a0shqet\u00ebsimin e\u00a0 gazetarit Ali Salaj, rreth fatit t\u00eb bisedimeve evropiane p\u00ebr kapitujt e hapur \u00a0n\u00eb\u00a0 arsim e kultur\u00eb, mu kujtua drita e kuqe e ndezur n\u00eb automjet dhe \u00a0nj\u00ebkoh\u00ebsisht edhe m\u00eb keq ,\u00a0 fati tragjikomik\u00a0 i nj\u00eb fshatari torollak dhe aventurist nga Shqip\u00ebria e Mesme cili edhe ai desh e b\u00ebri nj\u00eb Shqip\u00ebri allaturka q\u00eb njihet si\u00a0 puna\u00a0 apo shteti i Haxhi Qamilit&#8230;?! Sot, \u00a0sjellja\u00a0 dhe veprimi i tij sh\u00ebrben si kuptim metaforik t\u00eb politikan\u00ebve\u00a0 shqiptar\u00eb me\u00a0 sahat t\u00eb ndalur..?!<\/p>\n<p>Fillimisht \u00e7far\u00eb deklaron\u00a0 Salaj:<\/p>\n<p>\u201c<em><strong>N\u00eb k\u00ebt\u00eb faz\u00eb, p\u00ebrfaq\u00ebsuesit e subjekteve politike t\u00eb shqiptar\u00ebve dhe shoqatat civile duhet ta njoftojn\u00eb K\u00ebshillin Evropian dhe faktor\u00ebt tjer\u00eb nd\u00ebrkomb\u00ebtar\u00eb \u00a0p\u00ebr gjendjen e krijuar n\u00eb mediat e pakicave dhe t\u2019i imponojn\u00eb pushtetit t\u00eb Malit t\u00eb Zi kriteret e qarta dhe t\u00eb vazhdueshme p\u00ebr mbrojtjen dhe zhvillimin e mediave n\u00eb gjuh\u00ebn shqipe. Ata duhet t\u00eb k\u00ebrkojn\u00eb subvencione t\u00eb sigurta p\u00ebr mediat n\u00eb gjuh\u00ebn shqipe, pa rrezikuar pavar\u00ebsin\u00eb e tyre nga nd\u00ebrhyrjet e mundshme t\u00eb shtetit\u2026<\/strong><\/em>\u201d?!<\/p>\n<p><strong>Dhe tashti edhe\u00a0 m\u00eb af\u00ebr-\u00a0 \u00e7far\u00eb b\u00ebri \u00a0tjet\u00ebr \u00a0Haxhi Qamili..?!<\/strong><\/p>\n<p>N\u00eb koh\u00ebn kur \u00a0n\u00eb Shqip\u00ebri e p\u00ebsoi edhe princi i bukur Vid( q\u00eb nj\u00eb mend ishte i bukur).Koha kur Noli shkruante : <strong>Te ura te ura \/ vraponi o burra&#8230;, <\/strong>duke mos kuptuar k\u00ebt\u00eb t\u00eb Abazoviqit?! V\u00ebrejm\u00eb\u00a0 \u00a0q\u00eb Vidi gjerman,\u00a0 t\u00eb qahej\u00a0 p\u00ebr ministrat e vet shqiptar\u00eb, \u00a0se e fillonin orarin e pun\u00ebs diku n\u00eb ora 12 t\u00eb dit\u00ebs, pasi t\u00ebr\u00eb nat\u00ebn kishin bredhur\u00a0 lokaleve t\u00eb Tiran\u00ebs me mense, femra e raki dhe n\u00eb zyr\u00eb u vinte era legen&#8230;?!<\/p>\n<p>Mu\u00a0 n\u00eb k\u00ebt\u00eb koh\u00eb , nj\u00eb fshatar injorant, \u00a0por kopuk , b\u00ebn nj\u00eb polici \u00a0t\u00eb veten me t\u00eb cil\u00ebn pushtoi disa qytetet t\u00eb Shqip\u00ebris\u00eb dhe kish dal\u00eb n\u00eb rrug\u00eb\u00a0 me parull\u00ebn\u00a0 \u201c Duam Bab\u00ebn, duam Babl\u00ebn&#8230;?! Po kush nuk e do bab\u00ebn do pyesni Ju?!!.<\/p>\n<p>Jo ky donte baba dauletin- \u00a0kthimin e Sulltanit- mund\u00ebsisht Hamitit..?!!<\/p>\n<p>Ky duke \u00ebnd\u00ebrruar kthimin e turkut, shkoi aq larg , sa q\u00eb nj\u00ebher\u00eb ndaloi e shqepi n\u00eb dru edhe do t\u00eb rinj kosovar\u00eb \u201c\u00a0 q\u00eb po kalonin pa e pyetur at\u00eb n\u00ebp\u00ebr Shqip\u00ebrin\u00eb e tij..\u201d, \u00a0p\u00ebr tu shkuar n\u00eb ndihm\u00eb shqiptar\u00ebve\u00a0 t\u00eb jugut q\u00eb kishin filluar luft\u00eb \u00a0me grek\u00eb&#8230;?!<\/p>\n<p>Pra \u00a0shihet se i kish mbetur fare sahati . Bile thuhet se pati sukses dhe \u00a0u ngjit edhe n\u00eb ballkonin e sht\u00ebpis\u00eb s\u00eb \u00a0pavar\u00ebsis\u00eb , n\u00eb Vlor\u00eb ku u ngrit flamuri.\u00a0 Dhe pasi hyri e u ngjit aty&#8230;, nuk diti se \u00e7far\u00eb t\u00eb b\u00ebnte pasi ish po duket me dy mendje : a t\u00eb\u00a0 mbaj \u00a0nj\u00eb fjalim apo t\u00eb k\u00ebrcej me ministrat e vet para se t\u00eb val\u00ebviste flamurin turk n\u00eb vend t\u00eb atij shqiptar e kur e b\u00ebri , hoqi dor\u00eb nga fjalimi dhe filloi t\u00eb k\u00ebrcej&#8230;?!!<\/p>\n<p><strong><em>Si do gdhijm\u00eb nes\u00ebr n\u00eb Evrop\u00eb<\/em><\/strong><\/p>\n<p>Edhe pse shpresa vdes e fundit dhe po ndodh\u00eb q\u00eb Mali i Zi , pa p\u00ebrmbushje te t\u00eb drejtave\u00a0 t\u00eb pakicave\u00a0 \u00a0t\u00eb\u00a0 zbardh\u00a0 n\u00eb Evrop\u00eb dhe ne kuptohet bashk\u00eb me te, at\u00ebher\u00eb kemi frik\u00eb se do\u00a0 zbardhim po duket\u00a0 \u00a0t\u00eb vdekur nga\u201d gilicimet\u201d e k\u00ebmb\u00ebs.<\/p>\n<p>Q\u00eb \u00a0simbolikisht do thot\u00eb se\u00a0 ka\u00a0 shum\u00eb mund\u00ebsi q\u00eb edhe vet\u00eb \u00a0autopsia\u00a0 mjek\u00ebsore \u00a0\u00a0e demokracis\u00eb moderne, t\u00eb konstatoj\u00eb se \u201c kur vdiq\u00ebm ..\u201d, vdiq\u00ebm\u00a0 nga t\u00eb qeshurat(e\u00a0 n\u00eb gjendje\u00a0 t\u00eb g\u00ebzueshme ) t\u00eb politik\u00ebs nacionale dhe t\u00eb \u00a0sektorit civil- pra bashk\u00eb\u00a0 me t\u00eb \u00a0t\u00ebr\u00eb atyre\u00a0 q\u00eb jan\u00eb t\u00eb vendosur\u00a0 dhe\u00a0 t\u00eb atyre me nj\u00eb q\u00ebllim?!<\/p>\n<p>Duke\u00a0 rezultuar \u00a0\u00a0k\u00ebshtu se na \u00a0mungonte \u00a0vet\u00ebdija p\u00ebr nj\u00eb \u00a0statusi\u00a0 m\u00eb\u00a0 t\u00eb \u00a0avancuar politik \u00a0te t\u00eb drejtave \u00a0\u2013 ashtu si \u00a0dikur \u00e7am\u00ebve \u00a0n\u00eb Greqi&#8230;?!!<\/p>\n<p><strong><em>Shih k\u00ebtu m\u00eb shum\u00eb nj\u00eb intervist\u00eb time me zotin Ali Salaj<\/em><\/strong> <strong><em>, n\u00eb koh\u00ebn para Haxhi Qamil\u00ebve<\/em><\/strong>\u2026.<\/p>\n<p><a href=\"http:\/\/www.visit-ulcinj.com\/blog\/wp-content\/uploads\/2016\/12\/Muhamet-Nika-Sekretar-i-Lidhjes-Demokratike.ne-male-te-zi.jpg\"><img loading=\"lazy\" class=\"alignleft wp-image-101451\" src=\"http:\/\/www.visit-ulcinj.com\/blog\/wp-content\/uploads\/2016\/12\/Muhamet-Nika-Sekretar-i-Lidhjes-Demokratike.ne-male-te-zi.jpg\" alt=\"Muhamet-Nika-Sekretar-i-Lidhjes-Demokratike.ne-male-te-zi\" width=\"508\" height=\"702\" srcset=\"https:\/\/www.visit-ulcinj.com\/blog\/wp-content\/uploads\/2016\/12\/Muhamet-Nika-Sekretar-i-Lidhjes-Demokratike.ne-male-te-zi.jpg 623w, https:\/\/www.visit-ulcinj.com\/blog\/wp-content\/uploads\/2016\/12\/Muhamet-Nika-Sekretar-i-Lidhjes-Demokratike.ne-male-te-zi-217x300.jpg 217w\" sizes=\"(max-width: 508px) 100vw, 508px\" \/><\/a><\/p>\n<p><strong><em>(Vazhdon):<\/em><\/strong><\/p>\n<ol start=\"3\">\n<li><strong><em> K\u00ebshilli Nacional n\u00ebse deri dje ishte i d\u00ebmsh\u00ebm sot \u00ebsht\u00eb i rr\u00ebzikshem&#8230;?!!<\/em><\/strong><\/li>\n<\/ol>\n<p><strong>Pik\u00ebpamjet e shprehura n\u00eb faqen \u201cOPINIONE\u201d nuk p\u00ebrfaq\u00ebsojn\u00eb domosdoshm\u00ebrisht politik\u00ebn redaksionale t\u00eb \u201eLajmeve nga Ulqini\u201e<\/strong><\/p>\n","protected":false},"excerpt":{"rendered":"<p>Shkruan: Muhamet Nika, Si do gdhijm\u00eb nes\u00ebr n\u00eb Evrop\u00eb, pa \u00a0v\u00ebrejtje n\u00eb kapitujt e hapur\u2026.?!!(2) Kur lexova edhe m\u00eb tej \u00a0shqet\u00ebsimin e\u00a0 gazetarit Ali Salaj, rreth fatit t\u00eb bisedimeve evropiane p\u00ebr kapitujt e hapur \u00a0n\u00eb\u00a0 arsim e kultur\u00eb, mu kujtua drita e kuqe e ndezur n\u00eb automjet dhe \u00a0nj\u00ebkoh\u00ebsisht edhe m\u00eb keq ,\u00a0 fati tragjikomik\u00a0 [&hellip;]<\/p>\n","protected":false},"author":1,"featured_media":0,"comment_status":"closed","ping_status":"closed","sticky":false,"template":"","format":"standard","meta":{"spay_email":"","jetpack_publicize_message":"","jetpack_is_tweetstorm":false,"jetpack_publicize_feature_enabled":true},"categories":[14249],"tags":[],"jetpack_publicize_connections":[],"yoast_head":"<!-- This site is optimized with the Yoast SEO plugin v19.1 - https:\/\/yoast.com\/wordpress\/plugins\/seo\/ -->\n<title>Nika: Ali Salaj ra n\u00eb luft\u00eb me Haxhi Qamilat...?! - Lajme nga Ulqini<\/title>\n<meta name=\"description\" content=\"Shkruan: Muhamet Nika, Si do gdhijm\u00eb nes\u00ebr n\u00eb Evrop\u00eb, pa \u00a0v\u00ebrejtje n\u00eb kapitujt e hapur\u2026.?!!(2) Kur lexova edhe m\u00eb tej \u00a0shqet\u00ebsimin e\u00a0 gazetarit Ali Salaj,\" \/>\n<meta name=\"robots\" content=\"index, follow, max-snippet:-1, max-image-preview:large, max-video-preview:-1\" \/>\n<link rel=\"canonical\" href=\"https:\/\/www.visit-ulcinj.com\/blog\/2016\/12\/02\/nika-ali-salaj-ra-ne-lufte-haxhi-qamilat\/\" \/>\n<meta property=\"og:locale\" content=\"en_US\" \/>\n<meta property=\"og:type\" content=\"article\" \/>\n<meta property=\"og:title\" content=\"Nika: Ali Salaj ra n\u00eb luft\u00eb me Haxhi Qamilat...?! - Lajme nga Ulqini\" \/>\n<meta property=\"og:description\" content=\"Shkruan: Muhamet Nika, Si do gdhijm\u00eb nes\u00ebr n\u00eb Evrop\u00eb, pa \u00a0v\u00ebrejtje n\u00eb kapitujt e hapur\u2026.?!!(2) Kur lexova edhe m\u00eb tej \u00a0shqet\u00ebsimin e\u00a0 gazetarit Ali Salaj,\" \/>\n<meta property=\"og:url\" content=\"https:\/\/www.visit-ulcinj.com\/blog\/2016\/12\/02\/nika-ali-salaj-ra-ne-lufte-haxhi-qamilat\/\" \/>\n<meta property=\"og:site_name\" content=\"Lajme nga Ulqini\" \/>\n<meta property=\"article:published_time\" content=\"2016-12-02T07:59:18+00:00\" \/>\n<meta property=\"article:modified_time\" content=\"2016-12-02T13:54:41+00:00\" \/>\n<meta property=\"og:image\" content=\"http:\/\/www.visit-ulcinj.com\/blog\/wp-content\/uploads\/2012\/06\/Ali-Salaj_-Filmi-kosovar-ne-kerkim-te-identitetit.jpg\" \/>\n<meta name=\"twitter:label1\" content=\"Written by\" \/>\n\t<meta name=\"twitter:data1\" content=\"ulqini\" \/>\n\t<meta name=\"twitter:label2\" content=\"Est. reading time\" \/>\n\t<meta name=\"twitter:data2\" content=\"4 minutes\" \/>\n<script type=\"application\/ld+json\" class=\"yoast-schema-graph\">{\"@context\":\"https:\/\/schema.org\",\"@graph\":[{\"@type\":\"WebSite\",\"@id\":\"https:\/\/www.visit-ulcinj.com\/blog\/#website\",\"url\":\"https:\/\/www.visit-ulcinj.com\/blog\/\",\"name\":\"Lajme nga Ulqini\",\"description\":\"Lajme,Vijesti,Ulqini,Ulqin,Crna Gora,Mali i Zi\",\"potentialAction\":[{\"@type\":\"SearchAction\",\"target\":{\"@type\":\"EntryPoint\",\"urlTemplate\":\"https:\/\/www.visit-ulcinj.com\/blog\/?s={search_term_string}\"},\"query-input\":\"required name=search_term_string\"}],\"inLanguage\":\"en-US\"},{\"@type\":\"ImageObject\",\"inLanguage\":\"en-US\",\"@id\":\"https:\/\/www.visit-ulcinj.com\/blog\/2016\/12\/02\/nika-ali-salaj-ra-ne-lufte-haxhi-qamilat\/#primaryimage\",\"url\":\"https:\/\/www.visit-ulcinj.com\/blog\/wp-content\/uploads\/2012\/06\/Ali-Salaj_-Filmi-kosovar-ne-kerkim-te-identitetit.jpg\",\"contentUrl\":\"https:\/\/www.visit-ulcinj.com\/blog\/wp-content\/uploads\/2012\/06\/Ali-Salaj_-Filmi-kosovar-ne-kerkim-te-identitetit.jpg\",\"width\":\"960\",\"height\":\"720\"},{\"@type\":\"WebPage\",\"@id\":\"https:\/\/www.visit-ulcinj.com\/blog\/2016\/12\/02\/nika-ali-salaj-ra-ne-lufte-haxhi-qamilat\/#webpage\",\"url\":\"https:\/\/www.visit-ulcinj.com\/blog\/2016\/12\/02\/nika-ali-salaj-ra-ne-lufte-haxhi-qamilat\/\",\"name\":\"Nika: Ali Salaj ra n\u00eb luft\u00eb me Haxhi Qamilat...?! - Lajme nga Ulqini\",\"isPartOf\":{\"@id\":\"https:\/\/www.visit-ulcinj.com\/blog\/#website\"},\"primaryImageOfPage\":{\"@id\":\"https:\/\/www.visit-ulcinj.com\/blog\/2016\/12\/02\/nika-ali-salaj-ra-ne-lufte-haxhi-qamilat\/#primaryimage\"},\"datePublished\":\"2016-12-02T07:59:18+00:00\",\"dateModified\":\"2016-12-02T13:54:41+00:00\",\"author\":{\"@id\":\"https:\/\/www.visit-ulcinj.com\/blog\/#\/schema\/person\/dcab619c614d3038751c63bc2aadc06d\"},\"description\":\"Shkruan: Muhamet Nika, Si do gdhijm\u00eb nes\u00ebr n\u00eb Evrop\u00eb, pa \u00a0v\u00ebrejtje n\u00eb kapitujt e hapur\u2026.?!!(2) Kur lexova edhe m\u00eb tej \u00a0shqet\u00ebsimin e\u00a0 gazetarit Ali Salaj,\",\"breadcrumb\":{\"@id\":\"https:\/\/www.visit-ulcinj.com\/blog\/2016\/12\/02\/nika-ali-salaj-ra-ne-lufte-haxhi-qamilat\/#breadcrumb\"},\"inLanguage\":\"en-US\",\"potentialAction\":[{\"@type\":\"ReadAction\",\"target\":[\"https:\/\/www.visit-ulcinj.com\/blog\/2016\/12\/02\/nika-ali-salaj-ra-ne-lufte-haxhi-qamilat\/\"]}]},{\"@type\":\"BreadcrumbList\",\"@id\":\"https:\/\/www.visit-ulcinj.com\/blog\/2016\/12\/02\/nika-ali-salaj-ra-ne-lufte-haxhi-qamilat\/#breadcrumb\",\"itemListElement\":[{\"@type\":\"ListItem\",\"position\":1,\"name\":\"Nika: Ali Salaj ra n\u00eb luft\u00eb me Haxhi Qamilat&#8230;?!\"}]},{\"@type\":\"Person\",\"@id\":\"https:\/\/www.visit-ulcinj.com\/blog\/#\/schema\/person\/dcab619c614d3038751c63bc2aadc06d\",\"name\":\"ulqini\",\"sameAs\":[\"http:\/\/www.visit-ulcinj.com\"],\"url\":\"https:\/\/www.visit-ulcinj.com\/blog\/author\/admin\/\"}]}<\/script>\n<!-- \/ Yoast SEO plugin. -->","yoast_head_json":{"title":"Nika: Ali Salaj ra n\u00eb luft\u00eb me Haxhi Qamilat...?! - Lajme nga Ulqini","description":"Shkruan: Muhamet Nika, Si do gdhijm\u00eb nes\u00ebr n\u00eb Evrop\u00eb, pa \u00a0v\u00ebrejtje n\u00eb kapitujt e hapur\u2026.?!!(2) Kur lexova edhe m\u00eb tej \u00a0shqet\u00ebsimin e\u00a0 gazetarit Ali Salaj,","robots":{"index":"index","follow":"follow","max-snippet":"max-snippet:-1","max-image-preview":"max-image-preview:large","max-video-preview":"max-video-preview:-1"},"canonical":"https:\/\/www.visit-ulcinj.com\/blog\/2016\/12\/02\/nika-ali-salaj-ra-ne-lufte-haxhi-qamilat\/","og_locale":"en_US","og_type":"article","og_title":"Nika: Ali Salaj ra n\u00eb luft\u00eb me Haxhi Qamilat...?! - Lajme nga Ulqini","og_description":"Shkruan: Muhamet Nika, Si do gdhijm\u00eb nes\u00ebr n\u00eb Evrop\u00eb, pa \u00a0v\u00ebrejtje n\u00eb kapitujt e hapur\u2026.?!!(2) Kur lexova edhe m\u00eb tej \u00a0shqet\u00ebsimin e\u00a0 gazetarit Ali Salaj,","og_url":"https:\/\/www.visit-ulcinj.com\/blog\/2016\/12\/02\/nika-ali-salaj-ra-ne-lufte-haxhi-qamilat\/","og_site_name":"Lajme nga Ulqini","article_published_time":"2016-12-02T07:59:18+00:00","article_modified_time":"2016-12-02T13:54:41+00:00","og_image":[{"url":"http:\/\/www.visit-ulcinj.com\/blog\/wp-content\/uploads\/2012\/06\/Ali-Salaj_-Filmi-kosovar-ne-kerkim-te-identitetit.jpg"}],"twitter_misc":{"Written by":"ulqini","Est. reading time":"4 minutes"},"schema":{"@context":"https:\/\/schema.org","@graph":[{"@type":"WebSite","@id":"https:\/\/www.visit-ulcinj.com\/blog\/#website","url":"https:\/\/www.visit-ulcinj.com\/blog\/","name":"Lajme nga Ulqini","description":"Lajme,Vijesti,Ulqini,Ulqin,Crna Gora,Mali i Zi","potentialAction":[{"@type":"SearchAction","target":{"@type":"EntryPoint","urlTemplate":"https:\/\/www.visit-ulcinj.com\/blog\/?s={search_term_string}"},"query-input":"required name=search_term_string"}],"inLanguage":"en-US"},{"@type":"ImageObject","inLanguage":"en-US","@id":"https:\/\/www.visit-ulcinj.com\/blog\/2016\/12\/02\/nika-ali-salaj-ra-ne-lufte-haxhi-qamilat\/#primaryimage","url":"https:\/\/www.visit-ulcinj.com\/blog\/wp-content\/uploads\/2012\/06\/Ali-Salaj_-Filmi-kosovar-ne-kerkim-te-identitetit.jpg","contentUrl":"https:\/\/www.visit-ulcinj.com\/blog\/wp-content\/uploads\/2012\/06\/Ali-Salaj_-Filmi-kosovar-ne-kerkim-te-identitetit.jpg","width":"960","height":"720"},{"@type":"WebPage","@id":"https:\/\/www.visit-ulcinj.com\/blog\/2016\/12\/02\/nika-ali-salaj-ra-ne-lufte-haxhi-qamilat\/#webpage","url":"https:\/\/www.visit-ulcinj.com\/blog\/2016\/12\/02\/nika-ali-salaj-ra-ne-lufte-haxhi-qamilat\/","name":"Nika: Ali Salaj ra n\u00eb luft\u00eb me Haxhi Qamilat...?! - Lajme nga Ulqini","isPartOf":{"@id":"https:\/\/www.visit-ulcinj.com\/blog\/#website"},"primaryImageOfPage":{"@id":"https:\/\/www.visit-ulcinj.com\/blog\/2016\/12\/02\/nika-ali-salaj-ra-ne-lufte-haxhi-qamilat\/#primaryimage"},"datePublished":"2016-12-02T07:59:18+00:00","dateModified":"2016-12-02T13:54:41+00:00","author":{"@id":"https:\/\/www.visit-ulcinj.com\/blog\/#\/schema\/person\/dcab619c614d3038751c63bc2aadc06d"},"description":"Shkruan: Muhamet Nika, Si do gdhijm\u00eb nes\u00ebr n\u00eb Evrop\u00eb, pa \u00a0v\u00ebrejtje n\u00eb kapitujt e hapur\u2026.?!!(2) Kur lexova edhe m\u00eb tej \u00a0shqet\u00ebsimin e\u00a0 gazetarit Ali Salaj,","breadcrumb":{"@id":"https:\/\/www.visit-ulcinj.com\/blog\/2016\/12\/02\/nika-ali-salaj-ra-ne-lufte-haxhi-qamilat\/#breadcrumb"},"inLanguage":"en-US","potentialAction":[{"@type":"ReadAction","target":["https:\/\/www.visit-ulcinj.com\/blog\/2016\/12\/02\/nika-ali-salaj-ra-ne-lufte-haxhi-qamilat\/"]}]},{"@type":"BreadcrumbList","@id":"https:\/\/www.visit-ulcinj.com\/blog\/2016\/12\/02\/nika-ali-salaj-ra-ne-lufte-haxhi-qamilat\/#breadcrumb","itemListElement":[{"@type":"ListItem","position":1,"name":"Nika: Ali Salaj ra n\u00eb luft\u00eb me Haxhi Qamilat&#8230;?!"}]},{"@type":"Person","@id":"https:\/\/www.visit-ulcinj.com\/blog\/#\/schema\/person\/dcab619c614d3038751c63bc2aadc06d","name":"ulqini","sameAs":["http:\/\/www.visit-ulcinj.com"],"url":"https:\/\/www.visit-ulcinj.com\/blog\/author\/admin\/"}]}},"jetpack_featured_media_url":"","jetpack_sharing_enabled":true,"jetpack_shortlink":"https:\/\/wp.me\/pe6lTn-qo2","_links":{"self":[{"href":"https:\/\/www.visit-ulcinj.com\/blog\/wp-json\/wp\/v2\/posts\/101434"}],"collection":[{"href":"https:\/\/www.visit-ulcinj.com\/blog\/wp-json\/wp\/v2\/posts"}],"about":[{"href":"https:\/\/www.visit-ulcinj.com\/blog\/wp-json\/wp\/v2\/types\/post"}],"author":[{"embeddable":true,"href":"https:\/\/www.visit-ulcinj.com\/blog\/wp-json\/wp\/v2\/users\/1"}],"replies":[{"embeddable":true,"href":"https:\/\/www.visit-ulcinj.com\/blog\/wp-json\/wp\/v2\/comments?post=101434"}],"version-history":[{"count":4,"href":"https:\/\/www.visit-ulcinj.com\/blog\/wp-json\/wp\/v2\/posts\/101434\/revisions"}],"predecessor-version":[{"id":101452,"href":"https:\/\/www.visit-ulcinj.com\/blog\/wp-json\/wp\/v2\/posts\/101434\/revisions\/101452"}],"wp:attachment":[{"href":"https:\/\/www.visit-ulcinj.com\/blog\/wp-json\/wp\/v2\/media?parent=101434"}],"wp:term":[{"taxonomy":"category","embeddable":true,"href":"https:\/\/www.visit-ulcinj.com\/blog\/wp-json\/wp\/v2\/categories?post=101434"},{"taxonomy":"post_tag","embeddable":true,"href":"https:\/\/www.visit-ulcinj.com\/blog\/wp-json\/wp\/v2\/tags?post=101434"}],"curies":[{"name":"wp","href":"https:\/\/api.w.org\/{rel}","templated":true}]}}