{"id":10144,"date":"2009-01-31T14:55:58","date_gmt":"2009-01-31T13:55:58","guid":{"rendered":"http:\/\/www.visit-ulcinj.com\/blog\/?p=10144"},"modified":"2009-01-31T14:58:38","modified_gmt":"2009-01-31T13:58:38","slug":"zanfina-po-i-kam-kembet-e-bukura","status":"publish","type":"post","link":"https:\/\/www.visit-ulcinj.com\/blog\/2009\/01\/31\/zanfina-po-i-kam-kembet-e-bukura\/","title":{"rendered":"Zanfina: Po, i kam k\u00ebmb\u00ebt e bukura"},"content":{"rendered":"<p style=\"text-align: center;\"><a title=\"Zanfina Ismajli\" rel=\"attachment wp-att-10146\" href=\"http:\/\/www.visit-ulcinj.com\/blog\/?attachment_id=10146\"><\/a><a rel=\"attachment wp-att-10147\" href=\"http:\/\/www.visit-ulcinj.com\/blog\/2009\/01\/31\/zanfina-po-i-kam-kembet-e-bukura\/zanfina-490x320-copie1\/\"><img loading=\"lazy\" class=\"aligncenter size-full wp-image-10147\" title=\"Zanfina Ismajli\" src=\"http:\/\/www.visit-ulcinj.com\/blog\/wp-content\/uploads\/2009\/01\/zanfina-490x320-copie1.jpg\" alt=\"Zanfina Ismajli\" width=\"590\" height=\"397\" \/><\/a><\/p>\n<p>K\u00ebng\u00ebtarja Zanfina Ismajli thot\u00eb se qysh n\u00eb f\u00ebmij\u00ebri i kan\u00eb th\u00ebn\u00eb se i ka k\u00ebmb\u00ebt e bukura. Thot\u00eb se gjat\u00eb k\u00ebtij viti do t\u00eb realizoj nj\u00eb album dhe nuk do t\u00eb merr pjes\u00eb n\u00eb ndonj\u00eb koncert. Nuk i p\u00eblqen dimri dhe pranon se \u00ebsht\u00eb duke u marr\u00eb me fitnes.<\/p>\n<p><span style=\"text-decoration: underline;\"><strong>Express Online<\/strong><\/span> : Si e ka gjetur vitin 2009 k\u00ebng\u00ebtaren, Zanfina Ismajli dhe ku e ka pritur ajo nd\u00ebrrimin e motmot\u00ebve?<br \/>\n<span style=\"text-decoration: underline;\"><strong>Zanfina<\/strong><\/span> : K\u00ebt\u00eb Vit t\u00eb Ri p\u00ebr dallim nga tjerat vendosa q\u00eb ta kaloj n\u00eb sht\u00ebpi me familjen time sepse drejt\u00ebn t&#8217;ju them me kishte marr malli q\u00eb t\u00eb jem n\u00eb sht\u00ebpi, t\u00eb festoj, t&#8217;ua uroj e para familjareve vitin e ri dhe kam kaluar si\u00e7 \u00ebsht\u00eb m\u00eb s\u00eb miri.<\/p>\n<p><span style=\"text-decoration: underline;\"><strong>Express Online<\/strong> <\/span>: A i keni p\u00ebrfunduar pushimet dim\u00ebrore apo ende nuk keni vendosur se ku do te shkoni?<br \/>\n<span style=\"text-decoration: underline;\"><strong>Zanfina<\/strong><\/span> : Nuk kam q\u00ebne diku e skijim k\u00ebt\u00eb dim\u00ebr sepse nuk me p\u00eblqen stina e dimrit, dhe t\u00eb ftohtin nuk e dua, k\u00ebshtu q\u00eb nuk jam duke menduar q\u00eb t\u00eb shkoj ndokund.<\/p>\n<p><span style=\"text-decoration: underline;\"><strong>Express Online<\/strong><\/span> : \u00c7far\u00eb k\u00ebng\u00ebsh presin adhuruesit e Zanfin\u00ebs p\u00ebr k\u00ebt\u00eb vit?<br \/>\n<strong><span style=\"text-decoration: underline;\">Zanfina<\/span> <\/strong>: K\u00ebt\u00eb vit adhuruesit mund t\u00eb presin albumin e ri nga un\u00eb, i treti me radhe, do t\u00eb dal\u00eb n\u00eb shitje ver\u00ebs. Momentalisht jam duke punuar n\u00eb disa k\u00ebng\u00eb t\u00eb reja, dhe shpresoj q\u00eb t\u00eb jen\u00eb hite dhe t\u00eb p\u00eblqehen shum\u00eb nga publiku nj\u00ebsoj si\u00e7 ndodhi edhe me albumin e dyt\u00eb i cili doli n\u00eb shitje me 2006.<\/p>\n<p><span style=\"text-decoration: underline;\"><strong>Express Online<\/strong><\/span> : Cila pjes\u00eb e trupit mendoni se i keni m\u00eb t\u00eb mira dhe a mbani diet\u00eb?<br \/>\n<span style=\"text-decoration: underline;\"><strong>Zanfina<\/strong><\/span> : Nuk b\u00ebj ndonj\u00eb diet\u00eb speciale, as q\u00eb kam b\u00ebr\u00eb ndonj\u00ebher\u00eb. Qysh e vog\u00ebl kam q\u00ebne me k\u00ebmb\u00eb m\u00eb t\u00eb gjata dhe t\u00eb drejta dhe t\u00eb gjith\u00eb me thoshin se do t\u00eb zgjatem m\u00eb shum\u00eb dhe se do t\u2019i kem k\u00ebmb\u00ebt e bukura, k\u00ebshtu edhe ndodhi. P\u00ebrndryshe p\u00ebr momentin jam duke b\u00ebr\u00eb fitnes, por jo me qellim q\u00eb t\u00eb humbi kilogram.<\/p>\n<p style=\"text-align: justify;\"><span style=\"text-decoration: underline;\"><strong>Express Online<\/strong><\/span> : \u00c7ka ju ka munguar m\u00eb se shumti gjat\u00eb 2008-\u00ebs?<br \/>\n<strong>Zanfina <\/strong>: Gjate 2008-\u00ebs me kan\u00eb munguar disa k\u00ebng\u00eb t\u00eb reja dhe videoklip, por k\u00ebt\u00eb do ta kompenzoj\u00eb k\u00ebt\u00eb vit.<\/p>\n<p><strong><span style=\"text-decoration: underline;\">Express Online<\/span> <\/strong>: A keni menduar p\u00ebr video-klip?<br \/>\n<span style=\"text-decoration: underline;\"><strong>Zanfina<\/strong><\/span> : Kam menduar, n\u00eb fakt un\u00eb gjithmon\u00eb mendoj ide t\u00eb reja p\u00ebr klipe. Rezultati mbetet t\u00eb shihet.<\/p>\n<p><strong><span style=\"text-decoration: underline;\">Express Online<\/span> <\/strong>: A keni marr\u00eb pjes\u00eb koncerte koh\u00ebve t\u00eb fundit. Dhe cili \u00ebsht\u00eb komplimenti m\u00eb i mir\u00eb q\u00eb e ke d\u00ebgjuar nga adhuruesit?<br \/>\n<span style=\"text-decoration: underline;\"><strong>Zanfina<\/strong><\/span> : Komplimente kam marr\u00eb aq sa me kan\u00eb ber\u00eb t\u00eb ndjehem shum\u00eb mir\u00eb, por me vjen keq se p\u00ebr momentin nuk me kujtohet ndonj\u00eb&#8230;<\/p>\n<p><strong><span style=\"text-decoration: underline;\">Express Online<\/span> <\/strong>: A planifikoni t\u00eb merrni pjes\u00eb n\u00eb ndonj\u00eb festival sivjet?<br \/>\n<span style=\"text-decoration: underline;\"><strong>Zanfina<\/strong><\/span> : Nuk besoj, p\u00ebr k\u00ebt\u00eb vit m\u00eb shum\u00eb jam e koncentruar n\u00eb albumin dhe klipet.<\/p>\n<p><span style=\"text-decoration: underline;\"><strong>Express Online<\/strong><\/span> : A t\u00eb p\u00eblqen kur ju th\u00ebrrasin Zani?<br \/>\n<span style=\"text-decoration: underline;\"><strong>Zanfina<\/strong><\/span> : Zani e kam pseudonimin qysh nga f\u00ebmij\u00ebria dhe me th\u00ebrrasin vet\u00ebm rrethi im i ngusht\u00eb, me duket \u00e7uditsh\u00ebm kur dikush me thote\u00eb Zanfin\u00eb sepse e di se \u00ebsht\u00eb dikush q\u00eb s\u2019m\u00eb njeh.<\/p>\n<p><span style=\"text-decoration: underline;\"><strong>Express Online<\/strong><\/span> : A mund t\u00eb tregoni ndonj\u00eb z\u00ebnke me Adelin\u00ebn apo tani keni nj\u00eb gjuh\u00eb t\u00eb p\u00ebrbashk\u00ebt?<br \/>\n<span style=\"text-decoration: underline;\"><strong>Zanfina<\/strong><\/span> : Nuk kam pasur z\u00ebnka me Adelin\u00ebn koh\u00ebve te fundit sepse n\u00eb t\u00eb dyja d\u00ebgjojm\u00eb shum\u00eb nj\u00ebra-tjetr\u00ebn dhe nuk lejojm\u00eb t\u00eb vije deri t\u00eb konflikti.<\/p>\n<p><strong>Gazeta Express<\/strong><\/p>\n\n","protected":false},"excerpt":{"rendered":"<p>K\u00ebng\u00ebtarja Zanfina Ismajli thot\u00eb se qysh n\u00eb f\u00ebmij\u00ebri i kan\u00eb th\u00ebn\u00eb se i ka k\u00ebmb\u00ebt e bukura. Thot\u00eb se gjat\u00eb k\u00ebtij viti do t\u00eb realizoj nj\u00eb album dhe nuk do t\u00eb merr pjes\u00eb n\u00eb ndonj\u00eb koncert. Nuk i p\u00eblqen dimri dhe pranon se \u00ebsht\u00eb duke u marr\u00eb me fitnes. Express Online : Si e ka [&hellip;]<\/p>\n","protected":false},"author":1,"featured_media":0,"comment_status":"open","ping_status":"closed","sticky":false,"template":"","format":"standard","meta":{"spay_email":"","jetpack_publicize_message":"","jetpack_is_tweetstorm":false,"jetpack_publicize_feature_enabled":true},"categories":[1],"tags":[5264,4891,6252,4815,6251,4938],"jetpack_publicize_connections":[],"yoast_head":"<!-- This site is optimized with the Yoast SEO plugin v19.1 - https:\/\/yoast.com\/wordpress\/plugins\/seo\/ -->\n<title>Zanfina: Po, i kam k\u00ebmb\u00ebt e bukura - Lajme nga Ulqini<\/title>\n<meta name=\"description\" content=\"K\u00ebng\u00ebtarja Zanfina Ismajli thot\u00eb se qysh n\u00eb f\u00ebmij\u00ebri i kan\u00eb th\u00ebn\u00eb se i ka k\u00ebmb\u00ebt e bukura. Thot\u00eb se gjat\u00eb k\u00ebtij viti do t\u00eb realizoj nj\u00eb album dhe nuk do\" \/>\n<meta name=\"robots\" content=\"index, follow, max-snippet:-1, max-image-preview:large, max-video-preview:-1\" \/>\n<link rel=\"canonical\" href=\"https:\/\/www.visit-ulcinj.com\/blog\/2009\/01\/31\/zanfina-po-i-kam-kembet-e-bukura\/\" \/>\n<meta property=\"og:locale\" content=\"en_US\" \/>\n<meta property=\"og:type\" content=\"article\" \/>\n<meta property=\"og:title\" content=\"Zanfina: Po, i kam k\u00ebmb\u00ebt e bukura - Lajme nga Ulqini\" \/>\n<meta property=\"og:description\" content=\"K\u00ebng\u00ebtarja Zanfina Ismajli thot\u00eb se qysh n\u00eb f\u00ebmij\u00ebri i kan\u00eb th\u00ebn\u00eb se i ka k\u00ebmb\u00ebt e bukura. Thot\u00eb se gjat\u00eb k\u00ebtij viti do t\u00eb realizoj nj\u00eb album dhe nuk do\" \/>\n<meta property=\"og:url\" content=\"https:\/\/www.visit-ulcinj.com\/blog\/2009\/01\/31\/zanfina-po-i-kam-kembet-e-bukura\/\" \/>\n<meta property=\"og:site_name\" content=\"Lajme nga Ulqini\" \/>\n<meta property=\"article:published_time\" content=\"2009-01-31T13:55:58+00:00\" \/>\n<meta property=\"article:modified_time\" content=\"2009-01-31T13:58:38+00:00\" \/>\n<meta property=\"og:image\" content=\"https:\/\/www.visit-ulcinj.com\/blog\/wp-content\/uploads\/2009\/01\/zanfina-490x320-copie1-150x150.jpg\" \/>\n<meta name=\"twitter:label1\" content=\"Written by\" \/>\n\t<meta name=\"twitter:data1\" content=\"ulqini\" \/>\n\t<meta name=\"twitter:label2\" content=\"Est. reading time\" \/>\n\t<meta name=\"twitter:data2\" content=\"3 minutes\" \/>\n<script type=\"application\/ld+json\" class=\"yoast-schema-graph\">{\"@context\":\"https:\/\/schema.org\",\"@graph\":[{\"@type\":\"WebSite\",\"@id\":\"https:\/\/www.visit-ulcinj.com\/blog\/#website\",\"url\":\"https:\/\/www.visit-ulcinj.com\/blog\/\",\"name\":\"Lajme nga Ulqini\",\"description\":\"Lajme,Vijesti,Ulqini,Ulqin,Crna Gora,Mali i Zi\",\"potentialAction\":[{\"@type\":\"SearchAction\",\"target\":{\"@type\":\"EntryPoint\",\"urlTemplate\":\"https:\/\/www.visit-ulcinj.com\/blog\/?s={search_term_string}\"},\"query-input\":\"required name=search_term_string\"}],\"inLanguage\":\"en-US\"},{\"@type\":\"ImageObject\",\"inLanguage\":\"en-US\",\"@id\":\"https:\/\/www.visit-ulcinj.com\/blog\/2009\/01\/31\/zanfina-po-i-kam-kembet-e-bukura\/#primaryimage\",\"url\":\"http:\/\/www.visit-ulcinj.com\/blog\/wp-content\/uploads\/2009\/01\/zanfina-490x320-copie1.jpg\",\"contentUrl\":\"http:\/\/www.visit-ulcinj.com\/blog\/wp-content\/uploads\/2009\/01\/zanfina-490x320-copie1.jpg\"},{\"@type\":\"WebPage\",\"@id\":\"https:\/\/www.visit-ulcinj.com\/blog\/2009\/01\/31\/zanfina-po-i-kam-kembet-e-bukura\/#webpage\",\"url\":\"https:\/\/www.visit-ulcinj.com\/blog\/2009\/01\/31\/zanfina-po-i-kam-kembet-e-bukura\/\",\"name\":\"Zanfina: Po, i kam k\u00ebmb\u00ebt e bukura - Lajme nga Ulqini\",\"isPartOf\":{\"@id\":\"https:\/\/www.visit-ulcinj.com\/blog\/#website\"},\"primaryImageOfPage\":{\"@id\":\"https:\/\/www.visit-ulcinj.com\/blog\/2009\/01\/31\/zanfina-po-i-kam-kembet-e-bukura\/#primaryimage\"},\"datePublished\":\"2009-01-31T13:55:58+00:00\",\"dateModified\":\"2009-01-31T13:58:38+00:00\",\"author\":{\"@id\":\"https:\/\/www.visit-ulcinj.com\/blog\/#\/schema\/person\/dcab619c614d3038751c63bc2aadc06d\"},\"description\":\"K\u00ebng\u00ebtarja Zanfina Ismajli thot\u00eb se qysh n\u00eb f\u00ebmij\u00ebri i kan\u00eb th\u00ebn\u00eb se i ka k\u00ebmb\u00ebt e bukura. Thot\u00eb se gjat\u00eb k\u00ebtij viti do t\u00eb realizoj nj\u00eb album dhe nuk do\",\"breadcrumb\":{\"@id\":\"https:\/\/www.visit-ulcinj.com\/blog\/2009\/01\/31\/zanfina-po-i-kam-kembet-e-bukura\/#breadcrumb\"},\"inLanguage\":\"en-US\",\"potentialAction\":[{\"@type\":\"ReadAction\",\"target\":[\"https:\/\/www.visit-ulcinj.com\/blog\/2009\/01\/31\/zanfina-po-i-kam-kembet-e-bukura\/\"]}]},{\"@type\":\"BreadcrumbList\",\"@id\":\"https:\/\/www.visit-ulcinj.com\/blog\/2009\/01\/31\/zanfina-po-i-kam-kembet-e-bukura\/#breadcrumb\",\"itemListElement\":[{\"@type\":\"ListItem\",\"position\":1,\"name\":\"Zanfina: Po, i kam k\u00ebmb\u00ebt e bukura\"}]},{\"@type\":\"Person\",\"@id\":\"https:\/\/www.visit-ulcinj.com\/blog\/#\/schema\/person\/dcab619c614d3038751c63bc2aadc06d\",\"name\":\"ulqini\",\"sameAs\":[\"http:\/\/www.visit-ulcinj.com\"],\"url\":\"https:\/\/www.visit-ulcinj.com\/blog\/author\/admin\/\"}]}<\/script>\n<!-- \/ Yoast SEO plugin. -->","yoast_head_json":{"title":"Zanfina: Po, i kam k\u00ebmb\u00ebt e bukura - Lajme nga Ulqini","description":"K\u00ebng\u00ebtarja Zanfina Ismajli thot\u00eb se qysh n\u00eb f\u00ebmij\u00ebri i kan\u00eb th\u00ebn\u00eb se i ka k\u00ebmb\u00ebt e bukura. Thot\u00eb se gjat\u00eb k\u00ebtij viti do t\u00eb realizoj nj\u00eb album dhe nuk do","robots":{"index":"index","follow":"follow","max-snippet":"max-snippet:-1","max-image-preview":"max-image-preview:large","max-video-preview":"max-video-preview:-1"},"canonical":"https:\/\/www.visit-ulcinj.com\/blog\/2009\/01\/31\/zanfina-po-i-kam-kembet-e-bukura\/","og_locale":"en_US","og_type":"article","og_title":"Zanfina: Po, i kam k\u00ebmb\u00ebt e bukura - Lajme nga Ulqini","og_description":"K\u00ebng\u00ebtarja Zanfina Ismajli thot\u00eb se qysh n\u00eb f\u00ebmij\u00ebri i kan\u00eb th\u00ebn\u00eb se i ka k\u00ebmb\u00ebt e bukura. Thot\u00eb se gjat\u00eb k\u00ebtij viti do t\u00eb realizoj nj\u00eb album dhe nuk do","og_url":"https:\/\/www.visit-ulcinj.com\/blog\/2009\/01\/31\/zanfina-po-i-kam-kembet-e-bukura\/","og_site_name":"Lajme nga Ulqini","article_published_time":"2009-01-31T13:55:58+00:00","article_modified_time":"2009-01-31T13:58:38+00:00","og_image":[{"url":"https:\/\/www.visit-ulcinj.com\/blog\/wp-content\/uploads\/2009\/01\/zanfina-490x320-copie1-150x150.jpg"}],"twitter_misc":{"Written by":"ulqini","Est. reading time":"3 minutes"},"schema":{"@context":"https:\/\/schema.org","@graph":[{"@type":"WebSite","@id":"https:\/\/www.visit-ulcinj.com\/blog\/#website","url":"https:\/\/www.visit-ulcinj.com\/blog\/","name":"Lajme nga Ulqini","description":"Lajme,Vijesti,Ulqini,Ulqin,Crna Gora,Mali i Zi","potentialAction":[{"@type":"SearchAction","target":{"@type":"EntryPoint","urlTemplate":"https:\/\/www.visit-ulcinj.com\/blog\/?s={search_term_string}"},"query-input":"required name=search_term_string"}],"inLanguage":"en-US"},{"@type":"ImageObject","inLanguage":"en-US","@id":"https:\/\/www.visit-ulcinj.com\/blog\/2009\/01\/31\/zanfina-po-i-kam-kembet-e-bukura\/#primaryimage","url":"http:\/\/www.visit-ulcinj.com\/blog\/wp-content\/uploads\/2009\/01\/zanfina-490x320-copie1.jpg","contentUrl":"http:\/\/www.visit-ulcinj.com\/blog\/wp-content\/uploads\/2009\/01\/zanfina-490x320-copie1.jpg"},{"@type":"WebPage","@id":"https:\/\/www.visit-ulcinj.com\/blog\/2009\/01\/31\/zanfina-po-i-kam-kembet-e-bukura\/#webpage","url":"https:\/\/www.visit-ulcinj.com\/blog\/2009\/01\/31\/zanfina-po-i-kam-kembet-e-bukura\/","name":"Zanfina: Po, i kam k\u00ebmb\u00ebt e bukura - Lajme nga Ulqini","isPartOf":{"@id":"https:\/\/www.visit-ulcinj.com\/blog\/#website"},"primaryImageOfPage":{"@id":"https:\/\/www.visit-ulcinj.com\/blog\/2009\/01\/31\/zanfina-po-i-kam-kembet-e-bukura\/#primaryimage"},"datePublished":"2009-01-31T13:55:58+00:00","dateModified":"2009-01-31T13:58:38+00:00","author":{"@id":"https:\/\/www.visit-ulcinj.com\/blog\/#\/schema\/person\/dcab619c614d3038751c63bc2aadc06d"},"description":"K\u00ebng\u00ebtarja Zanfina Ismajli thot\u00eb se qysh n\u00eb f\u00ebmij\u00ebri i kan\u00eb th\u00ebn\u00eb se i ka k\u00ebmb\u00ebt e bukura. Thot\u00eb se gjat\u00eb k\u00ebtij viti do t\u00eb realizoj nj\u00eb album dhe nuk do","breadcrumb":{"@id":"https:\/\/www.visit-ulcinj.com\/blog\/2009\/01\/31\/zanfina-po-i-kam-kembet-e-bukura\/#breadcrumb"},"inLanguage":"en-US","potentialAction":[{"@type":"ReadAction","target":["https:\/\/www.visit-ulcinj.com\/blog\/2009\/01\/31\/zanfina-po-i-kam-kembet-e-bukura\/"]}]},{"@type":"BreadcrumbList","@id":"https:\/\/www.visit-ulcinj.com\/blog\/2009\/01\/31\/zanfina-po-i-kam-kembet-e-bukura\/#breadcrumb","itemListElement":[{"@type":"ListItem","position":1,"name":"Zanfina: Po, i kam k\u00ebmb\u00ebt e bukura"}]},{"@type":"Person","@id":"https:\/\/www.visit-ulcinj.com\/blog\/#\/schema\/person\/dcab619c614d3038751c63bc2aadc06d","name":"ulqini","sameAs":["http:\/\/www.visit-ulcinj.com"],"url":"https:\/\/www.visit-ulcinj.com\/blog\/author\/admin\/"}]}},"jetpack_featured_media_url":"","jetpack_sharing_enabled":true,"jetpack_shortlink":"https:\/\/wp.me\/pe6lTn-2DC","_links":{"self":[{"href":"https:\/\/www.visit-ulcinj.com\/blog\/wp-json\/wp\/v2\/posts\/10144"}],"collection":[{"href":"https:\/\/www.visit-ulcinj.com\/blog\/wp-json\/wp\/v2\/posts"}],"about":[{"href":"https:\/\/www.visit-ulcinj.com\/blog\/wp-json\/wp\/v2\/types\/post"}],"author":[{"embeddable":true,"href":"https:\/\/www.visit-ulcinj.com\/blog\/wp-json\/wp\/v2\/users\/1"}],"replies":[{"embeddable":true,"href":"https:\/\/www.visit-ulcinj.com\/blog\/wp-json\/wp\/v2\/comments?post=10144"}],"version-history":[{"count":0,"href":"https:\/\/www.visit-ulcinj.com\/blog\/wp-json\/wp\/v2\/posts\/10144\/revisions"}],"wp:attachment":[{"href":"https:\/\/www.visit-ulcinj.com\/blog\/wp-json\/wp\/v2\/media?parent=10144"}],"wp:term":[{"taxonomy":"category","embeddable":true,"href":"https:\/\/www.visit-ulcinj.com\/blog\/wp-json\/wp\/v2\/categories?post=10144"},{"taxonomy":"post_tag","embeddable":true,"href":"https:\/\/www.visit-ulcinj.com\/blog\/wp-json\/wp\/v2\/tags?post=10144"}],"curies":[{"name":"wp","href":"https:\/\/api.w.org\/{rel}","templated":true}]}}