{"id":101453,"date":"2016-12-02T15:00:47","date_gmt":"2016-12-02T14:00:47","guid":{"rendered":"http:\/\/www.visit-ulcinj.com\/blog\/?p=101453"},"modified":"2016-12-02T15:01:21","modified_gmt":"2016-12-02T14:01:21","slug":"nika-duke-kujtuar-dinoshen-ne-prag-te-parades","status":"publish","type":"post","link":"https:\/\/www.visit-ulcinj.com\/blog\/2016\/12\/02\/nika-duke-kujtuar-dinoshen-ne-prag-te-parades\/","title":{"rendered":"Nika: Duke kujtuar Dinosh\u00ebn n\u00eb prag t\u00eb parad\u00ebs"},"content":{"rendered":"<p><strong><em>Shkruan Muhamet Nika<\/em><\/strong><\/p>\n<p><strong><em>\u00a0<\/em><\/strong><\/p>\n<p><strong><em><a href=\"http:\/\/www.visit-ulcinj.com\/blog\/wp-content\/uploads\/2016\/07\/LGBT-CRNA-GORA.jpg\"><img loading=\"lazy\" class=\"alignleft wp-image-98317\" src=\"http:\/\/www.visit-ulcinj.com\/blog\/wp-content\/uploads\/2016\/07\/LGBT-CRNA-GORA.jpg\" alt=\"LGBT-CRNA-GORA\" width=\"508\" height=\"287\" srcset=\"https:\/\/www.visit-ulcinj.com\/blog\/wp-content\/uploads\/2016\/07\/LGBT-CRNA-GORA.jpg 620w, https:\/\/www.visit-ulcinj.com\/blog\/wp-content\/uploads\/2016\/07\/LGBT-CRNA-GORA-300x169.jpg 300w\" sizes=\"(max-width: 508px) 100vw, 508px\" \/><\/a>Duke\u00a0 kujtuar\u00a0 Dinosh\u00ebn n\u00eb prag t\u00eb parad\u00ebs:<\/em><\/strong><\/p>\n<p><strong><em>\u201c Daje bog hteo stvorio bi adama i steva\u00a0 , a ne adama i evu..?!<\/em><\/strong><\/p>\n<p><strong><em>\u00a0<\/em><\/strong>\u00a0Sa p\u00ebr \u00a0lajmin\u00a0 i cili u publikua\u00a0\u00a0 q\u00eb \u00a0\u00a0Komuniteti LGBT i b\u00ebn ftes\u00eb ministrit Zenka t\u00eb marr\u00eb pjes\u00eb n\u00eb parade dhe ku thuhet p\u00ebtve\u00e7 tjerash edhe kjo:<\/p>\n<p>K\u00ebshilli organizativ i Montenegro prajd-it dhe organizata Kvir Montenegro kan\u00eb ftuar ministrin e porsazgjedhur p\u00ebr t\u00eb drejtat e njeriut dhe pakicave Mehmed Zenken q\u00eb t\u00eb marr\u00eb pjes\u00eb n\u00eb Parad\u00ebn e krenaris\u00eb, e cila \u00ebsht\u00eb caktuar p\u00ebr 17 dhjetor, q\u00eb raportoi \u00a0portali Ul.info.<\/p>\n<p>Un\u00eb\u00a0 si kronist m\u00eb duhet t\u00eb shtoj se Ligji p\u00ebr ta\u00a0 u votua edhe nga n\u00ebnkryetari aktual Genc Niman Begu dhe me mjeshtri p\u00ebr t\u00eb plot\u00ebsuar standardet e respektimit t\u00eb te drejtave t\u00eb pakicave , kjo pun\u00eb iu la Ministris\u00eb p\u00ebr Popuj Pakic\u00eb q\u00eb drejtonte Dinosha . Nd\u00ebrsa si\u00a0\u00a0 veprimtari\u00a0 ka mundur t\u00eb jet\u00eb edhe pjes\u00eb e ndonj\u00eb ministrie tjet\u00ebr.?! Kuptohet p\u00ebr t\u00eb mos devalvuar statusin e pakicave \u2013si popull?!<\/p>\n<p>Puna e k\u00ebtill\u00eb\u00a0 e qeveris\u00eb iritoi pa mas\u00eb ministrin Dinosha, p\u00ebrndryshe \u00a0edhe kryetar i Udsh-s\u00eb dhe kur e pa (<strong><em>\u00e7\u00ebsht\u00eb e v\u00ebrteta pak me vones\u00eb<\/em><\/strong>), pas meje dhe Bardhit \u00a0q\u00eb \u00a0shqiptar\u00ebve iu sigurua\u00a0 vendi\u00a0 p\u00ebr tu \u00a0ulur n\u00eb nj\u00eb sof\u00ebr me pederast u deklarua se nuk do t\u00eb vihet n\u00eb krye t\u00eb parad\u00ebs s\u00eb krenaris\u00eb dhe u largua nga kjo ministri duke e l\u00ebn\u00eb t\u00eb drejtohet nga kush t\u00eb doj\u00eb\u2026?!<\/p>\n<p>At\u00eb me \u00ebndje e pranuan myslimanet, dhe \u00a0u gjet zgjidhja q\u00eb at\u00eb kurr\u00eb t\u00eb mos e drejtoj\u00eb asnj\u00eb \u00a0malazi\u2026.?!Madje po duket se as rom\u00ebt nuk\u00a0 shtyhen ta b\u00ebjn\u00eb k\u00ebt\u00eb si komunitet.<\/p>\n<p>Kujtoj k\u00ebtu\u00a0 se , pas k\u00ebsaj q\u00eb ndodhi Ferat Dinosha\u00a0 i fyer n\u00eb parlament deklaroi edhe k\u00ebt\u00eb: \u201c Sikur t\u00eb kish dashur Zoti, do kish krijuar Adamin dhe Stev\u00ebn, e jo Adamin dhe Ev\u00ebn\u201d duke krijuar nj\u00eb t\u00eb qeshur t\u00eb\u00a0 natyrsh\u00ebm n\u00eb sall\u00eb te t\u00eb gjith\u00ebve sa ishin?!!<\/p>\n<p>Shyqyr q\u00eb llobi i\u00a0 homoseksual\u00ebve nuk u kujtua t\u00eb protestoj\u00eb n\u00eb Evrop\u00eb , para se Dinosha\u00a0 t\u00eb akreditoj\u00eb letrat kredenciale si ambasador n\u00eb nj\u00eb shtet tjet\u00ebr sepse do ta kish pasur t\u00eb diskutuesh\u00ebm pranimin e tij p\u00ebr ambasador n\u00eb nj\u00eb shtet tjet\u00ebr p\u00ebr k\u00ebt\u00eb deklarat\u00eb t\u00eb tij\u00ebn\u2026?!<\/p>\n<p>&nbsp;<\/p>\n<p><strong>Pik\u00ebpamjet e shprehura n\u00eb faqen \u201cOPINIONE\u201d nuk p\u00ebrfaq\u00ebsojn\u00eb domosdoshm\u00ebrisht politik\u00ebn redaksionale t\u00eb \u201eLajmeve nga Ulqini\u201e<\/strong><\/p>\n","protected":false},"excerpt":{"rendered":"<p>Shkruan Muhamet Nika \u00a0 Duke\u00a0 kujtuar\u00a0 Dinosh\u00ebn n\u00eb prag t\u00eb parad\u00ebs: \u201c Daje bog hteo stvorio bi adama i steva\u00a0 , a ne adama i evu..?! \u00a0\u00a0Sa p\u00ebr \u00a0lajmin\u00a0 i cili u publikua\u00a0\u00a0 q\u00eb \u00a0\u00a0Komuniteti LGBT i b\u00ebn ftes\u00eb ministrit Zenka t\u00eb marr\u00eb pjes\u00eb n\u00eb parade dhe ku thuhet p\u00ebtve\u00e7 tjerash edhe kjo: K\u00ebshilli organizativ [&hellip;]<\/p>\n","protected":false},"author":1,"featured_media":0,"comment_status":"closed","ping_status":"closed","sticky":false,"template":"","format":"standard","meta":{"spay_email":"","jetpack_publicize_message":"","jetpack_is_tweetstorm":false,"jetpack_publicize_feature_enabled":true},"categories":[6950],"tags":[],"jetpack_publicize_connections":[],"yoast_head":"<!-- This site is optimized with the Yoast SEO plugin v19.1 - https:\/\/yoast.com\/wordpress\/plugins\/seo\/ -->\n<title>Nika: Duke kujtuar Dinosh\u00ebn n\u00eb prag t\u00eb parad\u00ebs - Lajme nga Ulqini<\/title>\n<meta name=\"description\" content=\"Shkruan Muhamet Nika \u00a0 Duke\u00a0 kujtuar\u00a0 Dinosh\u00ebn n\u00eb prag t\u00eb parad\u00ebs: \u201c Daje bog hteo stvorio bi adama i steva\u00a0 , a ne adama i evu..?! \u00a0\u00a0Sa p\u00ebr \u00a0lajmin\u00a0 i\" \/>\n<meta name=\"robots\" content=\"index, follow, max-snippet:-1, max-image-preview:large, max-video-preview:-1\" \/>\n<link rel=\"canonical\" href=\"https:\/\/www.visit-ulcinj.com\/blog\/2016\/12\/02\/nika-duke-kujtuar-dinoshen-ne-prag-te-parades\/\" \/>\n<meta property=\"og:locale\" content=\"en_US\" \/>\n<meta property=\"og:type\" content=\"article\" \/>\n<meta property=\"og:title\" content=\"Nika: Duke kujtuar Dinosh\u00ebn n\u00eb prag t\u00eb parad\u00ebs - Lajme nga Ulqini\" \/>\n<meta property=\"og:description\" content=\"Shkruan Muhamet Nika \u00a0 Duke\u00a0 kujtuar\u00a0 Dinosh\u00ebn n\u00eb prag t\u00eb parad\u00ebs: \u201c Daje bog hteo stvorio bi adama i steva\u00a0 , a ne adama i evu..?! \u00a0\u00a0Sa p\u00ebr \u00a0lajmin\u00a0 i\" \/>\n<meta property=\"og:url\" content=\"https:\/\/www.visit-ulcinj.com\/blog\/2016\/12\/02\/nika-duke-kujtuar-dinoshen-ne-prag-te-parades\/\" \/>\n<meta property=\"og:site_name\" content=\"Lajme nga Ulqini\" \/>\n<meta property=\"article:published_time\" content=\"2016-12-02T14:00:47+00:00\" \/>\n<meta property=\"article:modified_time\" content=\"2016-12-02T14:01:21+00:00\" \/>\n<meta property=\"og:image\" content=\"http:\/\/www.visit-ulcinj.com\/blog\/wp-content\/uploads\/2016\/07\/LGBT-CRNA-GORA.jpg\" \/>\n<meta name=\"twitter:label1\" content=\"Written by\" \/>\n\t<meta name=\"twitter:data1\" content=\"ulqini\" \/>\n\t<meta name=\"twitter:label2\" content=\"Est. reading time\" \/>\n\t<meta name=\"twitter:data2\" content=\"2 minutes\" \/>\n<script type=\"application\/ld+json\" class=\"yoast-schema-graph\">{\"@context\":\"https:\/\/schema.org\",\"@graph\":[{\"@type\":\"WebSite\",\"@id\":\"https:\/\/www.visit-ulcinj.com\/blog\/#website\",\"url\":\"https:\/\/www.visit-ulcinj.com\/blog\/\",\"name\":\"Lajme nga Ulqini\",\"description\":\"Lajme,Vijesti,Ulqini,Ulqin,Crna Gora,Mali i Zi\",\"potentialAction\":[{\"@type\":\"SearchAction\",\"target\":{\"@type\":\"EntryPoint\",\"urlTemplate\":\"https:\/\/www.visit-ulcinj.com\/blog\/?s={search_term_string}\"},\"query-input\":\"required name=search_term_string\"}],\"inLanguage\":\"en-US\"},{\"@type\":\"ImageObject\",\"inLanguage\":\"en-US\",\"@id\":\"https:\/\/www.visit-ulcinj.com\/blog\/2016\/12\/02\/nika-duke-kujtuar-dinoshen-ne-prag-te-parades\/#primaryimage\",\"url\":\"https:\/\/www.visit-ulcinj.com\/blog\/wp-content\/uploads\/2016\/07\/LGBT-CRNA-GORA.jpg\",\"contentUrl\":\"https:\/\/www.visit-ulcinj.com\/blog\/wp-content\/uploads\/2016\/07\/LGBT-CRNA-GORA.jpg\",\"width\":620,\"height\":350},{\"@type\":\"WebPage\",\"@id\":\"https:\/\/www.visit-ulcinj.com\/blog\/2016\/12\/02\/nika-duke-kujtuar-dinoshen-ne-prag-te-parades\/#webpage\",\"url\":\"https:\/\/www.visit-ulcinj.com\/blog\/2016\/12\/02\/nika-duke-kujtuar-dinoshen-ne-prag-te-parades\/\",\"name\":\"Nika: Duke kujtuar Dinosh\u00ebn n\u00eb prag t\u00eb parad\u00ebs - Lajme nga Ulqini\",\"isPartOf\":{\"@id\":\"https:\/\/www.visit-ulcinj.com\/blog\/#website\"},\"primaryImageOfPage\":{\"@id\":\"https:\/\/www.visit-ulcinj.com\/blog\/2016\/12\/02\/nika-duke-kujtuar-dinoshen-ne-prag-te-parades\/#primaryimage\"},\"datePublished\":\"2016-12-02T14:00:47+00:00\",\"dateModified\":\"2016-12-02T14:01:21+00:00\",\"author\":{\"@id\":\"https:\/\/www.visit-ulcinj.com\/blog\/#\/schema\/person\/dcab619c614d3038751c63bc2aadc06d\"},\"description\":\"Shkruan Muhamet Nika \u00a0 Duke\u00a0 kujtuar\u00a0 Dinosh\u00ebn n\u00eb prag t\u00eb parad\u00ebs: \u201c Daje bog hteo stvorio bi adama i steva\u00a0 , a ne adama i evu..?! \u00a0\u00a0Sa p\u00ebr \u00a0lajmin\u00a0 i\",\"breadcrumb\":{\"@id\":\"https:\/\/www.visit-ulcinj.com\/blog\/2016\/12\/02\/nika-duke-kujtuar-dinoshen-ne-prag-te-parades\/#breadcrumb\"},\"inLanguage\":\"en-US\",\"potentialAction\":[{\"@type\":\"ReadAction\",\"target\":[\"https:\/\/www.visit-ulcinj.com\/blog\/2016\/12\/02\/nika-duke-kujtuar-dinoshen-ne-prag-te-parades\/\"]}]},{\"@type\":\"BreadcrumbList\",\"@id\":\"https:\/\/www.visit-ulcinj.com\/blog\/2016\/12\/02\/nika-duke-kujtuar-dinoshen-ne-prag-te-parades\/#breadcrumb\",\"itemListElement\":[{\"@type\":\"ListItem\",\"position\":1,\"name\":\"Nika: Duke kujtuar Dinosh\u00ebn n\u00eb prag t\u00eb parad\u00ebs\"}]},{\"@type\":\"Person\",\"@id\":\"https:\/\/www.visit-ulcinj.com\/blog\/#\/schema\/person\/dcab619c614d3038751c63bc2aadc06d\",\"name\":\"ulqini\",\"sameAs\":[\"http:\/\/www.visit-ulcinj.com\"],\"url\":\"https:\/\/www.visit-ulcinj.com\/blog\/author\/admin\/\"}]}<\/script>\n<!-- \/ Yoast SEO plugin. -->","yoast_head_json":{"title":"Nika: Duke kujtuar Dinosh\u00ebn n\u00eb prag t\u00eb parad\u00ebs - Lajme nga Ulqini","description":"Shkruan Muhamet Nika \u00a0 Duke\u00a0 kujtuar\u00a0 Dinosh\u00ebn n\u00eb prag t\u00eb parad\u00ebs: \u201c Daje bog hteo stvorio bi adama i steva\u00a0 , a ne adama i evu..?! \u00a0\u00a0Sa p\u00ebr \u00a0lajmin\u00a0 i","robots":{"index":"index","follow":"follow","max-snippet":"max-snippet:-1","max-image-preview":"max-image-preview:large","max-video-preview":"max-video-preview:-1"},"canonical":"https:\/\/www.visit-ulcinj.com\/blog\/2016\/12\/02\/nika-duke-kujtuar-dinoshen-ne-prag-te-parades\/","og_locale":"en_US","og_type":"article","og_title":"Nika: Duke kujtuar Dinosh\u00ebn n\u00eb prag t\u00eb parad\u00ebs - Lajme nga Ulqini","og_description":"Shkruan Muhamet Nika \u00a0 Duke\u00a0 kujtuar\u00a0 Dinosh\u00ebn n\u00eb prag t\u00eb parad\u00ebs: \u201c Daje bog hteo stvorio bi adama i steva\u00a0 , a ne adama i evu..?! \u00a0\u00a0Sa p\u00ebr \u00a0lajmin\u00a0 i","og_url":"https:\/\/www.visit-ulcinj.com\/blog\/2016\/12\/02\/nika-duke-kujtuar-dinoshen-ne-prag-te-parades\/","og_site_name":"Lajme nga Ulqini","article_published_time":"2016-12-02T14:00:47+00:00","article_modified_time":"2016-12-02T14:01:21+00:00","og_image":[{"url":"http:\/\/www.visit-ulcinj.com\/blog\/wp-content\/uploads\/2016\/07\/LGBT-CRNA-GORA.jpg"}],"twitter_misc":{"Written by":"ulqini","Est. reading time":"2 minutes"},"schema":{"@context":"https:\/\/schema.org","@graph":[{"@type":"WebSite","@id":"https:\/\/www.visit-ulcinj.com\/blog\/#website","url":"https:\/\/www.visit-ulcinj.com\/blog\/","name":"Lajme nga Ulqini","description":"Lajme,Vijesti,Ulqini,Ulqin,Crna Gora,Mali i Zi","potentialAction":[{"@type":"SearchAction","target":{"@type":"EntryPoint","urlTemplate":"https:\/\/www.visit-ulcinj.com\/blog\/?s={search_term_string}"},"query-input":"required name=search_term_string"}],"inLanguage":"en-US"},{"@type":"ImageObject","inLanguage":"en-US","@id":"https:\/\/www.visit-ulcinj.com\/blog\/2016\/12\/02\/nika-duke-kujtuar-dinoshen-ne-prag-te-parades\/#primaryimage","url":"https:\/\/www.visit-ulcinj.com\/blog\/wp-content\/uploads\/2016\/07\/LGBT-CRNA-GORA.jpg","contentUrl":"https:\/\/www.visit-ulcinj.com\/blog\/wp-content\/uploads\/2016\/07\/LGBT-CRNA-GORA.jpg","width":620,"height":350},{"@type":"WebPage","@id":"https:\/\/www.visit-ulcinj.com\/blog\/2016\/12\/02\/nika-duke-kujtuar-dinoshen-ne-prag-te-parades\/#webpage","url":"https:\/\/www.visit-ulcinj.com\/blog\/2016\/12\/02\/nika-duke-kujtuar-dinoshen-ne-prag-te-parades\/","name":"Nika: Duke kujtuar Dinosh\u00ebn n\u00eb prag t\u00eb parad\u00ebs - Lajme nga Ulqini","isPartOf":{"@id":"https:\/\/www.visit-ulcinj.com\/blog\/#website"},"primaryImageOfPage":{"@id":"https:\/\/www.visit-ulcinj.com\/blog\/2016\/12\/02\/nika-duke-kujtuar-dinoshen-ne-prag-te-parades\/#primaryimage"},"datePublished":"2016-12-02T14:00:47+00:00","dateModified":"2016-12-02T14:01:21+00:00","author":{"@id":"https:\/\/www.visit-ulcinj.com\/blog\/#\/schema\/person\/dcab619c614d3038751c63bc2aadc06d"},"description":"Shkruan Muhamet Nika \u00a0 Duke\u00a0 kujtuar\u00a0 Dinosh\u00ebn n\u00eb prag t\u00eb parad\u00ebs: \u201c Daje bog hteo stvorio bi adama i steva\u00a0 , a ne adama i evu..?! \u00a0\u00a0Sa p\u00ebr \u00a0lajmin\u00a0 i","breadcrumb":{"@id":"https:\/\/www.visit-ulcinj.com\/blog\/2016\/12\/02\/nika-duke-kujtuar-dinoshen-ne-prag-te-parades\/#breadcrumb"},"inLanguage":"en-US","potentialAction":[{"@type":"ReadAction","target":["https:\/\/www.visit-ulcinj.com\/blog\/2016\/12\/02\/nika-duke-kujtuar-dinoshen-ne-prag-te-parades\/"]}]},{"@type":"BreadcrumbList","@id":"https:\/\/www.visit-ulcinj.com\/blog\/2016\/12\/02\/nika-duke-kujtuar-dinoshen-ne-prag-te-parades\/#breadcrumb","itemListElement":[{"@type":"ListItem","position":1,"name":"Nika: Duke kujtuar Dinosh\u00ebn n\u00eb prag t\u00eb parad\u00ebs"}]},{"@type":"Person","@id":"https:\/\/www.visit-ulcinj.com\/blog\/#\/schema\/person\/dcab619c614d3038751c63bc2aadc06d","name":"ulqini","sameAs":["http:\/\/www.visit-ulcinj.com"],"url":"https:\/\/www.visit-ulcinj.com\/blog\/author\/admin\/"}]}},"jetpack_featured_media_url":"","jetpack_sharing_enabled":true,"jetpack_shortlink":"https:\/\/wp.me\/pe6lTn-qol","_links":{"self":[{"href":"https:\/\/www.visit-ulcinj.com\/blog\/wp-json\/wp\/v2\/posts\/101453"}],"collection":[{"href":"https:\/\/www.visit-ulcinj.com\/blog\/wp-json\/wp\/v2\/posts"}],"about":[{"href":"https:\/\/www.visit-ulcinj.com\/blog\/wp-json\/wp\/v2\/types\/post"}],"author":[{"embeddable":true,"href":"https:\/\/www.visit-ulcinj.com\/blog\/wp-json\/wp\/v2\/users\/1"}],"replies":[{"embeddable":true,"href":"https:\/\/www.visit-ulcinj.com\/blog\/wp-json\/wp\/v2\/comments?post=101453"}],"version-history":[{"count":2,"href":"https:\/\/www.visit-ulcinj.com\/blog\/wp-json\/wp\/v2\/posts\/101453\/revisions"}],"predecessor-version":[{"id":101455,"href":"https:\/\/www.visit-ulcinj.com\/blog\/wp-json\/wp\/v2\/posts\/101453\/revisions\/101455"}],"wp:attachment":[{"href":"https:\/\/www.visit-ulcinj.com\/blog\/wp-json\/wp\/v2\/media?parent=101453"}],"wp:term":[{"taxonomy":"category","embeddable":true,"href":"https:\/\/www.visit-ulcinj.com\/blog\/wp-json\/wp\/v2\/categories?post=101453"},{"taxonomy":"post_tag","embeddable":true,"href":"https:\/\/www.visit-ulcinj.com\/blog\/wp-json\/wp\/v2\/tags?post=101453"}],"curies":[{"name":"wp","href":"https:\/\/api.w.org\/{rel}","templated":true}]}}