{"id":101456,"date":"2016-12-02T16:30:59","date_gmt":"2016-12-02T15:30:59","guid":{"rendered":"http:\/\/www.visit-ulcinj.com\/blog\/?p=101456"},"modified":"2016-12-03T10:29:25","modified_gmt":"2016-12-03T09:29:25","slug":"gjeloshaj-shqiptaret-ne-mal-te-zi-duan-tre-mandate-te-garantuara-ne-parlament","status":"publish","type":"post","link":"https:\/\/www.visit-ulcinj.com\/blog\/2016\/12\/02\/gjeloshaj-shqiptaret-ne-mal-te-zi-duan-tre-mandate-te-garantuara-ne-parlament\/","title":{"rendered":"Gjeloshaj: Shqiptar\u00ebt n\u00eb Mal t\u00eb Zi duan tre mandate t\u00eb garantuara n\u00eb Parlament"},"content":{"rendered":"<p><a href=\"http:\/\/www.visit-ulcinj.com\/blog\/wp-content\/uploads\/2015\/01\/Nik-Gjeloshaj.jpg\"><img loading=\"lazy\" class=\"alignleft wp-image-88096\" src=\"http:\/\/www.visit-ulcinj.com\/blog\/wp-content\/uploads\/2015\/01\/Nik-Gjeloshaj.jpg\" alt=\"Nik-Gjeloshaj\" width=\"508\" height=\"339\" srcset=\"https:\/\/www.visit-ulcinj.com\/blog\/wp-content\/uploads\/2015\/01\/Nik-Gjeloshaj.jpg 960w, https:\/\/www.visit-ulcinj.com\/blog\/wp-content\/uploads\/2015\/01\/Nik-Gjeloshaj-300x200.jpg 300w\" sizes=\"(max-width: 508px) 100vw, 508px\" \/><\/a>Funksionari i Koalicionit \u201cShqiptar\u00ebt t\u00eb vendosur\u201d, Nik Gjeloshaj, ka deklaruar se angazhohet p\u00ebr ndryshimet e legjislacionit zgjedhor, sipas t\u00eb cilave do t\u00eb garantoheshin 3 mandate, t\u00eb cilat do t&#8217;i ndanin listat shqiptare q\u00eb kalojn\u00eb pragun prej 1 p\u00ebr qind. Q\u00ebllimi i yn\u00eb \u00ebsht\u00eb q\u00eb votat t\u00eb cilat do t\u00eb jepen p\u00ebr parti shqiptare t\u00eb pasqyrohen n\u00eb m\u00ebnyr\u00eb adekuate. Ligji n\u00eb fuqi nuk ka karakter afirmativ, p\u00ebrve\u00e7 p\u00ebr pakic\u00ebn kroate.<\/p>\n<p>Ai angazhohet q\u00eb t\u00eb rritet pragu nga 0.7 p\u00ebr qind p\u00ebr listat q\u00eb do t\u00eb marrin pjes\u00eb ndarjen e mandateve dhe t\u00eb garantojn\u00eb tre mandate q\u00eb do t&#8217;i ndanin listat shqiptare, t\u00eb cilat do ta kalonin pragun prej 1%. Funksionari i Alternativ\u00ebs shqiptare e cila, s\u00eb bashku me Forc\u00ebn e re demokratike dhe Unionin Demokratik t\u00eb Shqiptar\u00ebve, p\u00ebrb\u00ebjn\u00eb koalicionin Shqiptar\u00ebt e vendosur, konsideron se ky do t\u00eb ishte aksion afirmativ.<\/p>\n<p>Partia Demokratike e Socialist\u00ebve \u00ebsht\u00eb e obliguar me marr\u00ebveshje t\u00eb Koalicionit me Koalicionin Shqiptar\u00ebt e vendosur, q\u00eb do t\u00eb inicioj\u00eb ndryshimin e legjislacionit zgjedhor, sipas t\u00eb cilit shqiptar\u00ebt do t\u00eb fitonin vendet e garantuara n\u00eb parlamentin e Malit t\u00eb Zi.<\/p>\n<p><strong>TVCG<\/strong><\/p>\n","protected":false},"excerpt":{"rendered":"<p>Funksionari i Koalicionit \u201cShqiptar\u00ebt t\u00eb vendosur\u201d, Nik Gjeloshaj, ka deklaruar se angazhohet p\u00ebr ndryshimet e legjislacionit zgjedhor, sipas t\u00eb cilave do t\u00eb garantoheshin 3 mandate, t\u00eb cilat do t&#8217;i ndanin listat shqiptare q\u00eb kalojn\u00eb pragun prej 1 p\u00ebr qind. Q\u00ebllimi i yn\u00eb \u00ebsht\u00eb q\u00eb votat t\u00eb cilat do t\u00eb jepen p\u00ebr parti shqiptare t\u00eb pasqyrohen [&hellip;]<\/p>\n","protected":false},"author":1,"featured_media":0,"comment_status":"closed","ping_status":"closed","sticky":false,"template":"","format":"standard","meta":{"spay_email":"","jetpack_publicize_message":"","jetpack_is_tweetstorm":false,"jetpack_publicize_feature_enabled":true},"categories":[6950],"tags":[],"jetpack_publicize_connections":[],"yoast_head":"<!-- This site is optimized with the Yoast SEO plugin v19.1 - https:\/\/yoast.com\/wordpress\/plugins\/seo\/ -->\n<title>Gjeloshaj: Shqiptar\u00ebt n\u00eb Mal t\u00eb Zi duan tre mandate t\u00eb garantuara n\u00eb Parlament - Lajme nga Ulqini<\/title>\n<meta name=\"description\" content=\"Funksionari i Koalicionit \u201cShqiptar\u00ebt t\u00eb vendosur\u201d, Nik Gjeloshaj, ka deklaruar se angazhohet p\u00ebr ndryshimet e legjislacionit zgjedhor, sipas t\u00eb cilave do\" \/>\n<meta name=\"robots\" content=\"index, follow, max-snippet:-1, max-image-preview:large, max-video-preview:-1\" \/>\n<link rel=\"canonical\" href=\"https:\/\/www.visit-ulcinj.com\/blog\/2016\/12\/02\/gjeloshaj-shqiptaret-ne-mal-te-zi-duan-tre-mandate-te-garantuara-ne-parlament\/\" \/>\n<meta property=\"og:locale\" content=\"en_US\" \/>\n<meta property=\"og:type\" content=\"article\" \/>\n<meta property=\"og:title\" content=\"Gjeloshaj: Shqiptar\u00ebt n\u00eb Mal t\u00eb Zi duan tre mandate t\u00eb garantuara n\u00eb Parlament - Lajme nga Ulqini\" \/>\n<meta property=\"og:description\" content=\"Funksionari i Koalicionit \u201cShqiptar\u00ebt t\u00eb vendosur\u201d, Nik Gjeloshaj, ka deklaruar se angazhohet p\u00ebr ndryshimet e legjislacionit zgjedhor, sipas t\u00eb cilave do\" \/>\n<meta property=\"og:url\" content=\"https:\/\/www.visit-ulcinj.com\/blog\/2016\/12\/02\/gjeloshaj-shqiptaret-ne-mal-te-zi-duan-tre-mandate-te-garantuara-ne-parlament\/\" \/>\n<meta property=\"og:site_name\" content=\"Lajme nga Ulqini\" \/>\n<meta property=\"article:published_time\" content=\"2016-12-02T15:30:59+00:00\" \/>\n<meta property=\"article:modified_time\" content=\"2016-12-03T09:29:25+00:00\" \/>\n<meta property=\"og:image\" content=\"http:\/\/www.visit-ulcinj.com\/blog\/wp-content\/uploads\/2015\/01\/Nik-Gjeloshaj.jpg\" \/>\n<meta name=\"twitter:label1\" content=\"Written by\" \/>\n\t<meta name=\"twitter:data1\" content=\"ulqini\" \/>\n\t<meta name=\"twitter:label2\" content=\"Est. reading time\" \/>\n\t<meta name=\"twitter:data2\" content=\"1 minute\" \/>\n<script type=\"application\/ld+json\" class=\"yoast-schema-graph\">{\"@context\":\"https:\/\/schema.org\",\"@graph\":[{\"@type\":\"WebSite\",\"@id\":\"https:\/\/www.visit-ulcinj.com\/blog\/#website\",\"url\":\"https:\/\/www.visit-ulcinj.com\/blog\/\",\"name\":\"Lajme nga Ulqini\",\"description\":\"Lajme,Vijesti,Ulqini,Ulqin,Crna Gora,Mali i Zi\",\"potentialAction\":[{\"@type\":\"SearchAction\",\"target\":{\"@type\":\"EntryPoint\",\"urlTemplate\":\"https:\/\/www.visit-ulcinj.com\/blog\/?s={search_term_string}\"},\"query-input\":\"required name=search_term_string\"}],\"inLanguage\":\"en-US\"},{\"@type\":\"ImageObject\",\"inLanguage\":\"en-US\",\"@id\":\"https:\/\/www.visit-ulcinj.com\/blog\/2016\/12\/02\/gjeloshaj-shqiptaret-ne-mal-te-zi-duan-tre-mandate-te-garantuara-ne-parlament\/#primaryimage\",\"url\":\"https:\/\/www.visit-ulcinj.com\/blog\/wp-content\/uploads\/2015\/01\/Nik-Gjeloshaj.jpg\",\"contentUrl\":\"https:\/\/www.visit-ulcinj.com\/blog\/wp-content\/uploads\/2015\/01\/Nik-Gjeloshaj.jpg\",\"width\":960,\"height\":640},{\"@type\":\"WebPage\",\"@id\":\"https:\/\/www.visit-ulcinj.com\/blog\/2016\/12\/02\/gjeloshaj-shqiptaret-ne-mal-te-zi-duan-tre-mandate-te-garantuara-ne-parlament\/#webpage\",\"url\":\"https:\/\/www.visit-ulcinj.com\/blog\/2016\/12\/02\/gjeloshaj-shqiptaret-ne-mal-te-zi-duan-tre-mandate-te-garantuara-ne-parlament\/\",\"name\":\"Gjeloshaj: Shqiptar\u00ebt n\u00eb Mal t\u00eb Zi duan tre mandate t\u00eb garantuara n\u00eb Parlament - Lajme nga Ulqini\",\"isPartOf\":{\"@id\":\"https:\/\/www.visit-ulcinj.com\/blog\/#website\"},\"primaryImageOfPage\":{\"@id\":\"https:\/\/www.visit-ulcinj.com\/blog\/2016\/12\/02\/gjeloshaj-shqiptaret-ne-mal-te-zi-duan-tre-mandate-te-garantuara-ne-parlament\/#primaryimage\"},\"datePublished\":\"2016-12-02T15:30:59+00:00\",\"dateModified\":\"2016-12-03T09:29:25+00:00\",\"author\":{\"@id\":\"https:\/\/www.visit-ulcinj.com\/blog\/#\/schema\/person\/dcab619c614d3038751c63bc2aadc06d\"},\"description\":\"Funksionari i Koalicionit \u201cShqiptar\u00ebt t\u00eb vendosur\u201d, Nik Gjeloshaj, ka deklaruar se angazhohet p\u00ebr ndryshimet e legjislacionit zgjedhor, sipas t\u00eb cilave do\",\"breadcrumb\":{\"@id\":\"https:\/\/www.visit-ulcinj.com\/blog\/2016\/12\/02\/gjeloshaj-shqiptaret-ne-mal-te-zi-duan-tre-mandate-te-garantuara-ne-parlament\/#breadcrumb\"},\"inLanguage\":\"en-US\",\"potentialAction\":[{\"@type\":\"ReadAction\",\"target\":[\"https:\/\/www.visit-ulcinj.com\/blog\/2016\/12\/02\/gjeloshaj-shqiptaret-ne-mal-te-zi-duan-tre-mandate-te-garantuara-ne-parlament\/\"]}]},{\"@type\":\"BreadcrumbList\",\"@id\":\"https:\/\/www.visit-ulcinj.com\/blog\/2016\/12\/02\/gjeloshaj-shqiptaret-ne-mal-te-zi-duan-tre-mandate-te-garantuara-ne-parlament\/#breadcrumb\",\"itemListElement\":[{\"@type\":\"ListItem\",\"position\":1,\"name\":\"Gjeloshaj: Shqiptar\u00ebt n\u00eb Mal t\u00eb Zi duan tre mandate t\u00eb garantuara n\u00eb Parlament\"}]},{\"@type\":\"Person\",\"@id\":\"https:\/\/www.visit-ulcinj.com\/blog\/#\/schema\/person\/dcab619c614d3038751c63bc2aadc06d\",\"name\":\"ulqini\",\"sameAs\":[\"http:\/\/www.visit-ulcinj.com\"],\"url\":\"https:\/\/www.visit-ulcinj.com\/blog\/author\/admin\/\"}]}<\/script>\n<!-- \/ Yoast SEO plugin. -->","yoast_head_json":{"title":"Gjeloshaj: Shqiptar\u00ebt n\u00eb Mal t\u00eb Zi duan tre mandate t\u00eb garantuara n\u00eb Parlament - Lajme nga Ulqini","description":"Funksionari i Koalicionit \u201cShqiptar\u00ebt t\u00eb vendosur\u201d, Nik Gjeloshaj, ka deklaruar se angazhohet p\u00ebr ndryshimet e legjislacionit zgjedhor, sipas t\u00eb cilave do","robots":{"index":"index","follow":"follow","max-snippet":"max-snippet:-1","max-image-preview":"max-image-preview:large","max-video-preview":"max-video-preview:-1"},"canonical":"https:\/\/www.visit-ulcinj.com\/blog\/2016\/12\/02\/gjeloshaj-shqiptaret-ne-mal-te-zi-duan-tre-mandate-te-garantuara-ne-parlament\/","og_locale":"en_US","og_type":"article","og_title":"Gjeloshaj: Shqiptar\u00ebt n\u00eb Mal t\u00eb Zi duan tre mandate t\u00eb garantuara n\u00eb Parlament - Lajme nga Ulqini","og_description":"Funksionari i Koalicionit \u201cShqiptar\u00ebt t\u00eb vendosur\u201d, Nik Gjeloshaj, ka deklaruar se angazhohet p\u00ebr ndryshimet e legjislacionit zgjedhor, sipas t\u00eb cilave do","og_url":"https:\/\/www.visit-ulcinj.com\/blog\/2016\/12\/02\/gjeloshaj-shqiptaret-ne-mal-te-zi-duan-tre-mandate-te-garantuara-ne-parlament\/","og_site_name":"Lajme nga Ulqini","article_published_time":"2016-12-02T15:30:59+00:00","article_modified_time":"2016-12-03T09:29:25+00:00","og_image":[{"url":"http:\/\/www.visit-ulcinj.com\/blog\/wp-content\/uploads\/2015\/01\/Nik-Gjeloshaj.jpg"}],"twitter_misc":{"Written by":"ulqini","Est. reading time":"1 minute"},"schema":{"@context":"https:\/\/schema.org","@graph":[{"@type":"WebSite","@id":"https:\/\/www.visit-ulcinj.com\/blog\/#website","url":"https:\/\/www.visit-ulcinj.com\/blog\/","name":"Lajme nga Ulqini","description":"Lajme,Vijesti,Ulqini,Ulqin,Crna Gora,Mali i Zi","potentialAction":[{"@type":"SearchAction","target":{"@type":"EntryPoint","urlTemplate":"https:\/\/www.visit-ulcinj.com\/blog\/?s={search_term_string}"},"query-input":"required name=search_term_string"}],"inLanguage":"en-US"},{"@type":"ImageObject","inLanguage":"en-US","@id":"https:\/\/www.visit-ulcinj.com\/blog\/2016\/12\/02\/gjeloshaj-shqiptaret-ne-mal-te-zi-duan-tre-mandate-te-garantuara-ne-parlament\/#primaryimage","url":"https:\/\/www.visit-ulcinj.com\/blog\/wp-content\/uploads\/2015\/01\/Nik-Gjeloshaj.jpg","contentUrl":"https:\/\/www.visit-ulcinj.com\/blog\/wp-content\/uploads\/2015\/01\/Nik-Gjeloshaj.jpg","width":960,"height":640},{"@type":"WebPage","@id":"https:\/\/www.visit-ulcinj.com\/blog\/2016\/12\/02\/gjeloshaj-shqiptaret-ne-mal-te-zi-duan-tre-mandate-te-garantuara-ne-parlament\/#webpage","url":"https:\/\/www.visit-ulcinj.com\/blog\/2016\/12\/02\/gjeloshaj-shqiptaret-ne-mal-te-zi-duan-tre-mandate-te-garantuara-ne-parlament\/","name":"Gjeloshaj: Shqiptar\u00ebt n\u00eb Mal t\u00eb Zi duan tre mandate t\u00eb garantuara n\u00eb Parlament - Lajme nga Ulqini","isPartOf":{"@id":"https:\/\/www.visit-ulcinj.com\/blog\/#website"},"primaryImageOfPage":{"@id":"https:\/\/www.visit-ulcinj.com\/blog\/2016\/12\/02\/gjeloshaj-shqiptaret-ne-mal-te-zi-duan-tre-mandate-te-garantuara-ne-parlament\/#primaryimage"},"datePublished":"2016-12-02T15:30:59+00:00","dateModified":"2016-12-03T09:29:25+00:00","author":{"@id":"https:\/\/www.visit-ulcinj.com\/blog\/#\/schema\/person\/dcab619c614d3038751c63bc2aadc06d"},"description":"Funksionari i Koalicionit \u201cShqiptar\u00ebt t\u00eb vendosur\u201d, Nik Gjeloshaj, ka deklaruar se angazhohet p\u00ebr ndryshimet e legjislacionit zgjedhor, sipas t\u00eb cilave do","breadcrumb":{"@id":"https:\/\/www.visit-ulcinj.com\/blog\/2016\/12\/02\/gjeloshaj-shqiptaret-ne-mal-te-zi-duan-tre-mandate-te-garantuara-ne-parlament\/#breadcrumb"},"inLanguage":"en-US","potentialAction":[{"@type":"ReadAction","target":["https:\/\/www.visit-ulcinj.com\/blog\/2016\/12\/02\/gjeloshaj-shqiptaret-ne-mal-te-zi-duan-tre-mandate-te-garantuara-ne-parlament\/"]}]},{"@type":"BreadcrumbList","@id":"https:\/\/www.visit-ulcinj.com\/blog\/2016\/12\/02\/gjeloshaj-shqiptaret-ne-mal-te-zi-duan-tre-mandate-te-garantuara-ne-parlament\/#breadcrumb","itemListElement":[{"@type":"ListItem","position":1,"name":"Gjeloshaj: Shqiptar\u00ebt n\u00eb Mal t\u00eb Zi duan tre mandate t\u00eb garantuara n\u00eb Parlament"}]},{"@type":"Person","@id":"https:\/\/www.visit-ulcinj.com\/blog\/#\/schema\/person\/dcab619c614d3038751c63bc2aadc06d","name":"ulqini","sameAs":["http:\/\/www.visit-ulcinj.com"],"url":"https:\/\/www.visit-ulcinj.com\/blog\/author\/admin\/"}]}},"jetpack_featured_media_url":"","jetpack_sharing_enabled":true,"jetpack_shortlink":"https:\/\/wp.me\/pe6lTn-qoo","_links":{"self":[{"href":"https:\/\/www.visit-ulcinj.com\/blog\/wp-json\/wp\/v2\/posts\/101456"}],"collection":[{"href":"https:\/\/www.visit-ulcinj.com\/blog\/wp-json\/wp\/v2\/posts"}],"about":[{"href":"https:\/\/www.visit-ulcinj.com\/blog\/wp-json\/wp\/v2\/types\/post"}],"author":[{"embeddable":true,"href":"https:\/\/www.visit-ulcinj.com\/blog\/wp-json\/wp\/v2\/users\/1"}],"replies":[{"embeddable":true,"href":"https:\/\/www.visit-ulcinj.com\/blog\/wp-json\/wp\/v2\/comments?post=101456"}],"version-history":[{"count":1,"href":"https:\/\/www.visit-ulcinj.com\/blog\/wp-json\/wp\/v2\/posts\/101456\/revisions"}],"predecessor-version":[{"id":101457,"href":"https:\/\/www.visit-ulcinj.com\/blog\/wp-json\/wp\/v2\/posts\/101456\/revisions\/101457"}],"wp:attachment":[{"href":"https:\/\/www.visit-ulcinj.com\/blog\/wp-json\/wp\/v2\/media?parent=101456"}],"wp:term":[{"taxonomy":"category","embeddable":true,"href":"https:\/\/www.visit-ulcinj.com\/blog\/wp-json\/wp\/v2\/categories?post=101456"},{"taxonomy":"post_tag","embeddable":true,"href":"https:\/\/www.visit-ulcinj.com\/blog\/wp-json\/wp\/v2\/tags?post=101456"}],"curies":[{"name":"wp","href":"https:\/\/api.w.org\/{rel}","templated":true}]}}