{"id":101460,"date":"2016-12-03T10:17:33","date_gmt":"2016-12-03T09:17:33","guid":{"rendered":"http:\/\/www.visit-ulcinj.com\/blog\/?p=101460"},"modified":"2016-12-04T19:33:52","modified_gmt":"2016-12-04T18:33:52","slug":"ulqini-ofron-wi-fi-falas-per-te-gjithe-turistet-ne-shetitoren-e-plazhit-te-vogel","status":"publish","type":"post","link":"https:\/\/www.visit-ulcinj.com\/blog\/2016\/12\/03\/ulqini-ofron-wi-fi-falas-per-te-gjithe-turistet-ne-shetitoren-e-plazhit-te-vogel\/","title":{"rendered":"Ulqini ofron Wi-Fi falas p\u00ebr t\u00eb gjith\u00eb turist\u00ebt n\u00eb shetitoren e plazhit te vogel"},"content":{"rendered":"<p><a href=\"http:\/\/www.visit-ulcinj.com\/blog\/wp-content\/uploads\/2016\/12\/Zona-WI-FI-Gratis.jpg\"><img loading=\"lazy\" class=\"alignleft wp-image-101461\" src=\"http:\/\/www.visit-ulcinj.com\/blog\/wp-content\/uploads\/2016\/12\/Zona-WI-FI-Gratis.jpg\" alt=\"Zona-WI-FI-Gratis\" width=\"508\" height=\"364\" \/><\/a>N\u00eb kuader t\u00eb projektit Wireless Montenegro, Ministria p\u00ebr shoq\u00ebri informative n\u00eb bashkpunim me Qendr\u00ebn p\u00ebr sistem t\u00eb informacionit t\u00eb Komun\u00ebs s\u00eb Ulqinit realizoi instalimin e dy zonave Free Wifi n\u00eb Ulqin.<\/p>\n<p>Paisjet jan\u00eb montuar n\u00eb dy pika\u00a0n\u00eb shetitoren e Ran\u00ebs dhe do t\u00eb mund\u00ebsojn\u00eb qasjen n\u00eb internet falas p\u00ebr t\u00eb gjith\u00eb vizitor\u00ebt e asaj zone.<\/p>\n<p>Pra, n\u00eb momentin kur me paisjet e juaja detektoni sinjalin wifi me em\u00ebrtimin free.montenegro, mund t\u00eb konektoheni dhe t\u00eb p\u00ebrdorni internetin falas.<\/p>\n<p>Kemi p\u00ebrzgjedhur shetitoren e Ran\u00ebs, sepse \u00ebsht\u00eb pjesa m\u00eb e frekuentuar nga qytetar\u00ebt tan\u00eb gjat\u00eb gjith\u00eb vitit si dhe nga turist\u00ebt gjat\u00eb perudh\u00ebs t\u00eb sezonit turistik\u00eb. Konsiderojm\u00eb q\u00eb edhe kjo \u00ebsht\u00eb nj\u00eb m\u00ebnyr\u00eb q\u00eb t\u00eb zgjerojm\u00eb ofert\u00ebn turistike duke mund\u00ebsuar turist\u00ebve q\u00eb duke u qasur pa penges\u00eb n\u00eb internet t\u00eb informohen p\u00ebr nj\u00eb hotel, restorant, manifestim\u00a0apo ndonj\u00eb informacion tjet\u00ebr lidhur me qytetin ton\u00eb.<\/p>\n<p>Meq\u00eb vler\u00ebsojm\u00eb q\u00eb k\u00ebto dy zona nuk jan\u00eb t\u00eb mjaftueshme p\u00ebr t\u00eb plot\u00ebsuar nevojat n\u00eb qytetin ton\u00eb e sidoms gjat\u00eb sezonit turistik, menj\u00ebher\u00eb kemi drejtuar k\u00ebrkes\u00ebn ndaj Ministris\u00eb p\u00ebr rritjen e numrit t\u00eb paisjeve dhe kemi propozuar plot\u00ebsimin e Ran\u00ebs edhe me dy pika si dhe mbulimin e dy lokacioneve tjera, Kalas\u00eb dhe stacionit\u00a0t\u00eb autobusave. N\u00eb qoft\u00eb se Ministria nuk do t\u00eb ket\u00eb mund\u00ebsi t\u00eb p\u00ebrgjigjet k\u00ebrkesave tona n\u00eb afat t\u00eb shkurt\u00ebr kohor dhe n\u00ebse kjo nuk realizohet n\u00ebp\u00ebrmes projektit aktual, at\u00ebher\u00eb do t\u00eb shikohet mund\u00ebsia q\u00eb Komuna k\u00ebt\u00eb ta b\u00ebj\u00eb t\u00eb mundur n\u00ebp\u00ebrmjet nj\u00eb projekti t\u00eb ve\u00e7ant\u00eb q\u00eb do t\u00eb mund\u00ebsoj\u00eb realizimin t\u00eb edhe disa\u00a0pikave\u00a0p\u00ebrpara sezonit turistik.<\/p>\n<p>QENDRA P\u00cbR SISTEM T\u00cb INFORMACIONIT<\/p>\n","protected":false},"excerpt":{"rendered":"<p>N\u00eb kuader t\u00eb projektit Wireless Montenegro, Ministria p\u00ebr shoq\u00ebri informative n\u00eb bashkpunim me Qendr\u00ebn p\u00ebr sistem t\u00eb informacionit t\u00eb Komun\u00ebs s\u00eb Ulqinit realizoi instalimin e dy zonave Free Wifi n\u00eb Ulqin. Paisjet jan\u00eb montuar n\u00eb dy pika\u00a0n\u00eb shetitoren e Ran\u00ebs dhe do t\u00eb mund\u00ebsojn\u00eb qasjen n\u00eb internet falas p\u00ebr t\u00eb gjith\u00eb vizitor\u00ebt e asaj zone. [&hellip;]<\/p>\n","protected":false},"author":1,"featured_media":0,"comment_status":"closed","ping_status":"closed","sticky":false,"template":"","format":"standard","meta":{"spay_email":"","jetpack_publicize_message":"","jetpack_is_tweetstorm":false,"jetpack_publicize_feature_enabled":true},"categories":[1,15],"tags":[],"jetpack_publicize_connections":[],"yoast_head":"<!-- This site is optimized with the Yoast SEO plugin v19.1 - https:\/\/yoast.com\/wordpress\/plugins\/seo\/ -->\n<title>Ulqini ofron Wi-Fi falas p\u00ebr t\u00eb gjith\u00eb turist\u00ebt n\u00eb shetitoren e plazhit te vogel - Lajme nga Ulqini<\/title>\n<meta name=\"description\" content=\"N\u00eb kuader t\u00eb projektit Wireless Montenegro, Ministria p\u00ebr shoq\u00ebri informative n\u00eb bashkpunim me Qendr\u00ebn p\u00ebr sistem t\u00eb informacionit t\u00eb Komun\u00ebs s\u00eb Ulqinit\" \/>\n<meta name=\"robots\" content=\"index, follow, max-snippet:-1, max-image-preview:large, max-video-preview:-1\" \/>\n<link rel=\"canonical\" href=\"https:\/\/www.visit-ulcinj.com\/blog\/2016\/12\/03\/ulqini-ofron-wi-fi-falas-per-te-gjithe-turistet-ne-shetitoren-e-plazhit-te-vogel\/\" \/>\n<meta property=\"og:locale\" content=\"en_US\" \/>\n<meta property=\"og:type\" content=\"article\" \/>\n<meta property=\"og:title\" content=\"Ulqini ofron Wi-Fi falas p\u00ebr t\u00eb gjith\u00eb turist\u00ebt n\u00eb shetitoren e plazhit te vogel - Lajme nga Ulqini\" \/>\n<meta property=\"og:description\" content=\"N\u00eb kuader t\u00eb projektit Wireless Montenegro, Ministria p\u00ebr shoq\u00ebri informative n\u00eb bashkpunim me Qendr\u00ebn p\u00ebr sistem t\u00eb informacionit t\u00eb Komun\u00ebs s\u00eb Ulqinit\" \/>\n<meta property=\"og:url\" content=\"https:\/\/www.visit-ulcinj.com\/blog\/2016\/12\/03\/ulqini-ofron-wi-fi-falas-per-te-gjithe-turistet-ne-shetitoren-e-plazhit-te-vogel\/\" \/>\n<meta property=\"og:site_name\" content=\"Lajme nga Ulqini\" \/>\n<meta property=\"article:published_time\" content=\"2016-12-03T09:17:33+00:00\" \/>\n<meta property=\"article:modified_time\" content=\"2016-12-04T18:33:52+00:00\" \/>\n<meta property=\"og:image\" content=\"http:\/\/www.visit-ulcinj.com\/blog\/wp-content\/uploads\/2016\/12\/Zona-WI-FI-Gratis.jpg\" \/>\n<meta name=\"twitter:label1\" content=\"Written by\" \/>\n\t<meta name=\"twitter:data1\" content=\"ulqini\" \/>\n\t<meta name=\"twitter:label2\" content=\"Est. reading time\" \/>\n\t<meta name=\"twitter:data2\" content=\"2 minutes\" \/>\n<script type=\"application\/ld+json\" class=\"yoast-schema-graph\">{\"@context\":\"https:\/\/schema.org\",\"@graph\":[{\"@type\":\"WebSite\",\"@id\":\"https:\/\/www.visit-ulcinj.com\/blog\/#website\",\"url\":\"https:\/\/www.visit-ulcinj.com\/blog\/\",\"name\":\"Lajme nga Ulqini\",\"description\":\"Lajme,Vijesti,Ulqini,Ulqin,Crna Gora,Mali i Zi\",\"potentialAction\":[{\"@type\":\"SearchAction\",\"target\":{\"@type\":\"EntryPoint\",\"urlTemplate\":\"https:\/\/www.visit-ulcinj.com\/blog\/?s={search_term_string}\"},\"query-input\":\"required name=search_term_string\"}],\"inLanguage\":\"en-US\"},{\"@type\":\"ImageObject\",\"inLanguage\":\"en-US\",\"@id\":\"https:\/\/www.visit-ulcinj.com\/blog\/2016\/12\/03\/ulqini-ofron-wi-fi-falas-per-te-gjithe-turistet-ne-shetitoren-e-plazhit-te-vogel\/#primaryimage\",\"url\":\"http:\/\/www.visit-ulcinj.com\/blog\/wp-content\/uploads\/2016\/12\/Zona-WI-FI-Gratis.jpg\",\"contentUrl\":\"http:\/\/www.visit-ulcinj.com\/blog\/wp-content\/uploads\/2016\/12\/Zona-WI-FI-Gratis.jpg\"},{\"@type\":\"WebPage\",\"@id\":\"https:\/\/www.visit-ulcinj.com\/blog\/2016\/12\/03\/ulqini-ofron-wi-fi-falas-per-te-gjithe-turistet-ne-shetitoren-e-plazhit-te-vogel\/#webpage\",\"url\":\"https:\/\/www.visit-ulcinj.com\/blog\/2016\/12\/03\/ulqini-ofron-wi-fi-falas-per-te-gjithe-turistet-ne-shetitoren-e-plazhit-te-vogel\/\",\"name\":\"Ulqini ofron Wi-Fi falas p\u00ebr t\u00eb gjith\u00eb turist\u00ebt n\u00eb shetitoren e plazhit te vogel - Lajme nga Ulqini\",\"isPartOf\":{\"@id\":\"https:\/\/www.visit-ulcinj.com\/blog\/#website\"},\"primaryImageOfPage\":{\"@id\":\"https:\/\/www.visit-ulcinj.com\/blog\/2016\/12\/03\/ulqini-ofron-wi-fi-falas-per-te-gjithe-turistet-ne-shetitoren-e-plazhit-te-vogel\/#primaryimage\"},\"datePublished\":\"2016-12-03T09:17:33+00:00\",\"dateModified\":\"2016-12-04T18:33:52+00:00\",\"author\":{\"@id\":\"https:\/\/www.visit-ulcinj.com\/blog\/#\/schema\/person\/dcab619c614d3038751c63bc2aadc06d\"},\"description\":\"N\u00eb kuader t\u00eb projektit Wireless Montenegro, Ministria p\u00ebr shoq\u00ebri informative n\u00eb bashkpunim me Qendr\u00ebn p\u00ebr sistem t\u00eb informacionit t\u00eb Komun\u00ebs s\u00eb Ulqinit\",\"breadcrumb\":{\"@id\":\"https:\/\/www.visit-ulcinj.com\/blog\/2016\/12\/03\/ulqini-ofron-wi-fi-falas-per-te-gjithe-turistet-ne-shetitoren-e-plazhit-te-vogel\/#breadcrumb\"},\"inLanguage\":\"en-US\",\"potentialAction\":[{\"@type\":\"ReadAction\",\"target\":[\"https:\/\/www.visit-ulcinj.com\/blog\/2016\/12\/03\/ulqini-ofron-wi-fi-falas-per-te-gjithe-turistet-ne-shetitoren-e-plazhit-te-vogel\/\"]}]},{\"@type\":\"BreadcrumbList\",\"@id\":\"https:\/\/www.visit-ulcinj.com\/blog\/2016\/12\/03\/ulqini-ofron-wi-fi-falas-per-te-gjithe-turistet-ne-shetitoren-e-plazhit-te-vogel\/#breadcrumb\",\"itemListElement\":[{\"@type\":\"ListItem\",\"position\":1,\"name\":\"Ulqini ofron Wi-Fi falas p\u00ebr t\u00eb gjith\u00eb turist\u00ebt n\u00eb shetitoren e plazhit te vogel\"}]},{\"@type\":\"Person\",\"@id\":\"https:\/\/www.visit-ulcinj.com\/blog\/#\/schema\/person\/dcab619c614d3038751c63bc2aadc06d\",\"name\":\"ulqini\",\"sameAs\":[\"http:\/\/www.visit-ulcinj.com\"],\"url\":\"https:\/\/www.visit-ulcinj.com\/blog\/author\/admin\/\"}]}<\/script>\n<!-- \/ Yoast SEO plugin. -->","yoast_head_json":{"title":"Ulqini ofron Wi-Fi falas p\u00ebr t\u00eb gjith\u00eb turist\u00ebt n\u00eb shetitoren e plazhit te vogel - Lajme nga Ulqini","description":"N\u00eb kuader t\u00eb projektit Wireless Montenegro, Ministria p\u00ebr shoq\u00ebri informative n\u00eb bashkpunim me Qendr\u00ebn p\u00ebr sistem t\u00eb informacionit t\u00eb Komun\u00ebs s\u00eb Ulqinit","robots":{"index":"index","follow":"follow","max-snippet":"max-snippet:-1","max-image-preview":"max-image-preview:large","max-video-preview":"max-video-preview:-1"},"canonical":"https:\/\/www.visit-ulcinj.com\/blog\/2016\/12\/03\/ulqini-ofron-wi-fi-falas-per-te-gjithe-turistet-ne-shetitoren-e-plazhit-te-vogel\/","og_locale":"en_US","og_type":"article","og_title":"Ulqini ofron Wi-Fi falas p\u00ebr t\u00eb gjith\u00eb turist\u00ebt n\u00eb shetitoren e plazhit te vogel - Lajme nga Ulqini","og_description":"N\u00eb kuader t\u00eb projektit Wireless Montenegro, Ministria p\u00ebr shoq\u00ebri informative n\u00eb bashkpunim me Qendr\u00ebn p\u00ebr sistem t\u00eb informacionit t\u00eb Komun\u00ebs s\u00eb Ulqinit","og_url":"https:\/\/www.visit-ulcinj.com\/blog\/2016\/12\/03\/ulqini-ofron-wi-fi-falas-per-te-gjithe-turistet-ne-shetitoren-e-plazhit-te-vogel\/","og_site_name":"Lajme nga Ulqini","article_published_time":"2016-12-03T09:17:33+00:00","article_modified_time":"2016-12-04T18:33:52+00:00","og_image":[{"url":"http:\/\/www.visit-ulcinj.com\/blog\/wp-content\/uploads\/2016\/12\/Zona-WI-FI-Gratis.jpg"}],"twitter_misc":{"Written by":"ulqini","Est. reading time":"2 minutes"},"schema":{"@context":"https:\/\/schema.org","@graph":[{"@type":"WebSite","@id":"https:\/\/www.visit-ulcinj.com\/blog\/#website","url":"https:\/\/www.visit-ulcinj.com\/blog\/","name":"Lajme nga Ulqini","description":"Lajme,Vijesti,Ulqini,Ulqin,Crna Gora,Mali i Zi","potentialAction":[{"@type":"SearchAction","target":{"@type":"EntryPoint","urlTemplate":"https:\/\/www.visit-ulcinj.com\/blog\/?s={search_term_string}"},"query-input":"required name=search_term_string"}],"inLanguage":"en-US"},{"@type":"ImageObject","inLanguage":"en-US","@id":"https:\/\/www.visit-ulcinj.com\/blog\/2016\/12\/03\/ulqini-ofron-wi-fi-falas-per-te-gjithe-turistet-ne-shetitoren-e-plazhit-te-vogel\/#primaryimage","url":"http:\/\/www.visit-ulcinj.com\/blog\/wp-content\/uploads\/2016\/12\/Zona-WI-FI-Gratis.jpg","contentUrl":"http:\/\/www.visit-ulcinj.com\/blog\/wp-content\/uploads\/2016\/12\/Zona-WI-FI-Gratis.jpg"},{"@type":"WebPage","@id":"https:\/\/www.visit-ulcinj.com\/blog\/2016\/12\/03\/ulqini-ofron-wi-fi-falas-per-te-gjithe-turistet-ne-shetitoren-e-plazhit-te-vogel\/#webpage","url":"https:\/\/www.visit-ulcinj.com\/blog\/2016\/12\/03\/ulqini-ofron-wi-fi-falas-per-te-gjithe-turistet-ne-shetitoren-e-plazhit-te-vogel\/","name":"Ulqini ofron Wi-Fi falas p\u00ebr t\u00eb gjith\u00eb turist\u00ebt n\u00eb shetitoren e plazhit te vogel - Lajme nga Ulqini","isPartOf":{"@id":"https:\/\/www.visit-ulcinj.com\/blog\/#website"},"primaryImageOfPage":{"@id":"https:\/\/www.visit-ulcinj.com\/blog\/2016\/12\/03\/ulqini-ofron-wi-fi-falas-per-te-gjithe-turistet-ne-shetitoren-e-plazhit-te-vogel\/#primaryimage"},"datePublished":"2016-12-03T09:17:33+00:00","dateModified":"2016-12-04T18:33:52+00:00","author":{"@id":"https:\/\/www.visit-ulcinj.com\/blog\/#\/schema\/person\/dcab619c614d3038751c63bc2aadc06d"},"description":"N\u00eb kuader t\u00eb projektit Wireless Montenegro, Ministria p\u00ebr shoq\u00ebri informative n\u00eb bashkpunim me Qendr\u00ebn p\u00ebr sistem t\u00eb informacionit t\u00eb Komun\u00ebs s\u00eb Ulqinit","breadcrumb":{"@id":"https:\/\/www.visit-ulcinj.com\/blog\/2016\/12\/03\/ulqini-ofron-wi-fi-falas-per-te-gjithe-turistet-ne-shetitoren-e-plazhit-te-vogel\/#breadcrumb"},"inLanguage":"en-US","potentialAction":[{"@type":"ReadAction","target":["https:\/\/www.visit-ulcinj.com\/blog\/2016\/12\/03\/ulqini-ofron-wi-fi-falas-per-te-gjithe-turistet-ne-shetitoren-e-plazhit-te-vogel\/"]}]},{"@type":"BreadcrumbList","@id":"https:\/\/www.visit-ulcinj.com\/blog\/2016\/12\/03\/ulqini-ofron-wi-fi-falas-per-te-gjithe-turistet-ne-shetitoren-e-plazhit-te-vogel\/#breadcrumb","itemListElement":[{"@type":"ListItem","position":1,"name":"Ulqini ofron Wi-Fi falas p\u00ebr t\u00eb gjith\u00eb turist\u00ebt n\u00eb shetitoren e plazhit te vogel"}]},{"@type":"Person","@id":"https:\/\/www.visit-ulcinj.com\/blog\/#\/schema\/person\/dcab619c614d3038751c63bc2aadc06d","name":"ulqini","sameAs":["http:\/\/www.visit-ulcinj.com"],"url":"https:\/\/www.visit-ulcinj.com\/blog\/author\/admin\/"}]}},"jetpack_featured_media_url":"","jetpack_sharing_enabled":true,"jetpack_shortlink":"https:\/\/wp.me\/pe6lTn-qos","_links":{"self":[{"href":"https:\/\/www.visit-ulcinj.com\/blog\/wp-json\/wp\/v2\/posts\/101460"}],"collection":[{"href":"https:\/\/www.visit-ulcinj.com\/blog\/wp-json\/wp\/v2\/posts"}],"about":[{"href":"https:\/\/www.visit-ulcinj.com\/blog\/wp-json\/wp\/v2\/types\/post"}],"author":[{"embeddable":true,"href":"https:\/\/www.visit-ulcinj.com\/blog\/wp-json\/wp\/v2\/users\/1"}],"replies":[{"embeddable":true,"href":"https:\/\/www.visit-ulcinj.com\/blog\/wp-json\/wp\/v2\/comments?post=101460"}],"version-history":[{"count":1,"href":"https:\/\/www.visit-ulcinj.com\/blog\/wp-json\/wp\/v2\/posts\/101460\/revisions"}],"predecessor-version":[{"id":101462,"href":"https:\/\/www.visit-ulcinj.com\/blog\/wp-json\/wp\/v2\/posts\/101460\/revisions\/101462"}],"wp:attachment":[{"href":"https:\/\/www.visit-ulcinj.com\/blog\/wp-json\/wp\/v2\/media?parent=101460"}],"wp:term":[{"taxonomy":"category","embeddable":true,"href":"https:\/\/www.visit-ulcinj.com\/blog\/wp-json\/wp\/v2\/categories?post=101460"},{"taxonomy":"post_tag","embeddable":true,"href":"https:\/\/www.visit-ulcinj.com\/blog\/wp-json\/wp\/v2\/tags?post=101460"}],"curies":[{"name":"wp","href":"https:\/\/api.w.org\/{rel}","templated":true}]}}