{"id":101480,"date":"2016-12-05T16:50:08","date_gmt":"2016-12-05T15:50:08","guid":{"rendered":"http:\/\/www.visit-ulcinj.com\/blog\/?p=101480"},"modified":"2016-12-07T15:09:55","modified_gmt":"2016-12-07T14:09:55","slug":"valbone-hoxha-gjikoli-shqiptarja-e-pare-deputete-ne-vouvry-zvicer-nga-ulqini","status":"publish","type":"post","link":"https:\/\/www.visit-ulcinj.com\/blog\/2016\/12\/05\/valbone-hoxha-gjikoli-shqiptarja-e-pare-deputete-ne-vouvry-zvicer-nga-ulqini\/","title":{"rendered":"Valbone Hoxha Gjikoli, shqiptarja e par\u00eb deputete ne Vouvry &#8211; Zvicer nga Ulqini"},"content":{"rendered":"<p><a href=\"http:\/\/www.visit-ulcinj.com\/blog\/wp-content\/uploads\/2016\/12\/Valbone-Hoxha-Gjikolli-shqiptarja-e-par\u00eb-deputete-ne-Vouvry-\u2013-Zvicer.jpg\"><img loading=\"lazy\" class=\"alignleft wp-image-101482\" src=\"http:\/\/www.visit-ulcinj.com\/blog\/wp-content\/uploads\/2016\/12\/Valbone-Hoxha-Gjikolli-shqiptarja-e-par\u00eb-deputete-ne-Vouvry-\u2013-Zvicer.jpg\" alt=\"Valbone Hoxha Gjikolli, shqiptarja e par\u00eb deputete ne Vouvry \u2013 Zvicer\" width=\"508\" height=\"285\" srcset=\"https:\/\/www.visit-ulcinj.com\/blog\/wp-content\/uploads\/2016\/12\/Valbone-Hoxha-Gjikolli-shqiptarja-e-par\u00eb-deputete-ne-Vouvry-\u2013-Zvicer.jpg 800w, https:\/\/www.visit-ulcinj.com\/blog\/wp-content\/uploads\/2016\/12\/Valbone-Hoxha-Gjikolli-shqiptarja-e-par\u00eb-deputete-ne-Vouvry-\u2013-Zvicer-300x168.jpg 300w, https:\/\/www.visit-ulcinj.com\/blog\/wp-content\/uploads\/2016\/12\/Valbone-Hoxha-Gjikolli-shqiptarja-e-par\u00eb-deputete-ne-Vouvry-\u2013-Zvicer-768x431.jpg 768w\" sizes=\"(max-width: 508px) 100vw, 508px\" \/><\/a><strong>Foto: Le Nouvelliste<\/strong><\/p>\n<p>Valbone Hoxha Gjikoli\u00a0\u00ebsht\u00eb nj\u00eb protagoniste e re n\u00eb sken\u00ebn politike zvicerane. Ajo \u00ebsht\u00eb femra e par\u00eb shqiptare e zgjedhur\u00a0 n\u00eb asamblen\u00eb komunale, n\u00eb rrethin ku jeton gjegj\u00ebsisht n\u00eb at\u00eb t\u00eb\u00a0Vouvry t\u00eb <span class=\"st\">Valais<\/span>.<\/p>\n<p>Ajo pos nj\u00eb detyre si k\u00ebshilltare n\u00eb K\u00ebshillin e Bashkis\u00eb s\u00eb k\u00ebsaj komune, do t\u00eb mban edhe nj\u00eb post t\u00eb deputetes n\u00eb l\u00ebvizjen\u00a0 qytetare <span id=\"result_box\" class=\"\" lang=\"sq\">&#8220;Vouvry l\u00ebviz<span class=\"\">&#8220;<\/span><\/span> , n\u00eb komun\u00ebn e Vouvry t\u00eb <span class=\"st\">Valais<\/span> t\u00eb Zvicr\u00ebs<\/p>\n<p>45 vje\u00e7arja Valbone Hoxha Gjikoli e cila ka prejardhjen nga Ulqini, ajo ka kryesuar l\u00ebvizjen e mir\u00ebnjohur qytetare <span id=\"result_box\" class=\"\" lang=\"sq\">&#8220;Vouvry l\u00ebviz<span class=\"\">&#8220;<\/span><\/span> apo &#8220;Vouvry en mouvement&#8221; e cila do jet\u00eb ne\u00a0<span id=\"result_box\" class=\"\" lang=\"sq\"><span class=\"\">ekzekutivi<\/span><\/span>n e komun\u00ebs s\u00eb\u00a0<span id=\"result_box\" class=\"\" lang=\"sq\">Vouvry<\/span>t n\u00eb\u00a0<span class=\"st\"> legjislaturen<\/span> p<span id=\"result_box\" class=\"\" lang=\"sq\"><span class=\"\">\u00ebr periudh\u00ebn e vitit<\/span> <span class=\"\">2017-2020<\/span>.<\/span><\/p>\n<p><strong>Lajme nga Ulqini ju uron suksese dhe realizimin e premtimeve!<\/strong><\/p>\n","protected":false},"excerpt":{"rendered":"<p>Foto: Le Nouvelliste Valbone Hoxha Gjikoli\u00a0\u00ebsht\u00eb nj\u00eb protagoniste e re n\u00eb sken\u00ebn politike zvicerane. Ajo \u00ebsht\u00eb femra e par\u00eb shqiptare e zgjedhur\u00a0 n\u00eb asamblen\u00eb komunale, n\u00eb rrethin ku jeton gjegj\u00ebsisht n\u00eb at\u00eb t\u00eb\u00a0Vouvry t\u00eb Valais. Ajo pos nj\u00eb detyre si k\u00ebshilltare n\u00eb K\u00ebshillin e Bashkis\u00eb s\u00eb k\u00ebsaj komune, do t\u00eb mban edhe nj\u00eb post t\u00eb [&hellip;]<\/p>\n","protected":false},"author":1,"featured_media":0,"comment_status":"closed","ping_status":"closed","sticky":false,"template":"","format":"standard","meta":{"spay_email":"","jetpack_publicize_message":"","jetpack_is_tweetstorm":false,"jetpack_publicize_feature_enabled":true},"categories":[7,1],"tags":[],"jetpack_publicize_connections":[],"yoast_head":"<!-- This site is optimized with the Yoast SEO plugin v19.1 - https:\/\/yoast.com\/wordpress\/plugins\/seo\/ -->\n<title>Valbone Hoxha Gjikoli, shqiptarja e par\u00eb deputete ne Vouvry - Zvicer nga Ulqini - Lajme nga Ulqini<\/title>\n<meta name=\"description\" content=\"Foto: Le Nouvelliste Valbone Hoxha Gjikoli\u00a0\u00ebsht\u00eb nj\u00eb protagoniste e re n\u00eb sken\u00ebn politike zvicerane. Ajo \u00ebsht\u00eb femra e par\u00eb shqiptare e zgjedhur\u00a0 n\u00eb\" \/>\n<meta name=\"robots\" content=\"index, follow, max-snippet:-1, max-image-preview:large, max-video-preview:-1\" \/>\n<link rel=\"canonical\" href=\"https:\/\/www.visit-ulcinj.com\/blog\/2016\/12\/05\/valbone-hoxha-gjikoli-shqiptarja-e-pare-deputete-ne-vouvry-zvicer-nga-ulqini\/\" \/>\n<meta property=\"og:locale\" content=\"en_US\" \/>\n<meta property=\"og:type\" content=\"article\" \/>\n<meta property=\"og:title\" content=\"Valbone Hoxha Gjikoli, shqiptarja e par\u00eb deputete ne Vouvry - Zvicer nga Ulqini - Lajme nga Ulqini\" \/>\n<meta property=\"og:description\" content=\"Foto: Le Nouvelliste Valbone Hoxha Gjikoli\u00a0\u00ebsht\u00eb nj\u00eb protagoniste e re n\u00eb sken\u00ebn politike zvicerane. Ajo \u00ebsht\u00eb femra e par\u00eb shqiptare e zgjedhur\u00a0 n\u00eb\" \/>\n<meta property=\"og:url\" content=\"https:\/\/www.visit-ulcinj.com\/blog\/2016\/12\/05\/valbone-hoxha-gjikoli-shqiptarja-e-pare-deputete-ne-vouvry-zvicer-nga-ulqini\/\" \/>\n<meta property=\"og:site_name\" content=\"Lajme nga Ulqini\" \/>\n<meta property=\"article:published_time\" content=\"2016-12-05T15:50:08+00:00\" \/>\n<meta property=\"article:modified_time\" content=\"2016-12-07T14:09:55+00:00\" \/>\n<meta name=\"twitter:label1\" content=\"Written by\" \/>\n\t<meta name=\"twitter:data1\" content=\"ulqini\" \/>\n\t<meta name=\"twitter:label2\" content=\"Est. reading time\" \/>\n\t<meta name=\"twitter:data2\" content=\"1 minute\" \/>\n<script type=\"application\/ld+json\" class=\"yoast-schema-graph\">{\"@context\":\"https:\/\/schema.org\",\"@graph\":[{\"@type\":\"WebSite\",\"@id\":\"https:\/\/www.visit-ulcinj.com\/blog\/#website\",\"url\":\"https:\/\/www.visit-ulcinj.com\/blog\/\",\"name\":\"Lajme nga Ulqini\",\"description\":\"Lajme,Vijesti,Ulqini,Ulqin,Crna Gora,Mali i Zi\",\"potentialAction\":[{\"@type\":\"SearchAction\",\"target\":{\"@type\":\"EntryPoint\",\"urlTemplate\":\"https:\/\/www.visit-ulcinj.com\/blog\/?s={search_term_string}\"},\"query-input\":\"required name=search_term_string\"}],\"inLanguage\":\"en-US\"},{\"@type\":\"WebPage\",\"@id\":\"https:\/\/www.visit-ulcinj.com\/blog\/2016\/12\/05\/valbone-hoxha-gjikoli-shqiptarja-e-pare-deputete-ne-vouvry-zvicer-nga-ulqini\/#webpage\",\"url\":\"https:\/\/www.visit-ulcinj.com\/blog\/2016\/12\/05\/valbone-hoxha-gjikoli-shqiptarja-e-pare-deputete-ne-vouvry-zvicer-nga-ulqini\/\",\"name\":\"Valbone Hoxha Gjikoli, shqiptarja e par\u00eb deputete ne Vouvry - Zvicer nga Ulqini - Lajme nga Ulqini\",\"isPartOf\":{\"@id\":\"https:\/\/www.visit-ulcinj.com\/blog\/#website\"},\"datePublished\":\"2016-12-05T15:50:08+00:00\",\"dateModified\":\"2016-12-07T14:09:55+00:00\",\"author\":{\"@id\":\"https:\/\/www.visit-ulcinj.com\/blog\/#\/schema\/person\/dcab619c614d3038751c63bc2aadc06d\"},\"description\":\"Foto: Le Nouvelliste Valbone Hoxha Gjikoli\u00a0\u00ebsht\u00eb nj\u00eb protagoniste e re n\u00eb sken\u00ebn politike zvicerane. Ajo \u00ebsht\u00eb femra e par\u00eb shqiptare e zgjedhur\u00a0 n\u00eb\",\"breadcrumb\":{\"@id\":\"https:\/\/www.visit-ulcinj.com\/blog\/2016\/12\/05\/valbone-hoxha-gjikoli-shqiptarja-e-pare-deputete-ne-vouvry-zvicer-nga-ulqini\/#breadcrumb\"},\"inLanguage\":\"en-US\",\"potentialAction\":[{\"@type\":\"ReadAction\",\"target\":[\"https:\/\/www.visit-ulcinj.com\/blog\/2016\/12\/05\/valbone-hoxha-gjikoli-shqiptarja-e-pare-deputete-ne-vouvry-zvicer-nga-ulqini\/\"]}]},{\"@type\":\"BreadcrumbList\",\"@id\":\"https:\/\/www.visit-ulcinj.com\/blog\/2016\/12\/05\/valbone-hoxha-gjikoli-shqiptarja-e-pare-deputete-ne-vouvry-zvicer-nga-ulqini\/#breadcrumb\",\"itemListElement\":[{\"@type\":\"ListItem\",\"position\":1,\"name\":\"Valbone Hoxha Gjikoli, shqiptarja e par\u00eb deputete ne Vouvry &#8211; Zvicer nga Ulqini\"}]},{\"@type\":\"Person\",\"@id\":\"https:\/\/www.visit-ulcinj.com\/blog\/#\/schema\/person\/dcab619c614d3038751c63bc2aadc06d\",\"name\":\"ulqini\",\"sameAs\":[\"http:\/\/www.visit-ulcinj.com\"],\"url\":\"https:\/\/www.visit-ulcinj.com\/blog\/author\/admin\/\"}]}<\/script>\n<!-- \/ Yoast SEO plugin. -->","yoast_head_json":{"title":"Valbone Hoxha Gjikoli, shqiptarja e par\u00eb deputete ne Vouvry - Zvicer nga Ulqini - Lajme nga Ulqini","description":"Foto: Le Nouvelliste Valbone Hoxha Gjikoli\u00a0\u00ebsht\u00eb nj\u00eb protagoniste e re n\u00eb sken\u00ebn politike zvicerane. Ajo \u00ebsht\u00eb femra e par\u00eb shqiptare e zgjedhur\u00a0 n\u00eb","robots":{"index":"index","follow":"follow","max-snippet":"max-snippet:-1","max-image-preview":"max-image-preview:large","max-video-preview":"max-video-preview:-1"},"canonical":"https:\/\/www.visit-ulcinj.com\/blog\/2016\/12\/05\/valbone-hoxha-gjikoli-shqiptarja-e-pare-deputete-ne-vouvry-zvicer-nga-ulqini\/","og_locale":"en_US","og_type":"article","og_title":"Valbone Hoxha Gjikoli, shqiptarja e par\u00eb deputete ne Vouvry - Zvicer nga Ulqini - Lajme nga Ulqini","og_description":"Foto: Le Nouvelliste Valbone Hoxha Gjikoli\u00a0\u00ebsht\u00eb nj\u00eb protagoniste e re n\u00eb sken\u00ebn politike zvicerane. Ajo \u00ebsht\u00eb femra e par\u00eb shqiptare e zgjedhur\u00a0 n\u00eb","og_url":"https:\/\/www.visit-ulcinj.com\/blog\/2016\/12\/05\/valbone-hoxha-gjikoli-shqiptarja-e-pare-deputete-ne-vouvry-zvicer-nga-ulqini\/","og_site_name":"Lajme nga Ulqini","article_published_time":"2016-12-05T15:50:08+00:00","article_modified_time":"2016-12-07T14:09:55+00:00","twitter_misc":{"Written by":"ulqini","Est. reading time":"1 minute"},"schema":{"@context":"https:\/\/schema.org","@graph":[{"@type":"WebSite","@id":"https:\/\/www.visit-ulcinj.com\/blog\/#website","url":"https:\/\/www.visit-ulcinj.com\/blog\/","name":"Lajme nga Ulqini","description":"Lajme,Vijesti,Ulqini,Ulqin,Crna Gora,Mali i Zi","potentialAction":[{"@type":"SearchAction","target":{"@type":"EntryPoint","urlTemplate":"https:\/\/www.visit-ulcinj.com\/blog\/?s={search_term_string}"},"query-input":"required name=search_term_string"}],"inLanguage":"en-US"},{"@type":"WebPage","@id":"https:\/\/www.visit-ulcinj.com\/blog\/2016\/12\/05\/valbone-hoxha-gjikoli-shqiptarja-e-pare-deputete-ne-vouvry-zvicer-nga-ulqini\/#webpage","url":"https:\/\/www.visit-ulcinj.com\/blog\/2016\/12\/05\/valbone-hoxha-gjikoli-shqiptarja-e-pare-deputete-ne-vouvry-zvicer-nga-ulqini\/","name":"Valbone Hoxha Gjikoli, shqiptarja e par\u00eb deputete ne Vouvry - Zvicer nga Ulqini - Lajme nga Ulqini","isPartOf":{"@id":"https:\/\/www.visit-ulcinj.com\/blog\/#website"},"datePublished":"2016-12-05T15:50:08+00:00","dateModified":"2016-12-07T14:09:55+00:00","author":{"@id":"https:\/\/www.visit-ulcinj.com\/blog\/#\/schema\/person\/dcab619c614d3038751c63bc2aadc06d"},"description":"Foto: Le Nouvelliste Valbone Hoxha Gjikoli\u00a0\u00ebsht\u00eb nj\u00eb protagoniste e re n\u00eb sken\u00ebn politike zvicerane. Ajo \u00ebsht\u00eb femra e par\u00eb shqiptare e zgjedhur\u00a0 n\u00eb","breadcrumb":{"@id":"https:\/\/www.visit-ulcinj.com\/blog\/2016\/12\/05\/valbone-hoxha-gjikoli-shqiptarja-e-pare-deputete-ne-vouvry-zvicer-nga-ulqini\/#breadcrumb"},"inLanguage":"en-US","potentialAction":[{"@type":"ReadAction","target":["https:\/\/www.visit-ulcinj.com\/blog\/2016\/12\/05\/valbone-hoxha-gjikoli-shqiptarja-e-pare-deputete-ne-vouvry-zvicer-nga-ulqini\/"]}]},{"@type":"BreadcrumbList","@id":"https:\/\/www.visit-ulcinj.com\/blog\/2016\/12\/05\/valbone-hoxha-gjikoli-shqiptarja-e-pare-deputete-ne-vouvry-zvicer-nga-ulqini\/#breadcrumb","itemListElement":[{"@type":"ListItem","position":1,"name":"Valbone Hoxha Gjikoli, shqiptarja e par\u00eb deputete ne Vouvry &#8211; Zvicer nga Ulqini"}]},{"@type":"Person","@id":"https:\/\/www.visit-ulcinj.com\/blog\/#\/schema\/person\/dcab619c614d3038751c63bc2aadc06d","name":"ulqini","sameAs":["http:\/\/www.visit-ulcinj.com"],"url":"https:\/\/www.visit-ulcinj.com\/blog\/author\/admin\/"}]}},"jetpack_featured_media_url":"","jetpack_sharing_enabled":true,"jetpack_shortlink":"https:\/\/wp.me\/pe6lTn-qoM","_links":{"self":[{"href":"https:\/\/www.visit-ulcinj.com\/blog\/wp-json\/wp\/v2\/posts\/101480"}],"collection":[{"href":"https:\/\/www.visit-ulcinj.com\/blog\/wp-json\/wp\/v2\/posts"}],"about":[{"href":"https:\/\/www.visit-ulcinj.com\/blog\/wp-json\/wp\/v2\/types\/post"}],"author":[{"embeddable":true,"href":"https:\/\/www.visit-ulcinj.com\/blog\/wp-json\/wp\/v2\/users\/1"}],"replies":[{"embeddable":true,"href":"https:\/\/www.visit-ulcinj.com\/blog\/wp-json\/wp\/v2\/comments?post=101480"}],"version-history":[{"count":13,"href":"https:\/\/www.visit-ulcinj.com\/blog\/wp-json\/wp\/v2\/posts\/101480\/revisions"}],"predecessor-version":[{"id":101501,"href":"https:\/\/www.visit-ulcinj.com\/blog\/wp-json\/wp\/v2\/posts\/101480\/revisions\/101501"}],"wp:attachment":[{"href":"https:\/\/www.visit-ulcinj.com\/blog\/wp-json\/wp\/v2\/media?parent=101480"}],"wp:term":[{"taxonomy":"category","embeddable":true,"href":"https:\/\/www.visit-ulcinj.com\/blog\/wp-json\/wp\/v2\/categories?post=101480"},{"taxonomy":"post_tag","embeddable":true,"href":"https:\/\/www.visit-ulcinj.com\/blog\/wp-json\/wp\/v2\/tags?post=101480"}],"curies":[{"name":"wp","href":"https:\/\/api.w.org\/{rel}","templated":true}]}}