{"id":101509,"date":"2016-12-07T12:58:03","date_gmt":"2016-12-07T11:58:03","guid":{"rendered":"http:\/\/www.visit-ulcinj.com\/blog\/?p=101509"},"modified":"2016-12-07T12:58:03","modified_gmt":"2016-12-07T11:58:03","slug":"dhuna-ne-familje-paraqitje-e-situates-aktuale-konference-neser","status":"publish","type":"post","link":"https:\/\/www.visit-ulcinj.com\/blog\/2016\/12\/07\/dhuna-ne-familje-paraqitje-e-situates-aktuale-konference-neser\/","title":{"rendered":"Dhuna ne Familje Paraqitje e Situates Aktuale &#8211; Konferenc\u00eb nes\u00ebr"},"content":{"rendered":"<p><a href=\"http:\/\/www.visit-ulcinj.com\/blog\/wp-content\/uploads\/2016\/12\/Dhuna-ne-Familje-Paraqitje-e-Situates-Aktuale-Konferenc\u00eb.jpg\"><img loading=\"lazy\" class=\"alignleft wp-image-101511\" src=\"http:\/\/www.visit-ulcinj.com\/blog\/wp-content\/uploads\/2016\/12\/Dhuna-ne-Familje-Paraqitje-e-Situates-Aktuale-Konferenc\u00eb.jpg\" alt=\"Dhuna ne Familje Paraqitje e Situates Aktuale - Konferenc\u00eb\" width=\"508\" height=\"258\" srcset=\"https:\/\/www.visit-ulcinj.com\/blog\/wp-content\/uploads\/2016\/12\/Dhuna-ne-Familje-Paraqitje-e-Situates-Aktuale-Konferenc\u00eb.jpg 808w, https:\/\/www.visit-ulcinj.com\/blog\/wp-content\/uploads\/2016\/12\/Dhuna-ne-Familje-Paraqitje-e-Situates-Aktuale-Konferenc\u00eb-300x152.jpg 300w, https:\/\/www.visit-ulcinj.com\/blog\/wp-content\/uploads\/2016\/12\/Dhuna-ne-Familje-Paraqitje-e-Situates-Aktuale-Konferenc\u00eb-768x390.jpg 768w\" sizes=\"(max-width: 508px) 100vw, 508px\" \/><\/a>Nes\u00ebr n\u00eb hotelin \u201cDolcino\u201d me fillim n\u00eb ora 10.00, do t\u00eb mbahet konferenca \u201cMbrojtja nga dhuna n\u00eb familje n\u00eb praktik\u00eb-bazuar n\u00eb studimet e rastit\u201d. Kjo konferenc\u00eb organizohet n\u00eb kuad\u00ebr t\u00eb \u00a0\u201c16 dit\u00ebve aktiviz\u00ebm kund\u00ebr dhun\u00ebs ndaj grave\u201d \u00a0t\u00eb cil\u00ebn SOS telefoni p\u00ebr grat\u00eb dhe f\u00ebmij\u00ebt viktima t\u00eb dhun\u00ebs organizon me p\u00ebrkrahjen e Delegacionit t\u00eb Unionit Evropian, raporton portali Tv Teuta.<\/p>\n<p>Fushata p\u00ebrve\u00e7 k\u00ebsaj konference do t\u00eb p\u00ebrfshij\u00eb edhe aktivitete t\u00eb tjera t\u00eb cil\u00ebt do t\u00eb organizohen n\u00eb kuad\u00ebr t\u00eb projektit \u201cMbrojtja nga dhuna n\u00eb baz\u00eb gjinore- kusht p\u00ebr demokraci dhe shtetin e t\u00eb drejt\u00ebs\u201d. \u00a0N\u00eb konferenc\u00eb fjal\u00ebn e vet p\u00ebr k\u00ebt\u00eb tem\u00eb do ta thon\u00eb edhe mjaft figura publike, puna e t\u00eb cil\u00ebve \u00ebsht\u00eb e lidhur ngusht\u00eb me problematik\u00ebn n\u00eb fjal\u00eb.<\/p>\n<p><a href=\"http:\/\/www.visit-ulcinj.com\/blog\/wp-content\/uploads\/2016\/12\/Dhuna-ne-Familje-Paraqitje-e-Situates-Aktuale-1.jpg\"><img loading=\"lazy\" class=\"alignleft wp-image-101512\" src=\"http:\/\/www.visit-ulcinj.com\/blog\/wp-content\/uploads\/2016\/12\/Dhuna-ne-Familje-Paraqitje-e-Situates-Aktuale-1.jpg\" alt=\"Dhuna ne Familje Paraqitje e Situates Aktuale-1\" width=\"508\" height=\"228\" srcset=\"https:\/\/www.visit-ulcinj.com\/blog\/wp-content\/uploads\/2016\/12\/Dhuna-ne-Familje-Paraqitje-e-Situates-Aktuale-1.jpg 710w, https:\/\/www.visit-ulcinj.com\/blog\/wp-content\/uploads\/2016\/12\/Dhuna-ne-Familje-Paraqitje-e-Situates-Aktuale-1-300x135.jpg 300w\" sizes=\"(max-width: 508px) 100vw, 508px\" \/><\/a><\/p>\n","protected":false},"excerpt":{"rendered":"<p>Nes\u00ebr n\u00eb hotelin \u201cDolcino\u201d me fillim n\u00eb ora 10.00, do t\u00eb mbahet konferenca \u201cMbrojtja nga dhuna n\u00eb familje n\u00eb praktik\u00eb-bazuar n\u00eb studimet e rastit\u201d. Kjo konferenc\u00eb organizohet n\u00eb kuad\u00ebr t\u00eb \u00a0\u201c16 dit\u00ebve aktiviz\u00ebm kund\u00ebr dhun\u00ebs ndaj grave\u201d \u00a0t\u00eb cil\u00ebn SOS telefoni p\u00ebr grat\u00eb dhe f\u00ebmij\u00ebt viktima t\u00eb dhun\u00ebs organizon me p\u00ebrkrahjen e Delegacionit t\u00eb Unionit [&hellip;]<\/p>\n","protected":false},"author":1,"featured_media":0,"comment_status":"closed","ping_status":"closed","sticky":false,"template":"","format":"standard","meta":{"spay_email":"","jetpack_publicize_message":"","jetpack_is_tweetstorm":false,"jetpack_publicize_feature_enabled":true},"categories":[6950],"tags":[],"jetpack_publicize_connections":[],"yoast_head":"<!-- This site is optimized with the Yoast SEO plugin v19.1 - https:\/\/yoast.com\/wordpress\/plugins\/seo\/ -->\n<title>Dhuna ne Familje Paraqitje e Situates Aktuale - Konferenc\u00eb nes\u00ebr - Lajme nga Ulqini<\/title>\n<meta name=\"description\" content=\"Nes\u00ebr n\u00eb hotelin \u201cDolcino\u201d me fillim n\u00eb ora 10.00, do t\u00eb mbahet konferenca \u201cMbrojtja nga dhuna n\u00eb familje n\u00eb praktik\u00eb-bazuar n\u00eb studimet e rastit\u201d. Kjo\" \/>\n<meta name=\"robots\" content=\"index, follow, max-snippet:-1, max-image-preview:large, max-video-preview:-1\" \/>\n<link rel=\"canonical\" href=\"https:\/\/www.visit-ulcinj.com\/blog\/2016\/12\/07\/dhuna-ne-familje-paraqitje-e-situates-aktuale-konference-neser\/\" \/>\n<meta property=\"og:locale\" content=\"en_US\" \/>\n<meta property=\"og:type\" content=\"article\" \/>\n<meta property=\"og:title\" content=\"Dhuna ne Familje Paraqitje e Situates Aktuale - Konferenc\u00eb nes\u00ebr - Lajme nga Ulqini\" \/>\n<meta property=\"og:description\" content=\"Nes\u00ebr n\u00eb hotelin \u201cDolcino\u201d me fillim n\u00eb ora 10.00, do t\u00eb mbahet konferenca \u201cMbrojtja nga dhuna n\u00eb familje n\u00eb praktik\u00eb-bazuar n\u00eb studimet e rastit\u201d. Kjo\" \/>\n<meta property=\"og:url\" content=\"https:\/\/www.visit-ulcinj.com\/blog\/2016\/12\/07\/dhuna-ne-familje-paraqitje-e-situates-aktuale-konference-neser\/\" \/>\n<meta property=\"og:site_name\" content=\"Lajme nga Ulqini\" \/>\n<meta property=\"article:published_time\" content=\"2016-12-07T11:58:03+00:00\" \/>\n<meta property=\"og:image\" content=\"http:\/\/www.visit-ulcinj.com\/blog\/wp-content\/uploads\/2016\/12\/Dhuna-ne-Familje-Paraqitje-e-Situates-Aktuale-1.jpg\" \/>\n<meta name=\"twitter:label1\" content=\"Written by\" \/>\n\t<meta name=\"twitter:data1\" content=\"ulqini\" \/>\n\t<meta name=\"twitter:label2\" content=\"Est. reading time\" \/>\n\t<meta name=\"twitter:data2\" content=\"1 minute\" \/>\n<script type=\"application\/ld+json\" class=\"yoast-schema-graph\">{\"@context\":\"https:\/\/schema.org\",\"@graph\":[{\"@type\":\"WebSite\",\"@id\":\"https:\/\/www.visit-ulcinj.com\/blog\/#website\",\"url\":\"https:\/\/www.visit-ulcinj.com\/blog\/\",\"name\":\"Lajme nga Ulqini\",\"description\":\"Lajme,Vijesti,Ulqini,Ulqin,Crna Gora,Mali i Zi\",\"potentialAction\":[{\"@type\":\"SearchAction\",\"target\":{\"@type\":\"EntryPoint\",\"urlTemplate\":\"https:\/\/www.visit-ulcinj.com\/blog\/?s={search_term_string}\"},\"query-input\":\"required name=search_term_string\"}],\"inLanguage\":\"en-US\"},{\"@type\":\"ImageObject\",\"inLanguage\":\"en-US\",\"@id\":\"https:\/\/www.visit-ulcinj.com\/blog\/2016\/12\/07\/dhuna-ne-familje-paraqitje-e-situates-aktuale-konference-neser\/#primaryimage\",\"url\":\"https:\/\/www.visit-ulcinj.com\/blog\/wp-content\/uploads\/2016\/12\/Dhuna-ne-Familje-Paraqitje-e-Situates-Aktuale-1.jpg\",\"contentUrl\":\"https:\/\/www.visit-ulcinj.com\/blog\/wp-content\/uploads\/2016\/12\/Dhuna-ne-Familje-Paraqitje-e-Situates-Aktuale-1.jpg\",\"width\":710,\"height\":319},{\"@type\":\"WebPage\",\"@id\":\"https:\/\/www.visit-ulcinj.com\/blog\/2016\/12\/07\/dhuna-ne-familje-paraqitje-e-situates-aktuale-konference-neser\/#webpage\",\"url\":\"https:\/\/www.visit-ulcinj.com\/blog\/2016\/12\/07\/dhuna-ne-familje-paraqitje-e-situates-aktuale-konference-neser\/\",\"name\":\"Dhuna ne Familje Paraqitje e Situates Aktuale - Konferenc\u00eb nes\u00ebr - Lajme nga Ulqini\",\"isPartOf\":{\"@id\":\"https:\/\/www.visit-ulcinj.com\/blog\/#website\"},\"primaryImageOfPage\":{\"@id\":\"https:\/\/www.visit-ulcinj.com\/blog\/2016\/12\/07\/dhuna-ne-familje-paraqitje-e-situates-aktuale-konference-neser\/#primaryimage\"},\"datePublished\":\"2016-12-07T11:58:03+00:00\",\"dateModified\":\"2016-12-07T11:58:03+00:00\",\"author\":{\"@id\":\"https:\/\/www.visit-ulcinj.com\/blog\/#\/schema\/person\/dcab619c614d3038751c63bc2aadc06d\"},\"description\":\"Nes\u00ebr n\u00eb hotelin \u201cDolcino\u201d me fillim n\u00eb ora 10.00, do t\u00eb mbahet konferenca \u201cMbrojtja nga dhuna n\u00eb familje n\u00eb praktik\u00eb-bazuar n\u00eb studimet e rastit\u201d. Kjo\",\"breadcrumb\":{\"@id\":\"https:\/\/www.visit-ulcinj.com\/blog\/2016\/12\/07\/dhuna-ne-familje-paraqitje-e-situates-aktuale-konference-neser\/#breadcrumb\"},\"inLanguage\":\"en-US\",\"potentialAction\":[{\"@type\":\"ReadAction\",\"target\":[\"https:\/\/www.visit-ulcinj.com\/blog\/2016\/12\/07\/dhuna-ne-familje-paraqitje-e-situates-aktuale-konference-neser\/\"]}]},{\"@type\":\"BreadcrumbList\",\"@id\":\"https:\/\/www.visit-ulcinj.com\/blog\/2016\/12\/07\/dhuna-ne-familje-paraqitje-e-situates-aktuale-konference-neser\/#breadcrumb\",\"itemListElement\":[{\"@type\":\"ListItem\",\"position\":1,\"name\":\"Dhuna ne Familje Paraqitje e Situates Aktuale &#8211; Konferenc\u00eb nes\u00ebr\"}]},{\"@type\":\"Person\",\"@id\":\"https:\/\/www.visit-ulcinj.com\/blog\/#\/schema\/person\/dcab619c614d3038751c63bc2aadc06d\",\"name\":\"ulqini\",\"sameAs\":[\"http:\/\/www.visit-ulcinj.com\"],\"url\":\"https:\/\/www.visit-ulcinj.com\/blog\/author\/admin\/\"}]}<\/script>\n<!-- \/ Yoast SEO plugin. -->","yoast_head_json":{"title":"Dhuna ne Familje Paraqitje e Situates Aktuale - Konferenc\u00eb nes\u00ebr - Lajme nga Ulqini","description":"Nes\u00ebr n\u00eb hotelin \u201cDolcino\u201d me fillim n\u00eb ora 10.00, do t\u00eb mbahet konferenca \u201cMbrojtja nga dhuna n\u00eb familje n\u00eb praktik\u00eb-bazuar n\u00eb studimet e rastit\u201d. Kjo","robots":{"index":"index","follow":"follow","max-snippet":"max-snippet:-1","max-image-preview":"max-image-preview:large","max-video-preview":"max-video-preview:-1"},"canonical":"https:\/\/www.visit-ulcinj.com\/blog\/2016\/12\/07\/dhuna-ne-familje-paraqitje-e-situates-aktuale-konference-neser\/","og_locale":"en_US","og_type":"article","og_title":"Dhuna ne Familje Paraqitje e Situates Aktuale - Konferenc\u00eb nes\u00ebr - Lajme nga Ulqini","og_description":"Nes\u00ebr n\u00eb hotelin \u201cDolcino\u201d me fillim n\u00eb ora 10.00, do t\u00eb mbahet konferenca \u201cMbrojtja nga dhuna n\u00eb familje n\u00eb praktik\u00eb-bazuar n\u00eb studimet e rastit\u201d. Kjo","og_url":"https:\/\/www.visit-ulcinj.com\/blog\/2016\/12\/07\/dhuna-ne-familje-paraqitje-e-situates-aktuale-konference-neser\/","og_site_name":"Lajme nga Ulqini","article_published_time":"2016-12-07T11:58:03+00:00","og_image":[{"url":"http:\/\/www.visit-ulcinj.com\/blog\/wp-content\/uploads\/2016\/12\/Dhuna-ne-Familje-Paraqitje-e-Situates-Aktuale-1.jpg"}],"twitter_misc":{"Written by":"ulqini","Est. reading time":"1 minute"},"schema":{"@context":"https:\/\/schema.org","@graph":[{"@type":"WebSite","@id":"https:\/\/www.visit-ulcinj.com\/blog\/#website","url":"https:\/\/www.visit-ulcinj.com\/blog\/","name":"Lajme nga Ulqini","description":"Lajme,Vijesti,Ulqini,Ulqin,Crna Gora,Mali i Zi","potentialAction":[{"@type":"SearchAction","target":{"@type":"EntryPoint","urlTemplate":"https:\/\/www.visit-ulcinj.com\/blog\/?s={search_term_string}"},"query-input":"required name=search_term_string"}],"inLanguage":"en-US"},{"@type":"ImageObject","inLanguage":"en-US","@id":"https:\/\/www.visit-ulcinj.com\/blog\/2016\/12\/07\/dhuna-ne-familje-paraqitje-e-situates-aktuale-konference-neser\/#primaryimage","url":"https:\/\/www.visit-ulcinj.com\/blog\/wp-content\/uploads\/2016\/12\/Dhuna-ne-Familje-Paraqitje-e-Situates-Aktuale-1.jpg","contentUrl":"https:\/\/www.visit-ulcinj.com\/blog\/wp-content\/uploads\/2016\/12\/Dhuna-ne-Familje-Paraqitje-e-Situates-Aktuale-1.jpg","width":710,"height":319},{"@type":"WebPage","@id":"https:\/\/www.visit-ulcinj.com\/blog\/2016\/12\/07\/dhuna-ne-familje-paraqitje-e-situates-aktuale-konference-neser\/#webpage","url":"https:\/\/www.visit-ulcinj.com\/blog\/2016\/12\/07\/dhuna-ne-familje-paraqitje-e-situates-aktuale-konference-neser\/","name":"Dhuna ne Familje Paraqitje e Situates Aktuale - Konferenc\u00eb nes\u00ebr - Lajme nga Ulqini","isPartOf":{"@id":"https:\/\/www.visit-ulcinj.com\/blog\/#website"},"primaryImageOfPage":{"@id":"https:\/\/www.visit-ulcinj.com\/blog\/2016\/12\/07\/dhuna-ne-familje-paraqitje-e-situates-aktuale-konference-neser\/#primaryimage"},"datePublished":"2016-12-07T11:58:03+00:00","dateModified":"2016-12-07T11:58:03+00:00","author":{"@id":"https:\/\/www.visit-ulcinj.com\/blog\/#\/schema\/person\/dcab619c614d3038751c63bc2aadc06d"},"description":"Nes\u00ebr n\u00eb hotelin \u201cDolcino\u201d me fillim n\u00eb ora 10.00, do t\u00eb mbahet konferenca \u201cMbrojtja nga dhuna n\u00eb familje n\u00eb praktik\u00eb-bazuar n\u00eb studimet e rastit\u201d. Kjo","breadcrumb":{"@id":"https:\/\/www.visit-ulcinj.com\/blog\/2016\/12\/07\/dhuna-ne-familje-paraqitje-e-situates-aktuale-konference-neser\/#breadcrumb"},"inLanguage":"en-US","potentialAction":[{"@type":"ReadAction","target":["https:\/\/www.visit-ulcinj.com\/blog\/2016\/12\/07\/dhuna-ne-familje-paraqitje-e-situates-aktuale-konference-neser\/"]}]},{"@type":"BreadcrumbList","@id":"https:\/\/www.visit-ulcinj.com\/blog\/2016\/12\/07\/dhuna-ne-familje-paraqitje-e-situates-aktuale-konference-neser\/#breadcrumb","itemListElement":[{"@type":"ListItem","position":1,"name":"Dhuna ne Familje Paraqitje e Situates Aktuale &#8211; Konferenc\u00eb nes\u00ebr"}]},{"@type":"Person","@id":"https:\/\/www.visit-ulcinj.com\/blog\/#\/schema\/person\/dcab619c614d3038751c63bc2aadc06d","name":"ulqini","sameAs":["http:\/\/www.visit-ulcinj.com"],"url":"https:\/\/www.visit-ulcinj.com\/blog\/author\/admin\/"}]}},"jetpack_featured_media_url":"","jetpack_sharing_enabled":true,"jetpack_shortlink":"https:\/\/wp.me\/pe6lTn-qpf","_links":{"self":[{"href":"https:\/\/www.visit-ulcinj.com\/blog\/wp-json\/wp\/v2\/posts\/101509"}],"collection":[{"href":"https:\/\/www.visit-ulcinj.com\/blog\/wp-json\/wp\/v2\/posts"}],"about":[{"href":"https:\/\/www.visit-ulcinj.com\/blog\/wp-json\/wp\/v2\/types\/post"}],"author":[{"embeddable":true,"href":"https:\/\/www.visit-ulcinj.com\/blog\/wp-json\/wp\/v2\/users\/1"}],"replies":[{"embeddable":true,"href":"https:\/\/www.visit-ulcinj.com\/blog\/wp-json\/wp\/v2\/comments?post=101509"}],"version-history":[{"count":1,"href":"https:\/\/www.visit-ulcinj.com\/blog\/wp-json\/wp\/v2\/posts\/101509\/revisions"}],"predecessor-version":[{"id":101513,"href":"https:\/\/www.visit-ulcinj.com\/blog\/wp-json\/wp\/v2\/posts\/101509\/revisions\/101513"}],"wp:attachment":[{"href":"https:\/\/www.visit-ulcinj.com\/blog\/wp-json\/wp\/v2\/media?parent=101509"}],"wp:term":[{"taxonomy":"category","embeddable":true,"href":"https:\/\/www.visit-ulcinj.com\/blog\/wp-json\/wp\/v2\/categories?post=101509"},{"taxonomy":"post_tag","embeddable":true,"href":"https:\/\/www.visit-ulcinj.com\/blog\/wp-json\/wp\/v2\/tags?post=101509"}],"curies":[{"name":"wp","href":"https:\/\/api.w.org\/{rel}","templated":true}]}}