{"id":101520,"date":"2016-12-07T19:51:22","date_gmt":"2016-12-07T18:51:22","guid":{"rendered":"http:\/\/www.visit-ulcinj.com\/blog\/?p=101520"},"modified":"2016-12-07T20:08:45","modified_gmt":"2016-12-07T19:08:45","slug":"komuna-ulqinit-vazhdon-mos-realizimi-i-projektit-npvodacom-video","status":"publish","type":"post","link":"https:\/\/www.visit-ulcinj.com\/blog\/2016\/12\/07\/komuna-ulqinit-vazhdon-mos-realizimi-i-projektit-npvodacom-video\/","title":{"rendered":"Komuna Ulqinit: Vazhdon ( mos) realizimi i projektit NP&#8221;Vodacom&#8221; &#8211; Video"},"content":{"rendered":"<p class=\"post-title\"><span class=\"font-xl \" title=\"NP&quot;Vodacom&quot; i pakenaqur me realizimin e kerkesave ndaj ujesjellesit\"><strong><a href=\"http:\/\/www.visit-ulcinj.com\/blog\/wp-content\/uploads\/2016\/12\/Komuna-Ulqinit-Vazhdon-mos-realizimi-i-projektit-NP-Vodacom.jpg\"><img loading=\"lazy\" class=\"alignleft wp-image-101521\" src=\"http:\/\/www.visit-ulcinj.com\/blog\/wp-content\/uploads\/2016\/12\/Komuna-Ulqinit-Vazhdon-mos-realizimi-i-projektit-NP-Vodacom.jpg\" alt=\"Komuna Ulqinit-Vazhdon -mos-realizimi i projektit NP-Vodacom\" width=\"508\" height=\"273\" srcset=\"https:\/\/www.visit-ulcinj.com\/blog\/wp-content\/uploads\/2016\/12\/Komuna-Ulqinit-Vazhdon-mos-realizimi-i-projektit-NP-Vodacom.jpg 799w, https:\/\/www.visit-ulcinj.com\/blog\/wp-content\/uploads\/2016\/12\/Komuna-Ulqinit-Vazhdon-mos-realizimi-i-projektit-NP-Vodacom-300x161.jpg 300w, https:\/\/www.visit-ulcinj.com\/blog\/wp-content\/uploads\/2016\/12\/Komuna-Ulqinit-Vazhdon-mos-realizimi-i-projektit-NP-Vodacom-768x413.jpg 768w\" sizes=\"(max-width: 508px) 100vw, 508px\" \/><\/a>NP&#8221;Vodacom&#8221; i pakenaqur me realizimin e kerkesave ndaj ujesjellesit, kurse n\u00eb an\u00ebn tjet\u00ebr\u00a0drejtori i k\u00ebsaj nd\u00ebrmarrjeje,\u00a0 <\/strong><\/span><strong>Fehim Avdiu cek\u00ebn ka zvarritje dhe vones\u00eb n\u00eb implementimin e investimeve nga ana e <span class=\"font-xl \" title=\"NP&quot;Vodacom&quot; i pakenaqur me realizimin e kerkesave ndaj ujesjellesit\">NP&#8221;Vodacom&#8221;, raporton Hatixhe Nelaj p\u00ebr portalin TV Teuta.<\/span><br \/>\n<\/strong><\/p>\n<p>\u00c7\u00ebshtja e investimeve n\u00eb Uj\u00ebsjell\u00ebs Kanalizime n\u00eb komun\u00ebn e Ulqinit \u00ebsht\u00eb zvarritur tash tre vite,dhe \u00ebsht\u00eb n\u00eb vones\u00eb t\u00eb madhe .<\/p>\n<p>Akoma nuk \u00ebsht\u00eb b\u00ebr\u00eb plani p\u00ebr implementim t\u00eb projektit ku duhet t\u00eb p\u00ebrcaktohet konsultanti p\u00ebr implementim ,dhe koha p\u00ebr p\u00ebrgaditjen e k\u00ebtij plani zgjat\u00eb m\u00eb s\u00eb pakti 1 vit, deklaron p\u00ebr televizionin Teuta drejtori i k\u00ebsaj nd\u00ebrmarrjeje Fehim Avdiu.<\/p>\n<p>\u201c\u00c7\u00ebshtja e zvog\u00eblimit t\u00eb numrit t\u00eb pun\u00ebtor\u00ebve nj\u00ebher\u00eb n\u00eb 120 e pastaj n\u00eb 100 \u00ebsht\u00eb duke u zvarritur po ashtu tash m\u00eb shum\u00eb se dy vite,por ne kemi b\u00ebr\u00eb t\u00eb pamundur\u00ebn q\u00eb t\u00eb zvog\u00eblojm\u00eb numrin e tyre n\u00eb 136. P\u00ebr t\u00eb realizuar k\u00ebt\u00eb k\u00ebrkes\u00eb t\u00eb Vodacomit dhe KFW Bank\u00ebs na nevojitet ndihma e komun\u00ebs\u201d, thot\u00eb Avdiu.<\/p>\n<p>Drejtori Avdiu shpreson se kompentent\u00ebt e komun\u00ebs do t\u00eb din\u00eb t\u00eb vler\u00ebsojn\u00eb pesh\u00ebn e k\u00ebtij projekti kapital ,dhe do t\u00eb angazhohen n\u00eb zgjidhjen e problemit p\u00ebr t\u00eb pun\u00ebsuarit.<\/p>\n<p><iframe loading=\"lazy\" src=\"\/\/www.dailymotion.com\/embed\/video\/x548unw?autoPlay=1\" width=\"508\" height=\"370\" frameborder=\"0\" allowfullscreen=\"allowfullscreen\"><\/iframe><\/p>\n","protected":false},"excerpt":{"rendered":"<p>NP&#8221;Vodacom&#8221; i pakenaqur me realizimin e kerkesave ndaj ujesjellesit, kurse n\u00eb an\u00ebn tjet\u00ebr\u00a0drejtori i k\u00ebsaj nd\u00ebrmarrjeje,\u00a0 Fehim Avdiu cek\u00ebn ka zvarritje dhe vones\u00eb n\u00eb implementimin e investimeve nga ana e NP&#8221;Vodacom&#8221;, raporton Hatixhe Nelaj p\u00ebr portalin TV Teuta. \u00c7\u00ebshtja e investimeve n\u00eb Uj\u00ebsjell\u00ebs Kanalizime n\u00eb komun\u00ebn e Ulqinit \u00ebsht\u00eb zvarritur tash tre vite,dhe \u00ebsht\u00eb n\u00eb [&hellip;]<\/p>\n","protected":false},"author":1,"featured_media":0,"comment_status":"closed","ping_status":"closed","sticky":false,"template":"","format":"standard","meta":{"spay_email":"","jetpack_publicize_message":"","jetpack_is_tweetstorm":false,"jetpack_publicize_feature_enabled":true},"categories":[10],"tags":[],"jetpack_publicize_connections":[],"yoast_head":"<!-- This site is optimized with the Yoast SEO plugin v19.1 - https:\/\/yoast.com\/wordpress\/plugins\/seo\/ -->\n<title>Komuna Ulqinit: Vazhdon ( mos) realizimi i projektit NP&quot;Vodacom&quot; - Video - Lajme nga Ulqini<\/title>\n<meta name=\"description\" content=\"NP&quot;Vodacom&quot; i pakenaqur me realizimin e kerkesave ndaj ujesjellesit, kurse n\u00eb an\u00ebn tjet\u00ebr\u00a0drejtori i k\u00ebsaj nd\u00ebrmarrjeje,\u00a0 Fehim Avdiu cek\u00ebn ka zvarritje\" \/>\n<meta name=\"robots\" content=\"index, follow, max-snippet:-1, max-image-preview:large, max-video-preview:-1\" \/>\n<link rel=\"canonical\" href=\"https:\/\/www.visit-ulcinj.com\/blog\/2016\/12\/07\/komuna-ulqinit-vazhdon-mos-realizimi-i-projektit-npvodacom-video\/\" \/>\n<meta property=\"og:locale\" content=\"en_US\" \/>\n<meta property=\"og:type\" content=\"article\" \/>\n<meta property=\"og:title\" content=\"Komuna Ulqinit: Vazhdon ( mos) realizimi i projektit NP&quot;Vodacom&quot; - Video - Lajme nga Ulqini\" \/>\n<meta property=\"og:description\" content=\"NP&quot;Vodacom&quot; i pakenaqur me realizimin e kerkesave ndaj ujesjellesit, kurse n\u00eb an\u00ebn tjet\u00ebr\u00a0drejtori i k\u00ebsaj nd\u00ebrmarrjeje,\u00a0 Fehim Avdiu cek\u00ebn ka zvarritje\" \/>\n<meta property=\"og:url\" content=\"https:\/\/www.visit-ulcinj.com\/blog\/2016\/12\/07\/komuna-ulqinit-vazhdon-mos-realizimi-i-projektit-npvodacom-video\/\" \/>\n<meta property=\"og:site_name\" content=\"Lajme nga Ulqini\" \/>\n<meta property=\"article:published_time\" content=\"2016-12-07T18:51:22+00:00\" \/>\n<meta property=\"article:modified_time\" content=\"2016-12-07T19:08:45+00:00\" \/>\n<meta property=\"og:image\" content=\"http:\/\/www.visit-ulcinj.com\/blog\/wp-content\/uploads\/2016\/12\/Komuna-Ulqinit-Vazhdon-mos-realizimi-i-projektit-NP-Vodacom.jpg\" \/>\n<meta name=\"twitter:label1\" content=\"Written by\" \/>\n\t<meta name=\"twitter:data1\" content=\"ulqini\" \/>\n\t<meta name=\"twitter:label2\" content=\"Est. reading time\" \/>\n\t<meta name=\"twitter:data2\" content=\"1 minute\" \/>\n<script type=\"application\/ld+json\" class=\"yoast-schema-graph\">{\"@context\":\"https:\/\/schema.org\",\"@graph\":[{\"@type\":\"WebSite\",\"@id\":\"https:\/\/www.visit-ulcinj.com\/blog\/#website\",\"url\":\"https:\/\/www.visit-ulcinj.com\/blog\/\",\"name\":\"Lajme nga Ulqini\",\"description\":\"Lajme,Vijesti,Ulqini,Ulqin,Crna Gora,Mali i Zi\",\"potentialAction\":[{\"@type\":\"SearchAction\",\"target\":{\"@type\":\"EntryPoint\",\"urlTemplate\":\"https:\/\/www.visit-ulcinj.com\/blog\/?s={search_term_string}\"},\"query-input\":\"required name=search_term_string\"}],\"inLanguage\":\"en-US\"},{\"@type\":\"ImageObject\",\"inLanguage\":\"en-US\",\"@id\":\"https:\/\/www.visit-ulcinj.com\/blog\/2016\/12\/07\/komuna-ulqinit-vazhdon-mos-realizimi-i-projektit-npvodacom-video\/#primaryimage\",\"url\":\"https:\/\/www.visit-ulcinj.com\/blog\/wp-content\/uploads\/2016\/12\/Komuna-Ulqinit-Vazhdon-mos-realizimi-i-projektit-NP-Vodacom.jpg\",\"contentUrl\":\"https:\/\/www.visit-ulcinj.com\/blog\/wp-content\/uploads\/2016\/12\/Komuna-Ulqinit-Vazhdon-mos-realizimi-i-projektit-NP-Vodacom.jpg\",\"width\":799,\"height\":430},{\"@type\":\"WebPage\",\"@id\":\"https:\/\/www.visit-ulcinj.com\/blog\/2016\/12\/07\/komuna-ulqinit-vazhdon-mos-realizimi-i-projektit-npvodacom-video\/#webpage\",\"url\":\"https:\/\/www.visit-ulcinj.com\/blog\/2016\/12\/07\/komuna-ulqinit-vazhdon-mos-realizimi-i-projektit-npvodacom-video\/\",\"name\":\"Komuna Ulqinit: Vazhdon ( mos) realizimi i projektit NP\\\"Vodacom\\\" - Video - Lajme nga Ulqini\",\"isPartOf\":{\"@id\":\"https:\/\/www.visit-ulcinj.com\/blog\/#website\"},\"primaryImageOfPage\":{\"@id\":\"https:\/\/www.visit-ulcinj.com\/blog\/2016\/12\/07\/komuna-ulqinit-vazhdon-mos-realizimi-i-projektit-npvodacom-video\/#primaryimage\"},\"datePublished\":\"2016-12-07T18:51:22+00:00\",\"dateModified\":\"2016-12-07T19:08:45+00:00\",\"author\":{\"@id\":\"https:\/\/www.visit-ulcinj.com\/blog\/#\/schema\/person\/dcab619c614d3038751c63bc2aadc06d\"},\"description\":\"NP\\\"Vodacom\\\" i pakenaqur me realizimin e kerkesave ndaj ujesjellesit, kurse n\u00eb an\u00ebn tjet\u00ebr\u00a0drejtori i k\u00ebsaj nd\u00ebrmarrjeje,\u00a0 Fehim Avdiu cek\u00ebn ka zvarritje\",\"breadcrumb\":{\"@id\":\"https:\/\/www.visit-ulcinj.com\/blog\/2016\/12\/07\/komuna-ulqinit-vazhdon-mos-realizimi-i-projektit-npvodacom-video\/#breadcrumb\"},\"inLanguage\":\"en-US\",\"potentialAction\":[{\"@type\":\"ReadAction\",\"target\":[\"https:\/\/www.visit-ulcinj.com\/blog\/2016\/12\/07\/komuna-ulqinit-vazhdon-mos-realizimi-i-projektit-npvodacom-video\/\"]}]},{\"@type\":\"BreadcrumbList\",\"@id\":\"https:\/\/www.visit-ulcinj.com\/blog\/2016\/12\/07\/komuna-ulqinit-vazhdon-mos-realizimi-i-projektit-npvodacom-video\/#breadcrumb\",\"itemListElement\":[{\"@type\":\"ListItem\",\"position\":1,\"name\":\"Komuna Ulqinit: Vazhdon ( mos) realizimi i projektit NP&#8221;Vodacom&#8221; &#8211; Video\"}]},{\"@type\":\"Person\",\"@id\":\"https:\/\/www.visit-ulcinj.com\/blog\/#\/schema\/person\/dcab619c614d3038751c63bc2aadc06d\",\"name\":\"ulqini\",\"sameAs\":[\"http:\/\/www.visit-ulcinj.com\"],\"url\":\"https:\/\/www.visit-ulcinj.com\/blog\/author\/admin\/\"}]}<\/script>\n<!-- \/ Yoast SEO plugin. -->","yoast_head_json":{"title":"Komuna Ulqinit: Vazhdon ( mos) realizimi i projektit NP\"Vodacom\" - Video - Lajme nga Ulqini","description":"NP\"Vodacom\" i pakenaqur me realizimin e kerkesave ndaj ujesjellesit, kurse n\u00eb an\u00ebn tjet\u00ebr\u00a0drejtori i k\u00ebsaj nd\u00ebrmarrjeje,\u00a0 Fehim Avdiu cek\u00ebn ka zvarritje","robots":{"index":"index","follow":"follow","max-snippet":"max-snippet:-1","max-image-preview":"max-image-preview:large","max-video-preview":"max-video-preview:-1"},"canonical":"https:\/\/www.visit-ulcinj.com\/blog\/2016\/12\/07\/komuna-ulqinit-vazhdon-mos-realizimi-i-projektit-npvodacom-video\/","og_locale":"en_US","og_type":"article","og_title":"Komuna Ulqinit: Vazhdon ( mos) realizimi i projektit NP\"Vodacom\" - Video - Lajme nga Ulqini","og_description":"NP\"Vodacom\" i pakenaqur me realizimin e kerkesave ndaj ujesjellesit, kurse n\u00eb an\u00ebn tjet\u00ebr\u00a0drejtori i k\u00ebsaj nd\u00ebrmarrjeje,\u00a0 Fehim Avdiu cek\u00ebn ka zvarritje","og_url":"https:\/\/www.visit-ulcinj.com\/blog\/2016\/12\/07\/komuna-ulqinit-vazhdon-mos-realizimi-i-projektit-npvodacom-video\/","og_site_name":"Lajme nga Ulqini","article_published_time":"2016-12-07T18:51:22+00:00","article_modified_time":"2016-12-07T19:08:45+00:00","og_image":[{"url":"http:\/\/www.visit-ulcinj.com\/blog\/wp-content\/uploads\/2016\/12\/Komuna-Ulqinit-Vazhdon-mos-realizimi-i-projektit-NP-Vodacom.jpg"}],"twitter_misc":{"Written by":"ulqini","Est. reading time":"1 minute"},"schema":{"@context":"https:\/\/schema.org","@graph":[{"@type":"WebSite","@id":"https:\/\/www.visit-ulcinj.com\/blog\/#website","url":"https:\/\/www.visit-ulcinj.com\/blog\/","name":"Lajme nga Ulqini","description":"Lajme,Vijesti,Ulqini,Ulqin,Crna Gora,Mali i Zi","potentialAction":[{"@type":"SearchAction","target":{"@type":"EntryPoint","urlTemplate":"https:\/\/www.visit-ulcinj.com\/blog\/?s={search_term_string}"},"query-input":"required name=search_term_string"}],"inLanguage":"en-US"},{"@type":"ImageObject","inLanguage":"en-US","@id":"https:\/\/www.visit-ulcinj.com\/blog\/2016\/12\/07\/komuna-ulqinit-vazhdon-mos-realizimi-i-projektit-npvodacom-video\/#primaryimage","url":"https:\/\/www.visit-ulcinj.com\/blog\/wp-content\/uploads\/2016\/12\/Komuna-Ulqinit-Vazhdon-mos-realizimi-i-projektit-NP-Vodacom.jpg","contentUrl":"https:\/\/www.visit-ulcinj.com\/blog\/wp-content\/uploads\/2016\/12\/Komuna-Ulqinit-Vazhdon-mos-realizimi-i-projektit-NP-Vodacom.jpg","width":799,"height":430},{"@type":"WebPage","@id":"https:\/\/www.visit-ulcinj.com\/blog\/2016\/12\/07\/komuna-ulqinit-vazhdon-mos-realizimi-i-projektit-npvodacom-video\/#webpage","url":"https:\/\/www.visit-ulcinj.com\/blog\/2016\/12\/07\/komuna-ulqinit-vazhdon-mos-realizimi-i-projektit-npvodacom-video\/","name":"Komuna Ulqinit: Vazhdon ( mos) realizimi i projektit NP\"Vodacom\" - Video - Lajme nga Ulqini","isPartOf":{"@id":"https:\/\/www.visit-ulcinj.com\/blog\/#website"},"primaryImageOfPage":{"@id":"https:\/\/www.visit-ulcinj.com\/blog\/2016\/12\/07\/komuna-ulqinit-vazhdon-mos-realizimi-i-projektit-npvodacom-video\/#primaryimage"},"datePublished":"2016-12-07T18:51:22+00:00","dateModified":"2016-12-07T19:08:45+00:00","author":{"@id":"https:\/\/www.visit-ulcinj.com\/blog\/#\/schema\/person\/dcab619c614d3038751c63bc2aadc06d"},"description":"NP\"Vodacom\" i pakenaqur me realizimin e kerkesave ndaj ujesjellesit, kurse n\u00eb an\u00ebn tjet\u00ebr\u00a0drejtori i k\u00ebsaj nd\u00ebrmarrjeje,\u00a0 Fehim Avdiu cek\u00ebn ka zvarritje","breadcrumb":{"@id":"https:\/\/www.visit-ulcinj.com\/blog\/2016\/12\/07\/komuna-ulqinit-vazhdon-mos-realizimi-i-projektit-npvodacom-video\/#breadcrumb"},"inLanguage":"en-US","potentialAction":[{"@type":"ReadAction","target":["https:\/\/www.visit-ulcinj.com\/blog\/2016\/12\/07\/komuna-ulqinit-vazhdon-mos-realizimi-i-projektit-npvodacom-video\/"]}]},{"@type":"BreadcrumbList","@id":"https:\/\/www.visit-ulcinj.com\/blog\/2016\/12\/07\/komuna-ulqinit-vazhdon-mos-realizimi-i-projektit-npvodacom-video\/#breadcrumb","itemListElement":[{"@type":"ListItem","position":1,"name":"Komuna Ulqinit: Vazhdon ( mos) realizimi i projektit NP&#8221;Vodacom&#8221; &#8211; Video"}]},{"@type":"Person","@id":"https:\/\/www.visit-ulcinj.com\/blog\/#\/schema\/person\/dcab619c614d3038751c63bc2aadc06d","name":"ulqini","sameAs":["http:\/\/www.visit-ulcinj.com"],"url":"https:\/\/www.visit-ulcinj.com\/blog\/author\/admin\/"}]}},"jetpack_featured_media_url":"","jetpack_sharing_enabled":true,"jetpack_shortlink":"https:\/\/wp.me\/pe6lTn-qpq","_links":{"self":[{"href":"https:\/\/www.visit-ulcinj.com\/blog\/wp-json\/wp\/v2\/posts\/101520"}],"collection":[{"href":"https:\/\/www.visit-ulcinj.com\/blog\/wp-json\/wp\/v2\/posts"}],"about":[{"href":"https:\/\/www.visit-ulcinj.com\/blog\/wp-json\/wp\/v2\/types\/post"}],"author":[{"embeddable":true,"href":"https:\/\/www.visit-ulcinj.com\/blog\/wp-json\/wp\/v2\/users\/1"}],"replies":[{"embeddable":true,"href":"https:\/\/www.visit-ulcinj.com\/blog\/wp-json\/wp\/v2\/comments?post=101520"}],"version-history":[{"count":2,"href":"https:\/\/www.visit-ulcinj.com\/blog\/wp-json\/wp\/v2\/posts\/101520\/revisions"}],"predecessor-version":[{"id":101523,"href":"https:\/\/www.visit-ulcinj.com\/blog\/wp-json\/wp\/v2\/posts\/101520\/revisions\/101523"}],"wp:attachment":[{"href":"https:\/\/www.visit-ulcinj.com\/blog\/wp-json\/wp\/v2\/media?parent=101520"}],"wp:term":[{"taxonomy":"category","embeddable":true,"href":"https:\/\/www.visit-ulcinj.com\/blog\/wp-json\/wp\/v2\/categories?post=101520"},{"taxonomy":"post_tag","embeddable":true,"href":"https:\/\/www.visit-ulcinj.com\/blog\/wp-json\/wp\/v2\/tags?post=101520"}],"curies":[{"name":"wp","href":"https:\/\/api.w.org\/{rel}","templated":true}]}}