{"id":101525,"date":"2016-12-08T12:39:54","date_gmt":"2016-12-08T11:39:54","guid":{"rendered":"http:\/\/www.visit-ulcinj.com\/blog\/?p=101525"},"modified":"2016-12-08T18:12:19","modified_gmt":"2016-12-08T17:12:19","slug":"mustafa-priti-ne-takim-ambasadorin-e-malit-te-zi-ferhat-dinosha","status":"publish","type":"post","link":"https:\/\/www.visit-ulcinj.com\/blog\/2016\/12\/08\/mustafa-priti-ne-takim-ambasadorin-e-malit-te-zi-ferhat-dinosha\/","title":{"rendered":"Mustafa priti n\u00eb takim ambasadorin e Malit t\u00eb Zi, Ferhat Dinosha"},"content":{"rendered":"<h4><a href=\"http:\/\/www.visit-ulcinj.com\/blog\/wp-content\/uploads\/2016\/12\/DINOSHA-MUSTAFA.jpg\"><img loading=\"lazy\" class=\"alignleft wp-image-101526\" src=\"http:\/\/www.visit-ulcinj.com\/blog\/wp-content\/uploads\/2016\/12\/DINOSHA-MUSTAFA.jpg\" alt=\"DINOSHA-MUSTAFA\" width=\"508\" height=\"278\" srcset=\"https:\/\/www.visit-ulcinj.com\/blog\/wp-content\/uploads\/2016\/12\/DINOSHA-MUSTAFA.jpg 633w, https:\/\/www.visit-ulcinj.com\/blog\/wp-content\/uploads\/2016\/12\/DINOSHA-MUSTAFA-300x164.jpg 300w\" sizes=\"(max-width: 508px) 100vw, 508px\" \/><\/a>Kryeministri i Republik\u00ebs s\u00eb Kosov\u00ebs, Isa Mustafa, priti n\u00eb takim ambasadorin e Malit t\u00eb Zi, Ferhat Dinosha.<\/h4>\n<p>Ambasadori Dinosha e ka informuar kryeministrin Mustafa p\u00ebr ekspozen\u00eb n\u00eb Kuvendin e Malit t\u00eb Zi nga kryeministri i porsazgjedhur malazez, Dushko Markoviq, si dhe p\u00ebr prioritetet kryesore t\u00eb Qeveris\u00eb s\u00eb re t\u00eb Malit t\u00eb Zi, transmeton Koha.net.<\/p>\n<p>Isa Mustafa, sipas komunikat\u00ebs zyrtare, vler\u00ebsoi lart\u00eb bashk\u00ebpunimin nd\u00ebrmjet dy vendeve, si dhe p\u00ebrkushtimin e p\u00ebrbashk\u00ebt p\u00ebr zgjerimin e miq\u00ebsis\u00eb.<\/p>\n<p>Ai, po ashtu, tha se Kosova \u00ebsht\u00eb e interesuar p\u00ebr thellimin e marr\u00ebdh\u00ebnieve me Malin e Zi, me theks t\u00eb posa\u00e7\u00ebm n\u00eb rrug\u00ebn integruese evropiane.<\/p>\n<p>Edhe ambasadori Ferhat Dinosha, shprehu vullnetin e plot\u00eb t\u00eb Malit t\u00eb Zi dhe t\u00eb qeveris\u00eb s\u00eb re p\u00ebr thellimin e relacioneve, shk\u00ebmbimeve si dhe bashk\u00ebpunimit bilateral me Kosov\u00ebn.<\/p>\n<p class=\"copyright\"><strong>\u00a9 KOHA<\/strong><\/p>\n","protected":false},"excerpt":{"rendered":"<p>Kryeministri i Republik\u00ebs s\u00eb Kosov\u00ebs, Isa Mustafa, priti n\u00eb takim ambasadorin e Malit t\u00eb Zi, Ferhat Dinosha. Ambasadori Dinosha e ka informuar kryeministrin Mustafa p\u00ebr ekspozen\u00eb n\u00eb Kuvendin e Malit t\u00eb Zi nga kryeministri i porsazgjedhur malazez, Dushko Markoviq, si dhe p\u00ebr prioritetet kryesore t\u00eb Qeveris\u00eb s\u00eb re t\u00eb Malit t\u00eb Zi, transmeton Koha.net. Isa [&hellip;]<\/p>\n","protected":false},"author":1,"featured_media":0,"comment_status":"closed","ping_status":"closed","sticky":false,"template":"","format":"standard","meta":{"spay_email":"","jetpack_publicize_message":"","jetpack_is_tweetstorm":false,"jetpack_publicize_feature_enabled":true},"categories":[1,6950],"tags":[],"jetpack_publicize_connections":[],"yoast_head":"<!-- This site is optimized with the Yoast SEO plugin v19.1 - https:\/\/yoast.com\/wordpress\/plugins\/seo\/ -->\n<title>Mustafa priti n\u00eb takim ambasadorin e Malit t\u00eb Zi, Ferhat Dinosha - Lajme nga Ulqini<\/title>\n<meta name=\"description\" content=\"Kryeministri i Republik\u00ebs s\u00eb Kosov\u00ebs, Isa Mustafa, priti n\u00eb takim ambasadorin e Malit t\u00eb Zi, Ferhat Dinosha. Ambasadori Dinosha e ka informuar\" \/>\n<meta name=\"robots\" content=\"index, follow, max-snippet:-1, max-image-preview:large, max-video-preview:-1\" \/>\n<link rel=\"canonical\" href=\"https:\/\/www.visit-ulcinj.com\/blog\/2016\/12\/08\/mustafa-priti-ne-takim-ambasadorin-e-malit-te-zi-ferhat-dinosha\/\" \/>\n<meta property=\"og:locale\" content=\"en_US\" \/>\n<meta property=\"og:type\" content=\"article\" \/>\n<meta property=\"og:title\" content=\"Mustafa priti n\u00eb takim ambasadorin e Malit t\u00eb Zi, Ferhat Dinosha - Lajme nga Ulqini\" \/>\n<meta property=\"og:description\" content=\"Kryeministri i Republik\u00ebs s\u00eb Kosov\u00ebs, Isa Mustafa, priti n\u00eb takim ambasadorin e Malit t\u00eb Zi, Ferhat Dinosha. Ambasadori Dinosha e ka informuar\" \/>\n<meta property=\"og:url\" content=\"https:\/\/www.visit-ulcinj.com\/blog\/2016\/12\/08\/mustafa-priti-ne-takim-ambasadorin-e-malit-te-zi-ferhat-dinosha\/\" \/>\n<meta property=\"og:site_name\" content=\"Lajme nga Ulqini\" \/>\n<meta property=\"article:published_time\" content=\"2016-12-08T11:39:54+00:00\" \/>\n<meta property=\"article:modified_time\" content=\"2016-12-08T17:12:19+00:00\" \/>\n<meta property=\"og:image\" content=\"http:\/\/www.visit-ulcinj.com\/blog\/wp-content\/uploads\/2016\/12\/DINOSHA-MUSTAFA.jpg\" \/>\n<meta name=\"twitter:label1\" content=\"Written by\" \/>\n\t<meta name=\"twitter:data1\" content=\"ulqini\" \/>\n\t<meta name=\"twitter:label2\" content=\"Est. reading time\" \/>\n\t<meta name=\"twitter:data2\" content=\"1 minute\" \/>\n<script type=\"application\/ld+json\" class=\"yoast-schema-graph\">{\"@context\":\"https:\/\/schema.org\",\"@graph\":[{\"@type\":\"WebSite\",\"@id\":\"https:\/\/www.visit-ulcinj.com\/blog\/#website\",\"url\":\"https:\/\/www.visit-ulcinj.com\/blog\/\",\"name\":\"Lajme nga Ulqini\",\"description\":\"Lajme,Vijesti,Ulqini,Ulqin,Crna Gora,Mali i Zi\",\"potentialAction\":[{\"@type\":\"SearchAction\",\"target\":{\"@type\":\"EntryPoint\",\"urlTemplate\":\"https:\/\/www.visit-ulcinj.com\/blog\/?s={search_term_string}\"},\"query-input\":\"required name=search_term_string\"}],\"inLanguage\":\"en-US\"},{\"@type\":\"ImageObject\",\"inLanguage\":\"en-US\",\"@id\":\"https:\/\/www.visit-ulcinj.com\/blog\/2016\/12\/08\/mustafa-priti-ne-takim-ambasadorin-e-malit-te-zi-ferhat-dinosha\/#primaryimage\",\"url\":\"https:\/\/www.visit-ulcinj.com\/blog\/wp-content\/uploads\/2016\/12\/DINOSHA-MUSTAFA.jpg\",\"contentUrl\":\"https:\/\/www.visit-ulcinj.com\/blog\/wp-content\/uploads\/2016\/12\/DINOSHA-MUSTAFA.jpg\",\"width\":633,\"height\":347},{\"@type\":\"WebPage\",\"@id\":\"https:\/\/www.visit-ulcinj.com\/blog\/2016\/12\/08\/mustafa-priti-ne-takim-ambasadorin-e-malit-te-zi-ferhat-dinosha\/#webpage\",\"url\":\"https:\/\/www.visit-ulcinj.com\/blog\/2016\/12\/08\/mustafa-priti-ne-takim-ambasadorin-e-malit-te-zi-ferhat-dinosha\/\",\"name\":\"Mustafa priti n\u00eb takim ambasadorin e Malit t\u00eb Zi, Ferhat Dinosha - Lajme nga Ulqini\",\"isPartOf\":{\"@id\":\"https:\/\/www.visit-ulcinj.com\/blog\/#website\"},\"primaryImageOfPage\":{\"@id\":\"https:\/\/www.visit-ulcinj.com\/blog\/2016\/12\/08\/mustafa-priti-ne-takim-ambasadorin-e-malit-te-zi-ferhat-dinosha\/#primaryimage\"},\"datePublished\":\"2016-12-08T11:39:54+00:00\",\"dateModified\":\"2016-12-08T17:12:19+00:00\",\"author\":{\"@id\":\"https:\/\/www.visit-ulcinj.com\/blog\/#\/schema\/person\/dcab619c614d3038751c63bc2aadc06d\"},\"description\":\"Kryeministri i Republik\u00ebs s\u00eb Kosov\u00ebs, Isa Mustafa, priti n\u00eb takim ambasadorin e Malit t\u00eb Zi, Ferhat Dinosha. Ambasadori Dinosha e ka informuar\",\"breadcrumb\":{\"@id\":\"https:\/\/www.visit-ulcinj.com\/blog\/2016\/12\/08\/mustafa-priti-ne-takim-ambasadorin-e-malit-te-zi-ferhat-dinosha\/#breadcrumb\"},\"inLanguage\":\"en-US\",\"potentialAction\":[{\"@type\":\"ReadAction\",\"target\":[\"https:\/\/www.visit-ulcinj.com\/blog\/2016\/12\/08\/mustafa-priti-ne-takim-ambasadorin-e-malit-te-zi-ferhat-dinosha\/\"]}]},{\"@type\":\"BreadcrumbList\",\"@id\":\"https:\/\/www.visit-ulcinj.com\/blog\/2016\/12\/08\/mustafa-priti-ne-takim-ambasadorin-e-malit-te-zi-ferhat-dinosha\/#breadcrumb\",\"itemListElement\":[{\"@type\":\"ListItem\",\"position\":1,\"name\":\"Mustafa priti n\u00eb takim ambasadorin e Malit t\u00eb Zi, Ferhat Dinosha\"}]},{\"@type\":\"Person\",\"@id\":\"https:\/\/www.visit-ulcinj.com\/blog\/#\/schema\/person\/dcab619c614d3038751c63bc2aadc06d\",\"name\":\"ulqini\",\"sameAs\":[\"http:\/\/www.visit-ulcinj.com\"],\"url\":\"https:\/\/www.visit-ulcinj.com\/blog\/author\/admin\/\"}]}<\/script>\n<!-- \/ Yoast SEO plugin. -->","yoast_head_json":{"title":"Mustafa priti n\u00eb takim ambasadorin e Malit t\u00eb Zi, Ferhat Dinosha - Lajme nga Ulqini","description":"Kryeministri i Republik\u00ebs s\u00eb Kosov\u00ebs, Isa Mustafa, priti n\u00eb takim ambasadorin e Malit t\u00eb Zi, Ferhat Dinosha. Ambasadori Dinosha e ka informuar","robots":{"index":"index","follow":"follow","max-snippet":"max-snippet:-1","max-image-preview":"max-image-preview:large","max-video-preview":"max-video-preview:-1"},"canonical":"https:\/\/www.visit-ulcinj.com\/blog\/2016\/12\/08\/mustafa-priti-ne-takim-ambasadorin-e-malit-te-zi-ferhat-dinosha\/","og_locale":"en_US","og_type":"article","og_title":"Mustafa priti n\u00eb takim ambasadorin e Malit t\u00eb Zi, Ferhat Dinosha - Lajme nga Ulqini","og_description":"Kryeministri i Republik\u00ebs s\u00eb Kosov\u00ebs, Isa Mustafa, priti n\u00eb takim ambasadorin e Malit t\u00eb Zi, Ferhat Dinosha. Ambasadori Dinosha e ka informuar","og_url":"https:\/\/www.visit-ulcinj.com\/blog\/2016\/12\/08\/mustafa-priti-ne-takim-ambasadorin-e-malit-te-zi-ferhat-dinosha\/","og_site_name":"Lajme nga Ulqini","article_published_time":"2016-12-08T11:39:54+00:00","article_modified_time":"2016-12-08T17:12:19+00:00","og_image":[{"url":"http:\/\/www.visit-ulcinj.com\/blog\/wp-content\/uploads\/2016\/12\/DINOSHA-MUSTAFA.jpg"}],"twitter_misc":{"Written by":"ulqini","Est. reading time":"1 minute"},"schema":{"@context":"https:\/\/schema.org","@graph":[{"@type":"WebSite","@id":"https:\/\/www.visit-ulcinj.com\/blog\/#website","url":"https:\/\/www.visit-ulcinj.com\/blog\/","name":"Lajme nga Ulqini","description":"Lajme,Vijesti,Ulqini,Ulqin,Crna Gora,Mali i Zi","potentialAction":[{"@type":"SearchAction","target":{"@type":"EntryPoint","urlTemplate":"https:\/\/www.visit-ulcinj.com\/blog\/?s={search_term_string}"},"query-input":"required name=search_term_string"}],"inLanguage":"en-US"},{"@type":"ImageObject","inLanguage":"en-US","@id":"https:\/\/www.visit-ulcinj.com\/blog\/2016\/12\/08\/mustafa-priti-ne-takim-ambasadorin-e-malit-te-zi-ferhat-dinosha\/#primaryimage","url":"https:\/\/www.visit-ulcinj.com\/blog\/wp-content\/uploads\/2016\/12\/DINOSHA-MUSTAFA.jpg","contentUrl":"https:\/\/www.visit-ulcinj.com\/blog\/wp-content\/uploads\/2016\/12\/DINOSHA-MUSTAFA.jpg","width":633,"height":347},{"@type":"WebPage","@id":"https:\/\/www.visit-ulcinj.com\/blog\/2016\/12\/08\/mustafa-priti-ne-takim-ambasadorin-e-malit-te-zi-ferhat-dinosha\/#webpage","url":"https:\/\/www.visit-ulcinj.com\/blog\/2016\/12\/08\/mustafa-priti-ne-takim-ambasadorin-e-malit-te-zi-ferhat-dinosha\/","name":"Mustafa priti n\u00eb takim ambasadorin e Malit t\u00eb Zi, Ferhat Dinosha - Lajme nga Ulqini","isPartOf":{"@id":"https:\/\/www.visit-ulcinj.com\/blog\/#website"},"primaryImageOfPage":{"@id":"https:\/\/www.visit-ulcinj.com\/blog\/2016\/12\/08\/mustafa-priti-ne-takim-ambasadorin-e-malit-te-zi-ferhat-dinosha\/#primaryimage"},"datePublished":"2016-12-08T11:39:54+00:00","dateModified":"2016-12-08T17:12:19+00:00","author":{"@id":"https:\/\/www.visit-ulcinj.com\/blog\/#\/schema\/person\/dcab619c614d3038751c63bc2aadc06d"},"description":"Kryeministri i Republik\u00ebs s\u00eb Kosov\u00ebs, Isa Mustafa, priti n\u00eb takim ambasadorin e Malit t\u00eb Zi, Ferhat Dinosha. Ambasadori Dinosha e ka informuar","breadcrumb":{"@id":"https:\/\/www.visit-ulcinj.com\/blog\/2016\/12\/08\/mustafa-priti-ne-takim-ambasadorin-e-malit-te-zi-ferhat-dinosha\/#breadcrumb"},"inLanguage":"en-US","potentialAction":[{"@type":"ReadAction","target":["https:\/\/www.visit-ulcinj.com\/blog\/2016\/12\/08\/mustafa-priti-ne-takim-ambasadorin-e-malit-te-zi-ferhat-dinosha\/"]}]},{"@type":"BreadcrumbList","@id":"https:\/\/www.visit-ulcinj.com\/blog\/2016\/12\/08\/mustafa-priti-ne-takim-ambasadorin-e-malit-te-zi-ferhat-dinosha\/#breadcrumb","itemListElement":[{"@type":"ListItem","position":1,"name":"Mustafa priti n\u00eb takim ambasadorin e Malit t\u00eb Zi, Ferhat Dinosha"}]},{"@type":"Person","@id":"https:\/\/www.visit-ulcinj.com\/blog\/#\/schema\/person\/dcab619c614d3038751c63bc2aadc06d","name":"ulqini","sameAs":["http:\/\/www.visit-ulcinj.com"],"url":"https:\/\/www.visit-ulcinj.com\/blog\/author\/admin\/"}]}},"jetpack_featured_media_url":"","jetpack_sharing_enabled":true,"jetpack_shortlink":"https:\/\/wp.me\/pe6lTn-qpv","_links":{"self":[{"href":"https:\/\/www.visit-ulcinj.com\/blog\/wp-json\/wp\/v2\/posts\/101525"}],"collection":[{"href":"https:\/\/www.visit-ulcinj.com\/blog\/wp-json\/wp\/v2\/posts"}],"about":[{"href":"https:\/\/www.visit-ulcinj.com\/blog\/wp-json\/wp\/v2\/types\/post"}],"author":[{"embeddable":true,"href":"https:\/\/www.visit-ulcinj.com\/blog\/wp-json\/wp\/v2\/users\/1"}],"replies":[{"embeddable":true,"href":"https:\/\/www.visit-ulcinj.com\/blog\/wp-json\/wp\/v2\/comments?post=101525"}],"version-history":[{"count":1,"href":"https:\/\/www.visit-ulcinj.com\/blog\/wp-json\/wp\/v2\/posts\/101525\/revisions"}],"predecessor-version":[{"id":101527,"href":"https:\/\/www.visit-ulcinj.com\/blog\/wp-json\/wp\/v2\/posts\/101525\/revisions\/101527"}],"wp:attachment":[{"href":"https:\/\/www.visit-ulcinj.com\/blog\/wp-json\/wp\/v2\/media?parent=101525"}],"wp:term":[{"taxonomy":"category","embeddable":true,"href":"https:\/\/www.visit-ulcinj.com\/blog\/wp-json\/wp\/v2\/categories?post=101525"},{"taxonomy":"post_tag","embeddable":true,"href":"https:\/\/www.visit-ulcinj.com\/blog\/wp-json\/wp\/v2\/tags?post=101525"}],"curies":[{"name":"wp","href":"https:\/\/api.w.org\/{rel}","templated":true}]}}