{"id":101534,"date":"2016-12-08T17:09:03","date_gmt":"2016-12-08T16:09:03","guid":{"rendered":"http:\/\/www.visit-ulcinj.com\/blog\/?p=101534"},"modified":"2016-12-08T17:09:03","modified_gmt":"2016-12-08T16:09:03","slug":"predsjednik-opstine-ulcinj-nezadovoljan-je-radom-pojedinih-sekretarijata-dps-sa","status":"publish","type":"post","link":"https:\/\/www.visit-ulcinj.com\/blog\/2016\/12\/08\/predsjednik-opstine-ulcinj-nezadovoljan-je-radom-pojedinih-sekretarijata-dps-sa\/","title":{"rendered":"Predsjednik op\u0161tine Ulcinj nezadovoljan je radom pojedinih sekretarijata DPS-sa"},"content":{"rendered":"<p><strong><a href=\"http:\/\/www.visit-ulcinj.com\/blog\/wp-content\/uploads\/2016\/12\/Nazif-Cungu-Lui-Shkrela-Ljoro-Nrekic.jpg\"><img loading=\"lazy\" class=\"alignleft wp-image-101535\" src=\"http:\/\/www.visit-ulcinj.com\/blog\/wp-content\/uploads\/2016\/12\/Nazif-Cungu-Lui-Shkrela-Ljoro-Nrekic.jpg\" alt=\"Nazif-Cungu-Lui-Shkrela-Ljoro-Nrekic\" width=\"508\" height=\"438\" srcset=\"https:\/\/www.visit-ulcinj.com\/blog\/wp-content\/uploads\/2016\/12\/Nazif-Cungu-Lui-Shkrela-Ljoro-Nrekic.jpg 720w, https:\/\/www.visit-ulcinj.com\/blog\/wp-content\/uploads\/2016\/12\/Nazif-Cungu-Lui-Shkrela-Ljoro-Nrekic-300x259.jpg 300w\" sizes=\"(max-width: 508px) 100vw, 508px\" \/><\/a>Nazif Cungu ne krije nezadovoljstvo zbog rada nekih sekretarijata, partneri mu zamjeraju da ne vodi grad kako bi trebalo<\/strong><\/p>\n<p><strong><span class=\"credits__author\"> Autor: <a href=\"http:\/\/www.vijesti.me\/autori\/samir-adrovic-85\/profil\">Samir Adrovi\u0107<\/a> <\/span><\/strong><\/p>\n<p>Predsjednik op\u0161tine Ulcinj\u00a0Nazif\u00a0\u00a0Cungu\u00a0\u00a0nezadovoljan je radom pojedinih sekretarijata, koje vode kadrovi Demokratske partije socijalista (DPS), zbog \u010dega politi\u010dka kriza trese vladaju\u0107u koaliciju u tom gradu. Vi\u0161e sagovornika \u201cVijesti\u201d iz Op\u0161tine kazalo je da je\u00a0\u00a0Cungu\u00a0\u00a0ne krije nezadovoljstvo radom slu\u017ebi, dok njega se druge strane optu\u017euju da \u201cne vodi grad kako bi trebalo\u201d.<\/p>\n<p>Dok\u00a0\u00a0Cungu\u00a0\u00a0tvrdi da nema problema u gradskoj upravi, javna je tajna da odbornik i visoki funkcioner DPS-a\u00a0Borislav Ba\u0161ovi\u0107\u00a0odavno ne prisustvuje sjednicama lokalnog parlamenta jer izvr\u0161na vlast odbija da mu u pisanoj formi dostavi odgovore na odborni\u010dka pitanja. Dok Ba\u0161ovi\u0107 odbija da komentari\u0161e nedolaske na sjednice, njegov partijski \u0161ef u Ulcinju\u00a0Ljoro Nreki\u0107\u00a0negira da je\u00a0\u00a0Cungu\u00a0\u00a0tra\u017eio smjene sekretara za finansije i zastupanje imovine\u00a0Seada Osmanovi\u0107a\u00a0i\u00a0Pjetera Ljulj\u0111uraja, koji dolaze iz redova DPS-a.<\/p>\n<p>\u201cNe znam za to. Nervoze ima, ali vjerujem da je prolazna\u201d, kazao je Nreki\u0107 \u201cVijestima\u201d.<\/p>\n<p>Vladaju\u0107a koalicija \u0107e no\u0107as odr\u017eati sjednicu na kojoj \u0107e biti rezimirani dosada\u0161nji u\u010dinci na lokalnoj sceni. Iako postoje nesuglasice, te\u0161ko je o\u010dekivati ve\u0107e potrese, zbog \u010dinjenice da su Cunguova Forca i Demokratska unija Albanaca (DUA) dio vladaju\u0107e koalicije na dr\u017eavnom nivou.<\/p>\n<p>Osim devet odbornika DPS-a, vladaju\u0107u ve\u0107inu u Ulcinju \u010dini osam predstavnika Force, sedam \u010dlanova koalicije\u00a0Fatmira \u0110eke\u00a0i tri odbornika DUA. Tu ve\u0107inu je u martu dogovorio premijer\u00a0Du\u0161ko Markovi\u0107, koji je u to vrijeme bio potpredsjednik Vlade, mire\u0107i Cungua i \u0110eku koji su prethodno izazvali krizu stare vlasti u kojoj nije bilo DPS-a. Njih dvojica ni danas nisu popravili odnose.<\/p>\n<p>Na\u010delnik komunalne policije\u00a0Saubih Mehmeti, koji je \u010dlan \u0110ekine koalicije, tvrdi da\u00a0\u00a0Cungu\u00a0\u00a0na njega nije vr\u0161io direktan pritisak zbog eventualnih propusta u radu.<\/p>\n<p>\u201cNije mi o tome govorio nikad, ali jeste posredno, preko drugih ljudi i mojih saradnika. Tra\u017eio je od nas neke informacije i podatke kojima se na\u0161 resor ne bavi. Ja se ne pla\u0161im smjene, naprotiv, o\u010dekivao sam je na samom po\u010detku jer javno nijesam podr\u017eao koaliciju\u201d, kazao je Mehmeti \u201cVijestima\u201d, navode\u0107i da je za na\u010delnika policije izabran putem javnog konkursa na \u010detiri godine.<\/p>\n<p>\u201cNi to niije problem. Ukoliko smetam ili ako ima bolje rje\u0161enje, tu sam i da pomognem predsjedniku. Ali ono \u0161to mora da se zna jeste da komunalna policija ne mo\u017ee u potpunosti da postupi po svojim ovla\u0161\u0107enjima, jer fale odluke i zaklju\u010dci iz lokalnog parlamenta. Zna\u010di da neko drugi ne radi svoj posao\u201d, naglasio je Mehmeti.<\/p>\n<p><strong>Bardhi\u00a0pita\u00a0koliko mu novca pripada zbog u\u010de\u0161\u0107a u vlasti<\/strong><\/p>\n<p>Lider Demokratskog saveza\u00a0Mehmet\u00a0\u00a0Bardhi\u00a0\u00a0smatra da mnogo toga ne \u0161tima u ulcinjskoj vlasti.<\/p>\n<p>\u201cCungu mora da se na\u0111e sa saveznicima i da rije\u0161i sva sporna pitanja\u201d, kazao je\u00a0\u00a0Bardhi\u00a0, isti\u010du\u0107i da Cungu selektivno postupa kada su u pitanju otpremnine biv\u0161im radnicima radi ostvarivanja prava na penziju. \u201cKao \u010dlan vladaju\u0107e koalicije, ve\u0107 mjesecima ne dobijam odgovor koliko mojoj partiji pripada sredstava po osnovu participacije u lokalnoj vlasti\u201d, istakao je\u00a0\u00a0Bardhi\u00a0.<\/p>\n<p><strong>Izvor: Vijesti Online<\/strong><\/p>\n","protected":false},"excerpt":{"rendered":"<p>Nazif Cungu ne krije nezadovoljstvo zbog rada nekih sekretarijata, partneri mu zamjeraju da ne vodi grad kako bi trebalo Autor: Samir Adrovi\u0107 Predsjednik op\u0161tine Ulcinj\u00a0Nazif\u00a0\u00a0Cungu\u00a0\u00a0nezadovoljan je radom pojedinih sekretarijata, koje vode kadrovi Demokratske partije socijalista (DPS), zbog \u010dega politi\u010dka kriza trese vladaju\u0107u koaliciju u tom gradu. Vi\u0161e sagovornika \u201cVijesti\u201d iz Op\u0161tine kazalo je da je\u00a0\u00a0Cungu\u00a0\u00a0ne [&hellip;]<\/p>\n","protected":false},"author":1,"featured_media":0,"comment_status":"closed","ping_status":"closed","sticky":false,"template":"","format":"standard","meta":{"spay_email":"","jetpack_publicize_message":"","jetpack_is_tweetstorm":false,"jetpack_publicize_feature_enabled":true},"categories":[8337],"tags":[],"jetpack_publicize_connections":[],"yoast_head":"<!-- This site is optimized with the Yoast SEO plugin v19.1 - https:\/\/yoast.com\/wordpress\/plugins\/seo\/ -->\n<title>Predsjednik op\u0161tine Ulcinj nezadovoljan je radom pojedinih sekretarijata DPS-sa - Lajme nga Ulqini<\/title>\n<meta name=\"description\" content=\"Nazif Cungu ne krije nezadovoljstvo zbog rada nekih sekretarijata, partneri mu zamjeraju da ne vodi grad kako bi trebalo Autor: Samir Adrovi\u0107 Predsjednik\" \/>\n<meta name=\"robots\" content=\"index, follow, max-snippet:-1, max-image-preview:large, max-video-preview:-1\" \/>\n<link rel=\"canonical\" href=\"https:\/\/www.visit-ulcinj.com\/blog\/2016\/12\/08\/predsjednik-opstine-ulcinj-nezadovoljan-je-radom-pojedinih-sekretarijata-dps-sa\/\" \/>\n<meta property=\"og:locale\" content=\"en_US\" \/>\n<meta property=\"og:type\" content=\"article\" \/>\n<meta property=\"og:title\" content=\"Predsjednik op\u0161tine Ulcinj nezadovoljan je radom pojedinih sekretarijata DPS-sa - Lajme nga Ulqini\" \/>\n<meta property=\"og:description\" content=\"Nazif Cungu ne krije nezadovoljstvo zbog rada nekih sekretarijata, partneri mu zamjeraju da ne vodi grad kako bi trebalo Autor: Samir Adrovi\u0107 Predsjednik\" \/>\n<meta property=\"og:url\" content=\"https:\/\/www.visit-ulcinj.com\/blog\/2016\/12\/08\/predsjednik-opstine-ulcinj-nezadovoljan-je-radom-pojedinih-sekretarijata-dps-sa\/\" \/>\n<meta property=\"og:site_name\" content=\"Lajme nga Ulqini\" \/>\n<meta property=\"article:published_time\" content=\"2016-12-08T16:09:03+00:00\" \/>\n<meta property=\"og:image\" content=\"http:\/\/www.visit-ulcinj.com\/blog\/wp-content\/uploads\/2016\/12\/Nazif-Cungu-Lui-Shkrela-Ljoro-Nrekic.jpg\" \/>\n<meta name=\"twitter:label1\" content=\"Written by\" \/>\n\t<meta name=\"twitter:data1\" content=\"ulqini\" \/>\n\t<meta name=\"twitter:label2\" content=\"Est. reading time\" \/>\n\t<meta name=\"twitter:data2\" content=\"3 minutes\" \/>\n<script type=\"application\/ld+json\" class=\"yoast-schema-graph\">{\"@context\":\"https:\/\/schema.org\",\"@graph\":[{\"@type\":\"WebSite\",\"@id\":\"https:\/\/www.visit-ulcinj.com\/blog\/#website\",\"url\":\"https:\/\/www.visit-ulcinj.com\/blog\/\",\"name\":\"Lajme nga Ulqini\",\"description\":\"Lajme,Vijesti,Ulqini,Ulqin,Crna Gora,Mali i Zi\",\"potentialAction\":[{\"@type\":\"SearchAction\",\"target\":{\"@type\":\"EntryPoint\",\"urlTemplate\":\"https:\/\/www.visit-ulcinj.com\/blog\/?s={search_term_string}\"},\"query-input\":\"required name=search_term_string\"}],\"inLanguage\":\"en-US\"},{\"@type\":\"ImageObject\",\"inLanguage\":\"en-US\",\"@id\":\"https:\/\/www.visit-ulcinj.com\/blog\/2016\/12\/08\/predsjednik-opstine-ulcinj-nezadovoljan-je-radom-pojedinih-sekretarijata-dps-sa\/#primaryimage\",\"url\":\"https:\/\/www.visit-ulcinj.com\/blog\/wp-content\/uploads\/2016\/12\/Nazif-Cungu-Lui-Shkrela-Ljoro-Nrekic.jpg\",\"contentUrl\":\"https:\/\/www.visit-ulcinj.com\/blog\/wp-content\/uploads\/2016\/12\/Nazif-Cungu-Lui-Shkrela-Ljoro-Nrekic.jpg\",\"width\":720,\"height\":621},{\"@type\":\"WebPage\",\"@id\":\"https:\/\/www.visit-ulcinj.com\/blog\/2016\/12\/08\/predsjednik-opstine-ulcinj-nezadovoljan-je-radom-pojedinih-sekretarijata-dps-sa\/#webpage\",\"url\":\"https:\/\/www.visit-ulcinj.com\/blog\/2016\/12\/08\/predsjednik-opstine-ulcinj-nezadovoljan-je-radom-pojedinih-sekretarijata-dps-sa\/\",\"name\":\"Predsjednik op\u0161tine Ulcinj nezadovoljan je radom pojedinih sekretarijata DPS-sa - Lajme nga Ulqini\",\"isPartOf\":{\"@id\":\"https:\/\/www.visit-ulcinj.com\/blog\/#website\"},\"primaryImageOfPage\":{\"@id\":\"https:\/\/www.visit-ulcinj.com\/blog\/2016\/12\/08\/predsjednik-opstine-ulcinj-nezadovoljan-je-radom-pojedinih-sekretarijata-dps-sa\/#primaryimage\"},\"datePublished\":\"2016-12-08T16:09:03+00:00\",\"dateModified\":\"2016-12-08T16:09:03+00:00\",\"author\":{\"@id\":\"https:\/\/www.visit-ulcinj.com\/blog\/#\/schema\/person\/dcab619c614d3038751c63bc2aadc06d\"},\"description\":\"Nazif Cungu ne krije nezadovoljstvo zbog rada nekih sekretarijata, partneri mu zamjeraju da ne vodi grad kako bi trebalo Autor: Samir Adrovi\u0107 Predsjednik\",\"breadcrumb\":{\"@id\":\"https:\/\/www.visit-ulcinj.com\/blog\/2016\/12\/08\/predsjednik-opstine-ulcinj-nezadovoljan-je-radom-pojedinih-sekretarijata-dps-sa\/#breadcrumb\"},\"inLanguage\":\"en-US\",\"potentialAction\":[{\"@type\":\"ReadAction\",\"target\":[\"https:\/\/www.visit-ulcinj.com\/blog\/2016\/12\/08\/predsjednik-opstine-ulcinj-nezadovoljan-je-radom-pojedinih-sekretarijata-dps-sa\/\"]}]},{\"@type\":\"BreadcrumbList\",\"@id\":\"https:\/\/www.visit-ulcinj.com\/blog\/2016\/12\/08\/predsjednik-opstine-ulcinj-nezadovoljan-je-radom-pojedinih-sekretarijata-dps-sa\/#breadcrumb\",\"itemListElement\":[{\"@type\":\"ListItem\",\"position\":1,\"name\":\"Predsjednik op\u0161tine Ulcinj nezadovoljan je radom pojedinih sekretarijata DPS-sa\"}]},{\"@type\":\"Person\",\"@id\":\"https:\/\/www.visit-ulcinj.com\/blog\/#\/schema\/person\/dcab619c614d3038751c63bc2aadc06d\",\"name\":\"ulqini\",\"sameAs\":[\"http:\/\/www.visit-ulcinj.com\"],\"url\":\"https:\/\/www.visit-ulcinj.com\/blog\/author\/admin\/\"}]}<\/script>\n<!-- \/ Yoast SEO plugin. -->","yoast_head_json":{"title":"Predsjednik op\u0161tine Ulcinj nezadovoljan je radom pojedinih sekretarijata DPS-sa - Lajme nga Ulqini","description":"Nazif Cungu ne krije nezadovoljstvo zbog rada nekih sekretarijata, partneri mu zamjeraju da ne vodi grad kako bi trebalo Autor: Samir Adrovi\u0107 Predsjednik","robots":{"index":"index","follow":"follow","max-snippet":"max-snippet:-1","max-image-preview":"max-image-preview:large","max-video-preview":"max-video-preview:-1"},"canonical":"https:\/\/www.visit-ulcinj.com\/blog\/2016\/12\/08\/predsjednik-opstine-ulcinj-nezadovoljan-je-radom-pojedinih-sekretarijata-dps-sa\/","og_locale":"en_US","og_type":"article","og_title":"Predsjednik op\u0161tine Ulcinj nezadovoljan je radom pojedinih sekretarijata DPS-sa - Lajme nga Ulqini","og_description":"Nazif Cungu ne krije nezadovoljstvo zbog rada nekih sekretarijata, partneri mu zamjeraju da ne vodi grad kako bi trebalo Autor: Samir Adrovi\u0107 Predsjednik","og_url":"https:\/\/www.visit-ulcinj.com\/blog\/2016\/12\/08\/predsjednik-opstine-ulcinj-nezadovoljan-je-radom-pojedinih-sekretarijata-dps-sa\/","og_site_name":"Lajme nga Ulqini","article_published_time":"2016-12-08T16:09:03+00:00","og_image":[{"url":"http:\/\/www.visit-ulcinj.com\/blog\/wp-content\/uploads\/2016\/12\/Nazif-Cungu-Lui-Shkrela-Ljoro-Nrekic.jpg"}],"twitter_misc":{"Written by":"ulqini","Est. reading time":"3 minutes"},"schema":{"@context":"https:\/\/schema.org","@graph":[{"@type":"WebSite","@id":"https:\/\/www.visit-ulcinj.com\/blog\/#website","url":"https:\/\/www.visit-ulcinj.com\/blog\/","name":"Lajme nga Ulqini","description":"Lajme,Vijesti,Ulqini,Ulqin,Crna Gora,Mali i Zi","potentialAction":[{"@type":"SearchAction","target":{"@type":"EntryPoint","urlTemplate":"https:\/\/www.visit-ulcinj.com\/blog\/?s={search_term_string}"},"query-input":"required name=search_term_string"}],"inLanguage":"en-US"},{"@type":"ImageObject","inLanguage":"en-US","@id":"https:\/\/www.visit-ulcinj.com\/blog\/2016\/12\/08\/predsjednik-opstine-ulcinj-nezadovoljan-je-radom-pojedinih-sekretarijata-dps-sa\/#primaryimage","url":"https:\/\/www.visit-ulcinj.com\/blog\/wp-content\/uploads\/2016\/12\/Nazif-Cungu-Lui-Shkrela-Ljoro-Nrekic.jpg","contentUrl":"https:\/\/www.visit-ulcinj.com\/blog\/wp-content\/uploads\/2016\/12\/Nazif-Cungu-Lui-Shkrela-Ljoro-Nrekic.jpg","width":720,"height":621},{"@type":"WebPage","@id":"https:\/\/www.visit-ulcinj.com\/blog\/2016\/12\/08\/predsjednik-opstine-ulcinj-nezadovoljan-je-radom-pojedinih-sekretarijata-dps-sa\/#webpage","url":"https:\/\/www.visit-ulcinj.com\/blog\/2016\/12\/08\/predsjednik-opstine-ulcinj-nezadovoljan-je-radom-pojedinih-sekretarijata-dps-sa\/","name":"Predsjednik op\u0161tine Ulcinj nezadovoljan je radom pojedinih sekretarijata DPS-sa - Lajme nga Ulqini","isPartOf":{"@id":"https:\/\/www.visit-ulcinj.com\/blog\/#website"},"primaryImageOfPage":{"@id":"https:\/\/www.visit-ulcinj.com\/blog\/2016\/12\/08\/predsjednik-opstine-ulcinj-nezadovoljan-je-radom-pojedinih-sekretarijata-dps-sa\/#primaryimage"},"datePublished":"2016-12-08T16:09:03+00:00","dateModified":"2016-12-08T16:09:03+00:00","author":{"@id":"https:\/\/www.visit-ulcinj.com\/blog\/#\/schema\/person\/dcab619c614d3038751c63bc2aadc06d"},"description":"Nazif Cungu ne krije nezadovoljstvo zbog rada nekih sekretarijata, partneri mu zamjeraju da ne vodi grad kako bi trebalo Autor: Samir Adrovi\u0107 Predsjednik","breadcrumb":{"@id":"https:\/\/www.visit-ulcinj.com\/blog\/2016\/12\/08\/predsjednik-opstine-ulcinj-nezadovoljan-je-radom-pojedinih-sekretarijata-dps-sa\/#breadcrumb"},"inLanguage":"en-US","potentialAction":[{"@type":"ReadAction","target":["https:\/\/www.visit-ulcinj.com\/blog\/2016\/12\/08\/predsjednik-opstine-ulcinj-nezadovoljan-je-radom-pojedinih-sekretarijata-dps-sa\/"]}]},{"@type":"BreadcrumbList","@id":"https:\/\/www.visit-ulcinj.com\/blog\/2016\/12\/08\/predsjednik-opstine-ulcinj-nezadovoljan-je-radom-pojedinih-sekretarijata-dps-sa\/#breadcrumb","itemListElement":[{"@type":"ListItem","position":1,"name":"Predsjednik op\u0161tine Ulcinj nezadovoljan je radom pojedinih sekretarijata DPS-sa"}]},{"@type":"Person","@id":"https:\/\/www.visit-ulcinj.com\/blog\/#\/schema\/person\/dcab619c614d3038751c63bc2aadc06d","name":"ulqini","sameAs":["http:\/\/www.visit-ulcinj.com"],"url":"https:\/\/www.visit-ulcinj.com\/blog\/author\/admin\/"}]}},"jetpack_featured_media_url":"","jetpack_sharing_enabled":true,"jetpack_shortlink":"https:\/\/wp.me\/pe6lTn-qpE","_links":{"self":[{"href":"https:\/\/www.visit-ulcinj.com\/blog\/wp-json\/wp\/v2\/posts\/101534"}],"collection":[{"href":"https:\/\/www.visit-ulcinj.com\/blog\/wp-json\/wp\/v2\/posts"}],"about":[{"href":"https:\/\/www.visit-ulcinj.com\/blog\/wp-json\/wp\/v2\/types\/post"}],"author":[{"embeddable":true,"href":"https:\/\/www.visit-ulcinj.com\/blog\/wp-json\/wp\/v2\/users\/1"}],"replies":[{"embeddable":true,"href":"https:\/\/www.visit-ulcinj.com\/blog\/wp-json\/wp\/v2\/comments?post=101534"}],"version-history":[{"count":1,"href":"https:\/\/www.visit-ulcinj.com\/blog\/wp-json\/wp\/v2\/posts\/101534\/revisions"}],"predecessor-version":[{"id":101536,"href":"https:\/\/www.visit-ulcinj.com\/blog\/wp-json\/wp\/v2\/posts\/101534\/revisions\/101536"}],"wp:attachment":[{"href":"https:\/\/www.visit-ulcinj.com\/blog\/wp-json\/wp\/v2\/media?parent=101534"}],"wp:term":[{"taxonomy":"category","embeddable":true,"href":"https:\/\/www.visit-ulcinj.com\/blog\/wp-json\/wp\/v2\/categories?post=101534"},{"taxonomy":"post_tag","embeddable":true,"href":"https:\/\/www.visit-ulcinj.com\/blog\/wp-json\/wp\/v2\/tags?post=101534"}],"curies":[{"name":"wp","href":"https:\/\/api.w.org\/{rel}","templated":true}]}}