{"id":101548,"date":"2016-12-09T14:19:16","date_gmt":"2016-12-09T13:19:16","guid":{"rendered":"http:\/\/www.visit-ulcinj.com\/blog\/?p=101548"},"modified":"2016-12-09T14:29:39","modified_gmt":"2016-12-09T13:29:39","slug":"nika-dps-ne-ulqin-po-duket-mbet-gisht-ne-goje","status":"publish","type":"post","link":"https:\/\/www.visit-ulcinj.com\/blog\/2016\/12\/09\/nika-dps-ne-ulqin-po-duket-mbet-gisht-ne-goje\/","title":{"rendered":"Nika: DPS n\u00eb Ulqin, po duket &#8211; mbet me gisht n\u00eb goj\u00eb?!"},"content":{"rendered":"<p><strong><a href=\"http:\/\/www.visit-ulcinj.com\/blog\/wp-content\/uploads\/2014\/11\/Muhamet-Nika.jpg\"><img loading=\"lazy\" class=\"alignleft wp-image-86143 size-medium\" src=\"http:\/\/www.visit-ulcinj.com\/blog\/wp-content\/uploads\/2014\/11\/Muhamet-Nika-240x300.jpg\" alt=\"Muhamet Nika, Sudski tuma\u010d- P\u00ebrkthyes gjyq\u00ebsor \u201c MUHAMET NIKA \u201d Ulcinj- Ulqin Adresa: zgrada SO ULCINJ- nd\u00ebrtesa e KK Ulqin Telefon-i: 068 264 122 Email-i : muhamet-nika@hotmail.com Albanski jezik- prof. Albanskog jezika Gjuh\u00eb shqipe- prof. I gjuh\u00ebs shqipe\" width=\"240\" height=\"300\" srcset=\"https:\/\/www.visit-ulcinj.com\/blog\/wp-content\/uploads\/2014\/11\/Muhamet-Nika-240x300.jpg 240w, https:\/\/www.visit-ulcinj.com\/blog\/wp-content\/uploads\/2014\/11\/Muhamet-Nika.jpg 256w\" sizes=\"(max-width: 240px) 100vw, 240px\" \/><\/a>Shkruan Muhamet Nika<\/strong><\/p>\n<p>N\u00eb prag t\u00eb mbledhjes s\u00eb paralajm\u00ebruar t\u00eb koalicionit t\u00eb gjer\u00eb \u00a0\u00a0p\u00ebr sot\u00a0 n\u00eb Ulqin, nga ku shihet se Cungu \u00ebsht\u00eb i pa k\u00ebnaqur me dy sekretar\u00eb t\u00eb DPS-it , Lulgjur\u00ebn\u00a0 dhe Osmanoviqin \u2013 Mbrojtje t\u00eb Pasuris\u00eb dhe Financa, shohim q\u00eb \u00a0n\u00ebse e shikojm\u00eb pun\u00ebn m\u00eb thell\u00eb del q\u00eb pritet t\u00eb shkarkohen 4 sekretar\u00eb?!<\/p>\n<p>Shih p\u00ebr k\u00ebt\u00eb raportin e inspektor\u00ebve nga ku ve\u00e7ojm\u00eb k\u00ebt\u00eb akt -vendim<\/p>\n<p><strong><br \/>\nR J E \u0160 E NJ E<\/strong><\/p>\n<p><strong>1.NARE\u0110UJE SE predsjedniku Op\u0161tine Ulcinj,\u00a0<\/strong>N. C., kao odgovornom licu u subjektu nadzora, da otkloni nepravilnosti koje su utvr\u0111ene u postupku inspekcijskog nadzora u odnosu popunu radnog mjesta \u0161efa Slu\u017ebe za\u0161tite i zajedni\u010dkih poslova u skladu sa odredbom \u010dlana 53, 54 i 55 Zakona o dr\u017eavnim slu\u017ebenicima i namje\u0161tenicima.<\/p>\n<ol start=\"2\">\n<li>Rok za otklanjanje nepravilnosti je 30 (trideset) dana od dana prijema rje\u0161enja.<\/li>\n<\/ol>\n<p>AKTVENDIM<\/p>\n<p>1.Urdh\u00ebrohet Kryetari i Komun\u00ebs s\u00eb Ulqinit, NC, si person p\u00ebrgjegj\u00ebs\u00a0 dhe\u00a0 objekt\u00a0 i kontrollit\u00a0 t\u00eb\u00a0 largoj\u00eb\u00a0 t\u00eb gjitha parregullsit\u00eb e konstatuara gjat\u00eb inspektimit n\u00eb lidhje\u00a0 me plot\u00ebsimin e vendit t\u00eb pun\u00ebs s\u00eb Shefiit t\u00eb Siguris\u00eb\u00a0 dhe t\u00eb\u00a0 pun\u00ebve p\u00ebrbashk\u00ebt n\u00eb p\u00ebrputhje me nenin 53, 54 dhe 55 t\u00eb Ligjit p\u00ebr n\u00ebpun\u00ebsit civil\u00eb.<\/p>\n<ol start=\"2\">\n<li>Afati i fundit p\u00ebr largimin e parregullsive \u00ebsht\u00eb 30 (tridhjet\u00eb) dit\u00eb nga pranimi i vendimit.<\/li>\n<\/ol>\n<p>&nbsp;<\/p>\n<p>Nd\u00ebrsa\u00a0 kjo mas\u00eb vlen edhe p\u00ebr sekretarin e urbanizmit.<\/p>\n<p>K\u00ebto\u00a0 dhe v\u00ebrejtjet tjera mund ti gjeni n\u00eb sajtin e \u201c Upravna inspekcija\u201d- inspektimi administrativ.<\/p>\n<p>Dhe tashti\u00a0 n\u00eb se k\u00ebsaj q\u00eb pritet t\u00eb ndodh\u00eb\u00a0 me automatiz\u00ebm ligjor , sepse fjala \u00ebsht\u00eb p\u00ebr l\u00ebshime ligjore t\u00eb pa evitueshme del q\u00eb k\u00ebrkesa e tij , p\u00ebr t\u00eb\u00a0 shkarkuar edhe dy sekretar\u00ebt e p\u00ebrmendur n\u00ebnkupton se fjala \u00ebsht\u00eb p\u00ebr shkarkim t\u00eb 4 sekretar\u00ebve\u00a0 baz\u00eb &#8211;\u00a0 aq sa edhe kish Dps N\u00eb Ulqin&#8230;.?!<\/p>\n<p>Si duket edhe kjo shkoi \u201cp\u00ebr lesh..\u201d?!<\/p>\n<p><strong>Pik\u00ebpamjet e shprehura n\u00eb faqen \u201cOPINIONE\u201d nuk p\u00ebrfaq\u00ebsojn\u00eb domosdoshm\u00ebrisht politik\u00ebn redaksionale t\u00eb \u201eLajmeve nga Ulqini\u201e<\/strong><\/p>\n","protected":false},"excerpt":{"rendered":"<p>Shkruan Muhamet Nika N\u00eb prag t\u00eb mbledhjes s\u00eb paralajm\u00ebruar t\u00eb koalicionit t\u00eb gjer\u00eb \u00a0\u00a0p\u00ebr sot\u00a0 n\u00eb Ulqin, nga ku shihet se Cungu \u00ebsht\u00eb i pa k\u00ebnaqur me dy sekretar\u00eb t\u00eb DPS-it , Lulgjur\u00ebn\u00a0 dhe Osmanoviqin \u2013 Mbrojtje t\u00eb Pasuris\u00eb dhe Financa, shohim q\u00eb \u00a0n\u00ebse e shikojm\u00eb pun\u00ebn m\u00eb thell\u00eb del q\u00eb pritet t\u00eb shkarkohen 4 [&hellip;]<\/p>\n","protected":false},"author":1,"featured_media":0,"comment_status":"closed","ping_status":"closed","sticky":false,"template":"","format":"standard","meta":{"spay_email":"","jetpack_publicize_message":"","jetpack_is_tweetstorm":false,"jetpack_publicize_feature_enabled":true},"categories":[14249],"tags":[],"jetpack_publicize_connections":[],"yoast_head":"<!-- This site is optimized with the Yoast SEO plugin v19.1 - https:\/\/yoast.com\/wordpress\/plugins\/seo\/ -->\n<title>Nika: DPS n\u00eb Ulqin, po duket - mbet me gisht n\u00eb goj\u00eb?! - Lajme nga Ulqini<\/title>\n<meta name=\"description\" content=\"Shkruan Muhamet Nika N\u00eb prag t\u00eb mbledhjes s\u00eb paralajm\u00ebruar t\u00eb koalicionit t\u00eb gjer\u00eb \u00a0\u00a0p\u00ebr sot\u00a0 n\u00eb Ulqin, nga ku shihet se Cungu \u00ebsht\u00eb i pa k\u00ebnaqur me dy\" \/>\n<meta name=\"robots\" content=\"index, follow, max-snippet:-1, max-image-preview:large, max-video-preview:-1\" \/>\n<link rel=\"canonical\" href=\"https:\/\/www.visit-ulcinj.com\/blog\/2016\/12\/09\/nika-dps-ne-ulqin-po-duket-mbet-gisht-ne-goje\/\" \/>\n<meta property=\"og:locale\" content=\"en_US\" \/>\n<meta property=\"og:type\" content=\"article\" \/>\n<meta property=\"og:title\" content=\"Nika: DPS n\u00eb Ulqin, po duket - mbet me gisht n\u00eb goj\u00eb?! - Lajme nga Ulqini\" \/>\n<meta property=\"og:description\" content=\"Shkruan Muhamet Nika N\u00eb prag t\u00eb mbledhjes s\u00eb paralajm\u00ebruar t\u00eb koalicionit t\u00eb gjer\u00eb \u00a0\u00a0p\u00ebr sot\u00a0 n\u00eb Ulqin, nga ku shihet se Cungu \u00ebsht\u00eb i pa k\u00ebnaqur me dy\" \/>\n<meta property=\"og:url\" content=\"https:\/\/www.visit-ulcinj.com\/blog\/2016\/12\/09\/nika-dps-ne-ulqin-po-duket-mbet-gisht-ne-goje\/\" \/>\n<meta property=\"og:site_name\" content=\"Lajme nga Ulqini\" \/>\n<meta property=\"article:published_time\" content=\"2016-12-09T13:19:16+00:00\" \/>\n<meta property=\"article:modified_time\" content=\"2016-12-09T13:29:39+00:00\" \/>\n<meta property=\"og:image\" content=\"http:\/\/www.visit-ulcinj.com\/blog\/wp-content\/uploads\/2014\/11\/Muhamet-Nika-240x300.jpg\" \/>\n<meta name=\"twitter:label1\" content=\"Written by\" \/>\n\t<meta name=\"twitter:data1\" content=\"ulqini\" \/>\n\t<meta name=\"twitter:label2\" content=\"Est. reading time\" \/>\n\t<meta name=\"twitter:data2\" content=\"2 minutes\" \/>\n<script type=\"application\/ld+json\" class=\"yoast-schema-graph\">{\"@context\":\"https:\/\/schema.org\",\"@graph\":[{\"@type\":\"WebSite\",\"@id\":\"https:\/\/www.visit-ulcinj.com\/blog\/#website\",\"url\":\"https:\/\/www.visit-ulcinj.com\/blog\/\",\"name\":\"Lajme nga Ulqini\",\"description\":\"Lajme,Vijesti,Ulqini,Ulqin,Crna Gora,Mali i Zi\",\"potentialAction\":[{\"@type\":\"SearchAction\",\"target\":{\"@type\":\"EntryPoint\",\"urlTemplate\":\"https:\/\/www.visit-ulcinj.com\/blog\/?s={search_term_string}\"},\"query-input\":\"required name=search_term_string\"}],\"inLanguage\":\"en-US\"},{\"@type\":\"ImageObject\",\"inLanguage\":\"en-US\",\"@id\":\"https:\/\/www.visit-ulcinj.com\/blog\/2016\/12\/09\/nika-dps-ne-ulqin-po-duket-mbet-gisht-ne-goje\/#primaryimage\",\"url\":\"https:\/\/www.visit-ulcinj.com\/blog\/wp-content\/uploads\/2014\/11\/Muhamet-Nika.jpg\",\"contentUrl\":\"https:\/\/www.visit-ulcinj.com\/blog\/wp-content\/uploads\/2014\/11\/Muhamet-Nika.jpg\",\"width\":256,\"height\":319},{\"@type\":\"WebPage\",\"@id\":\"https:\/\/www.visit-ulcinj.com\/blog\/2016\/12\/09\/nika-dps-ne-ulqin-po-duket-mbet-gisht-ne-goje\/#webpage\",\"url\":\"https:\/\/www.visit-ulcinj.com\/blog\/2016\/12\/09\/nika-dps-ne-ulqin-po-duket-mbet-gisht-ne-goje\/\",\"name\":\"Nika: DPS n\u00eb Ulqin, po duket - mbet me gisht n\u00eb goj\u00eb?! - Lajme nga Ulqini\",\"isPartOf\":{\"@id\":\"https:\/\/www.visit-ulcinj.com\/blog\/#website\"},\"primaryImageOfPage\":{\"@id\":\"https:\/\/www.visit-ulcinj.com\/blog\/2016\/12\/09\/nika-dps-ne-ulqin-po-duket-mbet-gisht-ne-goje\/#primaryimage\"},\"datePublished\":\"2016-12-09T13:19:16+00:00\",\"dateModified\":\"2016-12-09T13:29:39+00:00\",\"author\":{\"@id\":\"https:\/\/www.visit-ulcinj.com\/blog\/#\/schema\/person\/dcab619c614d3038751c63bc2aadc06d\"},\"description\":\"Shkruan Muhamet Nika N\u00eb prag t\u00eb mbledhjes s\u00eb paralajm\u00ebruar t\u00eb koalicionit t\u00eb gjer\u00eb \u00a0\u00a0p\u00ebr sot\u00a0 n\u00eb Ulqin, nga ku shihet se Cungu \u00ebsht\u00eb i pa k\u00ebnaqur me dy\",\"breadcrumb\":{\"@id\":\"https:\/\/www.visit-ulcinj.com\/blog\/2016\/12\/09\/nika-dps-ne-ulqin-po-duket-mbet-gisht-ne-goje\/#breadcrumb\"},\"inLanguage\":\"en-US\",\"potentialAction\":[{\"@type\":\"ReadAction\",\"target\":[\"https:\/\/www.visit-ulcinj.com\/blog\/2016\/12\/09\/nika-dps-ne-ulqin-po-duket-mbet-gisht-ne-goje\/\"]}]},{\"@type\":\"BreadcrumbList\",\"@id\":\"https:\/\/www.visit-ulcinj.com\/blog\/2016\/12\/09\/nika-dps-ne-ulqin-po-duket-mbet-gisht-ne-goje\/#breadcrumb\",\"itemListElement\":[{\"@type\":\"ListItem\",\"position\":1,\"name\":\"Nika: DPS n\u00eb Ulqin, po duket &#8211; mbet me gisht n\u00eb goj\u00eb?!\"}]},{\"@type\":\"Person\",\"@id\":\"https:\/\/www.visit-ulcinj.com\/blog\/#\/schema\/person\/dcab619c614d3038751c63bc2aadc06d\",\"name\":\"ulqini\",\"sameAs\":[\"http:\/\/www.visit-ulcinj.com\"],\"url\":\"https:\/\/www.visit-ulcinj.com\/blog\/author\/admin\/\"}]}<\/script>\n<!-- \/ Yoast SEO plugin. -->","yoast_head_json":{"title":"Nika: DPS n\u00eb Ulqin, po duket - mbet me gisht n\u00eb goj\u00eb?! - Lajme nga Ulqini","description":"Shkruan Muhamet Nika N\u00eb prag t\u00eb mbledhjes s\u00eb paralajm\u00ebruar t\u00eb koalicionit t\u00eb gjer\u00eb \u00a0\u00a0p\u00ebr sot\u00a0 n\u00eb Ulqin, nga ku shihet se Cungu \u00ebsht\u00eb i pa k\u00ebnaqur me dy","robots":{"index":"index","follow":"follow","max-snippet":"max-snippet:-1","max-image-preview":"max-image-preview:large","max-video-preview":"max-video-preview:-1"},"canonical":"https:\/\/www.visit-ulcinj.com\/blog\/2016\/12\/09\/nika-dps-ne-ulqin-po-duket-mbet-gisht-ne-goje\/","og_locale":"en_US","og_type":"article","og_title":"Nika: DPS n\u00eb Ulqin, po duket - mbet me gisht n\u00eb goj\u00eb?! - Lajme nga Ulqini","og_description":"Shkruan Muhamet Nika N\u00eb prag t\u00eb mbledhjes s\u00eb paralajm\u00ebruar t\u00eb koalicionit t\u00eb gjer\u00eb \u00a0\u00a0p\u00ebr sot\u00a0 n\u00eb Ulqin, nga ku shihet se Cungu \u00ebsht\u00eb i pa k\u00ebnaqur me dy","og_url":"https:\/\/www.visit-ulcinj.com\/blog\/2016\/12\/09\/nika-dps-ne-ulqin-po-duket-mbet-gisht-ne-goje\/","og_site_name":"Lajme nga Ulqini","article_published_time":"2016-12-09T13:19:16+00:00","article_modified_time":"2016-12-09T13:29:39+00:00","og_image":[{"url":"http:\/\/www.visit-ulcinj.com\/blog\/wp-content\/uploads\/2014\/11\/Muhamet-Nika-240x300.jpg"}],"twitter_misc":{"Written by":"ulqini","Est. reading time":"2 minutes"},"schema":{"@context":"https:\/\/schema.org","@graph":[{"@type":"WebSite","@id":"https:\/\/www.visit-ulcinj.com\/blog\/#website","url":"https:\/\/www.visit-ulcinj.com\/blog\/","name":"Lajme nga Ulqini","description":"Lajme,Vijesti,Ulqini,Ulqin,Crna Gora,Mali i Zi","potentialAction":[{"@type":"SearchAction","target":{"@type":"EntryPoint","urlTemplate":"https:\/\/www.visit-ulcinj.com\/blog\/?s={search_term_string}"},"query-input":"required name=search_term_string"}],"inLanguage":"en-US"},{"@type":"ImageObject","inLanguage":"en-US","@id":"https:\/\/www.visit-ulcinj.com\/blog\/2016\/12\/09\/nika-dps-ne-ulqin-po-duket-mbet-gisht-ne-goje\/#primaryimage","url":"https:\/\/www.visit-ulcinj.com\/blog\/wp-content\/uploads\/2014\/11\/Muhamet-Nika.jpg","contentUrl":"https:\/\/www.visit-ulcinj.com\/blog\/wp-content\/uploads\/2014\/11\/Muhamet-Nika.jpg","width":256,"height":319},{"@type":"WebPage","@id":"https:\/\/www.visit-ulcinj.com\/blog\/2016\/12\/09\/nika-dps-ne-ulqin-po-duket-mbet-gisht-ne-goje\/#webpage","url":"https:\/\/www.visit-ulcinj.com\/blog\/2016\/12\/09\/nika-dps-ne-ulqin-po-duket-mbet-gisht-ne-goje\/","name":"Nika: DPS n\u00eb Ulqin, po duket - mbet me gisht n\u00eb goj\u00eb?! - Lajme nga Ulqini","isPartOf":{"@id":"https:\/\/www.visit-ulcinj.com\/blog\/#website"},"primaryImageOfPage":{"@id":"https:\/\/www.visit-ulcinj.com\/blog\/2016\/12\/09\/nika-dps-ne-ulqin-po-duket-mbet-gisht-ne-goje\/#primaryimage"},"datePublished":"2016-12-09T13:19:16+00:00","dateModified":"2016-12-09T13:29:39+00:00","author":{"@id":"https:\/\/www.visit-ulcinj.com\/blog\/#\/schema\/person\/dcab619c614d3038751c63bc2aadc06d"},"description":"Shkruan Muhamet Nika N\u00eb prag t\u00eb mbledhjes s\u00eb paralajm\u00ebruar t\u00eb koalicionit t\u00eb gjer\u00eb \u00a0\u00a0p\u00ebr sot\u00a0 n\u00eb Ulqin, nga ku shihet se Cungu \u00ebsht\u00eb i pa k\u00ebnaqur me dy","breadcrumb":{"@id":"https:\/\/www.visit-ulcinj.com\/blog\/2016\/12\/09\/nika-dps-ne-ulqin-po-duket-mbet-gisht-ne-goje\/#breadcrumb"},"inLanguage":"en-US","potentialAction":[{"@type":"ReadAction","target":["https:\/\/www.visit-ulcinj.com\/blog\/2016\/12\/09\/nika-dps-ne-ulqin-po-duket-mbet-gisht-ne-goje\/"]}]},{"@type":"BreadcrumbList","@id":"https:\/\/www.visit-ulcinj.com\/blog\/2016\/12\/09\/nika-dps-ne-ulqin-po-duket-mbet-gisht-ne-goje\/#breadcrumb","itemListElement":[{"@type":"ListItem","position":1,"name":"Nika: DPS n\u00eb Ulqin, po duket &#8211; mbet me gisht n\u00eb goj\u00eb?!"}]},{"@type":"Person","@id":"https:\/\/www.visit-ulcinj.com\/blog\/#\/schema\/person\/dcab619c614d3038751c63bc2aadc06d","name":"ulqini","sameAs":["http:\/\/www.visit-ulcinj.com"],"url":"https:\/\/www.visit-ulcinj.com\/blog\/author\/admin\/"}]}},"jetpack_featured_media_url":"","jetpack_sharing_enabled":true,"jetpack_shortlink":"https:\/\/wp.me\/pe6lTn-qpS","_links":{"self":[{"href":"https:\/\/www.visit-ulcinj.com\/blog\/wp-json\/wp\/v2\/posts\/101548"}],"collection":[{"href":"https:\/\/www.visit-ulcinj.com\/blog\/wp-json\/wp\/v2\/posts"}],"about":[{"href":"https:\/\/www.visit-ulcinj.com\/blog\/wp-json\/wp\/v2\/types\/post"}],"author":[{"embeddable":true,"href":"https:\/\/www.visit-ulcinj.com\/blog\/wp-json\/wp\/v2\/users\/1"}],"replies":[{"embeddable":true,"href":"https:\/\/www.visit-ulcinj.com\/blog\/wp-json\/wp\/v2\/comments?post=101548"}],"version-history":[{"count":2,"href":"https:\/\/www.visit-ulcinj.com\/blog\/wp-json\/wp\/v2\/posts\/101548\/revisions"}],"predecessor-version":[{"id":101550,"href":"https:\/\/www.visit-ulcinj.com\/blog\/wp-json\/wp\/v2\/posts\/101548\/revisions\/101550"}],"wp:attachment":[{"href":"https:\/\/www.visit-ulcinj.com\/blog\/wp-json\/wp\/v2\/media?parent=101548"}],"wp:term":[{"taxonomy":"category","embeddable":true,"href":"https:\/\/www.visit-ulcinj.com\/blog\/wp-json\/wp\/v2\/categories?post=101548"},{"taxonomy":"post_tag","embeddable":true,"href":"https:\/\/www.visit-ulcinj.com\/blog\/wp-json\/wp\/v2\/tags?post=101548"}],"curies":[{"name":"wp","href":"https:\/\/api.w.org\/{rel}","templated":true}]}}