{"id":101551,"date":"2016-12-09T14:34:11","date_gmt":"2016-12-09T13:34:11","guid":{"rendered":"http:\/\/www.visit-ulcinj.com\/blog\/?p=101551"},"modified":"2016-12-09T14:34:11","modified_gmt":"2016-12-09T13:34:11","slug":"sh-b-rumia-kete-te-diele-vazhdon-markimin-dhe-pastrimin-e-shtegut-mille-ostros","status":"publish","type":"post","link":"https:\/\/www.visit-ulcinj.com\/blog\/2016\/12\/09\/sh-b-rumia-kete-te-diele-vazhdon-markimin-dhe-pastrimin-e-shtegut-mille-ostros\/","title":{"rendered":"SH.B. &#8220;Rumia&#8221; k\u00ebt\u00eb t\u00eb diele vazhdon me markimin dhe pastrimin e shtegut Mill\u00eb &#8211; Ostros"},"content":{"rendered":"<p><a href=\"http:\/\/www.visit-ulcinj.com\/blog\/wp-content\/uploads\/2016\/12\/Shoqata-e-bjeshkatar\u00ebve-Rumia-Ulqin.jpg\"><img loading=\"lazy\" class=\"alignleft wp-image-101552\" src=\"http:\/\/www.visit-ulcinj.com\/blog\/wp-content\/uploads\/2016\/12\/Shoqata-e-bjeshkatar\u00ebve-Rumia-Ulqin.jpg\" alt=\"Shoqata e bjeshkatar\u00ebve Rumia - Ulqin\" width=\"508\" height=\"296\" srcset=\"https:\/\/www.visit-ulcinj.com\/blog\/wp-content\/uploads\/2016\/12\/Shoqata-e-bjeshkatar\u00ebve-Rumia-Ulqin.jpg 800w, https:\/\/www.visit-ulcinj.com\/blog\/wp-content\/uploads\/2016\/12\/Shoqata-e-bjeshkatar\u00ebve-Rumia-Ulqin-300x175.jpg 300w, https:\/\/www.visit-ulcinj.com\/blog\/wp-content\/uploads\/2016\/12\/Shoqata-e-bjeshkatar\u00ebve-Rumia-Ulqin-768x447.jpg 768w\" sizes=\"(max-width: 508px) 100vw, 508px\" \/><\/a>SH.B. &#8220;Rumia&#8221; k\u00ebt\u00eb t\u00eb diele vazhdon me markimin dhe pastrimin e shtegut Mill\u00eb &#8211; Ostros<br \/>\nNe pajtim me planin e pun\u00ebs, SHH &#8221;Rumia&#8221;, k\u00ebt\u00eb t\u00eb diele, me dat\u00eb 11.12.2016, do t\u00eb vazhdoj\u00eb markimin dhe pastrimin e shtegut nga shkolla e Mill\u00ebs, duke kaluar n\u00ebp\u00ebr Leqet, Trilera dhe p\u00ebr t\u00eb p\u00ebrfunduar n\u00eb Ostros. Ky aktivitet \u00ebsht\u00eb nisur jav\u00eb m\u00eb par\u00eb.<\/p>\n<p>P\u00ebr k\u00ebt\u00eb aktivitet shoqata fton te gjithe aktivistet si dhe vullnetar\u00ebt q\u00eb p\u00eblqejn\u00eb bjeshkatarin\u00eb q\u00eb ti bashkangjiten k\u00ebtij aktivitieti.<\/p>\n<div class=\"text_exposed_show\">\n<p>Vendtakimi i t\u00eb gjith\u00eb atyre q\u00eb do t\u00eb jen\u00eb pjesmarr\u00ebs n\u00eb k\u00ebt\u00eb aktivitet do t\u00eb jet\u00eb oborri i Komunales( te rrethi) ne ora 7 e 30 kurse pjesa tjet\u00ebr e pjesmarr\u00ebsve do t\u00eb bashkangjiten te shkolla e Mill\u00ebs n\u00eb ora 8:30.<\/p>\n<p>Pjes\u00ebmarr\u00ebsit t\u00eb ken\u00eb me vehte ushqim p\u00ebr nji dite dhe vegla dore ( kmese, dorza). P\u00ebr t\u00eb gjith\u00eb k\u00ebt\u00eb kusht eshte moti i mire.<\/p>\n<p>Mir\u00eb u takoshim!<\/p>\n<p id=\"js_2d5\" class=\"_5pbw _5vra\" data-ft=\"{&quot;tn&quot;:&quot;C&quot;}\"><strong><span class=\"fwn fcg\"><span class=\"fwb fcg\" data-ft=\"{&quot;tn&quot;:&quot;k&quot;}\"><a id=\"js_48s\" href=\"https:\/\/www.facebook.com\/ShoqataEBjeshkatareverumia\/?hc_ref=NEWSFEED&amp;fref=nf\" data-hovercard=\"\/ajax\/hovercard\/page.php?id=135197926672115&amp;extragetparams=%7B%22hc_ref%22%3A%22NEWSFEED%22%2C%22fref%22%3A%22nf%22%7D\" data-hovercard-prefer-more-content-show=\"1\">Shoqata e bjeshkatar\u00ebve &#8220;Rumia&#8221; &#8211; Ulqin Facebook<\/a><\/span><\/span><\/strong><\/p>\n<\/div>\n","protected":false},"excerpt":{"rendered":"<p>SH.B. &#8220;Rumia&#8221; k\u00ebt\u00eb t\u00eb diele vazhdon me markimin dhe pastrimin e shtegut Mill\u00eb &#8211; Ostros Ne pajtim me planin e pun\u00ebs, SHH &#8221;Rumia&#8221;, k\u00ebt\u00eb t\u00eb diele, me dat\u00eb 11.12.2016, do t\u00eb vazhdoj\u00eb markimin dhe pastrimin e shtegut nga shkolla e Mill\u00ebs, duke kaluar n\u00ebp\u00ebr Leqet, Trilera dhe p\u00ebr t\u00eb p\u00ebrfunduar n\u00eb Ostros. Ky aktivitet \u00ebsht\u00eb [&hellip;]<\/p>\n","protected":false},"author":1,"featured_media":0,"comment_status":"closed","ping_status":"closed","sticky":false,"template":"","format":"standard","meta":{"spay_email":"","jetpack_publicize_message":"","jetpack_is_tweetstorm":false,"jetpack_publicize_feature_enabled":true},"categories":[6950],"tags":[],"jetpack_publicize_connections":[],"yoast_head":"<!-- This site is optimized with the Yoast SEO plugin v19.1 - https:\/\/yoast.com\/wordpress\/plugins\/seo\/ -->\n<title>SH.B. &quot;Rumia&quot; k\u00ebt\u00eb t\u00eb diele vazhdon me markimin dhe pastrimin e shtegut Mill\u00eb - Ostros - Lajme nga Ulqini<\/title>\n<meta name=\"description\" content=\"SH.B. &quot;Rumia&quot; k\u00ebt\u00eb t\u00eb diele vazhdon me markimin dhe pastrimin e shtegut Mill\u00eb - Ostros Ne pajtim me planin e pun\u00ebs, SHH &#039;&#039;Rumia&#039;&#039;, k\u00ebt\u00eb t\u00eb diele, me dat\u00eb\" \/>\n<meta name=\"robots\" content=\"index, follow, max-snippet:-1, max-image-preview:large, max-video-preview:-1\" \/>\n<link rel=\"canonical\" href=\"https:\/\/www.visit-ulcinj.com\/blog\/2016\/12\/09\/sh-b-rumia-kete-te-diele-vazhdon-markimin-dhe-pastrimin-e-shtegut-mille-ostros\/\" \/>\n<meta property=\"og:locale\" content=\"en_US\" \/>\n<meta property=\"og:type\" content=\"article\" \/>\n<meta property=\"og:title\" content=\"SH.B. &quot;Rumia&quot; k\u00ebt\u00eb t\u00eb diele vazhdon me markimin dhe pastrimin e shtegut Mill\u00eb - Ostros - Lajme nga Ulqini\" \/>\n<meta property=\"og:description\" content=\"SH.B. &quot;Rumia&quot; k\u00ebt\u00eb t\u00eb diele vazhdon me markimin dhe pastrimin e shtegut Mill\u00eb - Ostros Ne pajtim me planin e pun\u00ebs, SHH &#039;&#039;Rumia&#039;&#039;, k\u00ebt\u00eb t\u00eb diele, me dat\u00eb\" \/>\n<meta property=\"og:url\" content=\"https:\/\/www.visit-ulcinj.com\/blog\/2016\/12\/09\/sh-b-rumia-kete-te-diele-vazhdon-markimin-dhe-pastrimin-e-shtegut-mille-ostros\/\" \/>\n<meta property=\"og:site_name\" content=\"Lajme nga Ulqini\" \/>\n<meta property=\"article:published_time\" content=\"2016-12-09T13:34:11+00:00\" \/>\n<meta name=\"twitter:label1\" content=\"Written by\" \/>\n\t<meta name=\"twitter:data1\" content=\"ulqini\" \/>\n\t<meta name=\"twitter:label2\" content=\"Est. reading time\" \/>\n\t<meta name=\"twitter:data2\" content=\"1 minute\" \/>\n<script type=\"application\/ld+json\" class=\"yoast-schema-graph\">{\"@context\":\"https:\/\/schema.org\",\"@graph\":[{\"@type\":\"WebSite\",\"@id\":\"https:\/\/www.visit-ulcinj.com\/blog\/#website\",\"url\":\"https:\/\/www.visit-ulcinj.com\/blog\/\",\"name\":\"Lajme nga Ulqini\",\"description\":\"Lajme,Vijesti,Ulqini,Ulqin,Crna Gora,Mali i Zi\",\"potentialAction\":[{\"@type\":\"SearchAction\",\"target\":{\"@type\":\"EntryPoint\",\"urlTemplate\":\"https:\/\/www.visit-ulcinj.com\/blog\/?s={search_term_string}\"},\"query-input\":\"required name=search_term_string\"}],\"inLanguage\":\"en-US\"},{\"@type\":\"WebPage\",\"@id\":\"https:\/\/www.visit-ulcinj.com\/blog\/2016\/12\/09\/sh-b-rumia-kete-te-diele-vazhdon-markimin-dhe-pastrimin-e-shtegut-mille-ostros\/#webpage\",\"url\":\"https:\/\/www.visit-ulcinj.com\/blog\/2016\/12\/09\/sh-b-rumia-kete-te-diele-vazhdon-markimin-dhe-pastrimin-e-shtegut-mille-ostros\/\",\"name\":\"SH.B. \\\"Rumia\\\" k\u00ebt\u00eb t\u00eb diele vazhdon me markimin dhe pastrimin e shtegut Mill\u00eb - Ostros - Lajme nga Ulqini\",\"isPartOf\":{\"@id\":\"https:\/\/www.visit-ulcinj.com\/blog\/#website\"},\"datePublished\":\"2016-12-09T13:34:11+00:00\",\"dateModified\":\"2016-12-09T13:34:11+00:00\",\"author\":{\"@id\":\"https:\/\/www.visit-ulcinj.com\/blog\/#\/schema\/person\/dcab619c614d3038751c63bc2aadc06d\"},\"description\":\"SH.B. \\\"Rumia\\\" k\u00ebt\u00eb t\u00eb diele vazhdon me markimin dhe pastrimin e shtegut Mill\u00eb - Ostros Ne pajtim me planin e pun\u00ebs, SHH ''Rumia'', k\u00ebt\u00eb t\u00eb diele, me dat\u00eb\",\"breadcrumb\":{\"@id\":\"https:\/\/www.visit-ulcinj.com\/blog\/2016\/12\/09\/sh-b-rumia-kete-te-diele-vazhdon-markimin-dhe-pastrimin-e-shtegut-mille-ostros\/#breadcrumb\"},\"inLanguage\":\"en-US\",\"potentialAction\":[{\"@type\":\"ReadAction\",\"target\":[\"https:\/\/www.visit-ulcinj.com\/blog\/2016\/12\/09\/sh-b-rumia-kete-te-diele-vazhdon-markimin-dhe-pastrimin-e-shtegut-mille-ostros\/\"]}]},{\"@type\":\"BreadcrumbList\",\"@id\":\"https:\/\/www.visit-ulcinj.com\/blog\/2016\/12\/09\/sh-b-rumia-kete-te-diele-vazhdon-markimin-dhe-pastrimin-e-shtegut-mille-ostros\/#breadcrumb\",\"itemListElement\":[{\"@type\":\"ListItem\",\"position\":1,\"name\":\"SH.B. &#8220;Rumia&#8221; k\u00ebt\u00eb t\u00eb diele vazhdon me markimin dhe pastrimin e shtegut Mill\u00eb &#8211; Ostros\"}]},{\"@type\":\"Person\",\"@id\":\"https:\/\/www.visit-ulcinj.com\/blog\/#\/schema\/person\/dcab619c614d3038751c63bc2aadc06d\",\"name\":\"ulqini\",\"sameAs\":[\"http:\/\/www.visit-ulcinj.com\"],\"url\":\"https:\/\/www.visit-ulcinj.com\/blog\/author\/admin\/\"}]}<\/script>\n<!-- \/ Yoast SEO plugin. -->","yoast_head_json":{"title":"SH.B. \"Rumia\" k\u00ebt\u00eb t\u00eb diele vazhdon me markimin dhe pastrimin e shtegut Mill\u00eb - Ostros - Lajme nga Ulqini","description":"SH.B. \"Rumia\" k\u00ebt\u00eb t\u00eb diele vazhdon me markimin dhe pastrimin e shtegut Mill\u00eb - Ostros Ne pajtim me planin e pun\u00ebs, SHH ''Rumia'', k\u00ebt\u00eb t\u00eb diele, me dat\u00eb","robots":{"index":"index","follow":"follow","max-snippet":"max-snippet:-1","max-image-preview":"max-image-preview:large","max-video-preview":"max-video-preview:-1"},"canonical":"https:\/\/www.visit-ulcinj.com\/blog\/2016\/12\/09\/sh-b-rumia-kete-te-diele-vazhdon-markimin-dhe-pastrimin-e-shtegut-mille-ostros\/","og_locale":"en_US","og_type":"article","og_title":"SH.B. \"Rumia\" k\u00ebt\u00eb t\u00eb diele vazhdon me markimin dhe pastrimin e shtegut Mill\u00eb - Ostros - Lajme nga Ulqini","og_description":"SH.B. \"Rumia\" k\u00ebt\u00eb t\u00eb diele vazhdon me markimin dhe pastrimin e shtegut Mill\u00eb - Ostros Ne pajtim me planin e pun\u00ebs, SHH ''Rumia'', k\u00ebt\u00eb t\u00eb diele, me dat\u00eb","og_url":"https:\/\/www.visit-ulcinj.com\/blog\/2016\/12\/09\/sh-b-rumia-kete-te-diele-vazhdon-markimin-dhe-pastrimin-e-shtegut-mille-ostros\/","og_site_name":"Lajme nga Ulqini","article_published_time":"2016-12-09T13:34:11+00:00","twitter_misc":{"Written by":"ulqini","Est. reading time":"1 minute"},"schema":{"@context":"https:\/\/schema.org","@graph":[{"@type":"WebSite","@id":"https:\/\/www.visit-ulcinj.com\/blog\/#website","url":"https:\/\/www.visit-ulcinj.com\/blog\/","name":"Lajme nga Ulqini","description":"Lajme,Vijesti,Ulqini,Ulqin,Crna Gora,Mali i Zi","potentialAction":[{"@type":"SearchAction","target":{"@type":"EntryPoint","urlTemplate":"https:\/\/www.visit-ulcinj.com\/blog\/?s={search_term_string}"},"query-input":"required name=search_term_string"}],"inLanguage":"en-US"},{"@type":"WebPage","@id":"https:\/\/www.visit-ulcinj.com\/blog\/2016\/12\/09\/sh-b-rumia-kete-te-diele-vazhdon-markimin-dhe-pastrimin-e-shtegut-mille-ostros\/#webpage","url":"https:\/\/www.visit-ulcinj.com\/blog\/2016\/12\/09\/sh-b-rumia-kete-te-diele-vazhdon-markimin-dhe-pastrimin-e-shtegut-mille-ostros\/","name":"SH.B. \"Rumia\" k\u00ebt\u00eb t\u00eb diele vazhdon me markimin dhe pastrimin e shtegut Mill\u00eb - Ostros - Lajme nga Ulqini","isPartOf":{"@id":"https:\/\/www.visit-ulcinj.com\/blog\/#website"},"datePublished":"2016-12-09T13:34:11+00:00","dateModified":"2016-12-09T13:34:11+00:00","author":{"@id":"https:\/\/www.visit-ulcinj.com\/blog\/#\/schema\/person\/dcab619c614d3038751c63bc2aadc06d"},"description":"SH.B. \"Rumia\" k\u00ebt\u00eb t\u00eb diele vazhdon me markimin dhe pastrimin e shtegut Mill\u00eb - Ostros Ne pajtim me planin e pun\u00ebs, SHH ''Rumia'', k\u00ebt\u00eb t\u00eb diele, me dat\u00eb","breadcrumb":{"@id":"https:\/\/www.visit-ulcinj.com\/blog\/2016\/12\/09\/sh-b-rumia-kete-te-diele-vazhdon-markimin-dhe-pastrimin-e-shtegut-mille-ostros\/#breadcrumb"},"inLanguage":"en-US","potentialAction":[{"@type":"ReadAction","target":["https:\/\/www.visit-ulcinj.com\/blog\/2016\/12\/09\/sh-b-rumia-kete-te-diele-vazhdon-markimin-dhe-pastrimin-e-shtegut-mille-ostros\/"]}]},{"@type":"BreadcrumbList","@id":"https:\/\/www.visit-ulcinj.com\/blog\/2016\/12\/09\/sh-b-rumia-kete-te-diele-vazhdon-markimin-dhe-pastrimin-e-shtegut-mille-ostros\/#breadcrumb","itemListElement":[{"@type":"ListItem","position":1,"name":"SH.B. &#8220;Rumia&#8221; k\u00ebt\u00eb t\u00eb diele vazhdon me markimin dhe pastrimin e shtegut Mill\u00eb &#8211; Ostros"}]},{"@type":"Person","@id":"https:\/\/www.visit-ulcinj.com\/blog\/#\/schema\/person\/dcab619c614d3038751c63bc2aadc06d","name":"ulqini","sameAs":["http:\/\/www.visit-ulcinj.com"],"url":"https:\/\/www.visit-ulcinj.com\/blog\/author\/admin\/"}]}},"jetpack_featured_media_url":"","jetpack_sharing_enabled":true,"jetpack_shortlink":"https:\/\/wp.me\/pe6lTn-qpV","_links":{"self":[{"href":"https:\/\/www.visit-ulcinj.com\/blog\/wp-json\/wp\/v2\/posts\/101551"}],"collection":[{"href":"https:\/\/www.visit-ulcinj.com\/blog\/wp-json\/wp\/v2\/posts"}],"about":[{"href":"https:\/\/www.visit-ulcinj.com\/blog\/wp-json\/wp\/v2\/types\/post"}],"author":[{"embeddable":true,"href":"https:\/\/www.visit-ulcinj.com\/blog\/wp-json\/wp\/v2\/users\/1"}],"replies":[{"embeddable":true,"href":"https:\/\/www.visit-ulcinj.com\/blog\/wp-json\/wp\/v2\/comments?post=101551"}],"version-history":[{"count":1,"href":"https:\/\/www.visit-ulcinj.com\/blog\/wp-json\/wp\/v2\/posts\/101551\/revisions"}],"predecessor-version":[{"id":101553,"href":"https:\/\/www.visit-ulcinj.com\/blog\/wp-json\/wp\/v2\/posts\/101551\/revisions\/101553"}],"wp:attachment":[{"href":"https:\/\/www.visit-ulcinj.com\/blog\/wp-json\/wp\/v2\/media?parent=101551"}],"wp:term":[{"taxonomy":"category","embeddable":true,"href":"https:\/\/www.visit-ulcinj.com\/blog\/wp-json\/wp\/v2\/categories?post=101551"},{"taxonomy":"post_tag","embeddable":true,"href":"https:\/\/www.visit-ulcinj.com\/blog\/wp-json\/wp\/v2\/tags?post=101551"}],"curies":[{"name":"wp","href":"https:\/\/api.w.org\/{rel}","templated":true}]}}