{"id":101554,"date":"2016-12-10T16:00:07","date_gmt":"2016-12-10T15:00:07","guid":{"rendered":"http:\/\/www.visit-ulcinj.com\/blog\/?p=101554"},"modified":"2016-12-11T16:21:27","modified_gmt":"2016-12-11T15:21:27","slug":"zhdukja-e-4-mije-eurove-eshte-e-vertet-apo-jo","status":"publish","type":"post","link":"https:\/\/www.visit-ulcinj.com\/blog\/2016\/12\/10\/zhdukja-e-4-mije-eurove-eshte-e-vertet-apo-jo\/","title":{"rendered":"Zhdukja e 4 mij\u00eb eurove \u00ebsht\u00eb &#8220;E Vertet apo Jo&#8221;"},"content":{"rendered":"<p><strong><a href=\"http:\/\/www.visit-ulcinj.com\/blog\/wp-content\/uploads\/2016\/12\/Qendra-p\u00ebr-Kultur\u00eb-Ulqin.jpg\"><img loading=\"lazy\" class=\"alignleft wp-image-101555\" src=\"http:\/\/www.visit-ulcinj.com\/blog\/wp-content\/uploads\/2016\/12\/Qendra-p\u00ebr-Kultur\u00eb-Ulqin.jpg\" alt=\"Qendra p\u00ebr Kultur\u00eb Ulqin\" width=\"508\" height=\"378\" srcset=\"https:\/\/www.visit-ulcinj.com\/blog\/wp-content\/uploads\/2016\/12\/Qendra-p\u00ebr-Kultur\u00eb-Ulqin.jpg 1075w, https:\/\/www.visit-ulcinj.com\/blog\/wp-content\/uploads\/2016\/12\/Qendra-p\u00ebr-Kultur\u00eb-Ulqin-300x223.jpg 300w, https:\/\/www.visit-ulcinj.com\/blog\/wp-content\/uploads\/2016\/12\/Qendra-p\u00ebr-Kultur\u00eb-Ulqin-768x571.jpg 768w, https:\/\/www.visit-ulcinj.com\/blog\/wp-content\/uploads\/2016\/12\/Qendra-p\u00ebr-Kultur\u00eb-Ulqin-1024x761.jpg 1024w\" sizes=\"(max-width: 508px) 100vw, 508px\" \/><\/a>Nj\u00eb hap spekulativ n\u00eb drejtim t\u00eb s\u00eb ardhmes n\u00eb financimin e komun\u00ebs s\u00eb Ulqinit po tenton t\u00eb b\u00ebj\u00eb gazeta &#8220;Dan&#8221;. Pse!? P\u00ebrputhshm\u00ebris\u00eb dhe Administrimit t\u00eb Fondeve nga Komuna Ulqinit jo vet\u00ebm q\u00eb nuk ekziston por ekzistenca e ture \u00ebsht\u00eb fshehur nga arsye t\u00eb paqarta nga disa institucione. <\/strong><\/p>\n<p><strong>Nga intervista e drejtorit t\u00eb Qendr\u00ebs p\u00ebr Kultur\u00eb Astrit Salaj japur portalit TV TEUTA, thuhet se spekullimet e gazetarit &#8220;Dan&#8221; jan t\u00eb pasakta.<\/strong><\/p>\n<p>&nbsp;<\/p>\n<p>N\u00eb lajmin e djesh\u00ebm nga gazeta &#8220;Dan&#8221; e transmetuar nga portali Ul.info tronditi opinjonin e gj\u00ebr\u00eb.<\/p>\n<p id=\"reader-title\" style=\"text-align: center;\"><strong>N\u00eb fillim t\u00eb vitit n\u00eb Qend\u00ebr p\u00ebr kultur\u00eb: ZHDUKEN KAT\u00cbR MIJ\u00cb EURO<\/strong><\/p>\n<p>Kat\u00ebr mij\u00eb euro t\u00eb cilat Komuna e Ulqinit n\u00eb fillim t\u00eb vitit ia ka paguar Nd\u00ebrmarrjes publike \u201eQendra p\u00ebr kultur\u00eb\u201c p\u00ebr organizimin e Festivalit tradicional t\u00eb k\u00ebng\u00ebs p\u00ebr f\u00ebmij\u00eb, jan\u00eb zhdukur nga kjo nd\u00ebrmarrje dhe nuk mund t\u00eb gjurmohen, shkruan \u201eDan\u201c.<\/p>\n<p>Si\u00e7 precizohet, parat n\u00eb mars jan\u00eb paguar n\u00eb xhiro llogarin\u00eb e Qendr\u00ebs, gj\u00eb q\u00eb e v\u00ebrtetoi kryetari i at\u00ebhersh\u00ebm i Komun\u00ebs Fatmir Gjeka. \u201cDuhet t\u00eb v\u00ebrtetohen si jan\u00eb shpenzuar k\u00ebto mjete, shpresoj q\u00eb jo pa dedikim\u201d, deklaroi ai.<\/p>\n<p>Drejtori i tanish\u00ebm i Qendr\u00ebs p\u00ebr kultur\u00eb Astrit Salaj, i cili n\u00eb k\u00ebt\u00eb funksion erdhi n\u00eb fund t\u00eb qershorit, tha se k\u00ebto para nuk jan\u00eb n\u00eb llogari dhe se nuk ekziston dokumentacioni ku jan\u00eb shpenzuar.<\/p>\n<p>Salaj n\u00eb at\u00eb vend ka z\u00ebvend\u00ebsuar Dr. Nail Dragen, funksionarin e lart\u00eb t\u00eb Forc\u00ebs s\u00eb re demokratike.<\/p>\n<div id=\"stcpDiv\"><a href=\"http:\/\/www.visit-ulcinj.com\/blog\/wp-content\/uploads\/2016\/12\/astrit-salaj-1.jpg\"><img loading=\"lazy\" class=\"alignleft wp-image-101556\" src=\"http:\/\/www.visit-ulcinj.com\/blog\/wp-content\/uploads\/2016\/12\/astrit-salaj-1.jpg\" alt=\"astrit-salaj-1\" width=\"508\" height=\"243\" srcset=\"https:\/\/www.visit-ulcinj.com\/blog\/wp-content\/uploads\/2016\/12\/astrit-salaj-1.jpg 702w, https:\/\/www.visit-ulcinj.com\/blog\/wp-content\/uploads\/2016\/12\/astrit-salaj-1-300x144.jpg 300w\" sizes=\"(max-width: 508px) 100vw, 508px\" \/><\/a><\/div>\n<p class=\"post-title\"><strong>Portali TV Teuta:<\/strong><\/p>\n<p class=\"post-title\"><strong>Salaj: Shkrimi n\u00eb \u201cDan\u201d i pasakt\u00eb , parat\u00eb i jan\u00eb paguar organizatorit p\u00ebr festivalin e f\u00ebmij\u00ebve<\/strong><\/p>\n<p>Drejtori i Qendr\u00ebs p\u00ebr Kultur\u00eb Astrit Salaj, tha p\u00ebr televizionin Teuta se 4.000 eurot e paguar nga Komuna e Ulqinit, nuk jan\u00eb zhdukur , si\u00e7 shkruan gazeta \u201cDan\u201d n\u00eb numrin e sot\u00ebm, por jan\u00eb paguar n\u00eb m\u00ebnyr\u00eb t\u00eb rregullt p\u00ebr organizimin e festivalit t\u00eb f\u00ebmij\u00ebve.<\/p>\n<p>Salaj tha se gazetari i gazet\u00ebs \u201cDan\u201d e ka kontaktuar n\u00eb lidhje me \u00e7\u00ebshtjen, por nuk e ka marr\u00eb parasysh deklarat\u00ebn, dhe se fjal\u00ebt n\u00eb tekst nuk jan\u00eb t\u00eb tijat. Artikulli n\u00eb gazet\u00ebn \u201cDan\u201d \u00ebsht\u00eb mjaft i paqart\u00eb , pasi parat\u00eb mund t\u00eb shpenzohen n\u00eb m\u00ebnyr\u00eb jo t\u00eb rregullt, por zhdukja e tyre nga llogaria bankare pa l\u00ebn\u00eb gjurm\u00eb nuk \u00ebsht\u00eb e mundur.<\/p>\n","protected":false},"excerpt":{"rendered":"<p>Nj\u00eb hap spekulativ n\u00eb drejtim t\u00eb s\u00eb ardhmes n\u00eb financimin e komun\u00ebs s\u00eb Ulqinit po tenton t\u00eb b\u00ebj\u00eb gazeta &#8220;Dan&#8221;. Pse!? P\u00ebrputhshm\u00ebris\u00eb dhe Administrimit t\u00eb Fondeve nga Komuna Ulqinit jo vet\u00ebm q\u00eb nuk ekziston por ekzistenca e ture \u00ebsht\u00eb fshehur nga arsye t\u00eb paqarta nga disa institucione. Nga intervista e drejtorit t\u00eb Qendr\u00ebs p\u00ebr Kultur\u00eb [&hellip;]<\/p>\n","protected":false},"author":1,"featured_media":0,"comment_status":"closed","ping_status":"closed","sticky":false,"template":"","format":"standard","meta":{"spay_email":"","jetpack_publicize_message":"","jetpack_is_tweetstorm":false,"jetpack_publicize_feature_enabled":true},"categories":[1,12],"tags":[],"jetpack_publicize_connections":[],"yoast_head":"<!-- This site is optimized with the Yoast SEO plugin v19.1 - https:\/\/yoast.com\/wordpress\/plugins\/seo\/ -->\n<title>Zhdukja e 4 mij\u00eb eurove \u00ebsht\u00eb &quot;E Vertet apo Jo&quot; - Lajme nga Ulqini<\/title>\n<meta name=\"description\" content=\"Nj\u00eb hap spekulativ n\u00eb drejtim t\u00eb s\u00eb ardhmes n\u00eb financimin e komun\u00ebs s\u00eb Ulqinit po tenton t\u00eb b\u00ebj\u00eb gazeta &quot;Dan&quot;. Pse!? P\u00ebrputhshm\u00ebris\u00eb dhe Administrimit t\u00eb\" \/>\n<meta name=\"robots\" content=\"index, follow, max-snippet:-1, max-image-preview:large, max-video-preview:-1\" \/>\n<link rel=\"canonical\" href=\"https:\/\/www.visit-ulcinj.com\/blog\/2016\/12\/10\/zhdukja-e-4-mije-eurove-eshte-e-vertet-apo-jo\/\" \/>\n<meta property=\"og:locale\" content=\"en_US\" \/>\n<meta property=\"og:type\" content=\"article\" \/>\n<meta property=\"og:title\" content=\"Zhdukja e 4 mij\u00eb eurove \u00ebsht\u00eb &quot;E Vertet apo Jo&quot; - Lajme nga Ulqini\" \/>\n<meta property=\"og:description\" content=\"Nj\u00eb hap spekulativ n\u00eb drejtim t\u00eb s\u00eb ardhmes n\u00eb financimin e komun\u00ebs s\u00eb Ulqinit po tenton t\u00eb b\u00ebj\u00eb gazeta &quot;Dan&quot;. Pse!? P\u00ebrputhshm\u00ebris\u00eb dhe Administrimit t\u00eb\" \/>\n<meta property=\"og:url\" content=\"https:\/\/www.visit-ulcinj.com\/blog\/2016\/12\/10\/zhdukja-e-4-mije-eurove-eshte-e-vertet-apo-jo\/\" \/>\n<meta property=\"og:site_name\" content=\"Lajme nga Ulqini\" \/>\n<meta property=\"article:published_time\" content=\"2016-12-10T15:00:07+00:00\" \/>\n<meta property=\"article:modified_time\" content=\"2016-12-11T15:21:27+00:00\" \/>\n<meta property=\"og:image\" content=\"http:\/\/www.visit-ulcinj.com\/blog\/wp-content\/uploads\/2016\/12\/astrit-salaj-1.jpg\" \/>\n<meta name=\"twitter:label1\" content=\"Written by\" \/>\n\t<meta name=\"twitter:data1\" content=\"ulqini\" \/>\n\t<meta name=\"twitter:label2\" content=\"Est. reading time\" \/>\n\t<meta name=\"twitter:data2\" content=\"2 minutes\" \/>\n<script type=\"application\/ld+json\" class=\"yoast-schema-graph\">{\"@context\":\"https:\/\/schema.org\",\"@graph\":[{\"@type\":\"WebSite\",\"@id\":\"https:\/\/www.visit-ulcinj.com\/blog\/#website\",\"url\":\"https:\/\/www.visit-ulcinj.com\/blog\/\",\"name\":\"Lajme nga Ulqini\",\"description\":\"Lajme,Vijesti,Ulqini,Ulqin,Crna Gora,Mali i Zi\",\"potentialAction\":[{\"@type\":\"SearchAction\",\"target\":{\"@type\":\"EntryPoint\",\"urlTemplate\":\"https:\/\/www.visit-ulcinj.com\/blog\/?s={search_term_string}\"},\"query-input\":\"required name=search_term_string\"}],\"inLanguage\":\"en-US\"},{\"@type\":\"ImageObject\",\"inLanguage\":\"en-US\",\"@id\":\"https:\/\/www.visit-ulcinj.com\/blog\/2016\/12\/10\/zhdukja-e-4-mije-eurove-eshte-e-vertet-apo-jo\/#primaryimage\",\"url\":\"https:\/\/www.visit-ulcinj.com\/blog\/wp-content\/uploads\/2016\/12\/astrit-salaj-1.jpg\",\"contentUrl\":\"https:\/\/www.visit-ulcinj.com\/blog\/wp-content\/uploads\/2016\/12\/astrit-salaj-1.jpg\",\"width\":702,\"height\":336},{\"@type\":\"WebPage\",\"@id\":\"https:\/\/www.visit-ulcinj.com\/blog\/2016\/12\/10\/zhdukja-e-4-mije-eurove-eshte-e-vertet-apo-jo\/#webpage\",\"url\":\"https:\/\/www.visit-ulcinj.com\/blog\/2016\/12\/10\/zhdukja-e-4-mije-eurove-eshte-e-vertet-apo-jo\/\",\"name\":\"Zhdukja e 4 mij\u00eb eurove \u00ebsht\u00eb \\\"E Vertet apo Jo\\\" - Lajme nga Ulqini\",\"isPartOf\":{\"@id\":\"https:\/\/www.visit-ulcinj.com\/blog\/#website\"},\"primaryImageOfPage\":{\"@id\":\"https:\/\/www.visit-ulcinj.com\/blog\/2016\/12\/10\/zhdukja-e-4-mije-eurove-eshte-e-vertet-apo-jo\/#primaryimage\"},\"datePublished\":\"2016-12-10T15:00:07+00:00\",\"dateModified\":\"2016-12-11T15:21:27+00:00\",\"author\":{\"@id\":\"https:\/\/www.visit-ulcinj.com\/blog\/#\/schema\/person\/dcab619c614d3038751c63bc2aadc06d\"},\"description\":\"Nj\u00eb hap spekulativ n\u00eb drejtim t\u00eb s\u00eb ardhmes n\u00eb financimin e komun\u00ebs s\u00eb Ulqinit po tenton t\u00eb b\u00ebj\u00eb gazeta \\\"Dan\\\". Pse!? P\u00ebrputhshm\u00ebris\u00eb dhe Administrimit t\u00eb\",\"breadcrumb\":{\"@id\":\"https:\/\/www.visit-ulcinj.com\/blog\/2016\/12\/10\/zhdukja-e-4-mije-eurove-eshte-e-vertet-apo-jo\/#breadcrumb\"},\"inLanguage\":\"en-US\",\"potentialAction\":[{\"@type\":\"ReadAction\",\"target\":[\"https:\/\/www.visit-ulcinj.com\/blog\/2016\/12\/10\/zhdukja-e-4-mije-eurove-eshte-e-vertet-apo-jo\/\"]}]},{\"@type\":\"BreadcrumbList\",\"@id\":\"https:\/\/www.visit-ulcinj.com\/blog\/2016\/12\/10\/zhdukja-e-4-mije-eurove-eshte-e-vertet-apo-jo\/#breadcrumb\",\"itemListElement\":[{\"@type\":\"ListItem\",\"position\":1,\"name\":\"Zhdukja e 4 mij\u00eb eurove \u00ebsht\u00eb &#8220;E Vertet apo Jo&#8221;\"}]},{\"@type\":\"Person\",\"@id\":\"https:\/\/www.visit-ulcinj.com\/blog\/#\/schema\/person\/dcab619c614d3038751c63bc2aadc06d\",\"name\":\"ulqini\",\"sameAs\":[\"http:\/\/www.visit-ulcinj.com\"],\"url\":\"https:\/\/www.visit-ulcinj.com\/blog\/author\/admin\/\"}]}<\/script>\n<!-- \/ Yoast SEO plugin. -->","yoast_head_json":{"title":"Zhdukja e 4 mij\u00eb eurove \u00ebsht\u00eb \"E Vertet apo Jo\" - Lajme nga Ulqini","description":"Nj\u00eb hap spekulativ n\u00eb drejtim t\u00eb s\u00eb ardhmes n\u00eb financimin e komun\u00ebs s\u00eb Ulqinit po tenton t\u00eb b\u00ebj\u00eb gazeta \"Dan\". Pse!? P\u00ebrputhshm\u00ebris\u00eb dhe Administrimit t\u00eb","robots":{"index":"index","follow":"follow","max-snippet":"max-snippet:-1","max-image-preview":"max-image-preview:large","max-video-preview":"max-video-preview:-1"},"canonical":"https:\/\/www.visit-ulcinj.com\/blog\/2016\/12\/10\/zhdukja-e-4-mije-eurove-eshte-e-vertet-apo-jo\/","og_locale":"en_US","og_type":"article","og_title":"Zhdukja e 4 mij\u00eb eurove \u00ebsht\u00eb \"E Vertet apo Jo\" - Lajme nga Ulqini","og_description":"Nj\u00eb hap spekulativ n\u00eb drejtim t\u00eb s\u00eb ardhmes n\u00eb financimin e komun\u00ebs s\u00eb Ulqinit po tenton t\u00eb b\u00ebj\u00eb gazeta \"Dan\". Pse!? P\u00ebrputhshm\u00ebris\u00eb dhe Administrimit t\u00eb","og_url":"https:\/\/www.visit-ulcinj.com\/blog\/2016\/12\/10\/zhdukja-e-4-mije-eurove-eshte-e-vertet-apo-jo\/","og_site_name":"Lajme nga Ulqini","article_published_time":"2016-12-10T15:00:07+00:00","article_modified_time":"2016-12-11T15:21:27+00:00","og_image":[{"url":"http:\/\/www.visit-ulcinj.com\/blog\/wp-content\/uploads\/2016\/12\/astrit-salaj-1.jpg"}],"twitter_misc":{"Written by":"ulqini","Est. reading time":"2 minutes"},"schema":{"@context":"https:\/\/schema.org","@graph":[{"@type":"WebSite","@id":"https:\/\/www.visit-ulcinj.com\/blog\/#website","url":"https:\/\/www.visit-ulcinj.com\/blog\/","name":"Lajme nga Ulqini","description":"Lajme,Vijesti,Ulqini,Ulqin,Crna Gora,Mali i Zi","potentialAction":[{"@type":"SearchAction","target":{"@type":"EntryPoint","urlTemplate":"https:\/\/www.visit-ulcinj.com\/blog\/?s={search_term_string}"},"query-input":"required name=search_term_string"}],"inLanguage":"en-US"},{"@type":"ImageObject","inLanguage":"en-US","@id":"https:\/\/www.visit-ulcinj.com\/blog\/2016\/12\/10\/zhdukja-e-4-mije-eurove-eshte-e-vertet-apo-jo\/#primaryimage","url":"https:\/\/www.visit-ulcinj.com\/blog\/wp-content\/uploads\/2016\/12\/astrit-salaj-1.jpg","contentUrl":"https:\/\/www.visit-ulcinj.com\/blog\/wp-content\/uploads\/2016\/12\/astrit-salaj-1.jpg","width":702,"height":336},{"@type":"WebPage","@id":"https:\/\/www.visit-ulcinj.com\/blog\/2016\/12\/10\/zhdukja-e-4-mije-eurove-eshte-e-vertet-apo-jo\/#webpage","url":"https:\/\/www.visit-ulcinj.com\/blog\/2016\/12\/10\/zhdukja-e-4-mije-eurove-eshte-e-vertet-apo-jo\/","name":"Zhdukja e 4 mij\u00eb eurove \u00ebsht\u00eb \"E Vertet apo Jo\" - Lajme nga Ulqini","isPartOf":{"@id":"https:\/\/www.visit-ulcinj.com\/blog\/#website"},"primaryImageOfPage":{"@id":"https:\/\/www.visit-ulcinj.com\/blog\/2016\/12\/10\/zhdukja-e-4-mije-eurove-eshte-e-vertet-apo-jo\/#primaryimage"},"datePublished":"2016-12-10T15:00:07+00:00","dateModified":"2016-12-11T15:21:27+00:00","author":{"@id":"https:\/\/www.visit-ulcinj.com\/blog\/#\/schema\/person\/dcab619c614d3038751c63bc2aadc06d"},"description":"Nj\u00eb hap spekulativ n\u00eb drejtim t\u00eb s\u00eb ardhmes n\u00eb financimin e komun\u00ebs s\u00eb Ulqinit po tenton t\u00eb b\u00ebj\u00eb gazeta \"Dan\". Pse!? P\u00ebrputhshm\u00ebris\u00eb dhe Administrimit t\u00eb","breadcrumb":{"@id":"https:\/\/www.visit-ulcinj.com\/blog\/2016\/12\/10\/zhdukja-e-4-mije-eurove-eshte-e-vertet-apo-jo\/#breadcrumb"},"inLanguage":"en-US","potentialAction":[{"@type":"ReadAction","target":["https:\/\/www.visit-ulcinj.com\/blog\/2016\/12\/10\/zhdukja-e-4-mije-eurove-eshte-e-vertet-apo-jo\/"]}]},{"@type":"BreadcrumbList","@id":"https:\/\/www.visit-ulcinj.com\/blog\/2016\/12\/10\/zhdukja-e-4-mije-eurove-eshte-e-vertet-apo-jo\/#breadcrumb","itemListElement":[{"@type":"ListItem","position":1,"name":"Zhdukja e 4 mij\u00eb eurove \u00ebsht\u00eb &#8220;E Vertet apo Jo&#8221;"}]},{"@type":"Person","@id":"https:\/\/www.visit-ulcinj.com\/blog\/#\/schema\/person\/dcab619c614d3038751c63bc2aadc06d","name":"ulqini","sameAs":["http:\/\/www.visit-ulcinj.com"],"url":"https:\/\/www.visit-ulcinj.com\/blog\/author\/admin\/"}]}},"jetpack_featured_media_url":"","jetpack_sharing_enabled":true,"jetpack_shortlink":"https:\/\/wp.me\/pe6lTn-qpY","_links":{"self":[{"href":"https:\/\/www.visit-ulcinj.com\/blog\/wp-json\/wp\/v2\/posts\/101554"}],"collection":[{"href":"https:\/\/www.visit-ulcinj.com\/blog\/wp-json\/wp\/v2\/posts"}],"about":[{"href":"https:\/\/www.visit-ulcinj.com\/blog\/wp-json\/wp\/v2\/types\/post"}],"author":[{"embeddable":true,"href":"https:\/\/www.visit-ulcinj.com\/blog\/wp-json\/wp\/v2\/users\/1"}],"replies":[{"embeddable":true,"href":"https:\/\/www.visit-ulcinj.com\/blog\/wp-json\/wp\/v2\/comments?post=101554"}],"version-history":[{"count":1,"href":"https:\/\/www.visit-ulcinj.com\/blog\/wp-json\/wp\/v2\/posts\/101554\/revisions"}],"predecessor-version":[{"id":101557,"href":"https:\/\/www.visit-ulcinj.com\/blog\/wp-json\/wp\/v2\/posts\/101554\/revisions\/101557"}],"wp:attachment":[{"href":"https:\/\/www.visit-ulcinj.com\/blog\/wp-json\/wp\/v2\/media?parent=101554"}],"wp:term":[{"taxonomy":"category","embeddable":true,"href":"https:\/\/www.visit-ulcinj.com\/blog\/wp-json\/wp\/v2\/categories?post=101554"},{"taxonomy":"post_tag","embeddable":true,"href":"https:\/\/www.visit-ulcinj.com\/blog\/wp-json\/wp\/v2\/tags?post=101554"}],"curies":[{"name":"wp","href":"https:\/\/api.w.org\/{rel}","templated":true}]}}