{"id":101559,"date":"2016-12-10T18:02:06","date_gmt":"2016-12-10T17:02:06","guid":{"rendered":"http:\/\/www.visit-ulcinj.com\/blog\/?p=101559"},"modified":"2016-12-10T18:11:17","modified_gmt":"2016-12-10T17:11:17","slug":"e-njihni-burrin-e-hana-cakulit","status":"publish","type":"post","link":"https:\/\/www.visit-ulcinj.com\/blog\/2016\/12\/10\/e-njihni-burrin-e-hana-cakulit\/","title":{"rendered":"A e njihni burrin e Hana Cakulit?!"},"content":{"rendered":"<p><a href=\"http:\/\/www.visit-ulcinj.com\/blog\/wp-content\/uploads\/2016\/12\/A-e-njihni-Hana-Cakulin-pa-make-up.jpg\"><img loading=\"lazy\" class=\"alignleft wp-image-101560\" src=\"http:\/\/www.visit-ulcinj.com\/blog\/wp-content\/uploads\/2016\/12\/A-e-njihni-Hana-Cakulin-pa-make-up.jpg\" alt=\"A e njihni Hana Cakulin pa make up\" width=\"508\" height=\"348\" srcset=\"https:\/\/www.visit-ulcinj.com\/blog\/wp-content\/uploads\/2016\/12\/A-e-njihni-Hana-Cakulin-pa-make-up.jpg 592w, https:\/\/www.visit-ulcinj.com\/blog\/wp-content\/uploads\/2016\/12\/A-e-njihni-Hana-Cakulin-pa-make-up-300x206.jpg 300w\" sizes=\"(max-width: 508px) 100vw, 508px\" \/><\/a>Me disa projekte n\u00eb varg ku shquhej p\u00ebr origjinalitetin dhe stilin e ve\u00e7ant\u00eb, ulqinakja Hana Cakuli arriti t\u00eb dep\u00ebrtoj n\u00eb zemrat e shum\u00ebkujt.<\/p>\n<p>Por, me kalimin e viteve, p\u00ebr k\u00ebng\u00ebtaren eci ritmi i pun\u00ebs dhe si rrjedhoj\u00eb ajo e anashkaloi muzik\u00ebn duke u fokusuar tek familja.<\/p>\n<p><a href=\"http:\/\/www.visit-ulcinj.com\/blog\/wp-content\/uploads\/2016\/12\/A-e-njihni-Hana-Cakulin-pa-make-up-binjaket.jpg\"><img loading=\"lazy\" class=\"alignleft wp-image-101561\" src=\"http:\/\/www.visit-ulcinj.com\/blog\/wp-content\/uploads\/2016\/12\/A-e-njihni-Hana-Cakulin-pa-make-up-binjaket.jpg\" alt=\"A e njihni Hana Cakulin pa make up-binjaket\" width=\"508\" height=\"607\" srcset=\"https:\/\/www.visit-ulcinj.com\/blog\/wp-content\/uploads\/2016\/12\/A-e-njihni-Hana-Cakulin-pa-make-up-binjaket.jpg 480w, https:\/\/www.visit-ulcinj.com\/blog\/wp-content\/uploads\/2016\/12\/A-e-njihni-Hana-Cakulin-pa-make-up-binjaket-251x300.jpg 251w\" sizes=\"(max-width: 508px) 100vw, 508px\" \/><\/a><\/p>\n<p>N\u00eb ver\u00ebn e 2014-t\u00ebs u martua n\u00eb nj\u00eb ceremoni private teksa m\u00eb pas solli n\u00eb jet\u00eb edhe binjak\u00ebt, q\u00eb p\u00ebr habin\u00eb e shum\u00ebkujt u kuptuan vet\u00ebm pas disa muajsh nga lindja kur vet\u00eb Hana vendosi ta b\u00ebj lajmin publik.<\/p>\n<p><a href=\"http:\/\/www.visit-ulcinj.com\/blog\/wp-content\/uploads\/2016\/12\/A-e-njihni-Hana-Cakulin-pa-make-up-me-te-dashurin-Tajlande.jpg\"><img loading=\"lazy\" class=\"alignleft wp-image-101562\" src=\"http:\/\/www.visit-ulcinj.com\/blog\/wp-content\/uploads\/2016\/12\/A-e-njihni-Hana-Cakulin-pa-make-up-me-te-dashurin-Tajlande.jpg\" alt=\"A e njihni Hana Cakulin pa make up-me te dashurin-Tajlande\" width=\"508\" height=\"283\" srcset=\"https:\/\/www.visit-ulcinj.com\/blog\/wp-content\/uploads\/2016\/12\/A-e-njihni-Hana-Cakulin-pa-make-up-me-te-dashurin-Tajlande.jpg 599w, https:\/\/www.visit-ulcinj.com\/blog\/wp-content\/uploads\/2016\/12\/A-e-njihni-Hana-Cakulin-pa-make-up-me-te-dashurin-Tajlande-300x167.jpg 300w\" sizes=\"(max-width: 508px) 100vw, 508px\" \/><\/a><\/p>\n<p>Fotot nga familja e k\u00ebng\u00ebtares jan\u00eb t\u00eb rralla, e nd\u00ebr t\u00eb fundit \u00ebsht\u00eb nj\u00eb me bashk\u00ebshortin nga pushimet e muajit t\u00eb mjaltit n\u00eb Tajland\u00eb.<\/p>\n<p>Kujtojm\u00eb se Hana jeton tash e nj\u00eb koh\u00eb me familjen e saj n\u00eb Mynih t\u00eb Gjermanis\u00eb, e fokusuar edhe n\u00eb karrier\u00eb komplet t\u00eb ndryshme nga sfera fillestare, muzika. \/Prive.al\/<\/p>\n<!--YouTube Error: bad URL entered-->\n<p><a href=\"http:\/\/www.visit-ulcinj.com\/blog\/wp-content\/uploads\/2016\/12\/A-e-njihni-Hana-Cakulin-pa-make-up-me-te-dashurin-.jpg\"><img loading=\"lazy\" class=\"alignleft wp-image-101565\" src=\"http:\/\/www.visit-ulcinj.com\/blog\/wp-content\/uploads\/2016\/12\/A-e-njihni-Hana-Cakulin-pa-make-up-me-te-dashurin-.jpg\" alt=\"A e njihni Hana Cakulin pa make up-me te dashurin-\" width=\"508\" height=\"493\" srcset=\"https:\/\/www.visit-ulcinj.com\/blog\/wp-content\/uploads\/2016\/12\/A-e-njihni-Hana-Cakulin-pa-make-up-me-te-dashurin-.jpg 594w, https:\/\/www.visit-ulcinj.com\/blog\/wp-content\/uploads\/2016\/12\/A-e-njihni-Hana-Cakulin-pa-make-up-me-te-dashurin--300x291.jpg 300w\" sizes=\"(max-width: 508px) 100vw, 508px\" \/><\/a><\/p>\n<p>&nbsp;<\/p>\n","protected":false},"excerpt":{"rendered":"<p>Me disa projekte n\u00eb varg ku shquhej p\u00ebr origjinalitetin dhe stilin e ve\u00e7ant\u00eb, ulqinakja Hana Cakuli arriti t\u00eb dep\u00ebrtoj n\u00eb zemrat e shum\u00ebkujt. Por, me kalimin e viteve, p\u00ebr k\u00ebng\u00ebtaren eci ritmi i pun\u00ebs dhe si rrjedhoj\u00eb ajo e anashkaloi muzik\u00ebn duke u fokusuar tek familja. N\u00eb ver\u00ebn e 2014-t\u00ebs u martua n\u00eb nj\u00eb ceremoni [&hellip;]<\/p>\n","protected":false},"author":1,"featured_media":0,"comment_status":"closed","ping_status":"closed","sticky":false,"template":"","format":"standard","meta":{"spay_email":"","jetpack_publicize_message":"","jetpack_is_tweetstorm":false,"jetpack_publicize_feature_enabled":true},"categories":[1],"tags":[],"jetpack_publicize_connections":[],"yoast_head":"<!-- This site is optimized with the Yoast SEO plugin v19.1 - https:\/\/yoast.com\/wordpress\/plugins\/seo\/ -->\n<title>A e njihni burrin e Hana Cakulit?! - Lajme nga Ulqini<\/title>\n<meta name=\"description\" content=\"Me disa projekte n\u00eb varg ku shquhej p\u00ebr origjinalitetin dhe stilin e ve\u00e7ant\u00eb, ulqinakja Hana Cakuli arriti t\u00eb dep\u00ebrtoj n\u00eb zemrat e shum\u00ebkujt. Por, me\" \/>\n<meta name=\"robots\" content=\"index, follow, max-snippet:-1, max-image-preview:large, max-video-preview:-1\" \/>\n<link rel=\"canonical\" href=\"https:\/\/www.visit-ulcinj.com\/blog\/2016\/12\/10\/e-njihni-burrin-e-hana-cakulit\/\" \/>\n<meta property=\"og:locale\" content=\"en_US\" \/>\n<meta property=\"og:type\" content=\"article\" \/>\n<meta property=\"og:title\" content=\"A e njihni burrin e Hana Cakulit?! - Lajme nga Ulqini\" \/>\n<meta property=\"og:description\" content=\"Me disa projekte n\u00eb varg ku shquhej p\u00ebr origjinalitetin dhe stilin e ve\u00e7ant\u00eb, ulqinakja Hana Cakuli arriti t\u00eb dep\u00ebrtoj n\u00eb zemrat e shum\u00ebkujt. Por, me\" \/>\n<meta property=\"og:url\" content=\"https:\/\/www.visit-ulcinj.com\/blog\/2016\/12\/10\/e-njihni-burrin-e-hana-cakulit\/\" \/>\n<meta property=\"og:site_name\" content=\"Lajme nga Ulqini\" \/>\n<meta property=\"article:published_time\" content=\"2016-12-10T17:02:06+00:00\" \/>\n<meta property=\"article:modified_time\" content=\"2016-12-10T17:11:17+00:00\" \/>\n<meta property=\"og:image\" content=\"http:\/\/www.visit-ulcinj.com\/blog\/wp-content\/uploads\/2016\/12\/A-e-njihni-Hana-Cakulin-pa-make-up.jpg\" \/>\n<meta name=\"twitter:label1\" content=\"Written by\" \/>\n\t<meta name=\"twitter:data1\" content=\"ulqini\" \/>\n\t<meta name=\"twitter:label2\" content=\"Est. reading time\" \/>\n\t<meta name=\"twitter:data2\" content=\"1 minute\" \/>\n<script type=\"application\/ld+json\" class=\"yoast-schema-graph\">{\"@context\":\"https:\/\/schema.org\",\"@graph\":[{\"@type\":\"WebSite\",\"@id\":\"https:\/\/www.visit-ulcinj.com\/blog\/#website\",\"url\":\"https:\/\/www.visit-ulcinj.com\/blog\/\",\"name\":\"Lajme nga Ulqini\",\"description\":\"Lajme,Vijesti,Ulqini,Ulqin,Crna Gora,Mali i Zi\",\"potentialAction\":[{\"@type\":\"SearchAction\",\"target\":{\"@type\":\"EntryPoint\",\"urlTemplate\":\"https:\/\/www.visit-ulcinj.com\/blog\/?s={search_term_string}\"},\"query-input\":\"required name=search_term_string\"}],\"inLanguage\":\"en-US\"},{\"@type\":\"ImageObject\",\"inLanguage\":\"en-US\",\"@id\":\"https:\/\/www.visit-ulcinj.com\/blog\/2016\/12\/10\/e-njihni-burrin-e-hana-cakulit\/#primaryimage\",\"url\":\"https:\/\/www.visit-ulcinj.com\/blog\/wp-content\/uploads\/2016\/12\/A-e-njihni-Hana-Cakulin-pa-make-up.jpg\",\"contentUrl\":\"https:\/\/www.visit-ulcinj.com\/blog\/wp-content\/uploads\/2016\/12\/A-e-njihni-Hana-Cakulin-pa-make-up.jpg\",\"width\":592,\"height\":406},{\"@type\":\"WebPage\",\"@id\":\"https:\/\/www.visit-ulcinj.com\/blog\/2016\/12\/10\/e-njihni-burrin-e-hana-cakulit\/#webpage\",\"url\":\"https:\/\/www.visit-ulcinj.com\/blog\/2016\/12\/10\/e-njihni-burrin-e-hana-cakulit\/\",\"name\":\"A e njihni burrin e Hana Cakulit?! - Lajme nga Ulqini\",\"isPartOf\":{\"@id\":\"https:\/\/www.visit-ulcinj.com\/blog\/#website\"},\"primaryImageOfPage\":{\"@id\":\"https:\/\/www.visit-ulcinj.com\/blog\/2016\/12\/10\/e-njihni-burrin-e-hana-cakulit\/#primaryimage\"},\"datePublished\":\"2016-12-10T17:02:06+00:00\",\"dateModified\":\"2016-12-10T17:11:17+00:00\",\"author\":{\"@id\":\"https:\/\/www.visit-ulcinj.com\/blog\/#\/schema\/person\/dcab619c614d3038751c63bc2aadc06d\"},\"description\":\"Me disa projekte n\u00eb varg ku shquhej p\u00ebr origjinalitetin dhe stilin e ve\u00e7ant\u00eb, ulqinakja Hana Cakuli arriti t\u00eb dep\u00ebrtoj n\u00eb zemrat e shum\u00ebkujt. Por, me\",\"breadcrumb\":{\"@id\":\"https:\/\/www.visit-ulcinj.com\/blog\/2016\/12\/10\/e-njihni-burrin-e-hana-cakulit\/#breadcrumb\"},\"inLanguage\":\"en-US\",\"potentialAction\":[{\"@type\":\"ReadAction\",\"target\":[\"https:\/\/www.visit-ulcinj.com\/blog\/2016\/12\/10\/e-njihni-burrin-e-hana-cakulit\/\"]}]},{\"@type\":\"BreadcrumbList\",\"@id\":\"https:\/\/www.visit-ulcinj.com\/blog\/2016\/12\/10\/e-njihni-burrin-e-hana-cakulit\/#breadcrumb\",\"itemListElement\":[{\"@type\":\"ListItem\",\"position\":1,\"name\":\"A e njihni burrin e Hana Cakulit?!\"}]},{\"@type\":\"Person\",\"@id\":\"https:\/\/www.visit-ulcinj.com\/blog\/#\/schema\/person\/dcab619c614d3038751c63bc2aadc06d\",\"name\":\"ulqini\",\"sameAs\":[\"http:\/\/www.visit-ulcinj.com\"],\"url\":\"https:\/\/www.visit-ulcinj.com\/blog\/author\/admin\/\"}]}<\/script>\n<!-- \/ Yoast SEO plugin. -->","yoast_head_json":{"title":"A e njihni burrin e Hana Cakulit?! - Lajme nga Ulqini","description":"Me disa projekte n\u00eb varg ku shquhej p\u00ebr origjinalitetin dhe stilin e ve\u00e7ant\u00eb, ulqinakja Hana Cakuli arriti t\u00eb dep\u00ebrtoj n\u00eb zemrat e shum\u00ebkujt. Por, me","robots":{"index":"index","follow":"follow","max-snippet":"max-snippet:-1","max-image-preview":"max-image-preview:large","max-video-preview":"max-video-preview:-1"},"canonical":"https:\/\/www.visit-ulcinj.com\/blog\/2016\/12\/10\/e-njihni-burrin-e-hana-cakulit\/","og_locale":"en_US","og_type":"article","og_title":"A e njihni burrin e Hana Cakulit?! - Lajme nga Ulqini","og_description":"Me disa projekte n\u00eb varg ku shquhej p\u00ebr origjinalitetin dhe stilin e ve\u00e7ant\u00eb, ulqinakja Hana Cakuli arriti t\u00eb dep\u00ebrtoj n\u00eb zemrat e shum\u00ebkujt. Por, me","og_url":"https:\/\/www.visit-ulcinj.com\/blog\/2016\/12\/10\/e-njihni-burrin-e-hana-cakulit\/","og_site_name":"Lajme nga Ulqini","article_published_time":"2016-12-10T17:02:06+00:00","article_modified_time":"2016-12-10T17:11:17+00:00","og_image":[{"url":"http:\/\/www.visit-ulcinj.com\/blog\/wp-content\/uploads\/2016\/12\/A-e-njihni-Hana-Cakulin-pa-make-up.jpg"}],"twitter_misc":{"Written by":"ulqini","Est. reading time":"1 minute"},"schema":{"@context":"https:\/\/schema.org","@graph":[{"@type":"WebSite","@id":"https:\/\/www.visit-ulcinj.com\/blog\/#website","url":"https:\/\/www.visit-ulcinj.com\/blog\/","name":"Lajme nga Ulqini","description":"Lajme,Vijesti,Ulqini,Ulqin,Crna Gora,Mali i Zi","potentialAction":[{"@type":"SearchAction","target":{"@type":"EntryPoint","urlTemplate":"https:\/\/www.visit-ulcinj.com\/blog\/?s={search_term_string}"},"query-input":"required name=search_term_string"}],"inLanguage":"en-US"},{"@type":"ImageObject","inLanguage":"en-US","@id":"https:\/\/www.visit-ulcinj.com\/blog\/2016\/12\/10\/e-njihni-burrin-e-hana-cakulit\/#primaryimage","url":"https:\/\/www.visit-ulcinj.com\/blog\/wp-content\/uploads\/2016\/12\/A-e-njihni-Hana-Cakulin-pa-make-up.jpg","contentUrl":"https:\/\/www.visit-ulcinj.com\/blog\/wp-content\/uploads\/2016\/12\/A-e-njihni-Hana-Cakulin-pa-make-up.jpg","width":592,"height":406},{"@type":"WebPage","@id":"https:\/\/www.visit-ulcinj.com\/blog\/2016\/12\/10\/e-njihni-burrin-e-hana-cakulit\/#webpage","url":"https:\/\/www.visit-ulcinj.com\/blog\/2016\/12\/10\/e-njihni-burrin-e-hana-cakulit\/","name":"A e njihni burrin e Hana Cakulit?! - Lajme nga Ulqini","isPartOf":{"@id":"https:\/\/www.visit-ulcinj.com\/blog\/#website"},"primaryImageOfPage":{"@id":"https:\/\/www.visit-ulcinj.com\/blog\/2016\/12\/10\/e-njihni-burrin-e-hana-cakulit\/#primaryimage"},"datePublished":"2016-12-10T17:02:06+00:00","dateModified":"2016-12-10T17:11:17+00:00","author":{"@id":"https:\/\/www.visit-ulcinj.com\/blog\/#\/schema\/person\/dcab619c614d3038751c63bc2aadc06d"},"description":"Me disa projekte n\u00eb varg ku shquhej p\u00ebr origjinalitetin dhe stilin e ve\u00e7ant\u00eb, ulqinakja Hana Cakuli arriti t\u00eb dep\u00ebrtoj n\u00eb zemrat e shum\u00ebkujt. Por, me","breadcrumb":{"@id":"https:\/\/www.visit-ulcinj.com\/blog\/2016\/12\/10\/e-njihni-burrin-e-hana-cakulit\/#breadcrumb"},"inLanguage":"en-US","potentialAction":[{"@type":"ReadAction","target":["https:\/\/www.visit-ulcinj.com\/blog\/2016\/12\/10\/e-njihni-burrin-e-hana-cakulit\/"]}]},{"@type":"BreadcrumbList","@id":"https:\/\/www.visit-ulcinj.com\/blog\/2016\/12\/10\/e-njihni-burrin-e-hana-cakulit\/#breadcrumb","itemListElement":[{"@type":"ListItem","position":1,"name":"A e njihni burrin e Hana Cakulit?!"}]},{"@type":"Person","@id":"https:\/\/www.visit-ulcinj.com\/blog\/#\/schema\/person\/dcab619c614d3038751c63bc2aadc06d","name":"ulqini","sameAs":["http:\/\/www.visit-ulcinj.com"],"url":"https:\/\/www.visit-ulcinj.com\/blog\/author\/admin\/"}]}},"jetpack_featured_media_url":"","jetpack_sharing_enabled":true,"jetpack_shortlink":"https:\/\/wp.me\/pe6lTn-qq3","_links":{"self":[{"href":"https:\/\/www.visit-ulcinj.com\/blog\/wp-json\/wp\/v2\/posts\/101559"}],"collection":[{"href":"https:\/\/www.visit-ulcinj.com\/blog\/wp-json\/wp\/v2\/posts"}],"about":[{"href":"https:\/\/www.visit-ulcinj.com\/blog\/wp-json\/wp\/v2\/types\/post"}],"author":[{"embeddable":true,"href":"https:\/\/www.visit-ulcinj.com\/blog\/wp-json\/wp\/v2\/users\/1"}],"replies":[{"embeddable":true,"href":"https:\/\/www.visit-ulcinj.com\/blog\/wp-json\/wp\/v2\/comments?post=101559"}],"version-history":[{"count":5,"href":"https:\/\/www.visit-ulcinj.com\/blog\/wp-json\/wp\/v2\/posts\/101559\/revisions"}],"predecessor-version":[{"id":101568,"href":"https:\/\/www.visit-ulcinj.com\/blog\/wp-json\/wp\/v2\/posts\/101559\/revisions\/101568"}],"wp:attachment":[{"href":"https:\/\/www.visit-ulcinj.com\/blog\/wp-json\/wp\/v2\/media?parent=101559"}],"wp:term":[{"taxonomy":"category","embeddable":true,"href":"https:\/\/www.visit-ulcinj.com\/blog\/wp-json\/wp\/v2\/categories?post=101559"},{"taxonomy":"post_tag","embeddable":true,"href":"https:\/\/www.visit-ulcinj.com\/blog\/wp-json\/wp\/v2\/tags?post=101559"}],"curies":[{"name":"wp","href":"https:\/\/api.w.org\/{rel}","templated":true}]}}