{"id":10156,"date":"2009-01-31T15:09:01","date_gmt":"2009-01-31T14:09:01","guid":{"rendered":"http:\/\/www.visit-ulcinj.com\/blog\/?p=10156"},"modified":"2009-01-31T15:09:04","modified_gmt":"2009-01-31T14:09:04","slug":"preshevaret-lypin-te-drejta-si-te-serbeve-ne-kosove","status":"publish","type":"post","link":"https:\/\/www.visit-ulcinj.com\/blog\/2009\/01\/31\/preshevaret-lypin-te-drejta-si-te-serbeve-ne-kosove\/","title":{"rendered":"Preshevar\u00ebt lypin t\u00eb drejta si t\u00eb serb\u00ebve n\u00eb Kosov\u00eb"},"content":{"rendered":"<p style=\"text-align: left;\"><a rel=\"attachment wp-att-10157\" href=\"http:\/\/www.visit-ulcinj.com\/blog\/2009\/01\/31\/preshevaret-lypin-te-drejta-si-te-serbeve-ne-kosove\/preshevaret-lypin-te-drejta-si-te-serbeve-ne-kosove\/\"><img loading=\"lazy\" class=\"aligncenter size-full wp-image-10157\" title=\"preshevaret-lypin-te-drejta-si-te-serbeve-ne-kosove\" src=\"http:\/\/www.visit-ulcinj.com\/blog\/wp-content\/uploads\/2009\/01\/preshevaret-lypin-te-drejta-si-te-serbeve-ne-kosove.jpg\" alt=\"preshevaret-lypin-te-drejta-si-te-serbeve-ne-kosove\" width=\"570\" height=\"350\" \/><\/a>Presidenti Fatmir Sejdiu i b\u00ebri thirrje sot Serbis\u00eb t\u00eb heq\u00eb dor\u00eb nga krijimi i situatave q\u00eb e tensionojn\u00eb situat\u00ebn n\u00eb rajon. Ai k\u00ebrkoi nga Qeveria e Beogradit q\u00eb t\u00eb respektoj\u00eb dhe t\u00eb garantoj\u00eb t\u00eb drejtat e shqiptar\u00ebve q\u00eb jetojn\u00eb n\u00eb Lugin\u00eb t\u00eb Preshev\u00ebs, t\u00eb ngjashme me ato q\u00eb u ofrohen pakic\u00ebs serbe n\u00eb Kosov\u00eb.<br \/>\nPas nj\u00eb takimi q\u00eb zhvilloi me nj\u00eb delegacion t\u00eb p\u00ebrfaq\u00ebsuesve shqiptar\u00eb t\u00eb Lugin\u00ebs s\u00eb Preshev\u00ebs, presidenti i Kosov\u00ebs shprehu shqet\u00ebsimin me operacionin e paradokohsh\u00ebm t\u00eb policis\u00eb serbe p\u00ebr arrestimin e 10 shqiptar\u00ebve nga Lugina e Preshev\u00ebs, me motivacion se kan\u00eb kryer lufte.<br \/>\nSipas Sejdiut, Serbia nuk \u00ebsht\u00eb duke i respektuar sa duhet standardet e t\u00eb drejtave dhe komuniteteve. \u201cP\u00ebr ne \u00ebsht\u00eb me r\u00ebnd\u00ebsi q\u00eb ato vlera q\u00eb Kosova i ka ofruar p\u00ebr respektimin e komuniteteve t\u00eb jen\u00eb edhe p\u00ebr shqiptar\u00ebt e Lugin\u00ebs\u201d.<br \/>\nAi i b\u00ebri thirrje Beogradit q\u00eb t\u00eb shk\u00ebputet nga qasja q\u00eb ka pasur deri m\u00eb tani, duke mbajtur n\u00eb tension qytetar\u00ebve serb\u00eb t\u00eb Kosov\u00ebs n\u00ebp\u00ebrmes strukturave paralele dhe n\u00eb an\u00ebn tjet\u00ebr me ngritjen e tensioneve n\u00eb jug t\u00eb Serbis\u00eb.<br \/>\nNga ana tjet\u00ebr, p\u00ebrfaq\u00ebsuesit e Lugin\u00ebs shfaq\u00ebn q\u00ebndrimin se t\u00eb drejtat e shqiptar\u00ebve n\u00eb Serbi duhet t\u00eb jen\u00eb t\u00eb nj\u00eb standardi me t\u00eb drejtat e serb\u00ebve t\u00eb Kosov\u00ebs.<br \/>\n\u201cNuk ka mund\u00ebsi q\u00eb komuniteti serb n\u00eb Kosov\u00eb t\u00eb ket\u00eb shum\u00eb m\u00eb shum\u00eb t\u00eb drejta, nd\u00ebrsa komuniteti shqiptar n\u00eb Serbi apo Lugin\u00eb t\u00eb Preshev\u00ebs t\u2019i mohohen ato dhe n\u00eb k\u00ebt\u00eb m\u00ebnyr\u00eb t\u00eb mbahet n\u00eb tension gjendja. N\u00ebse d\u00ebshirojm\u00eb t\u00eb kemi nj\u00eb Ballkan stabil, at\u00ebher\u00eb vlerat njer\u00ebzore duhet t\u00eb jen\u00eb t\u00eb nj\u00ebjta. Nuk mund t\u00eb ket\u00eb pakic\u00eb t\u00eb privilegjuar dhe jo t\u00eb privilegjuar\u201d, tha prefekti i Komun\u00ebs s\u00eb Bujanocit, Shaip Kamberi.<\/p>\n<p><strong>Gazeta Express<\/strong><\/p>\n<p style=\"text-align: left;\"><!--YouTube Error: bad URL entered--><\/p>\n","protected":false},"excerpt":{"rendered":"<p>Presidenti Fatmir Sejdiu i b\u00ebri thirrje sot Serbis\u00eb t\u00eb heq\u00eb dor\u00eb nga krijimi i situatave q\u00eb e tensionojn\u00eb situat\u00ebn n\u00eb rajon. Ai k\u00ebrkoi nga Qeveria e Beogradit q\u00eb t\u00eb respektoj\u00eb dhe t\u00eb garantoj\u00eb t\u00eb drejtat e shqiptar\u00ebve q\u00eb jetojn\u00eb n\u00eb Lugin\u00eb t\u00eb Preshev\u00ebs, t\u00eb ngjashme me ato q\u00eb u ofrohen pakic\u00ebs serbe n\u00eb Kosov\u00eb. Pas [&hellip;]<\/p>\n","protected":false},"author":1,"featured_media":0,"comment_status":"open","ping_status":"closed","sticky":false,"template":"","format":"standard","meta":{"spay_email":"","jetpack_publicize_message":"","jetpack_is_tweetstorm":false,"jetpack_publicize_feature_enabled":true},"categories":[14],"tags":[6256,6255,6257,6253,6254,6259,6258],"jetpack_publicize_connections":[],"yoast_head":"<!-- This site is optimized with the Yoast SEO plugin v19.1 - https:\/\/yoast.com\/wordpress\/plugins\/seo\/ -->\n<title>Preshevar\u00ebt lypin t\u00eb drejta si t\u00eb serb\u00ebve n\u00eb Kosov\u00eb - Lajme nga Ulqini<\/title>\n<meta name=\"description\" content=\"Presidenti Fatmir Sejdiu i b\u00ebri thirrje sot Serbis\u00eb t\u00eb heq\u00eb dor\u00eb nga krijimi i situatave q\u00eb e tensionojn\u00eb situat\u00ebn n\u00eb rajon. Ai k\u00ebrkoi nga Qeveria e\" \/>\n<meta name=\"robots\" content=\"index, follow, max-snippet:-1, max-image-preview:large, max-video-preview:-1\" \/>\n<link rel=\"canonical\" href=\"https:\/\/www.visit-ulcinj.com\/blog\/2009\/01\/31\/preshevaret-lypin-te-drejta-si-te-serbeve-ne-kosove\/\" \/>\n<meta property=\"og:locale\" content=\"en_US\" \/>\n<meta property=\"og:type\" content=\"article\" \/>\n<meta property=\"og:title\" content=\"Preshevar\u00ebt lypin t\u00eb drejta si t\u00eb serb\u00ebve n\u00eb Kosov\u00eb - Lajme nga Ulqini\" \/>\n<meta property=\"og:description\" content=\"Presidenti Fatmir Sejdiu i b\u00ebri thirrje sot Serbis\u00eb t\u00eb heq\u00eb dor\u00eb nga krijimi i situatave q\u00eb e tensionojn\u00eb situat\u00ebn n\u00eb rajon. Ai k\u00ebrkoi nga Qeveria e\" \/>\n<meta property=\"og:url\" content=\"https:\/\/www.visit-ulcinj.com\/blog\/2009\/01\/31\/preshevaret-lypin-te-drejta-si-te-serbeve-ne-kosove\/\" \/>\n<meta property=\"og:site_name\" content=\"Lajme nga Ulqini\" \/>\n<meta property=\"article:published_time\" content=\"2009-01-31T14:09:01+00:00\" \/>\n<meta property=\"article:modified_time\" content=\"2009-01-31T14:09:04+00:00\" \/>\n<meta property=\"og:image\" content=\"http:\/\/www.visit-ulcinj.com\/blog\/wp-content\/uploads\/2009\/01\/preshevaret-lypin-te-drejta-si-te-serbeve-ne-kosove.jpg\" \/>\n<meta name=\"twitter:label1\" content=\"Written by\" \/>\n\t<meta name=\"twitter:data1\" content=\"ulqini\" \/>\n\t<meta name=\"twitter:label2\" content=\"Est. reading time\" \/>\n\t<meta name=\"twitter:data2\" content=\"2 minutes\" \/>\n<script type=\"application\/ld+json\" class=\"yoast-schema-graph\">{\"@context\":\"https:\/\/schema.org\",\"@graph\":[{\"@type\":\"WebSite\",\"@id\":\"https:\/\/www.visit-ulcinj.com\/blog\/#website\",\"url\":\"https:\/\/www.visit-ulcinj.com\/blog\/\",\"name\":\"Lajme nga Ulqini\",\"description\":\"Lajme,Vijesti,Ulqini,Ulqin,Crna Gora,Mali i Zi\",\"potentialAction\":[{\"@type\":\"SearchAction\",\"target\":{\"@type\":\"EntryPoint\",\"urlTemplate\":\"https:\/\/www.visit-ulcinj.com\/blog\/?s={search_term_string}\"},\"query-input\":\"required name=search_term_string\"}],\"inLanguage\":\"en-US\"},{\"@type\":\"ImageObject\",\"inLanguage\":\"en-US\",\"@id\":\"https:\/\/www.visit-ulcinj.com\/blog\/2009\/01\/31\/preshevaret-lypin-te-drejta-si-te-serbeve-ne-kosove\/#primaryimage\",\"url\":\"https:\/\/www.visit-ulcinj.com\/blog\/wp-content\/uploads\/2009\/01\/preshevaret-lypin-te-drejta-si-te-serbeve-ne-kosove.jpg\",\"contentUrl\":\"https:\/\/www.visit-ulcinj.com\/blog\/wp-content\/uploads\/2009\/01\/preshevaret-lypin-te-drejta-si-te-serbeve-ne-kosove.jpg\",\"width\":\"490\",\"height\":\"320\"},{\"@type\":\"WebPage\",\"@id\":\"https:\/\/www.visit-ulcinj.com\/blog\/2009\/01\/31\/preshevaret-lypin-te-drejta-si-te-serbeve-ne-kosove\/#webpage\",\"url\":\"https:\/\/www.visit-ulcinj.com\/blog\/2009\/01\/31\/preshevaret-lypin-te-drejta-si-te-serbeve-ne-kosove\/\",\"name\":\"Preshevar\u00ebt lypin t\u00eb drejta si t\u00eb serb\u00ebve n\u00eb Kosov\u00eb - Lajme nga Ulqini\",\"isPartOf\":{\"@id\":\"https:\/\/www.visit-ulcinj.com\/blog\/#website\"},\"primaryImageOfPage\":{\"@id\":\"https:\/\/www.visit-ulcinj.com\/blog\/2009\/01\/31\/preshevaret-lypin-te-drejta-si-te-serbeve-ne-kosove\/#primaryimage\"},\"datePublished\":\"2009-01-31T14:09:01+00:00\",\"dateModified\":\"2009-01-31T14:09:04+00:00\",\"author\":{\"@id\":\"https:\/\/www.visit-ulcinj.com\/blog\/#\/schema\/person\/dcab619c614d3038751c63bc2aadc06d\"},\"description\":\"Presidenti Fatmir Sejdiu i b\u00ebri thirrje sot Serbis\u00eb t\u00eb heq\u00eb dor\u00eb nga krijimi i situatave q\u00eb e tensionojn\u00eb situat\u00ebn n\u00eb rajon. Ai k\u00ebrkoi nga Qeveria e\",\"breadcrumb\":{\"@id\":\"https:\/\/www.visit-ulcinj.com\/blog\/2009\/01\/31\/preshevaret-lypin-te-drejta-si-te-serbeve-ne-kosove\/#breadcrumb\"},\"inLanguage\":\"en-US\",\"potentialAction\":[{\"@type\":\"ReadAction\",\"target\":[\"https:\/\/www.visit-ulcinj.com\/blog\/2009\/01\/31\/preshevaret-lypin-te-drejta-si-te-serbeve-ne-kosove\/\"]}]},{\"@type\":\"BreadcrumbList\",\"@id\":\"https:\/\/www.visit-ulcinj.com\/blog\/2009\/01\/31\/preshevaret-lypin-te-drejta-si-te-serbeve-ne-kosove\/#breadcrumb\",\"itemListElement\":[{\"@type\":\"ListItem\",\"position\":1,\"name\":\"Preshevar\u00ebt lypin t\u00eb drejta si t\u00eb serb\u00ebve n\u00eb Kosov\u00eb\"}]},{\"@type\":\"Person\",\"@id\":\"https:\/\/www.visit-ulcinj.com\/blog\/#\/schema\/person\/dcab619c614d3038751c63bc2aadc06d\",\"name\":\"ulqini\",\"sameAs\":[\"http:\/\/www.visit-ulcinj.com\"],\"url\":\"https:\/\/www.visit-ulcinj.com\/blog\/author\/admin\/\"}]}<\/script>\n<!-- \/ Yoast SEO plugin. -->","yoast_head_json":{"title":"Preshevar\u00ebt lypin t\u00eb drejta si t\u00eb serb\u00ebve n\u00eb Kosov\u00eb - Lajme nga Ulqini","description":"Presidenti Fatmir Sejdiu i b\u00ebri thirrje sot Serbis\u00eb t\u00eb heq\u00eb dor\u00eb nga krijimi i situatave q\u00eb e tensionojn\u00eb situat\u00ebn n\u00eb rajon. Ai k\u00ebrkoi nga Qeveria e","robots":{"index":"index","follow":"follow","max-snippet":"max-snippet:-1","max-image-preview":"max-image-preview:large","max-video-preview":"max-video-preview:-1"},"canonical":"https:\/\/www.visit-ulcinj.com\/blog\/2009\/01\/31\/preshevaret-lypin-te-drejta-si-te-serbeve-ne-kosove\/","og_locale":"en_US","og_type":"article","og_title":"Preshevar\u00ebt lypin t\u00eb drejta si t\u00eb serb\u00ebve n\u00eb Kosov\u00eb - Lajme nga Ulqini","og_description":"Presidenti Fatmir Sejdiu i b\u00ebri thirrje sot Serbis\u00eb t\u00eb heq\u00eb dor\u00eb nga krijimi i situatave q\u00eb e tensionojn\u00eb situat\u00ebn n\u00eb rajon. Ai k\u00ebrkoi nga Qeveria e","og_url":"https:\/\/www.visit-ulcinj.com\/blog\/2009\/01\/31\/preshevaret-lypin-te-drejta-si-te-serbeve-ne-kosove\/","og_site_name":"Lajme nga Ulqini","article_published_time":"2009-01-31T14:09:01+00:00","article_modified_time":"2009-01-31T14:09:04+00:00","og_image":[{"url":"http:\/\/www.visit-ulcinj.com\/blog\/wp-content\/uploads\/2009\/01\/preshevaret-lypin-te-drejta-si-te-serbeve-ne-kosove.jpg"}],"twitter_misc":{"Written by":"ulqini","Est. reading time":"2 minutes"},"schema":{"@context":"https:\/\/schema.org","@graph":[{"@type":"WebSite","@id":"https:\/\/www.visit-ulcinj.com\/blog\/#website","url":"https:\/\/www.visit-ulcinj.com\/blog\/","name":"Lajme nga Ulqini","description":"Lajme,Vijesti,Ulqini,Ulqin,Crna Gora,Mali i Zi","potentialAction":[{"@type":"SearchAction","target":{"@type":"EntryPoint","urlTemplate":"https:\/\/www.visit-ulcinj.com\/blog\/?s={search_term_string}"},"query-input":"required name=search_term_string"}],"inLanguage":"en-US"},{"@type":"ImageObject","inLanguage":"en-US","@id":"https:\/\/www.visit-ulcinj.com\/blog\/2009\/01\/31\/preshevaret-lypin-te-drejta-si-te-serbeve-ne-kosove\/#primaryimage","url":"https:\/\/www.visit-ulcinj.com\/blog\/wp-content\/uploads\/2009\/01\/preshevaret-lypin-te-drejta-si-te-serbeve-ne-kosove.jpg","contentUrl":"https:\/\/www.visit-ulcinj.com\/blog\/wp-content\/uploads\/2009\/01\/preshevaret-lypin-te-drejta-si-te-serbeve-ne-kosove.jpg","width":"490","height":"320"},{"@type":"WebPage","@id":"https:\/\/www.visit-ulcinj.com\/blog\/2009\/01\/31\/preshevaret-lypin-te-drejta-si-te-serbeve-ne-kosove\/#webpage","url":"https:\/\/www.visit-ulcinj.com\/blog\/2009\/01\/31\/preshevaret-lypin-te-drejta-si-te-serbeve-ne-kosove\/","name":"Preshevar\u00ebt lypin t\u00eb drejta si t\u00eb serb\u00ebve n\u00eb Kosov\u00eb - Lajme nga Ulqini","isPartOf":{"@id":"https:\/\/www.visit-ulcinj.com\/blog\/#website"},"primaryImageOfPage":{"@id":"https:\/\/www.visit-ulcinj.com\/blog\/2009\/01\/31\/preshevaret-lypin-te-drejta-si-te-serbeve-ne-kosove\/#primaryimage"},"datePublished":"2009-01-31T14:09:01+00:00","dateModified":"2009-01-31T14:09:04+00:00","author":{"@id":"https:\/\/www.visit-ulcinj.com\/blog\/#\/schema\/person\/dcab619c614d3038751c63bc2aadc06d"},"description":"Presidenti Fatmir Sejdiu i b\u00ebri thirrje sot Serbis\u00eb t\u00eb heq\u00eb dor\u00eb nga krijimi i situatave q\u00eb e tensionojn\u00eb situat\u00ebn n\u00eb rajon. Ai k\u00ebrkoi nga Qeveria e","breadcrumb":{"@id":"https:\/\/www.visit-ulcinj.com\/blog\/2009\/01\/31\/preshevaret-lypin-te-drejta-si-te-serbeve-ne-kosove\/#breadcrumb"},"inLanguage":"en-US","potentialAction":[{"@type":"ReadAction","target":["https:\/\/www.visit-ulcinj.com\/blog\/2009\/01\/31\/preshevaret-lypin-te-drejta-si-te-serbeve-ne-kosove\/"]}]},{"@type":"BreadcrumbList","@id":"https:\/\/www.visit-ulcinj.com\/blog\/2009\/01\/31\/preshevaret-lypin-te-drejta-si-te-serbeve-ne-kosove\/#breadcrumb","itemListElement":[{"@type":"ListItem","position":1,"name":"Preshevar\u00ebt lypin t\u00eb drejta si t\u00eb serb\u00ebve n\u00eb Kosov\u00eb"}]},{"@type":"Person","@id":"https:\/\/www.visit-ulcinj.com\/blog\/#\/schema\/person\/dcab619c614d3038751c63bc2aadc06d","name":"ulqini","sameAs":["http:\/\/www.visit-ulcinj.com"],"url":"https:\/\/www.visit-ulcinj.com\/blog\/author\/admin\/"}]}},"jetpack_featured_media_url":"","jetpack_sharing_enabled":true,"jetpack_shortlink":"https:\/\/wp.me\/pe6lTn-2DO","_links":{"self":[{"href":"https:\/\/www.visit-ulcinj.com\/blog\/wp-json\/wp\/v2\/posts\/10156"}],"collection":[{"href":"https:\/\/www.visit-ulcinj.com\/blog\/wp-json\/wp\/v2\/posts"}],"about":[{"href":"https:\/\/www.visit-ulcinj.com\/blog\/wp-json\/wp\/v2\/types\/post"}],"author":[{"embeddable":true,"href":"https:\/\/www.visit-ulcinj.com\/blog\/wp-json\/wp\/v2\/users\/1"}],"replies":[{"embeddable":true,"href":"https:\/\/www.visit-ulcinj.com\/blog\/wp-json\/wp\/v2\/comments?post=10156"}],"version-history":[{"count":0,"href":"https:\/\/www.visit-ulcinj.com\/blog\/wp-json\/wp\/v2\/posts\/10156\/revisions"}],"wp:attachment":[{"href":"https:\/\/www.visit-ulcinj.com\/blog\/wp-json\/wp\/v2\/media?parent=10156"}],"wp:term":[{"taxonomy":"category","embeddable":true,"href":"https:\/\/www.visit-ulcinj.com\/blog\/wp-json\/wp\/v2\/categories?post=10156"},{"taxonomy":"post_tag","embeddable":true,"href":"https:\/\/www.visit-ulcinj.com\/blog\/wp-json\/wp\/v2\/tags?post=10156"}],"curies":[{"name":"wp","href":"https:\/\/api.w.org\/{rel}","templated":true}]}}