{"id":101575,"date":"2016-12-11T16:05:37","date_gmt":"2016-12-11T15:05:37","guid":{"rendered":"http:\/\/www.visit-ulcinj.com\/blog\/?p=101575"},"modified":"2016-12-12T14:36:01","modified_gmt":"2016-12-12T13:36:01","slug":"ne-prizren-ne-10-vetorin-e-ansamblit-lidhja-e-prizrenit-merr-pjese-sh-a-tradita","status":"publish","type":"post","link":"https:\/\/www.visit-ulcinj.com\/blog\/2016\/12\/11\/ne-prizren-ne-10-vetorin-e-ansamblit-lidhja-e-prizrenit-merr-pjese-sh-a-tradita\/","title":{"rendered":"N\u00eb Prizren, n\u00eb 10 vetorin e ansamblit &#8220;Lidhja e Prizrenit&#8221;, merr pjes\u00eb SH.A. \u201cTradita\u201d"},"content":{"rendered":"<p><a href=\"http:\/\/www.visit-ulcinj.com\/blog\/wp-content\/uploads\/2016\/12\/Ansambli-Lidhja-e-Prizrenit-10-vjetori-Tradita-Ulqini-.jpg\"><img loading=\"lazy\" class=\"alignleft wp-image-101576\" src=\"http:\/\/www.visit-ulcinj.com\/blog\/wp-content\/uploads\/2016\/12\/Ansambli-Lidhja-e-Prizrenit-10-vjetori-Tradita-Ulqini-.jpg\" alt=\"Ansambli-Lidhja e Prizrenit-10-vjetori-Tradita-Ulqini-\" width=\"508\" height=\"381\" srcset=\"https:\/\/www.visit-ulcinj.com\/blog\/wp-content\/uploads\/2016\/12\/Ansambli-Lidhja-e-Prizrenit-10-vjetori-Tradita-Ulqini-.jpg 960w, https:\/\/www.visit-ulcinj.com\/blog\/wp-content\/uploads\/2016\/12\/Ansambli-Lidhja-e-Prizrenit-10-vjetori-Tradita-Ulqini--300x225.jpg 300w, https:\/\/www.visit-ulcinj.com\/blog\/wp-content\/uploads\/2016\/12\/Ansambli-Lidhja-e-Prizrenit-10-vjetori-Tradita-Ulqini--768x576.jpg 768w\" sizes=\"(max-width: 508px) 100vw, 508px\" \/><\/a><strong>N\u00cb PRIZREN, N\u00cb 10 VETORIN E NJ\u00cb ANSAMBLI&#8230;<\/strong><\/p>\n<p id=\"js_ao1\" class=\"_5pbw _5vra\" data-ft=\"{&quot;tn&quot;:&quot;C&quot;}\"><strong><span class=\"fwn fcg\"><span class=\"fcg\">Sejmen Gjokoli:\u00a0 <\/span><\/span>Na mblodhi prap\u00eb &#8221; Lidhja e Prizrenit&#8221;, n\u00eb Prizren<\/strong><\/p>\n<p>K\u00ebt\u00eb radh\u00eb Lidhja kulturore, Ansambli Folklorik q\u00eb mban t\u00eb njejt<span class=\"text_exposed_show\">in em\u00ebr, si Lidhja e par\u00eb&#8230;<br \/>\nAnsambli i K\u00ebng\u00ebve dhe Valleve &#8221; Lidhja e Prizrenit, kremton 10 vjetorin e themelimit e nisjes s\u00eb veprimtaris\u00eb dhe na ka ftuar q\u00eb fest\u00ebn ta ndajm\u00eb bashk\u00eb.<br \/>\nMe mjaft koleg\u00eb t\u00eb tjer\u00eb, drejtues grupesh folklorike e organizator\u00eb festivalesh, nga Shqip\u00ebria, Maqedonia, Mali i Zi e vendas kosovar\u00eb.<br \/>\n10 vite pun\u00eb, veprimtari, pjes\u00ebmarrje, vler\u00ebsime e \u00e7mime pa fund p\u00ebr k\u00ebt\u00eb Ansamb\u00ebl nga m\u00eb serioz\u00ebt artistikisht n\u00eb trojet shqiptare.<br \/>\nE kam par\u00eb nga af\u00ebr shpirtin dhe fuqin\u00eb artistike n\u00eb Vlor\u00eb, n\u00eb Aulona Folk Festival, por mbi t\u00eb gjitha n\u00eb dit\u00ebt kur festohej 100 vjetori i Pavar\u00ebsis\u00eb.<br \/>\nIshte koha kur Tupanat dhe Cyrlat e Usta Ilirit me shok\u00eb i kthyen rrug\u00ebt dhe sheshet e qytetit t\u00eb Flamurit n\u00eb mjedise spektaklesh artistike t\u00eb pa p\u00ebrs\u00ebritshme.<br \/>\n10 vjetori m\u00eb dha rastin t\u00eb p\u00ebrcjell edhe nj\u00eb her\u00eb, k\u00ebt\u00eb radh\u00eb n\u00eb sht\u00ebpin\u00eb e tyre, nj\u00eb koncert tejet t\u00eb bukur me k\u00ebng\u00eb e valle popullore, mbajtur n\u00eb sht\u00ebpin\u00eb e kultur\u00ebs s\u00eb qytetit.<\/span><\/p>\n<p><span class=\"text_exposed_show\"><a href=\"http:\/\/www.visit-ulcinj.com\/blog\/wp-content\/uploads\/2016\/12\/Ansambli-Lidhja-e-Prizrenit-10-vjetori-Tradita-Ulqini-1.jpg\"><img loading=\"lazy\" class=\"alignleft wp-image-101577\" src=\"http:\/\/www.visit-ulcinj.com\/blog\/wp-content\/uploads\/2016\/12\/Ansambli-Lidhja-e-Prizrenit-10-vjetori-Tradita-Ulqini-1.jpg\" alt=\"Ansambli-Lidhja e Prizrenit-10-vjetori-Tradita-Ulqini-1\" width=\"508\" height=\"338\" srcset=\"https:\/\/www.visit-ulcinj.com\/blog\/wp-content\/uploads\/2016\/12\/Ansambli-Lidhja-e-Prizrenit-10-vjetori-Tradita-Ulqini-1.jpg 960w, https:\/\/www.visit-ulcinj.com\/blog\/wp-content\/uploads\/2016\/12\/Ansambli-Lidhja-e-Prizrenit-10-vjetori-Tradita-Ulqini-1-300x199.jpg 300w, https:\/\/www.visit-ulcinj.com\/blog\/wp-content\/uploads\/2016\/12\/Ansambli-Lidhja-e-Prizrenit-10-vjetori-Tradita-Ulqini-1-768x510.jpg 768w\" sizes=\"(max-width: 508px) 100vw, 508px\" \/><\/a><br \/>\nMe k\u00ebt\u00eb rast k\u00ebtu do t\u00eb takoja edhe disa nga miqt\u00eb e mi nga Kosova e Maqedonia, Bedri Saliun e &#8220;Karshiak\u00ebs&#8221; s\u00eb Shkupit, Shaqir Hasin e &#8221; Shote Galic\u00ebs&#8221; s\u00eb Drenasit, Dritan Kurtin e &#8221; Tradit\u00ebs&#8221; s\u00eb Ulqinit por edhe k\u00ebng\u00ebtaren ikon\u00eb t\u00eb k\u00ebng\u00ebs popullore shqiptare Shkurte Fejzaj me vajz\u00ebn e saj, k\u00ebng\u00ebtaren Gresa Behluli.<br \/>\nNj\u00eb falenderim i ve\u00e7ant\u00eb p\u00ebr Drejtorin e Ansamblit, Jeton Qafleshi; Koreografin Gazmend D\u00ebrvishi dhe menaxherin Bajram Basha.<br \/>\nT\u00eb tre miqt\u00eb e mi t\u00eb mir\u00eb.<br \/>\nUrime 10 vjetori, an\u00ebtar\u00eb dhe drejtues t\u00eb Ansamblit &#8221; Lidhja e Prizrenit&#8221;!<br \/>\nQofshi edhe 100 vite t\u00eb tjer\u00eb n\u00eb sken\u00eb, me k\u00ebng\u00eb e valle!<br \/>\nPrizreni, m\u00eb i bukur me Ju !<\/span><\/p>\n<p><a href=\"http:\/\/www.visit-ulcinj.com\/blog\/wp-content\/uploads\/2016\/12\/Ansambli-Lidhja-e-Prizrenit-10-vjetori-Tradita-Ulqini-2.jpg\"><img loading=\"lazy\" class=\"alignleft wp-image-101578\" src=\"http:\/\/www.visit-ulcinj.com\/blog\/wp-content\/uploads\/2016\/12\/Ansambli-Lidhja-e-Prizrenit-10-vjetori-Tradita-Ulqini-2.jpg\" alt=\"Ansambli-Lidhja e Prizrenit-10-vjetori-Tradita-Ulqini-2\" width=\"508\" height=\"501\" srcset=\"https:\/\/www.visit-ulcinj.com\/blog\/wp-content\/uploads\/2016\/12\/Ansambli-Lidhja-e-Prizrenit-10-vjetori-Tradita-Ulqini-2.jpg 538w, https:\/\/www.visit-ulcinj.com\/blog\/wp-content\/uploads\/2016\/12\/Ansambli-Lidhja-e-Prizrenit-10-vjetori-Tradita-Ulqini-2-300x296.jpg 300w\" sizes=\"(max-width: 508px) 100vw, 508px\" \/><\/a><\/p>\n<p><strong><span class=\"fwn fcg\"><span class=\"fcg\"><span class=\"fwb\">Jeton Qafleshi: <\/span><\/span><\/span><\/strong><strong>Ansambli &#8221; Lidhja e Prizrenit &#8221; kremtoi dekaden e par\u00eb t\u00eb pun\u00ebs<\/strong><\/p>\n<p>Magjia e folkut n\u00eb Prizren mbledh\u00eb aktivistet e kultures duke filluar nga drejtues t\u00eb ansambleve , drejtor\u00eb dhe organizator\u00eb t\u00eb festivaleve nga te gjitha trevat shqiptare &#8230;<br \/>\nAnsambli &#8221; Lidhja e Prizrenit &#8221; kremtoi dekaden e par\u00eb t\u00eb pun\u00ebs me me miqt\u00eb nga : Tirana,Vlora,Durr\u00ebsi, Peshkopia,Shkupi, Ulqini ,Tetova etj.<br \/>\nPrezenca e tyre p\u00ebr t\u00eb kremtuar s\u00eb bashku 10 vjetorin e ansamblit i&#8217;a rrit\u00eb edhe m\u00eb shum\u00eb kremt\u00ebs sone vler\u00ebn , pasi p\u00ebr 10 vite bashkpunuam dhe krijuam ura lidh\u00ebse n\u00eb mes nesh.<br \/>\n&#8220;Lidhja e Prizrenit &#8221; mblodhi shum\u00eb miq reth vet\u00ebs por k\u00ebsaj radhe p\u00ebr t\u00eb festuar jubileun , dhe p\u00ebr t\u00eb kaluar nj\u00eb mbr\u00ebmje t\u00eb mrekullueshme &#8230;<\/p>\n<p><a href=\"http:\/\/www.visit-ulcinj.com\/blog\/wp-content\/uploads\/2016\/12\/Ansambli-Lidhja-e-Prizrenit-10-vjetori-Tradita-Ulqini-7.jpg\"><img loading=\"lazy\" class=\"alignleft wp-image-101579\" src=\"http:\/\/www.visit-ulcinj.com\/blog\/wp-content\/uploads\/2016\/12\/Ansambli-Lidhja-e-Prizrenit-10-vjetori-Tradita-Ulqini-7.jpg\" alt=\"Ansambli-Lidhja e Prizrenit-10-vjetori-Tradita-Ulqini-7\" width=\"508\" height=\"381\" srcset=\"https:\/\/www.visit-ulcinj.com\/blog\/wp-content\/uploads\/2016\/12\/Ansambli-Lidhja-e-Prizrenit-10-vjetori-Tradita-Ulqini-7.jpg 960w, https:\/\/www.visit-ulcinj.com\/blog\/wp-content\/uploads\/2016\/12\/Ansambli-Lidhja-e-Prizrenit-10-vjetori-Tradita-Ulqini-7-300x225.jpg 300w, https:\/\/www.visit-ulcinj.com\/blog\/wp-content\/uploads\/2016\/12\/Ansambli-Lidhja-e-Prizrenit-10-vjetori-Tradita-Ulqini-7-768x576.jpg 768w\" sizes=\"(max-width: 508px) 100vw, 508px\" \/><\/a><br \/>\nShpreh falenderimet e veqanta p\u00ebr : Prof Ermir Dizdari , njoh\u00ebs shum\u00eb i mir\u00eb i muzik\u00ebs dhe folklorit , Z\/ Fuad Haxhibeti , drejtor i turizmit n\u00eb Ulqin dhe organizator\u00eb i festivalit nd\u00ebrkomb\u00ebtar<br \/>\n&#8221; Dolcinium&#8221; Z\/ Sejmen Gjokoli , drejtor i festivali nd\u00ebkomb\u00ebtar\u00eb Aulona folk festival, Z\/ G\u00ebzim Alimehmeti , valltari i ansamblit t\u00eb k\u00ebng\u00ebve dhe valleve popullore Tirane , Z\/ Istref Dobi -Bebi , drejtor i muzeut komb\u00ebtar t\u00eb pavar\u00ebsis\u00eb , Z\/ Burhan Saliu , drejtor i AKV &#8221; Karshiaka &#8221; Shkup dhe Amir Mahmuti Sekretar i AKV Karshiaka , Z\/ Arian Plaku , koreograf i qendr\u00ebs kulturore t\u00eb f\u00ebmijeve Durres si dhe drejtorin e qendr\u00ebs kulturore t\u00eb f\u00ebmij\u00ebve t\u00eb Durresit nj\u00ebherit edhe organizator\u00eb i festivalit nd\u00ebrkomb\u00ebtar\u00eb t\u00eb f\u00ebmijeve&#8221;Fest Loja &#8220;,Z\/ Hajri Ismani nga SHKA &#8220;Jehona e Mal\u00ebsis\u00eb sharrit Tetov\u00eb , Z \/ Veli Vraniqi , drejtor i festivalit mbar\u00ebkomb\u00ebtar\u00eb &#8221; Oda Dibrane: Dritan Kurti dhe Sabria Salaj, drejtues t\u00eb SHKA &#8221; Tradita &#8221; Ana e Malit&#8221; Ulqin , Z. Shaqir Hasi , drejtues i SHKA &#8220;Shote Galica &#8221; Drenas, Z\/ Osman Ahmeti nga Shka &#8221; Bresana &#8221; Opoj , dhe t\u00eb gjith\u00eb shoq\u00ebruesve q\u00eb ishin me ta&#8230;<br \/>\nNj\u00ebherit ju falenderoj edhe per dhuratat tuaja per AKV &#8221; Lidhja e Prizrenit &#8221; q\u00eb dhuruat p\u00ebr k\u00ebt\u00eb fest.<\/p>\n<p><a href=\"http:\/\/www.visit-ulcinj.com\/blog\/wp-content\/uploads\/2016\/12\/Ansambli-Lidhja-e-Prizrenit-10-vjetori-Tradita-Ulqini-5.jpg\"><img loading=\"lazy\" class=\"alignleft wp-image-101580\" src=\"http:\/\/www.visit-ulcinj.com\/blog\/wp-content\/uploads\/2016\/12\/Ansambli-Lidhja-e-Prizrenit-10-vjetori-Tradita-Ulqini-5.jpg\" alt=\"Ansambli-Lidhja e Prizrenit-10-vjetori-Tradita-Ulqini-5\" width=\"508\" height=\"285\" srcset=\"https:\/\/www.visit-ulcinj.com\/blog\/wp-content\/uploads\/2016\/12\/Ansambli-Lidhja-e-Prizrenit-10-vjetori-Tradita-Ulqini-5.jpg 960w, https:\/\/www.visit-ulcinj.com\/blog\/wp-content\/uploads\/2016\/12\/Ansambli-Lidhja-e-Prizrenit-10-vjetori-Tradita-Ulqini-5-300x168.jpg 300w, https:\/\/www.visit-ulcinj.com\/blog\/wp-content\/uploads\/2016\/12\/Ansambli-Lidhja-e-Prizrenit-10-vjetori-Tradita-Ulqini-5-768x430.jpg 768w\" sizes=\"(max-width: 508px) 100vw, 508px\" \/><\/a><\/p>\n<p><a href=\"http:\/\/www.visit-ulcinj.com\/blog\/wp-content\/uploads\/2016\/12\/Ansambli-Lidhja-e-Prizrenit-10-vjetori-Tradita-Ulqini-8.jpg\"><img loading=\"lazy\" class=\"alignleft wp-image-101581\" src=\"http:\/\/www.visit-ulcinj.com\/blog\/wp-content\/uploads\/2016\/12\/Ansambli-Lidhja-e-Prizrenit-10-vjetori-Tradita-Ulqini-8.jpg\" alt=\"Ansambli-Lidhja e Prizrenit-10-vjetori-Tradita-Ulqini-8\" width=\"508\" height=\"337\" srcset=\"https:\/\/www.visit-ulcinj.com\/blog\/wp-content\/uploads\/2016\/12\/Ansambli-Lidhja-e-Prizrenit-10-vjetori-Tradita-Ulqini-8.jpg 960w, https:\/\/www.visit-ulcinj.com\/blog\/wp-content\/uploads\/2016\/12\/Ansambli-Lidhja-e-Prizrenit-10-vjetori-Tradita-Ulqini-8-300x199.jpg 300w, https:\/\/www.visit-ulcinj.com\/blog\/wp-content\/uploads\/2016\/12\/Ansambli-Lidhja-e-Prizrenit-10-vjetori-Tradita-Ulqini-8-768x510.jpg 768w\" sizes=\"(max-width: 508px) 100vw, 508px\" \/><\/a><\/p>\n<p><a href=\"http:\/\/www.visit-ulcinj.com\/blog\/wp-content\/uploads\/2016\/12\/Ansambli-Lidhja-e-Prizrenit-10-vjetori-Tradita-Ulqini-9.jpg\"><img loading=\"lazy\" class=\"alignleft wp-image-101582\" src=\"http:\/\/www.visit-ulcinj.com\/blog\/wp-content\/uploads\/2016\/12\/Ansambli-Lidhja-e-Prizrenit-10-vjetori-Tradita-Ulqini-9.jpg\" alt=\"Ansambli-Lidhja e Prizrenit-10-vjetori-Tradita-Ulqini-9\" width=\"508\" height=\"286\" srcset=\"https:\/\/www.visit-ulcinj.com\/blog\/wp-content\/uploads\/2016\/12\/Ansambli-Lidhja-e-Prizrenit-10-vjetori-Tradita-Ulqini-9.jpg 777w, https:\/\/www.visit-ulcinj.com\/blog\/wp-content\/uploads\/2016\/12\/Ansambli-Lidhja-e-Prizrenit-10-vjetori-Tradita-Ulqini-9-300x169.jpg 300w, https:\/\/www.visit-ulcinj.com\/blog\/wp-content\/uploads\/2016\/12\/Ansambli-Lidhja-e-Prizrenit-10-vjetori-Tradita-Ulqini-9-768x432.jpg 768w\" sizes=\"(max-width: 508px) 100vw, 508px\" \/><\/a><\/p>\n<p><a href=\"http:\/\/www.visit-ulcinj.com\/blog\/wp-content\/uploads\/2016\/12\/Ansambli-Lidhja-e-Prizrenit-10-vjetori-Tradita-Ulqini-10.jpg\"><img loading=\"lazy\" class=\"alignleft wp-image-101583\" src=\"http:\/\/www.visit-ulcinj.com\/blog\/wp-content\/uploads\/2016\/12\/Ansambli-Lidhja-e-Prizrenit-10-vjetori-Tradita-Ulqini-10.jpg\" alt=\"Ansambli-Lidhja e Prizrenit-10-vjetori-Tradita-Ulqini-10\" width=\"508\" height=\"286\" srcset=\"https:\/\/www.visit-ulcinj.com\/blog\/wp-content\/uploads\/2016\/12\/Ansambli-Lidhja-e-Prizrenit-10-vjetori-Tradita-Ulqini-10.jpg 960w, https:\/\/www.visit-ulcinj.com\/blog\/wp-content\/uploads\/2016\/12\/Ansambli-Lidhja-e-Prizrenit-10-vjetori-Tradita-Ulqini-10-300x169.jpg 300w, https:\/\/www.visit-ulcinj.com\/blog\/wp-content\/uploads\/2016\/12\/Ansambli-Lidhja-e-Prizrenit-10-vjetori-Tradita-Ulqini-10-768x432.jpg 768w\" sizes=\"(max-width: 508px) 100vw, 508px\" \/><\/a><\/p>\n<p><a href=\"http:\/\/www.visit-ulcinj.com\/blog\/wp-content\/uploads\/2016\/12\/Ansambli-Lidhja-e-Prizrenit-10-vjetori-Tradita-Ulqini-3.jpg\"><img loading=\"lazy\" class=\"alignleft wp-image-101584\" src=\"http:\/\/www.visit-ulcinj.com\/blog\/wp-content\/uploads\/2016\/12\/Ansambli-Lidhja-e-Prizrenit-10-vjetori-Tradita-Ulqini-3.jpg\" alt=\"Ansambli-Lidhja e Prizrenit-10-vjetori-Tradita-Ulqini-3\" width=\"508\" height=\"381\" srcset=\"https:\/\/www.visit-ulcinj.com\/blog\/wp-content\/uploads\/2016\/12\/Ansambli-Lidhja-e-Prizrenit-10-vjetori-Tradita-Ulqini-3.jpg 960w, https:\/\/www.visit-ulcinj.com\/blog\/wp-content\/uploads\/2016\/12\/Ansambli-Lidhja-e-Prizrenit-10-vjetori-Tradita-Ulqini-3-300x225.jpg 300w, https:\/\/www.visit-ulcinj.com\/blog\/wp-content\/uploads\/2016\/12\/Ansambli-Lidhja-e-Prizrenit-10-vjetori-Tradita-Ulqini-3-768x576.jpg 768w\" sizes=\"(max-width: 508px) 100vw, 508px\" \/><\/a><\/p>\n<p><a href=\"http:\/\/www.visit-ulcinj.com\/blog\/wp-content\/uploads\/2016\/12\/Ansambli-Lidhja-e-Prizrenit-10-vjetori-Tradita-Ulqini-4.jpg\"><img loading=\"lazy\" class=\"alignleft wp-image-101585\" src=\"http:\/\/www.visit-ulcinj.com\/blog\/wp-content\/uploads\/2016\/12\/Ansambli-Lidhja-e-Prizrenit-10-vjetori-Tradita-Ulqini-4.jpg\" alt=\"Ansambli-Lidhja e Prizrenit-10-vjetori-Tradita-Ulqini-4\" width=\"508\" height=\"285\" srcset=\"https:\/\/www.visit-ulcinj.com\/blog\/wp-content\/uploads\/2016\/12\/Ansambli-Lidhja-e-Prizrenit-10-vjetori-Tradita-Ulqini-4.jpg 960w, https:\/\/www.visit-ulcinj.com\/blog\/wp-content\/uploads\/2016\/12\/Ansambli-Lidhja-e-Prizrenit-10-vjetori-Tradita-Ulqini-4-300x168.jpg 300w, https:\/\/www.visit-ulcinj.com\/blog\/wp-content\/uploads\/2016\/12\/Ansambli-Lidhja-e-Prizrenit-10-vjetori-Tradita-Ulqini-4-768x430.jpg 768w\" sizes=\"(max-width: 508px) 100vw, 508px\" \/><\/a><\/p>\n","protected":false},"excerpt":{"rendered":"<p>N\u00cb PRIZREN, N\u00cb 10 VETORIN E NJ\u00cb ANSAMBLI&#8230; Sejmen Gjokoli:\u00a0 Na mblodhi prap\u00eb &#8221; Lidhja e Prizrenit&#8221;, n\u00eb Prizren K\u00ebt\u00eb radh\u00eb Lidhja kulturore, Ansambli Folklorik q\u00eb mban t\u00eb njejtin em\u00ebr, si Lidhja e par\u00eb&#8230; Ansambli i K\u00ebng\u00ebve dhe Valleve &#8221; Lidhja e Prizrenit, kremton 10 vjetorin e themelimit e nisjes s\u00eb veprimtaris\u00eb dhe na ka [&hellip;]<\/p>\n","protected":false},"author":1,"featured_media":0,"comment_status":"closed","ping_status":"closed","sticky":false,"template":"","format":"standard","meta":{"spay_email":"","jetpack_publicize_message":"","jetpack_is_tweetstorm":false,"jetpack_publicize_feature_enabled":true},"categories":[1,14],"tags":[],"jetpack_publicize_connections":[],"yoast_head":"<!-- This site is optimized with the Yoast SEO plugin v19.1 - https:\/\/yoast.com\/wordpress\/plugins\/seo\/ -->\n<title>N\u00eb Prizren, n\u00eb 10 vetorin e ansamblit &quot;Lidhja e Prizrenit&quot;, merr pjes\u00eb SH.A. \u201cTradita\u201d - Lajme nga Ulqini<\/title>\n<meta name=\"description\" content=\"N\u00cb PRIZREN, N\u00cb 10 VETORIN E NJ\u00cb ANSAMBLI... Sejmen Gjokoli:\u00a0 Na mblodhi prap\u00eb &quot; Lidhja e Prizrenit&quot;, n\u00eb Prizren K\u00ebt\u00eb radh\u00eb Lidhja kulturore, Ansambli\" \/>\n<meta name=\"robots\" content=\"index, follow, max-snippet:-1, max-image-preview:large, max-video-preview:-1\" \/>\n<link rel=\"canonical\" href=\"https:\/\/www.visit-ulcinj.com\/blog\/2016\/12\/11\/ne-prizren-ne-10-vetorin-e-ansamblit-lidhja-e-prizrenit-merr-pjese-sh-a-tradita\/\" \/>\n<meta property=\"og:locale\" content=\"en_US\" \/>\n<meta property=\"og:type\" content=\"article\" \/>\n<meta property=\"og:title\" content=\"N\u00eb Prizren, n\u00eb 10 vetorin e ansamblit &quot;Lidhja e Prizrenit&quot;, merr pjes\u00eb SH.A. \u201cTradita\u201d - Lajme nga Ulqini\" \/>\n<meta property=\"og:description\" content=\"N\u00cb PRIZREN, N\u00cb 10 VETORIN E NJ\u00cb ANSAMBLI... Sejmen Gjokoli:\u00a0 Na mblodhi prap\u00eb &quot; Lidhja e Prizrenit&quot;, n\u00eb Prizren K\u00ebt\u00eb radh\u00eb Lidhja kulturore, Ansambli\" \/>\n<meta property=\"og:url\" content=\"https:\/\/www.visit-ulcinj.com\/blog\/2016\/12\/11\/ne-prizren-ne-10-vetorin-e-ansamblit-lidhja-e-prizrenit-merr-pjese-sh-a-tradita\/\" \/>\n<meta property=\"og:site_name\" content=\"Lajme nga Ulqini\" \/>\n<meta property=\"article:published_time\" content=\"2016-12-11T15:05:37+00:00\" \/>\n<meta property=\"article:modified_time\" content=\"2016-12-12T13:36:01+00:00\" \/>\n<meta property=\"og:image\" content=\"http:\/\/www.visit-ulcinj.com\/blog\/wp-content\/uploads\/2016\/12\/Ansambli-Lidhja-e-Prizrenit-10-vjetori-Tradita-Ulqini-.jpg\" \/>\n<meta name=\"twitter:label1\" content=\"Written by\" \/>\n\t<meta name=\"twitter:data1\" content=\"ulqini\" \/>\n\t<meta name=\"twitter:label2\" content=\"Est. reading time\" \/>\n\t<meta name=\"twitter:data2\" content=\"3 minutes\" \/>\n<script type=\"application\/ld+json\" class=\"yoast-schema-graph\">{\"@context\":\"https:\/\/schema.org\",\"@graph\":[{\"@type\":\"WebSite\",\"@id\":\"https:\/\/www.visit-ulcinj.com\/blog\/#website\",\"url\":\"https:\/\/www.visit-ulcinj.com\/blog\/\",\"name\":\"Lajme nga Ulqini\",\"description\":\"Lajme,Vijesti,Ulqini,Ulqin,Crna Gora,Mali i Zi\",\"potentialAction\":[{\"@type\":\"SearchAction\",\"target\":{\"@type\":\"EntryPoint\",\"urlTemplate\":\"https:\/\/www.visit-ulcinj.com\/blog\/?s={search_term_string}\"},\"query-input\":\"required name=search_term_string\"}],\"inLanguage\":\"en-US\"},{\"@type\":\"ImageObject\",\"inLanguage\":\"en-US\",\"@id\":\"https:\/\/www.visit-ulcinj.com\/blog\/2016\/12\/11\/ne-prizren-ne-10-vetorin-e-ansamblit-lidhja-e-prizrenit-merr-pjese-sh-a-tradita\/#primaryimage\",\"url\":\"https:\/\/www.visit-ulcinj.com\/blog\/wp-content\/uploads\/2016\/12\/Ansambli-Lidhja-e-Prizrenit-10-vjetori-Tradita-Ulqini-.jpg\",\"contentUrl\":\"https:\/\/www.visit-ulcinj.com\/blog\/wp-content\/uploads\/2016\/12\/Ansambli-Lidhja-e-Prizrenit-10-vjetori-Tradita-Ulqini-.jpg\",\"width\":960,\"height\":720},{\"@type\":\"WebPage\",\"@id\":\"https:\/\/www.visit-ulcinj.com\/blog\/2016\/12\/11\/ne-prizren-ne-10-vetorin-e-ansamblit-lidhja-e-prizrenit-merr-pjese-sh-a-tradita\/#webpage\",\"url\":\"https:\/\/www.visit-ulcinj.com\/blog\/2016\/12\/11\/ne-prizren-ne-10-vetorin-e-ansamblit-lidhja-e-prizrenit-merr-pjese-sh-a-tradita\/\",\"name\":\"N\u00eb Prizren, n\u00eb 10 vetorin e ansamblit \\\"Lidhja e Prizrenit\\\", merr pjes\u00eb SH.A. \u201cTradita\u201d - Lajme nga Ulqini\",\"isPartOf\":{\"@id\":\"https:\/\/www.visit-ulcinj.com\/blog\/#website\"},\"primaryImageOfPage\":{\"@id\":\"https:\/\/www.visit-ulcinj.com\/blog\/2016\/12\/11\/ne-prizren-ne-10-vetorin-e-ansamblit-lidhja-e-prizrenit-merr-pjese-sh-a-tradita\/#primaryimage\"},\"datePublished\":\"2016-12-11T15:05:37+00:00\",\"dateModified\":\"2016-12-12T13:36:01+00:00\",\"author\":{\"@id\":\"https:\/\/www.visit-ulcinj.com\/blog\/#\/schema\/person\/dcab619c614d3038751c63bc2aadc06d\"},\"description\":\"N\u00cb PRIZREN, N\u00cb 10 VETORIN E NJ\u00cb ANSAMBLI... Sejmen Gjokoli:\u00a0 Na mblodhi prap\u00eb \\\" Lidhja e Prizrenit\\\", n\u00eb Prizren K\u00ebt\u00eb radh\u00eb Lidhja kulturore, Ansambli\",\"breadcrumb\":{\"@id\":\"https:\/\/www.visit-ulcinj.com\/blog\/2016\/12\/11\/ne-prizren-ne-10-vetorin-e-ansamblit-lidhja-e-prizrenit-merr-pjese-sh-a-tradita\/#breadcrumb\"},\"inLanguage\":\"en-US\",\"potentialAction\":[{\"@type\":\"ReadAction\",\"target\":[\"https:\/\/www.visit-ulcinj.com\/blog\/2016\/12\/11\/ne-prizren-ne-10-vetorin-e-ansamblit-lidhja-e-prizrenit-merr-pjese-sh-a-tradita\/\"]}]},{\"@type\":\"BreadcrumbList\",\"@id\":\"https:\/\/www.visit-ulcinj.com\/blog\/2016\/12\/11\/ne-prizren-ne-10-vetorin-e-ansamblit-lidhja-e-prizrenit-merr-pjese-sh-a-tradita\/#breadcrumb\",\"itemListElement\":[{\"@type\":\"ListItem\",\"position\":1,\"name\":\"N\u00eb Prizren, n\u00eb 10 vetorin e ansamblit &#8220;Lidhja e Prizrenit&#8221;, merr pjes\u00eb SH.A. \u201cTradita\u201d\"}]},{\"@type\":\"Person\",\"@id\":\"https:\/\/www.visit-ulcinj.com\/blog\/#\/schema\/person\/dcab619c614d3038751c63bc2aadc06d\",\"name\":\"ulqini\",\"sameAs\":[\"http:\/\/www.visit-ulcinj.com\"],\"url\":\"https:\/\/www.visit-ulcinj.com\/blog\/author\/admin\/\"}]}<\/script>\n<!-- \/ Yoast SEO plugin. -->","yoast_head_json":{"title":"N\u00eb Prizren, n\u00eb 10 vetorin e ansamblit \"Lidhja e Prizrenit\", merr pjes\u00eb SH.A. \u201cTradita\u201d - Lajme nga Ulqini","description":"N\u00cb PRIZREN, N\u00cb 10 VETORIN E NJ\u00cb ANSAMBLI... Sejmen Gjokoli:\u00a0 Na mblodhi prap\u00eb \" Lidhja e Prizrenit\", n\u00eb Prizren K\u00ebt\u00eb radh\u00eb Lidhja kulturore, Ansambli","robots":{"index":"index","follow":"follow","max-snippet":"max-snippet:-1","max-image-preview":"max-image-preview:large","max-video-preview":"max-video-preview:-1"},"canonical":"https:\/\/www.visit-ulcinj.com\/blog\/2016\/12\/11\/ne-prizren-ne-10-vetorin-e-ansamblit-lidhja-e-prizrenit-merr-pjese-sh-a-tradita\/","og_locale":"en_US","og_type":"article","og_title":"N\u00eb Prizren, n\u00eb 10 vetorin e ansamblit \"Lidhja e Prizrenit\", merr pjes\u00eb SH.A. \u201cTradita\u201d - Lajme nga Ulqini","og_description":"N\u00cb PRIZREN, N\u00cb 10 VETORIN E NJ\u00cb ANSAMBLI... Sejmen Gjokoli:\u00a0 Na mblodhi prap\u00eb \" Lidhja e Prizrenit\", n\u00eb Prizren K\u00ebt\u00eb radh\u00eb Lidhja kulturore, Ansambli","og_url":"https:\/\/www.visit-ulcinj.com\/blog\/2016\/12\/11\/ne-prizren-ne-10-vetorin-e-ansamblit-lidhja-e-prizrenit-merr-pjese-sh-a-tradita\/","og_site_name":"Lajme nga Ulqini","article_published_time":"2016-12-11T15:05:37+00:00","article_modified_time":"2016-12-12T13:36:01+00:00","og_image":[{"url":"http:\/\/www.visit-ulcinj.com\/blog\/wp-content\/uploads\/2016\/12\/Ansambli-Lidhja-e-Prizrenit-10-vjetori-Tradita-Ulqini-.jpg"}],"twitter_misc":{"Written by":"ulqini","Est. reading time":"3 minutes"},"schema":{"@context":"https:\/\/schema.org","@graph":[{"@type":"WebSite","@id":"https:\/\/www.visit-ulcinj.com\/blog\/#website","url":"https:\/\/www.visit-ulcinj.com\/blog\/","name":"Lajme nga Ulqini","description":"Lajme,Vijesti,Ulqini,Ulqin,Crna Gora,Mali i Zi","potentialAction":[{"@type":"SearchAction","target":{"@type":"EntryPoint","urlTemplate":"https:\/\/www.visit-ulcinj.com\/blog\/?s={search_term_string}"},"query-input":"required name=search_term_string"}],"inLanguage":"en-US"},{"@type":"ImageObject","inLanguage":"en-US","@id":"https:\/\/www.visit-ulcinj.com\/blog\/2016\/12\/11\/ne-prizren-ne-10-vetorin-e-ansamblit-lidhja-e-prizrenit-merr-pjese-sh-a-tradita\/#primaryimage","url":"https:\/\/www.visit-ulcinj.com\/blog\/wp-content\/uploads\/2016\/12\/Ansambli-Lidhja-e-Prizrenit-10-vjetori-Tradita-Ulqini-.jpg","contentUrl":"https:\/\/www.visit-ulcinj.com\/blog\/wp-content\/uploads\/2016\/12\/Ansambli-Lidhja-e-Prizrenit-10-vjetori-Tradita-Ulqini-.jpg","width":960,"height":720},{"@type":"WebPage","@id":"https:\/\/www.visit-ulcinj.com\/blog\/2016\/12\/11\/ne-prizren-ne-10-vetorin-e-ansamblit-lidhja-e-prizrenit-merr-pjese-sh-a-tradita\/#webpage","url":"https:\/\/www.visit-ulcinj.com\/blog\/2016\/12\/11\/ne-prizren-ne-10-vetorin-e-ansamblit-lidhja-e-prizrenit-merr-pjese-sh-a-tradita\/","name":"N\u00eb Prizren, n\u00eb 10 vetorin e ansamblit \"Lidhja e Prizrenit\", merr pjes\u00eb SH.A. \u201cTradita\u201d - Lajme nga Ulqini","isPartOf":{"@id":"https:\/\/www.visit-ulcinj.com\/blog\/#website"},"primaryImageOfPage":{"@id":"https:\/\/www.visit-ulcinj.com\/blog\/2016\/12\/11\/ne-prizren-ne-10-vetorin-e-ansamblit-lidhja-e-prizrenit-merr-pjese-sh-a-tradita\/#primaryimage"},"datePublished":"2016-12-11T15:05:37+00:00","dateModified":"2016-12-12T13:36:01+00:00","author":{"@id":"https:\/\/www.visit-ulcinj.com\/blog\/#\/schema\/person\/dcab619c614d3038751c63bc2aadc06d"},"description":"N\u00cb PRIZREN, N\u00cb 10 VETORIN E NJ\u00cb ANSAMBLI... Sejmen Gjokoli:\u00a0 Na mblodhi prap\u00eb \" Lidhja e Prizrenit\", n\u00eb Prizren K\u00ebt\u00eb radh\u00eb Lidhja kulturore, Ansambli","breadcrumb":{"@id":"https:\/\/www.visit-ulcinj.com\/blog\/2016\/12\/11\/ne-prizren-ne-10-vetorin-e-ansamblit-lidhja-e-prizrenit-merr-pjese-sh-a-tradita\/#breadcrumb"},"inLanguage":"en-US","potentialAction":[{"@type":"ReadAction","target":["https:\/\/www.visit-ulcinj.com\/blog\/2016\/12\/11\/ne-prizren-ne-10-vetorin-e-ansamblit-lidhja-e-prizrenit-merr-pjese-sh-a-tradita\/"]}]},{"@type":"BreadcrumbList","@id":"https:\/\/www.visit-ulcinj.com\/blog\/2016\/12\/11\/ne-prizren-ne-10-vetorin-e-ansamblit-lidhja-e-prizrenit-merr-pjese-sh-a-tradita\/#breadcrumb","itemListElement":[{"@type":"ListItem","position":1,"name":"N\u00eb Prizren, n\u00eb 10 vetorin e ansamblit &#8220;Lidhja e Prizrenit&#8221;, merr pjes\u00eb SH.A. \u201cTradita\u201d"}]},{"@type":"Person","@id":"https:\/\/www.visit-ulcinj.com\/blog\/#\/schema\/person\/dcab619c614d3038751c63bc2aadc06d","name":"ulqini","sameAs":["http:\/\/www.visit-ulcinj.com"],"url":"https:\/\/www.visit-ulcinj.com\/blog\/author\/admin\/"}]}},"jetpack_featured_media_url":"","jetpack_sharing_enabled":true,"jetpack_shortlink":"https:\/\/wp.me\/pe6lTn-qqj","_links":{"self":[{"href":"https:\/\/www.visit-ulcinj.com\/blog\/wp-json\/wp\/v2\/posts\/101575"}],"collection":[{"href":"https:\/\/www.visit-ulcinj.com\/blog\/wp-json\/wp\/v2\/posts"}],"about":[{"href":"https:\/\/www.visit-ulcinj.com\/blog\/wp-json\/wp\/v2\/types\/post"}],"author":[{"embeddable":true,"href":"https:\/\/www.visit-ulcinj.com\/blog\/wp-json\/wp\/v2\/users\/1"}],"replies":[{"embeddable":true,"href":"https:\/\/www.visit-ulcinj.com\/blog\/wp-json\/wp\/v2\/comments?post=101575"}],"version-history":[{"count":5,"href":"https:\/\/www.visit-ulcinj.com\/blog\/wp-json\/wp\/v2\/posts\/101575\/revisions"}],"predecessor-version":[{"id":101590,"href":"https:\/\/www.visit-ulcinj.com\/blog\/wp-json\/wp\/v2\/posts\/101575\/revisions\/101590"}],"wp:attachment":[{"href":"https:\/\/www.visit-ulcinj.com\/blog\/wp-json\/wp\/v2\/media?parent=101575"}],"wp:term":[{"taxonomy":"category","embeddable":true,"href":"https:\/\/www.visit-ulcinj.com\/blog\/wp-json\/wp\/v2\/categories?post=101575"},{"taxonomy":"post_tag","embeddable":true,"href":"https:\/\/www.visit-ulcinj.com\/blog\/wp-json\/wp\/v2\/tags?post=101575"}],"curies":[{"name":"wp","href":"https:\/\/api.w.org\/{rel}","templated":true}]}}