{"id":101618,"date":"2016-12-13T07:55:33","date_gmt":"2016-12-13T06:55:33","guid":{"rendered":"http:\/\/www.visit-ulcinj.com\/blog\/?p=101618"},"modified":"2016-12-13T07:55:33","modified_gmt":"2016-12-13T06:55:33","slug":"eshte-anetaresimi-malit-te-zi-ne-nato-ne-pikepyetje-prej-administrates-trump","status":"publish","type":"post","link":"https:\/\/www.visit-ulcinj.com\/blog\/2016\/12\/13\/eshte-anetaresimi-malit-te-zi-ne-nato-ne-pikepyetje-prej-administrates-trump\/","title":{"rendered":"A \u00ebsht\u00eb an\u00ebtar\u00ebsimi i Malit t\u00eb Zi n\u00eb NATO n\u00eb pik\u00ebpyetje prej Administrat\u00ebs Trump?!"},"content":{"rendered":"<p><a href=\"http:\/\/www.visit-ulcinj.com\/blog\/wp-content\/uploads\/2016\/12\/Nato-Montenegro.jpg\"><img loading=\"lazy\" class=\"alignleft wp-image-101619\" src=\"http:\/\/www.visit-ulcinj.com\/blog\/wp-content\/uploads\/2016\/12\/Nato-Montenegro.jpg\" alt=\"Nato-Montenegro\" width=\"508\" height=\"381\" srcset=\"https:\/\/www.visit-ulcinj.com\/blog\/wp-content\/uploads\/2016\/12\/Nato-Montenegro.jpg 640w, https:\/\/www.visit-ulcinj.com\/blog\/wp-content\/uploads\/2016\/12\/Nato-Montenegro-300x225.jpg 300w\" sizes=\"(max-width: 508px) 100vw, 508px\" \/><\/a>Mali i Zi ka mb\u00ebshtetje t\u00eb madhe n\u00eb Departamentin Amerikan t\u00eb Shtetit dhe n\u00eb Kongres, dhe un\u00eb pres q\u00eb ratifikimi do t\u00eb b\u00ebhet shpejt\u00eb, por n\u00eb aspektin global kurr\u00eb nuk i dihet, thot\u00eb analisti kroat, Davor Gjenero.<\/p>\n<p>Senati amerikan n\u00eb seanc\u00ebn, n\u00eb t\u00eb cil\u00ebn \u00ebsht\u00eb miratuar rezoluta e buxhetit p\u00ebr financimin e qeveris\u00eb deri n\u00eb fund t\u00eb prillit, nuk ka diskutuar Rezolut\u00ebn e Senatit p\u00ebr ratifikimin e Protokollit t\u00eb Pranimit me Malin e Zi n\u00eb NATO. N\u00eb Senatin e Shteteve t\u00eb Bashkuara pardje nuk kishte unanimitet p\u00ebr ratifikim, q\u00eb ishte i nevojsh\u00ebm p\u00ebr shkak t\u00eb procedurave t\u00eb shpejta vendimarr\u00ebse, prandaj votimi nuk ka ndodhur. Dy senator\u00eb republikan\u00eb kishin v\u00ebrejtje t\u00eb caktuara gjat\u00eb debatit, raporton RTV i Malit t\u00eb Zi.<\/p>\n<p>Gjenero thekson se vjen nga nj\u00eb vend ndaj t\u00eb cilit Protokolli i an\u00ebtar\u00ebsimit n\u00eb NATO-s i \u00ebsht\u00eb b\u00ebr\u00eb me aklamacion pa debat, por poashtu kujton shembullin e Maqedonis\u00eb, e cila i ka plot\u00ebsuar t\u00eb gjitha k\u00ebrkesat, por ende \u00ebsht\u00eb n\u00eb pritje p\u00ebr an\u00ebtar\u00ebsim qe disa vjet.<\/p>\n<p>\u201cKur flasim n\u00eb p\u00ebrqindje, n\u00ebnt\u00ebdhjet\u00eb p\u00ebr qind e procesit ka perfunduar, por \u00ebsht\u00eb nj\u00eb rrezik prej dhjet\u00eb p\u00ebr qind q\u00eb rrjedh\u00eb nga fakti se nuk e dim\u00eb se \u00e7far\u00eb do t\u00eb jet\u00eb politika e administrat\u00ebs s\u00eb re amerikane\u201d, tha Gjenero. Ai shpjegon se jan\u00eb disa gj\u00ebra q\u00eb duhet pasur kujdes.<\/p>\n<p>\u201cS\u00eb pari, ne nuk e dim\u00eb se \u00e7far\u00eb do t\u00eb jet\u00eb politika e presidentit t\u00eb ri amerikan p\u00ebr Aleanc\u00ebn. Ju e dini sa skeptik \u00ebsht\u00eb Trump ndaj NATO-s p\u00ebr arsye t\u00eb financimit. Shum\u00eb shtete nuk kan\u00eb buxhet t\u00eb mjaftuesh\u00ebm ushtarak dhe k\u00ebtu ai ka paralajm\u00ebruar ndryshim., Trump, n\u00eb fushat\u00eb, disa her\u00eb ka deklaruar se t\u00eb gjith\u00eb ata q\u00eb nuk e paguajn\u00eb \u00e7mimin e an\u00ebtar\u00ebsimit n\u00eb Aleanc\u00eb, nuk mund t\u00eb mb\u00ebshteten n\u00eb p\u00ebrfitimet e siguris\u00eb kolektive. Nj\u00eb gj\u00eb tjet\u00ebr \u00ebsht\u00eb se n\u00eb Ballkan tani po krijohet nj\u00eb presion i fort\u00eb rus.<\/p>\n<p>Dhe tani vjen Rusia me konceptin e krijimit t\u00eb kat\u00ebr shteteve neutrale, duke p\u00ebrfshir\u00eb Malin e Zi \u2013 pothuajse an\u00ebtare e Aleanc\u00ebs dhe Maqedonis\u00eb, e cila i ka plot\u00ebsuar t\u00eb gjitha k\u00ebrkesat, por nuk po hyn p\u00ebr shkak t\u00eb nj\u00eb mosmarr\u00ebveshje me emrin. Shembulli i Maqedonis\u00eb \u00ebsht\u00eb nj\u00eb turp i madh p\u00ebr NATO-n \u201c, tha Gjenero, p\u00ebrgatiti \u201cExpress\u201d. (b.an)<\/p>\n<p><strong>Gazeta Expres<\/strong><\/p>\n","protected":false},"excerpt":{"rendered":"<p>Mali i Zi ka mb\u00ebshtetje t\u00eb madhe n\u00eb Departamentin Amerikan t\u00eb Shtetit dhe n\u00eb Kongres, dhe un\u00eb pres q\u00eb ratifikimi do t\u00eb b\u00ebhet shpejt\u00eb, por n\u00eb aspektin global kurr\u00eb nuk i dihet, thot\u00eb analisti kroat, Davor Gjenero. Senati amerikan n\u00eb seanc\u00ebn, n\u00eb t\u00eb cil\u00ebn \u00ebsht\u00eb miratuar rezoluta e buxhetit p\u00ebr financimin e qeveris\u00eb deri n\u00eb [&hellip;]<\/p>\n","protected":false},"author":1,"featured_media":0,"comment_status":"closed","ping_status":"closed","sticky":false,"template":"","format":"standard","meta":{"spay_email":"","jetpack_publicize_message":"","jetpack_is_tweetstorm":false,"jetpack_publicize_feature_enabled":true},"categories":[7],"tags":[],"jetpack_publicize_connections":[],"yoast_head":"<!-- This site is optimized with the Yoast SEO plugin v19.1 - https:\/\/yoast.com\/wordpress\/plugins\/seo\/ -->\n<title>A \u00ebsht\u00eb an\u00ebtar\u00ebsimi i Malit t\u00eb Zi n\u00eb NATO n\u00eb pik\u00ebpyetje prej Administrat\u00ebs Trump?! - Lajme nga Ulqini<\/title>\n<meta name=\"description\" content=\"Mali i Zi ka mb\u00ebshtetje t\u00eb madhe n\u00eb Departamentin Amerikan t\u00eb Shtetit dhe n\u00eb Kongres, dhe un\u00eb pres q\u00eb ratifikimi do t\u00eb b\u00ebhet shpejt\u00eb, por n\u00eb aspektin\" \/>\n<meta name=\"robots\" content=\"index, follow, max-snippet:-1, max-image-preview:large, max-video-preview:-1\" \/>\n<link rel=\"canonical\" href=\"https:\/\/www.visit-ulcinj.com\/blog\/2016\/12\/13\/eshte-anetaresimi-malit-te-zi-ne-nato-ne-pikepyetje-prej-administrates-trump\/\" \/>\n<meta property=\"og:locale\" content=\"en_US\" \/>\n<meta property=\"og:type\" content=\"article\" \/>\n<meta property=\"og:title\" content=\"A \u00ebsht\u00eb an\u00ebtar\u00ebsimi i Malit t\u00eb Zi n\u00eb NATO n\u00eb pik\u00ebpyetje prej Administrat\u00ebs Trump?! - Lajme nga Ulqini\" \/>\n<meta property=\"og:description\" content=\"Mali i Zi ka mb\u00ebshtetje t\u00eb madhe n\u00eb Departamentin Amerikan t\u00eb Shtetit dhe n\u00eb Kongres, dhe un\u00eb pres q\u00eb ratifikimi do t\u00eb b\u00ebhet shpejt\u00eb, por n\u00eb aspektin\" \/>\n<meta property=\"og:url\" content=\"https:\/\/www.visit-ulcinj.com\/blog\/2016\/12\/13\/eshte-anetaresimi-malit-te-zi-ne-nato-ne-pikepyetje-prej-administrates-trump\/\" \/>\n<meta property=\"og:site_name\" content=\"Lajme nga Ulqini\" \/>\n<meta property=\"article:published_time\" content=\"2016-12-13T06:55:33+00:00\" \/>\n<meta property=\"og:image\" content=\"http:\/\/www.visit-ulcinj.com\/blog\/wp-content\/uploads\/2016\/12\/Nato-Montenegro.jpg\" \/>\n<meta name=\"twitter:label1\" content=\"Written by\" \/>\n\t<meta name=\"twitter:data1\" content=\"ulqini\" \/>\n\t<meta name=\"twitter:label2\" content=\"Est. reading time\" \/>\n\t<meta name=\"twitter:data2\" content=\"2 minutes\" \/>\n<script type=\"application\/ld+json\" class=\"yoast-schema-graph\">{\"@context\":\"https:\/\/schema.org\",\"@graph\":[{\"@type\":\"WebSite\",\"@id\":\"https:\/\/www.visit-ulcinj.com\/blog\/#website\",\"url\":\"https:\/\/www.visit-ulcinj.com\/blog\/\",\"name\":\"Lajme nga Ulqini\",\"description\":\"Lajme,Vijesti,Ulqini,Ulqin,Crna Gora,Mali i Zi\",\"potentialAction\":[{\"@type\":\"SearchAction\",\"target\":{\"@type\":\"EntryPoint\",\"urlTemplate\":\"https:\/\/www.visit-ulcinj.com\/blog\/?s={search_term_string}\"},\"query-input\":\"required name=search_term_string\"}],\"inLanguage\":\"en-US\"},{\"@type\":\"ImageObject\",\"inLanguage\":\"en-US\",\"@id\":\"https:\/\/www.visit-ulcinj.com\/blog\/2016\/12\/13\/eshte-anetaresimi-malit-te-zi-ne-nato-ne-pikepyetje-prej-administrates-trump\/#primaryimage\",\"url\":\"https:\/\/www.visit-ulcinj.com\/blog\/wp-content\/uploads\/2016\/12\/Nato-Montenegro.jpg\",\"contentUrl\":\"https:\/\/www.visit-ulcinj.com\/blog\/wp-content\/uploads\/2016\/12\/Nato-Montenegro.jpg\",\"width\":640,\"height\":480},{\"@type\":\"WebPage\",\"@id\":\"https:\/\/www.visit-ulcinj.com\/blog\/2016\/12\/13\/eshte-anetaresimi-malit-te-zi-ne-nato-ne-pikepyetje-prej-administrates-trump\/#webpage\",\"url\":\"https:\/\/www.visit-ulcinj.com\/blog\/2016\/12\/13\/eshte-anetaresimi-malit-te-zi-ne-nato-ne-pikepyetje-prej-administrates-trump\/\",\"name\":\"A \u00ebsht\u00eb an\u00ebtar\u00ebsimi i Malit t\u00eb Zi n\u00eb NATO n\u00eb pik\u00ebpyetje prej Administrat\u00ebs Trump?! - Lajme nga Ulqini\",\"isPartOf\":{\"@id\":\"https:\/\/www.visit-ulcinj.com\/blog\/#website\"},\"primaryImageOfPage\":{\"@id\":\"https:\/\/www.visit-ulcinj.com\/blog\/2016\/12\/13\/eshte-anetaresimi-malit-te-zi-ne-nato-ne-pikepyetje-prej-administrates-trump\/#primaryimage\"},\"datePublished\":\"2016-12-13T06:55:33+00:00\",\"dateModified\":\"2016-12-13T06:55:33+00:00\",\"author\":{\"@id\":\"https:\/\/www.visit-ulcinj.com\/blog\/#\/schema\/person\/dcab619c614d3038751c63bc2aadc06d\"},\"description\":\"Mali i Zi ka mb\u00ebshtetje t\u00eb madhe n\u00eb Departamentin Amerikan t\u00eb Shtetit dhe n\u00eb Kongres, dhe un\u00eb pres q\u00eb ratifikimi do t\u00eb b\u00ebhet shpejt\u00eb, por n\u00eb aspektin\",\"breadcrumb\":{\"@id\":\"https:\/\/www.visit-ulcinj.com\/blog\/2016\/12\/13\/eshte-anetaresimi-malit-te-zi-ne-nato-ne-pikepyetje-prej-administrates-trump\/#breadcrumb\"},\"inLanguage\":\"en-US\",\"potentialAction\":[{\"@type\":\"ReadAction\",\"target\":[\"https:\/\/www.visit-ulcinj.com\/blog\/2016\/12\/13\/eshte-anetaresimi-malit-te-zi-ne-nato-ne-pikepyetje-prej-administrates-trump\/\"]}]},{\"@type\":\"BreadcrumbList\",\"@id\":\"https:\/\/www.visit-ulcinj.com\/blog\/2016\/12\/13\/eshte-anetaresimi-malit-te-zi-ne-nato-ne-pikepyetje-prej-administrates-trump\/#breadcrumb\",\"itemListElement\":[{\"@type\":\"ListItem\",\"position\":1,\"name\":\"A \u00ebsht\u00eb an\u00ebtar\u00ebsimi i Malit t\u00eb Zi n\u00eb NATO n\u00eb pik\u00ebpyetje prej Administrat\u00ebs Trump?!\"}]},{\"@type\":\"Person\",\"@id\":\"https:\/\/www.visit-ulcinj.com\/blog\/#\/schema\/person\/dcab619c614d3038751c63bc2aadc06d\",\"name\":\"ulqini\",\"sameAs\":[\"http:\/\/www.visit-ulcinj.com\"],\"url\":\"https:\/\/www.visit-ulcinj.com\/blog\/author\/admin\/\"}]}<\/script>\n<!-- \/ Yoast SEO plugin. -->","yoast_head_json":{"title":"A \u00ebsht\u00eb an\u00ebtar\u00ebsimi i Malit t\u00eb Zi n\u00eb NATO n\u00eb pik\u00ebpyetje prej Administrat\u00ebs Trump?! - Lajme nga Ulqini","description":"Mali i Zi ka mb\u00ebshtetje t\u00eb madhe n\u00eb Departamentin Amerikan t\u00eb Shtetit dhe n\u00eb Kongres, dhe un\u00eb pres q\u00eb ratifikimi do t\u00eb b\u00ebhet shpejt\u00eb, por n\u00eb aspektin","robots":{"index":"index","follow":"follow","max-snippet":"max-snippet:-1","max-image-preview":"max-image-preview:large","max-video-preview":"max-video-preview:-1"},"canonical":"https:\/\/www.visit-ulcinj.com\/blog\/2016\/12\/13\/eshte-anetaresimi-malit-te-zi-ne-nato-ne-pikepyetje-prej-administrates-trump\/","og_locale":"en_US","og_type":"article","og_title":"A \u00ebsht\u00eb an\u00ebtar\u00ebsimi i Malit t\u00eb Zi n\u00eb NATO n\u00eb pik\u00ebpyetje prej Administrat\u00ebs Trump?! - Lajme nga Ulqini","og_description":"Mali i Zi ka mb\u00ebshtetje t\u00eb madhe n\u00eb Departamentin Amerikan t\u00eb Shtetit dhe n\u00eb Kongres, dhe un\u00eb pres q\u00eb ratifikimi do t\u00eb b\u00ebhet shpejt\u00eb, por n\u00eb aspektin","og_url":"https:\/\/www.visit-ulcinj.com\/blog\/2016\/12\/13\/eshte-anetaresimi-malit-te-zi-ne-nato-ne-pikepyetje-prej-administrates-trump\/","og_site_name":"Lajme nga Ulqini","article_published_time":"2016-12-13T06:55:33+00:00","og_image":[{"url":"http:\/\/www.visit-ulcinj.com\/blog\/wp-content\/uploads\/2016\/12\/Nato-Montenegro.jpg"}],"twitter_misc":{"Written by":"ulqini","Est. reading time":"2 minutes"},"schema":{"@context":"https:\/\/schema.org","@graph":[{"@type":"WebSite","@id":"https:\/\/www.visit-ulcinj.com\/blog\/#website","url":"https:\/\/www.visit-ulcinj.com\/blog\/","name":"Lajme nga Ulqini","description":"Lajme,Vijesti,Ulqini,Ulqin,Crna Gora,Mali i Zi","potentialAction":[{"@type":"SearchAction","target":{"@type":"EntryPoint","urlTemplate":"https:\/\/www.visit-ulcinj.com\/blog\/?s={search_term_string}"},"query-input":"required name=search_term_string"}],"inLanguage":"en-US"},{"@type":"ImageObject","inLanguage":"en-US","@id":"https:\/\/www.visit-ulcinj.com\/blog\/2016\/12\/13\/eshte-anetaresimi-malit-te-zi-ne-nato-ne-pikepyetje-prej-administrates-trump\/#primaryimage","url":"https:\/\/www.visit-ulcinj.com\/blog\/wp-content\/uploads\/2016\/12\/Nato-Montenegro.jpg","contentUrl":"https:\/\/www.visit-ulcinj.com\/blog\/wp-content\/uploads\/2016\/12\/Nato-Montenegro.jpg","width":640,"height":480},{"@type":"WebPage","@id":"https:\/\/www.visit-ulcinj.com\/blog\/2016\/12\/13\/eshte-anetaresimi-malit-te-zi-ne-nato-ne-pikepyetje-prej-administrates-trump\/#webpage","url":"https:\/\/www.visit-ulcinj.com\/blog\/2016\/12\/13\/eshte-anetaresimi-malit-te-zi-ne-nato-ne-pikepyetje-prej-administrates-trump\/","name":"A \u00ebsht\u00eb an\u00ebtar\u00ebsimi i Malit t\u00eb Zi n\u00eb NATO n\u00eb pik\u00ebpyetje prej Administrat\u00ebs Trump?! - Lajme nga Ulqini","isPartOf":{"@id":"https:\/\/www.visit-ulcinj.com\/blog\/#website"},"primaryImageOfPage":{"@id":"https:\/\/www.visit-ulcinj.com\/blog\/2016\/12\/13\/eshte-anetaresimi-malit-te-zi-ne-nato-ne-pikepyetje-prej-administrates-trump\/#primaryimage"},"datePublished":"2016-12-13T06:55:33+00:00","dateModified":"2016-12-13T06:55:33+00:00","author":{"@id":"https:\/\/www.visit-ulcinj.com\/blog\/#\/schema\/person\/dcab619c614d3038751c63bc2aadc06d"},"description":"Mali i Zi ka mb\u00ebshtetje t\u00eb madhe n\u00eb Departamentin Amerikan t\u00eb Shtetit dhe n\u00eb Kongres, dhe un\u00eb pres q\u00eb ratifikimi do t\u00eb b\u00ebhet shpejt\u00eb, por n\u00eb aspektin","breadcrumb":{"@id":"https:\/\/www.visit-ulcinj.com\/blog\/2016\/12\/13\/eshte-anetaresimi-malit-te-zi-ne-nato-ne-pikepyetje-prej-administrates-trump\/#breadcrumb"},"inLanguage":"en-US","potentialAction":[{"@type":"ReadAction","target":["https:\/\/www.visit-ulcinj.com\/blog\/2016\/12\/13\/eshte-anetaresimi-malit-te-zi-ne-nato-ne-pikepyetje-prej-administrates-trump\/"]}]},{"@type":"BreadcrumbList","@id":"https:\/\/www.visit-ulcinj.com\/blog\/2016\/12\/13\/eshte-anetaresimi-malit-te-zi-ne-nato-ne-pikepyetje-prej-administrates-trump\/#breadcrumb","itemListElement":[{"@type":"ListItem","position":1,"name":"A \u00ebsht\u00eb an\u00ebtar\u00ebsimi i Malit t\u00eb Zi n\u00eb NATO n\u00eb pik\u00ebpyetje prej Administrat\u00ebs Trump?!"}]},{"@type":"Person","@id":"https:\/\/www.visit-ulcinj.com\/blog\/#\/schema\/person\/dcab619c614d3038751c63bc2aadc06d","name":"ulqini","sameAs":["http:\/\/www.visit-ulcinj.com"],"url":"https:\/\/www.visit-ulcinj.com\/blog\/author\/admin\/"}]}},"jetpack_featured_media_url":"","jetpack_sharing_enabled":true,"jetpack_shortlink":"https:\/\/wp.me\/pe6lTn-qr0","_links":{"self":[{"href":"https:\/\/www.visit-ulcinj.com\/blog\/wp-json\/wp\/v2\/posts\/101618"}],"collection":[{"href":"https:\/\/www.visit-ulcinj.com\/blog\/wp-json\/wp\/v2\/posts"}],"about":[{"href":"https:\/\/www.visit-ulcinj.com\/blog\/wp-json\/wp\/v2\/types\/post"}],"author":[{"embeddable":true,"href":"https:\/\/www.visit-ulcinj.com\/blog\/wp-json\/wp\/v2\/users\/1"}],"replies":[{"embeddable":true,"href":"https:\/\/www.visit-ulcinj.com\/blog\/wp-json\/wp\/v2\/comments?post=101618"}],"version-history":[{"count":1,"href":"https:\/\/www.visit-ulcinj.com\/blog\/wp-json\/wp\/v2\/posts\/101618\/revisions"}],"predecessor-version":[{"id":101620,"href":"https:\/\/www.visit-ulcinj.com\/blog\/wp-json\/wp\/v2\/posts\/101618\/revisions\/101620"}],"wp:attachment":[{"href":"https:\/\/www.visit-ulcinj.com\/blog\/wp-json\/wp\/v2\/media?parent=101618"}],"wp:term":[{"taxonomy":"category","embeddable":true,"href":"https:\/\/www.visit-ulcinj.com\/blog\/wp-json\/wp\/v2\/categories?post=101618"},{"taxonomy":"post_tag","embeddable":true,"href":"https:\/\/www.visit-ulcinj.com\/blog\/wp-json\/wp\/v2\/tags?post=101618"}],"curies":[{"name":"wp","href":"https:\/\/api.w.org\/{rel}","templated":true}]}}