{"id":101621,"date":"2016-12-13T11:43:42","date_gmt":"2016-12-13T10:43:42","guid":{"rendered":"http:\/\/www.visit-ulcinj.com\/blog\/?p=101621"},"modified":"2016-12-14T13:13:52","modified_gmt":"2016-12-14T12:13:52","slug":"gjonaj-mr-riza-rexha-historian-se-vertetes","status":"publish","type":"post","link":"https:\/\/www.visit-ulcinj.com\/blog\/2016\/12\/13\/gjonaj-mr-riza-rexha-historian-se-vertetes\/","title":{"rendered":"Gjonaj: Mr. Riza Rexha, Historian i s\u00eb v\u00ebrtet\u00ebs"},"content":{"rendered":"<p><strong><a href=\"http:\/\/www.visit-ulcinj.com\/blog\/wp-content\/uploads\/2016\/12\/Riza-Rexha-Historian.jpg\"><img loading=\"lazy\" class=\"alignleft wp-image-101622 size-full\" src=\"http:\/\/www.visit-ulcinj.com\/blog\/wp-content\/uploads\/2016\/12\/Riza-Rexha-Historian.jpg\" alt=\"Riza-Rexha-Historian\" width=\"508\" height=\"359\" srcset=\"https:\/\/www.visit-ulcinj.com\/blog\/wp-content\/uploads\/2016\/12\/Riza-Rexha-Historian.jpg 508w, https:\/\/www.visit-ulcinj.com\/blog\/wp-content\/uploads\/2016\/12\/Riza-Rexha-Historian-300x212.jpg 300w\" sizes=\"(max-width: 508px) 100vw, 508px\" \/><\/a>Gjek\u00eb Gjonaj<\/strong><\/p>\n<p>Mr. Riza Rexha q\u00eb nga 12 n\u00ebntori i k\u00ebtij viti nuk jeton m\u00eb. Ai u shue n\u00eb shtrat si nj\u00eb drit\u00eb\u00a0 qiriri q\u00eb shnd\u00ebriti\u00a0 deri n\u00eb momentet e fundit t\u00eb jet\u00ebs. Por drita e tij do t\u00eb ndri\u00e7oj\u00eb n\u00eb vepr\u00ebn q\u00eb la pas dhe do t\u00eb jetoj\u00eb i gjall\u00eb n\u00eb kujtes\u00ebn e\u00a0 brezave.\u00a0 E kam njohur nga af\u00ebr. E kisha shok t\u00eb mir\u00eb.\u00a0 Ishim miq t\u00eb kahersh\u00ebm e ti sinqert\u00eb me\u00a0\u00a0\u00a0 Bac\u00ebn Riza, si\u00e7 e\u00a0 quanin me pietet\u00a0 n\u00eb Ulqin. Takoheshim shpesh. Bisedonim p\u00ebr shum\u00eb\u00e7ka. M\u00eb s\u00eb shumti\u00a0 p\u00ebr\u00a0 t\u00eb kaluar\u00ebn e v\u00ebshtir\u00eb t\u00eb popullat\u00ebs shqiptare n\u00eb p\u00ebrgjth\u00ebsi. P\u00ebr vuajtjet dhe v\u00ebshtir\u00ebsit\u00eb\u00a0 e k\u00ebsaj populate n\u00ebp\u00ebr shekuj p\u00ebr t\u00eb mbetur gjall\u00eb e me nder n\u00eb\u00a0 trojet e tyre etnike. P\u00ebr \u00a0shkollimin e mundimsh\u00ebm\u00a0 plot\u00eb sakrific\u00eb t\u00eb gjenerat\u00ebs s\u00eb par\u00eb t\u00eb shqiptar\u00ebve \u00a0n\u00eb Mal t\u00eb Zin n\u00eb Kosov\u00eb. P\u00ebr kontributin e madh t\u00eb m\u00ebsuesve shqiptar\u00eb \u00a0n\u00eb zhdukjen e analfabetizmit. P\u00ebr\u00a0 dashurin\u00eb q\u00eb duhet t\u00eb kemi ndaj kombit. Ndaj gjuh\u00ebs. Ndaj tradit\u00ebs e zakoneve tona. P\u00ebr migrimin e emigrimin. P\u00ebr asimilimin e heshtur. P\u00ebr papun\u00ebsin\u00eb e\u00a0 rinis\u00eb son\u00eb t\u00eb shkolluar. P\u00ebr shum\u00eb ngjarje historike e personalitete t\u00eb shquara t\u00eb l\u00ebna n\u00eb\u00a0 harres\u00eb pa merit\u00eb. P\u00ebr vlerat e sotme t\u00eb munguara t\u00eb shoq\u00ebris\u00eb \u00a0son\u00eb. P\u00ebr \u00a0shqet\u00ebsimet, brengat \u00a0e hallet e jet\u00ebs son\u00eb t\u00eb p\u00ebrditshme. P\u00ebr frym\u00ebzimin e krijuesit. P\u00ebr detyrmin q\u00eb kan\u00eb intelektual\u00ebt, mbi t\u00eb gjith\u00eb, p\u00ebr kombin, p\u00ebr atdheun.<\/p>\n<p>Ndaj \u00a0e quaj\u00a0 p\u00ebr detyr\u00eb e nderim \u00a0ta kujtoj e ta vler\u00ebsoj at\u00eb si njeri, si edukator, si m\u00ebsimdh\u00ebn\u00ebs e si pun\u00ebtor shkencor.<\/p>\n<p>Ishte i urt\u00eb.I ditur. Mendtar. I thjesht\u00eb n\u00eb komunikim.I af\u00ebrt. I dashur.\u00a0 Gazmor. I kishin hije llafet e p\u00ebrzgjedhura e me shije.\u00a0 Serioz n\u00eb pun\u00eb. I matur n\u00eb gjykime. Gjithmon\u00eb shfaqej pedant. N\u00eb sht\u00ebpi. N\u00eb rrug\u00eb. N\u00eb \u00a0pun\u00eb. Kudo e kurdo. Nj\u00eb punonj\u00ebs model i arsimit. Nj\u00eb edukator shembull p\u00ebr t\u2019u ndjekur.\u00a0 Nj\u00eb pun\u00ebtor i zellsh\u00ebm. Studiues i palodhur.Martir i pun\u00ebs. Nj\u00eb historian i s\u00eb v\u00ebrtet\u00ebs.\u00a0 Ai me shembullin e vet m\u00eb futi n\u00eb shpirt pun\u00ebn. M\u00eb b\u00ebri t\u00eb jem m\u00eb hulumtues, m\u00eb gjurmues, m\u00eb pun\u00ebtor.<\/p>\n<p>Tek\u00a0 professor Riza Rexha \u00a0asnj\u00ebher\u00eb nuk ndieja lodhje. As ngush\u00ebllime. \u00a0\u00a0Madje as\u00a0 n\u00eb t\u00eb ashtuquajtur\u00ebn \u201c mosh\u00ebn e tret\u00eb\u201d, kur d\u00ebshirat\u00a0 dal\u00ebngadal\u00eb pak\u00ebsohen \u00a0dhe shkojn\u00eb drejt shterrimit. Nusja nus\u00ebron vet\u00ebm nj\u00ebher\u00eb \u2013 m\u00eb thoshte.<\/p>\n<p>Mundohej t\u00eb mos i kujtoj\u00eb kujtimet e k\u00ebqia. U shmangej gj\u00ebrave t\u00eb hidhura. Kapej pas\u00a0 t\u00eb mirave dhe t\u00eb \u00ebmblave edhe at\u00ebher\u00eb kur sfidonte koh\u00ebn dhe hallet e sh\u00ebndetit t\u00eb r\u00ebnduar Rrezatonte vlerat dhe virtytet m\u00eb t\u00eb larta njer\u00ebzore e komb\u00ebtare: burr\u00ebrin\u00eb, guximin, besnik\u00ebrin\u00eb, men\u00e7urin\u00eb, intelektin dhe p\u00ebrkushtimin.<\/p>\n<p>&nbsp;<\/p>\n<p>Si studiues n\u00eb fush\u00ebn e historis\u00eb la gjurm\u00eb t\u00eb pashlyeshme. Krijimtaria e tij \u00ebsht\u00eb p\u00ebr t\u00eb gjitha brezat. P\u00ebr t\u00eb gjtha koh\u00ebrat. Dy veprat e tij \u201cUlqini n\u00eb vitet e Lidhjes Shqiptare t\u00eb Prizrenit 1878-1881\u201d dhe \u201cUlqini dhe politika e Malit t\u00eb Zi 1881-1912\u201c jan\u00eb stdudime me vler\u00eb kapitale. Kontributi i profesor Rexh\u00ebs n\u00eb histori dhe n\u00eb kultur\u00ebn shqiptare \u00ebsht\u00eb i madh. Studiuesit e konsiderojn\u00eb si nj\u00eb nga p\u00ebrfaq\u00ebsuesit e\u00a0\u00a0 dalluar t\u00eb historiografis\u00eb shqiptare.<\/p>\n<p>Profesori yn\u00eb i njohur shquhej p\u00ebr korerkt\u00ebsi e siguri n\u00eb paraqitjen e fakteve historike. Ishte v\u00ebrtet\u00eb\u00a0 njeri i p\u00ebrkushtuar ndaj studimt t\u00eb v\u00ebrtetave \u00a0dhe\u00a0 ngjarjeve historike t\u00eb trev\u00ebs\u00a0 ku lindi dhe jetoi \u2013 Ulqinit. Ai me dashuri, p\u00ebrkushtim dhe atdhedashuri e ka trajtuar historin\u00eb e popullit t\u00eb\u00a0 shqiptar, jo duke e zmadhuar at\u00eb n\u00eb m\u00ebnyr\u00eb artificiale, por duke e shkruar dhe interpretuar me realiz\u00ebm. Ka ditur \u00a0t\u00eb punojn\u00eb duke qen\u00eb sistematik gjat\u00eb gjith\u00eb jet\u00ebs, duke mbledhur e klasifikuar materiale historike, duke vler\u00ebsuar \u00e7do t\u00eb dh\u00ebn\u00eb, fakt e dokument.<\/p>\n<p>Profesor Rexha do t\u00eb mbetet n\u00eb mendjen e shqiptar\u00ebve si intelektual i angazhuar, me nd\u00ebrgjegje t\u00eb lart\u00eb komb\u00ebtare e shoq\u00ebrore.<\/p>\n<p><a href=\"http:\/\/www.visit-ulcinj.com\/blog\/wp-content\/uploads\/2010\/09\/Ne-nji-darke-mesuesit-e-Katerkolles-me-ish-drejtorin-e-shkolles-Jenuz-Divanin1.jpg\"><img loading=\"lazy\" class=\"alignleft wp-image-37308\" src=\"http:\/\/www.visit-ulcinj.com\/blog\/wp-content\/uploads\/2010\/09\/Ne-nji-darke-mesuesit-e-Katerkolles-me-ish-drejtorin-e-shkolles-Jenuz-Divanin1.jpg\" alt=\"Avdulla Kurti, Musa Gjoni, Xhavdet Holli, Bajram Rexha, Riza Rexha, Hata Salaj-Gjoni, Feride Salaj-Gjoni, Mine Holli, Zenepe Rexha, Jenuz Divani\" width=\"508\" height=\"323\" srcset=\"https:\/\/www.visit-ulcinj.com\/blog\/wp-content\/uploads\/2010\/09\/Ne-nji-darke-mesuesit-e-Katerkolles-me-ish-drejtorin-e-shkolles-Jenuz-Divanin1.jpg 720w, https:\/\/www.visit-ulcinj.com\/blog\/wp-content\/uploads\/2010\/09\/Ne-nji-darke-mesuesit-e-Katerkolles-me-ish-drejtorin-e-shkolles-Jenuz-Divanin1-300x190.jpg 300w\" sizes=\"(max-width: 508px) 100vw, 508px\" \/><\/a><\/p>\n<p><a href=\"http:\/\/www.visit-ulcinj.com\/blog\/wp-content\/uploads\/2009\/01\/Luigj-Lubo-Shkrela-_Riza-Rexha_Bajram-Rexha.jpg\"><img loading=\"lazy\" class=\"alignleft wp-image-31305\" src=\"http:\/\/www.visit-ulcinj.com\/blog\/wp-content\/uploads\/2009\/01\/Luigj-Lubo-Shkrela-_Riza-Rexha_Bajram-Rexha.jpg\" alt=\"Luigj Lubo Shkrela _Riza Rexha_Bajram Rexha\" width=\"508\" height=\"333\" srcset=\"https:\/\/www.visit-ulcinj.com\/blog\/wp-content\/uploads\/2009\/01\/Luigj-Lubo-Shkrela-_Riza-Rexha_Bajram-Rexha.jpg 720w, https:\/\/www.visit-ulcinj.com\/blog\/wp-content\/uploads\/2009\/01\/Luigj-Lubo-Shkrela-_Riza-Rexha_Bajram-Rexha-300x196.jpg 300w\" sizes=\"(max-width: 508px) 100vw, 508px\" \/><\/a><\/p>\n","protected":false},"excerpt":{"rendered":"<p>Gjek\u00eb Gjonaj Mr. Riza Rexha q\u00eb nga 12 n\u00ebntori i k\u00ebtij viti nuk jeton m\u00eb. Ai u shue n\u00eb shtrat si nj\u00eb drit\u00eb\u00a0 qiriri q\u00eb shnd\u00ebriti\u00a0 deri n\u00eb momentet e fundit t\u00eb jet\u00ebs. Por drita e tij do t\u00eb ndri\u00e7oj\u00eb n\u00eb vepr\u00ebn q\u00eb la pas dhe do t\u00eb jetoj\u00eb i gjall\u00eb n\u00eb kujtes\u00ebn e\u00a0 brezave.\u00a0 [&hellip;]<\/p>\n","protected":false},"author":1,"featured_media":0,"comment_status":"closed","ping_status":"closed","sticky":false,"template":"","format":"standard","meta":{"spay_email":"","jetpack_publicize_message":"","jetpack_is_tweetstorm":false,"jetpack_publicize_feature_enabled":true},"categories":[5,1],"tags":[],"jetpack_publicize_connections":[],"yoast_head":"<!-- This site is optimized with the Yoast SEO plugin v19.1 - https:\/\/yoast.com\/wordpress\/plugins\/seo\/ -->\n<title>Gjonaj: Mr. Riza Rexha, Historian i s\u00eb v\u00ebrtet\u00ebs - Lajme nga Ulqini<\/title>\n<meta name=\"description\" content=\"Gjek\u00eb Gjonaj Mr. Riza Rexha q\u00eb nga 12 n\u00ebntori i k\u00ebtij viti nuk jeton m\u00eb. Ai u shue n\u00eb shtrat si nj\u00eb drit\u00eb\u00a0 qiriri q\u00eb shnd\u00ebriti\u00a0 deri n\u00eb momentet e fundit\" \/>\n<meta name=\"robots\" content=\"index, follow, max-snippet:-1, max-image-preview:large, max-video-preview:-1\" \/>\n<link rel=\"canonical\" href=\"https:\/\/www.visit-ulcinj.com\/blog\/2016\/12\/13\/gjonaj-mr-riza-rexha-historian-se-vertetes\/\" \/>\n<meta property=\"og:locale\" content=\"en_US\" \/>\n<meta property=\"og:type\" content=\"article\" \/>\n<meta property=\"og:title\" content=\"Gjonaj: Mr. Riza Rexha, Historian i s\u00eb v\u00ebrtet\u00ebs - Lajme nga Ulqini\" \/>\n<meta property=\"og:description\" content=\"Gjek\u00eb Gjonaj Mr. Riza Rexha q\u00eb nga 12 n\u00ebntori i k\u00ebtij viti nuk jeton m\u00eb. Ai u shue n\u00eb shtrat si nj\u00eb drit\u00eb\u00a0 qiriri q\u00eb shnd\u00ebriti\u00a0 deri n\u00eb momentet e fundit\" \/>\n<meta property=\"og:url\" content=\"https:\/\/www.visit-ulcinj.com\/blog\/2016\/12\/13\/gjonaj-mr-riza-rexha-historian-se-vertetes\/\" \/>\n<meta property=\"og:site_name\" content=\"Lajme nga Ulqini\" \/>\n<meta property=\"article:published_time\" content=\"2016-12-13T10:43:42+00:00\" \/>\n<meta property=\"article:modified_time\" content=\"2016-12-14T12:13:52+00:00\" \/>\n<meta property=\"og:image\" content=\"http:\/\/www.visit-ulcinj.com\/blog\/wp-content\/uploads\/2016\/12\/Riza-Rexha-Historian.jpg\" \/>\n<meta name=\"twitter:label1\" content=\"Written by\" \/>\n\t<meta name=\"twitter:data1\" content=\"ulqini\" \/>\n\t<meta name=\"twitter:label2\" content=\"Est. reading time\" \/>\n\t<meta name=\"twitter:data2\" content=\"4 minutes\" \/>\n<script type=\"application\/ld+json\" class=\"yoast-schema-graph\">{\"@context\":\"https:\/\/schema.org\",\"@graph\":[{\"@type\":\"WebSite\",\"@id\":\"https:\/\/www.visit-ulcinj.com\/blog\/#website\",\"url\":\"https:\/\/www.visit-ulcinj.com\/blog\/\",\"name\":\"Lajme nga Ulqini\",\"description\":\"Lajme,Vijesti,Ulqini,Ulqin,Crna Gora,Mali i Zi\",\"potentialAction\":[{\"@type\":\"SearchAction\",\"target\":{\"@type\":\"EntryPoint\",\"urlTemplate\":\"https:\/\/www.visit-ulcinj.com\/blog\/?s={search_term_string}\"},\"query-input\":\"required name=search_term_string\"}],\"inLanguage\":\"en-US\"},{\"@type\":\"ImageObject\",\"inLanguage\":\"en-US\",\"@id\":\"https:\/\/www.visit-ulcinj.com\/blog\/2016\/12\/13\/gjonaj-mr-riza-rexha-historian-se-vertetes\/#primaryimage\",\"url\":\"https:\/\/www.visit-ulcinj.com\/blog\/wp-content\/uploads\/2016\/12\/Riza-Rexha-Historian.jpg\",\"contentUrl\":\"https:\/\/www.visit-ulcinj.com\/blog\/wp-content\/uploads\/2016\/12\/Riza-Rexha-Historian.jpg\",\"width\":508,\"height\":359},{\"@type\":\"WebPage\",\"@id\":\"https:\/\/www.visit-ulcinj.com\/blog\/2016\/12\/13\/gjonaj-mr-riza-rexha-historian-se-vertetes\/#webpage\",\"url\":\"https:\/\/www.visit-ulcinj.com\/blog\/2016\/12\/13\/gjonaj-mr-riza-rexha-historian-se-vertetes\/\",\"name\":\"Gjonaj: Mr. Riza Rexha, Historian i s\u00eb v\u00ebrtet\u00ebs - Lajme nga Ulqini\",\"isPartOf\":{\"@id\":\"https:\/\/www.visit-ulcinj.com\/blog\/#website\"},\"primaryImageOfPage\":{\"@id\":\"https:\/\/www.visit-ulcinj.com\/blog\/2016\/12\/13\/gjonaj-mr-riza-rexha-historian-se-vertetes\/#primaryimage\"},\"datePublished\":\"2016-12-13T10:43:42+00:00\",\"dateModified\":\"2016-12-14T12:13:52+00:00\",\"author\":{\"@id\":\"https:\/\/www.visit-ulcinj.com\/blog\/#\/schema\/person\/dcab619c614d3038751c63bc2aadc06d\"},\"description\":\"Gjek\u00eb Gjonaj Mr. Riza Rexha q\u00eb nga 12 n\u00ebntori i k\u00ebtij viti nuk jeton m\u00eb. Ai u shue n\u00eb shtrat si nj\u00eb drit\u00eb\u00a0 qiriri q\u00eb shnd\u00ebriti\u00a0 deri n\u00eb momentet e fundit\",\"breadcrumb\":{\"@id\":\"https:\/\/www.visit-ulcinj.com\/blog\/2016\/12\/13\/gjonaj-mr-riza-rexha-historian-se-vertetes\/#breadcrumb\"},\"inLanguage\":\"en-US\",\"potentialAction\":[{\"@type\":\"ReadAction\",\"target\":[\"https:\/\/www.visit-ulcinj.com\/blog\/2016\/12\/13\/gjonaj-mr-riza-rexha-historian-se-vertetes\/\"]}]},{\"@type\":\"BreadcrumbList\",\"@id\":\"https:\/\/www.visit-ulcinj.com\/blog\/2016\/12\/13\/gjonaj-mr-riza-rexha-historian-se-vertetes\/#breadcrumb\",\"itemListElement\":[{\"@type\":\"ListItem\",\"position\":1,\"name\":\"Gjonaj: Mr. Riza Rexha, Historian i s\u00eb v\u00ebrtet\u00ebs\"}]},{\"@type\":\"Person\",\"@id\":\"https:\/\/www.visit-ulcinj.com\/blog\/#\/schema\/person\/dcab619c614d3038751c63bc2aadc06d\",\"name\":\"ulqini\",\"sameAs\":[\"http:\/\/www.visit-ulcinj.com\"],\"url\":\"https:\/\/www.visit-ulcinj.com\/blog\/author\/admin\/\"}]}<\/script>\n<!-- \/ Yoast SEO plugin. -->","yoast_head_json":{"title":"Gjonaj: Mr. Riza Rexha, Historian i s\u00eb v\u00ebrtet\u00ebs - Lajme nga Ulqini","description":"Gjek\u00eb Gjonaj Mr. Riza Rexha q\u00eb nga 12 n\u00ebntori i k\u00ebtij viti nuk jeton m\u00eb. Ai u shue n\u00eb shtrat si nj\u00eb drit\u00eb\u00a0 qiriri q\u00eb shnd\u00ebriti\u00a0 deri n\u00eb momentet e fundit","robots":{"index":"index","follow":"follow","max-snippet":"max-snippet:-1","max-image-preview":"max-image-preview:large","max-video-preview":"max-video-preview:-1"},"canonical":"https:\/\/www.visit-ulcinj.com\/blog\/2016\/12\/13\/gjonaj-mr-riza-rexha-historian-se-vertetes\/","og_locale":"en_US","og_type":"article","og_title":"Gjonaj: Mr. Riza Rexha, Historian i s\u00eb v\u00ebrtet\u00ebs - Lajme nga Ulqini","og_description":"Gjek\u00eb Gjonaj Mr. Riza Rexha q\u00eb nga 12 n\u00ebntori i k\u00ebtij viti nuk jeton m\u00eb. Ai u shue n\u00eb shtrat si nj\u00eb drit\u00eb\u00a0 qiriri q\u00eb shnd\u00ebriti\u00a0 deri n\u00eb momentet e fundit","og_url":"https:\/\/www.visit-ulcinj.com\/blog\/2016\/12\/13\/gjonaj-mr-riza-rexha-historian-se-vertetes\/","og_site_name":"Lajme nga Ulqini","article_published_time":"2016-12-13T10:43:42+00:00","article_modified_time":"2016-12-14T12:13:52+00:00","og_image":[{"url":"http:\/\/www.visit-ulcinj.com\/blog\/wp-content\/uploads\/2016\/12\/Riza-Rexha-Historian.jpg"}],"twitter_misc":{"Written by":"ulqini","Est. reading time":"4 minutes"},"schema":{"@context":"https:\/\/schema.org","@graph":[{"@type":"WebSite","@id":"https:\/\/www.visit-ulcinj.com\/blog\/#website","url":"https:\/\/www.visit-ulcinj.com\/blog\/","name":"Lajme nga Ulqini","description":"Lajme,Vijesti,Ulqini,Ulqin,Crna Gora,Mali i Zi","potentialAction":[{"@type":"SearchAction","target":{"@type":"EntryPoint","urlTemplate":"https:\/\/www.visit-ulcinj.com\/blog\/?s={search_term_string}"},"query-input":"required name=search_term_string"}],"inLanguage":"en-US"},{"@type":"ImageObject","inLanguage":"en-US","@id":"https:\/\/www.visit-ulcinj.com\/blog\/2016\/12\/13\/gjonaj-mr-riza-rexha-historian-se-vertetes\/#primaryimage","url":"https:\/\/www.visit-ulcinj.com\/blog\/wp-content\/uploads\/2016\/12\/Riza-Rexha-Historian.jpg","contentUrl":"https:\/\/www.visit-ulcinj.com\/blog\/wp-content\/uploads\/2016\/12\/Riza-Rexha-Historian.jpg","width":508,"height":359},{"@type":"WebPage","@id":"https:\/\/www.visit-ulcinj.com\/blog\/2016\/12\/13\/gjonaj-mr-riza-rexha-historian-se-vertetes\/#webpage","url":"https:\/\/www.visit-ulcinj.com\/blog\/2016\/12\/13\/gjonaj-mr-riza-rexha-historian-se-vertetes\/","name":"Gjonaj: Mr. Riza Rexha, Historian i s\u00eb v\u00ebrtet\u00ebs - Lajme nga Ulqini","isPartOf":{"@id":"https:\/\/www.visit-ulcinj.com\/blog\/#website"},"primaryImageOfPage":{"@id":"https:\/\/www.visit-ulcinj.com\/blog\/2016\/12\/13\/gjonaj-mr-riza-rexha-historian-se-vertetes\/#primaryimage"},"datePublished":"2016-12-13T10:43:42+00:00","dateModified":"2016-12-14T12:13:52+00:00","author":{"@id":"https:\/\/www.visit-ulcinj.com\/blog\/#\/schema\/person\/dcab619c614d3038751c63bc2aadc06d"},"description":"Gjek\u00eb Gjonaj Mr. Riza Rexha q\u00eb nga 12 n\u00ebntori i k\u00ebtij viti nuk jeton m\u00eb. Ai u shue n\u00eb shtrat si nj\u00eb drit\u00eb\u00a0 qiriri q\u00eb shnd\u00ebriti\u00a0 deri n\u00eb momentet e fundit","breadcrumb":{"@id":"https:\/\/www.visit-ulcinj.com\/blog\/2016\/12\/13\/gjonaj-mr-riza-rexha-historian-se-vertetes\/#breadcrumb"},"inLanguage":"en-US","potentialAction":[{"@type":"ReadAction","target":["https:\/\/www.visit-ulcinj.com\/blog\/2016\/12\/13\/gjonaj-mr-riza-rexha-historian-se-vertetes\/"]}]},{"@type":"BreadcrumbList","@id":"https:\/\/www.visit-ulcinj.com\/blog\/2016\/12\/13\/gjonaj-mr-riza-rexha-historian-se-vertetes\/#breadcrumb","itemListElement":[{"@type":"ListItem","position":1,"name":"Gjonaj: Mr. Riza Rexha, Historian i s\u00eb v\u00ebrtet\u00ebs"}]},{"@type":"Person","@id":"https:\/\/www.visit-ulcinj.com\/blog\/#\/schema\/person\/dcab619c614d3038751c63bc2aadc06d","name":"ulqini","sameAs":["http:\/\/www.visit-ulcinj.com"],"url":"https:\/\/www.visit-ulcinj.com\/blog\/author\/admin\/"}]}},"jetpack_featured_media_url":"","jetpack_sharing_enabled":true,"jetpack_shortlink":"https:\/\/wp.me\/pe6lTn-qr3","_links":{"self":[{"href":"https:\/\/www.visit-ulcinj.com\/blog\/wp-json\/wp\/v2\/posts\/101621"}],"collection":[{"href":"https:\/\/www.visit-ulcinj.com\/blog\/wp-json\/wp\/v2\/posts"}],"about":[{"href":"https:\/\/www.visit-ulcinj.com\/blog\/wp-json\/wp\/v2\/types\/post"}],"author":[{"embeddable":true,"href":"https:\/\/www.visit-ulcinj.com\/blog\/wp-json\/wp\/v2\/users\/1"}],"replies":[{"embeddable":true,"href":"https:\/\/www.visit-ulcinj.com\/blog\/wp-json\/wp\/v2\/comments?post=101621"}],"version-history":[{"count":3,"href":"https:\/\/www.visit-ulcinj.com\/blog\/wp-json\/wp\/v2\/posts\/101621\/revisions"}],"predecessor-version":[{"id":101626,"href":"https:\/\/www.visit-ulcinj.com\/blog\/wp-json\/wp\/v2\/posts\/101621\/revisions\/101626"}],"wp:attachment":[{"href":"https:\/\/www.visit-ulcinj.com\/blog\/wp-json\/wp\/v2\/media?parent=101621"}],"wp:term":[{"taxonomy":"category","embeddable":true,"href":"https:\/\/www.visit-ulcinj.com\/blog\/wp-json\/wp\/v2\/categories?post=101621"},{"taxonomy":"post_tag","embeddable":true,"href":"https:\/\/www.visit-ulcinj.com\/blog\/wp-json\/wp\/v2\/tags?post=101621"}],"curies":[{"name":"wp","href":"https:\/\/api.w.org\/{rel}","templated":true}]}}